{"id":1726,"date":"2016-11-12T22:30:52","date_gmt":"2016-11-12T22:30:52","guid":{"rendered":"https:\/\/wncri.org\/frdev\/2016\/11\/12\/iran-des-etudiantes-protestent-contre-le-code-vestimentaire-obligatoire\/"},"modified":"2016-11-12T22:30:52","modified_gmt":"2016-11-12T22:30:52","slug":"iran-des-etudiantes-protestent-contre-le-code-vestimentaire-obligatoire","status":"publish","type":"post","link":"https:\/\/wncri.org\/fr\/2016\/11\/12\/iran-des-etudiantes-protestent-contre-le-code-vestimentaire-obligatoire\/","title":{"rendered":"Iran: Des \u00e9tudiantes protestent contre le code vestimentaire obligatoire"},"content":{"rendered":"<p>CNRI Femmes \u2013 Les \u00e9tudiantes de la facult\u00e9 Chamran de T\u00e9h\u00e9ran ont manifest\u00e9 pour la deuxi\u00e8me soir\u00e9e cons\u00e9cutive, le 8 novembre, dans leur<\/p>\n<p>  <!--more-->  <\/p>\n<p>r\u00e9sidence universitaire contre le plan imposant le code vestimentaire obligatoire.Elles ont expliqu\u00e9 leurs revendications dans une d\u00e9claration o\u00f9 elles \u00ab\u00a0s\u2019opposent fermement aux plans de la vertu et du voile humiliant dans les dortoirs, ce qui viole la vie priv\u00e9e des \u00e9tudiantes\u00a0\u00bb.La d\u00e9claration conclut : \u00ab Nous allons r\u00e9sister \u00e0 toute tentative des forces de s\u00e9curit\u00e9 de s\u00e9vir contre les \u00e9tudiantes qui protestent.\u00a0\u00bb<\/p>\n","protected":false},"excerpt":{"rendered":"<p>CNRI Femmes \u2013 Les \u00e9tudiantes de la facult\u00e9 Chamran de T\u00e9h\u00e9ran ont manifest\u00e9 pour la deuxi\u00e8me soir\u00e9e cons\u00e9cutive, le 8 novembre, dans leur<\/p>\n","protected":false},"author":1,"featured_media":4298,"comment_status":"open","ping_status":"open","sticky":false,"template":"","format":"standard","meta":{"jnews-multi-image_gallery":[],"jnews_single_post":[],"jnews_primary_category":[],"jnews_social_meta":[],"jnews_override_counter":[],"footnotes":""},"categories":[3],"tags":[],"class_list":["post-1726","post","type-post","status-publish","format-standard","has-post-thumbnail","hentry","category-infos-des-femmes"],"_links":{"self":[{"href":"https:\/\/wncri.org\/fr\/wp-json\/wp\/v2\/posts\/1726","targetHints":{"allow":["GET"]}}],"collection":[{"href":"https:\/\/wncri.org\/fr\/wp-json\/wp\/v2\/posts"}],"about":[{"href":"https:\/\/wncri.org\/fr\/wp-json\/wp\/v2\/types\/post"}],"author":[{"embeddable":true,"href":"https:\/\/wncri.org\/fr\/wp-json\/wp\/v2\/users\/1"}],"replies":[{"embeddable":true,"href":"https:\/\/wncri.org\/fr\/wp-json\/wp\/v2\/comments?post=1726"}],"version-history":[{"count":0,"href":"https:\/\/wncri.org\/fr\/wp-json\/wp\/v2\/posts\/1726\/revisions"}],"wp:featuredmedia":[{"embeddable":true,"href":"https:\/\/wncri.org\/fr\/wp-json\/wp\/v2\/media\/4298"}],"wp:attachment":[{"href":"https:\/\/wncri.org\/fr\/wp-json\/wp\/v2\/media?parent=1726"}],"wp:term":[{"taxonomy":"category","embeddable":true,"href":"https:\/\/wncri.org\/fr\/wp-json\/wp\/v2\/categories?post=1726"},{"taxonomy":"post_tag","embeddable":true,"href":"https:\/\/wncri.org\/fr\/wp-json\/wp\/v2\/tags?post=1726"}],"curies":[{"name":"wp","href":"https:\/\/api.w.org\/{rel}","templated":true}]}}