{"id":17253,"date":"2022-12-27T22:59:11","date_gmt":"2022-12-27T21:59:11","guid":{"rendered":"https:\/\/wncri.org\/fr\/?p=17253"},"modified":"2022-12-27T23:02:15","modified_gmt":"2022-12-27T22:02:15","slug":"ekbatan","status":"publish","type":"post","link":"https:\/\/wncri.org\/fr\/2022\/12\/27\/ekbatan\/","title":{"rendered":"Une s\u00e9rie d&#8217;enl\u00e8vements \u00e0 Ekbatan, l&#8217;un des foyers de protestation de T\u00e9h\u00e9ran"},"content":{"rendered":"\n<h3 class=\"wp-block-heading\">Une s\u00e9rie d&#8217;enl\u00e8vements \u00e0 Ekbatan, l&#8217;un des foyers de protestation de T\u00e9h\u00e9ran<\/h3>\n\n\n\n<p>Le quartier d&#8217;Ekbatan a toujours \u00e9t\u00e9 un haut lieu de la contestation anti-r\u00e9gime \u00e0 T\u00e9h\u00e9ran. Au cours des 103 jours de protestations depuis la mi-septembre 2022, des agents en civil et les forces de s\u00e9curit\u00e9 ont \u00e0 plusieurs reprises fait des descentes \u00e0 Ekbatan et proc\u00e9d\u00e9 \u00e0 des arrestations violentes.<\/p>\n\n\n\n<p>Le r\u00e9gime cl\u00e9rical a d\u00e9sesp\u00e9r\u00e9ment eu recours \u00e0 l&#8217;ex\u00e9cution de <a href=\"https:\/\/www.maryam-rajavi.com\/fr\/manifestations-certaines-parties-teheran-villes-eclate-95e-nuit-soulevement\/\" target=\"_blank\" rel=\"noreferrer noopener\">manifestants<\/a>, \u00e0 des arrestations massives et \u00e0 des enl\u00e8vements pour \u00e9touffer les protestations.<\/p>\n\n\n\n<p>Des t\u00e9moins oculaires ont rapport\u00e9 que des agents en civil ont fait irruption dans les domiciles d&#8217;Ekbatan et ont enlev\u00e9 des personnes apr\u00e8s minuit sans fournir de papiers d&#8217;identit\u00e9 ou de mandats d&#8217;arr\u00eat. Ils couvrent la t\u00eate des personnes enlev\u00e9es d&#8217;un voile pour emp\u00eacher leur identification lors du transfert. Les noms et d\u00e9tails de certaines des femmes enlev\u00e9es publi\u00e9s sur les m\u00e9dias sociaux sont les suivants :<\/p>\n\n\n<div class=\"wp-block-image\">\n<figure class=\"aligncenter size-full\"><img decoding=\"async\" src=\"data:image\/gif;base64,R0lGODlhAQABAIAAAAAAAP\/\/\/yH5BAEAAAAALAAAAAABAAEAAAIBRAA7\" data-src=\"https:\/\/wncri.org\/fr\/wp-content\/uploads\/2022\/12\/Sepehr-and-Sayeh-Merat-min.jpg\" alt=\"Ekbatan\" class=\"wp-image-17257 lazyload\"\/><noscript><img decoding=\"async\" width=\"750\" height=\"375\" src=\"https:\/\/wncri.org\/fr\/wp-content\/uploads\/2022\/12\/Sepehr-and-Sayeh-Merat-min.jpg\" alt=\"Ekbatan\" class=\"wp-image-17257 lazyload\" srcset=\"https:\/\/wncri.org\/fr\/wp-content\/uploads\/2022\/12\/Sepehr-and-Sayeh-Merat-min.jpg 750w, https:\/\/wncri.org\/fr\/wp-content\/uploads\/2022\/12\/Sepehr-and-Sayeh-Merat-min-300x150.jpg 300w, https:\/\/wncri.org\/fr\/wp-content\/uploads\/2022\/12\/Sepehr-and-Sayeh-Merat-min-360x180.jpg 360w\" sizes=\"(max-width: 750px) 100vw, 750px\" \/><\/noscript><figcaption class=\"wp-element-caption\">Sayeh Merat et son fr\u00e8re, Sepehr, ont disparu de force il y a deux mois.<\/figcaption><\/figure>\n<\/div>\n\n\n<p><strong>Sayeh Merat<\/strong> &#8211; Sayeh Merat a \u00e9t\u00e9 arr\u00eat\u00e9e \u00e0 Ekbatan avec son fr\u00e8re, Sepehr Merat, il y a presque deux mois. Leur m\u00e8re \u00e2g\u00e9e ne peut pas suivre leur situation. Sayeh est peintre, et Sepehr est architecte.<\/p>\n\n\n\n<p><strong>Mahkameh Dashtestani<\/strong> &#8211; Elle vit \u00e0 Ekbatan. Elle a \u00e9t\u00e9 enlev\u00e9e chez elle t\u00f4t le 14 d\u00e9cembre et est actuellement d\u00e9tenue dans le <a href=\"https:\/\/wncri.org\/fr\/2021\/12\/10\/les-conditions-des-femmes-prisons\/\" target=\"_blank\" rel=\"noreferrer noopener\">quartier 209<\/a> du minist\u00e8re des Renseignements \u00e0 la prison d&#8217;Evine.<\/p>\n\n\n<div class=\"wp-block-image\">\n<figure class=\"aligncenter size-full\"><img decoding=\"async\" src=\"data:image\/gif;base64,R0lGODlhAQABAIAAAAAAAP\/\/\/yH5BAEAAAAALAAAAAABAAEAAAIBRAA7\" data-src=\"https:\/\/wncri.org\/fr\/wp-content\/uploads\/2022\/12\/Mahkameh-Dashtestani-Parvaneh-Kadkhoda-Qamsari-min.jpg\" alt=\"Une s\u00e9rie d'enl\u00e8vements \u00e0 Ekbatan\" class=\"wp-image-17255 lazyload\"\/><noscript><img decoding=\"async\" width=\"750\" height=\"375\" src=\"https:\/\/wncri.org\/fr\/wp-content\/uploads\/2022\/12\/Mahkameh-Dashtestani-Parvaneh-Kadkhoda-Qamsari-min.jpg\" alt=\"Une s\u00e9rie d'enl\u00e8vements \u00e0 Ekbatan\" class=\"wp-image-17255 lazyload\" srcset=\"https:\/\/wncri.org\/fr\/wp-content\/uploads\/2022\/12\/Mahkameh-Dashtestani-Parvaneh-Kadkhoda-Qamsari-min.jpg 750w, https:\/\/wncri.org\/fr\/wp-content\/uploads\/2022\/12\/Mahkameh-Dashtestani-Parvaneh-Kadkhoda-Qamsari-min-300x150.jpg 300w, https:\/\/wncri.org\/fr\/wp-content\/uploads\/2022\/12\/Mahkameh-Dashtestani-Parvaneh-Kadkhoda-Qamsari-min-360x180.jpg 360w\" sizes=\"(max-width: 750px) 100vw, 750px\" \/><\/noscript><figcaption class=\"wp-element-caption\">A gauche, Mahkameh Dashtestani, et Parvaneh Kadkhoda Qamsari (\u00e0 droite)<\/figcaption><\/figure>\n<\/div>\n\n\n<p><strong>Parvaneh Kadkhoda Qamsari<\/strong> &#8211; Le 15 d\u00e9cembre 2022 \u00e0 5 heures du matin, les forces de s\u00e9curit\u00e9 ont fait une descente dans le domicile de Parvaneh Kadkhoda Qamsari dans la phase 2 de la colonie d&#8217;Ekbatan et l&#8217;ont arr\u00eat\u00e9e. Parvaneh \u00e9tait seule \u00e0 la maison avec sa fille de 5 ans.<\/p>\n\n\n\n<p>Apr\u00e8s son arrestation, elle a t\u00e9l\u00e9phon\u00e9 une fois et a annonc\u00e9 qu&#8217;elle se trouvait dans le <a href=\"https:\/\/wncri.org\/fr\/2021\/12\/10\/les-conditions-des-femmes-prisons\/\" target=\"_blank\" rel=\"noreferrer noopener\">quartier 209 d&#8217;Evine<\/a>. Parvaneh Kadkhoda Qamsari est la <a href=\"https:\/\/wncri.org\/fr\/?s=Femmes+chefs+de+m%C3%A9nage\" target=\"_blank\" rel=\"noreferrer noopener\">seule tutrice<\/a> de sa fille, Barana.<\/p>\n\n\n\n<p><strong>Saghar Ebrahimi <\/strong>&#8211; Saghar Ebrahimi, 41 ans, a \u00e9t\u00e9 arr\u00eat\u00e9e le jeudi 15 d\u00e9cembre \u00e0 5 heures du matin apr\u00e8s que des agents en civil ont attaqu\u00e9 et fouill\u00e9 la maison de son p\u00e8re et interrog\u00e9 sa famille.<\/p>\n\n\n\n<p>Saghar Ebrahimi a appel\u00e9 tard dans la nuit de jeudi \u00e0 vendredi pour dire qu&#8217;elle se trouvait dans le <a href=\"https:\/\/wncri.org\/fr\/2021\/12\/10\/les-conditions-des-femmes-prisons\/\" target=\"_blank\" rel=\"noreferrer noopener\">quartier 209 de la prison d&#8217;Evine<\/a>. On est sans nouvelles d&#8217;elle depuis cette nuit-l\u00e0.<\/p>\n\n\n\n<p>Les forces de s\u00e9curit\u00e9 ont menac\u00e9 sa famille et leur ont demand\u00e9 de n&#8217;informer personne, pas m\u00eame sa famille, de l&#8217;arrestation de Saghar. Elles ont d\u00e9clar\u00e9 que l&#8217;arrestation ne devait pas \u00eatre publi\u00e9e dans les m\u00e9dias.<\/p>\n\n\n\n<p>Un ami proche de Saghar Ebrahimi a d\u00e9clar\u00e9 : &#8220;Saghar vit avec sa m\u00e8re et son p\u00e8re. Jeudi matin, vers cinq heures, plusieurs personnes en civil, dont une femme, ont r\u00e9veill\u00e9 les r\u00e9sidents en frappant \u00e0 la porte et en entrant dans la maison.<\/p>\n\n\n\n<p>Ces personnes n&#8217;ont pas pr\u00e9sent\u00e9 de mandat pour entrer dans la maison ni de carte d&#8217;identit\u00e9, mais leur apparence montrait clairement ce qu&#8217;elles \u00e9taient venues chercher. Les agents en civil ont essay\u00e9 d&#8217;emmener Saghar pour que les voisins ne le remarquent pas.<\/p>\n\n\n\n<p>Lors de l&#8217;arrestation de Saghar Ebrahimi, des agents en civil ont dit \u00e0 sa m\u00e8re et \u00e0 son p\u00e8re qu&#8217;ils n&#8217;avaient <a href=\"https:\/\/wncri.org\/fr\/2019\/05\/20\/les-femmes-en-quete-de-justice-tendances-arbitraires-et-illegales-dans-les-prisons-iraniennes\/\" target=\"_blank\" rel=\"noreferrer noopener\">pas le droit d&#8217;engager un avocat<\/a> tant qu&#8217;ils ne leur avaient pas dit.<\/p>\n\n\n\n<p>Lors de son dernier appel \u00e0 sa famille, le mercredi 21 d\u00e9cembre 2022, Saghar Ebrahimi a d\u00e9clar\u00e9 qu&#8217;ils l&#8217;avaient forc\u00e9e \u00e0 signer certains papiers <a href=\"https:\/\/wncri.org\/fr\/2019\/05\/20\/les-femmes-en-quete-de-justice-tendances-arbitraires-et-illegales-dans-les-prisons-iraniennes\/\" target=\"_blank\" rel=\"noreferrer noopener\">pendant l&#8217;interrogatoire.<\/a><\/p>\n\n\n<div class=\"wp-block-image\">\n<figure class=\"aligncenter size-full\"><img decoding=\"async\" src=\"data:image\/gif;base64,R0lGODlhAQABAIAAAAAAAP\/\/\/yH5BAEAAAAALAAAAAABAAEAAAIBRAA7\" data-src=\"https:\/\/wncri.org\/fr\/wp-content\/uploads\/2022\/12\/Sanaz-Shah-Hossein-Saghar-Ebrahimi-min.jpg\" alt=\"Ekbatan, l'un des foyers de protestation de T\u00e9h\u00e9ran\" class=\"wp-image-17256 lazyload\"\/><noscript><img decoding=\"async\" width=\"750\" height=\"375\" src=\"https:\/\/wncri.org\/fr\/wp-content\/uploads\/2022\/12\/Sanaz-Shah-Hossein-Saghar-Ebrahimi-min.jpg\" alt=\"Ekbatan, l'un des foyers de protestation de T\u00e9h\u00e9ran\" class=\"wp-image-17256 lazyload\" srcset=\"https:\/\/wncri.org\/fr\/wp-content\/uploads\/2022\/12\/Sanaz-Shah-Hossein-Saghar-Ebrahimi-min.jpg 750w, https:\/\/wncri.org\/fr\/wp-content\/uploads\/2022\/12\/Sanaz-Shah-Hossein-Saghar-Ebrahimi-min-300x150.jpg 300w, https:\/\/wncri.org\/fr\/wp-content\/uploads\/2022\/12\/Sanaz-Shah-Hossein-Saghar-Ebrahimi-min-360x180.jpg 360w\" sizes=\"(max-width: 750px) 100vw, 750px\" \/><\/noscript><figcaption class=\"wp-element-caption\">Sanaz Shah-Hosseini (\u00e0 gauche) et Saghar Ebrahimi (\u00e0 droite)<\/figcaption><\/figure>\n<\/div>\n\n\n<p><strong>Sanaz Shah-Hosseini<\/strong> &#8211; Sanaz Shah-Hosseini, habitante de la phase 2 de la colonie d&#8217;Ekbatan, a \u00e9t\u00e9 enlev\u00e9e \u00e0 son domicile le mercredi 21 d\u00e9cembre 2022 \u00e0 4 heures du matin.<\/p>\n","protected":false},"excerpt":{"rendered":"<p>Une s\u00e9rie d&#8217;enl\u00e8vements \u00e0 Ekbatan, l&#8217;un des foyers de protestation de T\u00e9h\u00e9ran Le quartier d&#8217;Ekbatan a toujours \u00e9t\u00e9 un haut lieu de la contestation anti-r\u00e9gime \u00e0 T\u00e9h\u00e9ran. Au cours des 103 jours de protestations depuis la mi-septembre 2022, des agents en civil et les forces de s\u00e9curit\u00e9 ont \u00e0 plusieurs reprises fait des descentes \u00e0 [&hellip;]<\/p>\n","protected":false},"author":4,"featured_media":17254,"comment_status":"closed","ping_status":"closed","sticky":false,"template":"","format":"standard","meta":{"jnews-multi-image_gallery":[],"jnews_single_post":{"subtitle":"","format":"standard","video":"","gallery":"","source_name":"","source_url":"","via_name":"","via_url":"","override_template":"0","override":[{"template":"7","single_blog_custom":"","parallax":"1","fullscreen":"1","layout":"right-sidebar","sidebar":"default-sidebar","second_sidebar":"default-sidebar","sticky_sidebar":"1","share_position":"floatbottom","share_float_style":"share-normal","show_share_counter":"1","show_view_counter":"1","show_featured":"1","show_post_meta":"1","show_post_author":"0","show_post_author_image":"1","show_post_date":"1","post_date_format":"default","post_date_format_custom":"Y\/m\/d","show_post_category":"1","show_post_reading_time":"0","post_reading_time_wpm":"300","show_zoom_button":"0","zoom_button_out_step":"2","zoom_button_in_step":"3","show_post_tag":"1","show_prev_next_post":"0","show_popup_post":"1","number_popup_post":"1","show_author_box":"0","show_post_related":"1","show_inline_post_related":"0"}],"override_image_size":"0","image_override":[{"single_post_thumbnail_size":"crop-500","single_post_gallery_size":"crop-500"}],"trending_post":"0","trending_post_position":"meta","trending_post_label":"Trending","sponsored_post":"0","sponsored_post_label":"Sponsored by","sponsored_post_name":"","sponsored_post_url":"","sponsored_post_logo_enable":"0","sponsored_post_logo":"","sponsored_post_desc":"","disable_ad":"0"},"jnews_primary_category":{"id":"","hide":""},"jnews_social_meta":{"fb_title":"","fb_description":"","fb_image":"","twitter_title":"","twitter_description":"","twitter_image":""},"jnews_override_counter":{"override_view_counter":"0","view_counter_number":"0","override_share_counter":"0","share_counter_number":"0","override_like_counter":"0","like_counter_number":"0","override_dislike_counter":"0","dislike_counter_number":"0"},"footnotes":""},"categories":[3],"tags":[369,370,376],"class_list":["post-17253","post","type-post","status-publish","format-standard","has-post-thumbnail","hentry","category-infos-des-femmes","tag-manifestations","tag-prisonnieres","tag-violence-contre-les-femmes"],"_links":{"self":[{"href":"https:\/\/wncri.org\/fr\/wp-json\/wp\/v2\/posts\/17253","targetHints":{"allow":["GET"]}}],"collection":[{"href":"https:\/\/wncri.org\/fr\/wp-json\/wp\/v2\/posts"}],"about":[{"href":"https:\/\/wncri.org\/fr\/wp-json\/wp\/v2\/types\/post"}],"author":[{"embeddable":true,"href":"https:\/\/wncri.org\/fr\/wp-json\/wp\/v2\/users\/4"}],"replies":[{"embeddable":true,"href":"https:\/\/wncri.org\/fr\/wp-json\/wp\/v2\/comments?post=17253"}],"version-history":[{"count":2,"href":"https:\/\/wncri.org\/fr\/wp-json\/wp\/v2\/posts\/17253\/revisions"}],"predecessor-version":[{"id":17259,"href":"https:\/\/wncri.org\/fr\/wp-json\/wp\/v2\/posts\/17253\/revisions\/17259"}],"wp:featuredmedia":[{"embeddable":true,"href":"https:\/\/wncri.org\/fr\/wp-json\/wp\/v2\/media\/17254"}],"wp:attachment":[{"href":"https:\/\/wncri.org\/fr\/wp-json\/wp\/v2\/media?parent=17253"}],"wp:term":[{"taxonomy":"category","embeddable":true,"href":"https:\/\/wncri.org\/fr\/wp-json\/wp\/v2\/categories?post=17253"},{"taxonomy":"post_tag","embeddable":true,"href":"https:\/\/wncri.org\/fr\/wp-json\/wp\/v2\/tags?post=17253"}],"curies":[{"name":"wp","href":"https:\/\/api.w.org\/{rel}","templated":true}]}}