{"id":17249,"date":"2022-12-26T22:33:48","date_gmt":"2022-12-26T21:33:48","guid":{"rendered":"https:\/\/wncri.org\/fr\/?p=17249"},"modified":"2022-12-27T22:38:43","modified_gmt":"2022-12-27T21:38:43","slug":"soha-etebari","status":"publish","type":"post","link":"https:\/\/wncri.org\/fr\/2022\/12\/26\/soha-etebari\/","title":{"rendered":"Soha Etebari, 12 ans, a \u00e9t\u00e9 arbitrairement abattue dans la voiture de sa famille"},"content":{"rendered":"\n<h3 class=\"wp-block-heading\">Soha Etebari, 12 ans, a \u00e9t\u00e9 arbitrairement abattue dans la voiture de sa famille<\/h3>\n\n\n\n<p>Soha Etebari, 12 ans, a \u00e9t\u00e9 abattue dans la voiture de sa famille par les forces arm\u00e9es du r\u00e9gime cl\u00e9rical dans la nuit du dimanche 25 d\u00e9cembre 2022.<\/p>\n\n\n\n<p>Soha Etebari et sa famille roulaient sur la route de Bandar Abbas, dans la province d&#8217;Hormozgan, \u00e0 Ahvaz, la capitale du Khouzestan, lorsque les forces de s\u00e9curit\u00e9, \u00e0 un poste de contr\u00f4le \u00e0 Bastak, ont ouvert le feu sur leur voiture. Gri\u00e8vement bless\u00e9e, Soha Etebari a perdu la vie sur le chemin de l&#8217;h\u00f4pital.<\/p>\n\n\n\n<p>De nombreuses personnes ont \u00e9t\u00e9 t\u00e9moins de l&#8217;incident, et les autorit\u00e9s n&#8217;ont pas pu nier le crime. Le 26 d\u00e9cembre, le colonel Moshavveq, commandant adjoint de la Force de s\u00e9curit\u00e9 de l&#8217;\u00c9tat (SSF) d&#8217;Hormozgan, a tent\u00e9 de justifier le meurtre arbitraire de citoyens en affirmant : &#8221; Les forces SSF ont eu des soup\u00e7ons sur un v\u00e9hicule Peugeot Pars avec d&#8217;\u00e9paisses vitres teint\u00e9es et ont ordonn\u00e9 au conducteur de s&#8217;arr\u00eater, mais celui-ci a pris la fuite&#8230;. En raison de l&#8217;\u00e9tat de la route et du pneu crev\u00e9 du v\u00e9hicule, malheureusement, l&#8217;un des occupants de la voiture a \u00e9t\u00e9 abattu et a \u00e9t\u00e9 transport\u00e9 \u00e0 l&#8217;h\u00f4pital.&#8221;<\/p>\n\n\n\n<p>Le meurtre de Soha Etebari, 12 ans, a eu lieu la nuit du 40e jour de comm\u00e9moration de Kian Pirfalak, 9 ans, qui a \u00e9t\u00e9 tu\u00e9 dans un incident similaire \u00e0 Izeh, Khouzetan, le 16 novembre 2022, lors d&#8217;une r\u00e9pression brutale des manifestations dans la ville.<\/p>\n\n\n<div class=\"wp-block-image\">\n<figure class=\"aligncenter size-full\"><img decoding=\"async\" src=\"data:image\/gif;base64,R0lGODlhAQABAIAAAAAAAP\/\/\/yH5BAEAAAAALAAAAAABAAEAAAIBRAA7\" data-src=\"https:\/\/wncri.org\/fr\/wp-content\/uploads\/2022\/12\/Kian-Pirfalak-and-his-tomb.jpg\" alt=\"Soha Etebari\" class=\"wp-image-17250 lazyload\"\/><noscript><img decoding=\"async\" width=\"750\" height=\"375\" src=\"https:\/\/wncri.org\/fr\/wp-content\/uploads\/2022\/12\/Kian-Pirfalak-and-his-tomb.jpg\" alt=\"Soha Etebari\" class=\"wp-image-17250 lazyload\" srcset=\"https:\/\/wncri.org\/fr\/wp-content\/uploads\/2022\/12\/Kian-Pirfalak-and-his-tomb.jpg 750w, https:\/\/wncri.org\/fr\/wp-content\/uploads\/2022\/12\/Kian-Pirfalak-and-his-tomb-300x150.jpg 300w, https:\/\/wncri.org\/fr\/wp-content\/uploads\/2022\/12\/Kian-Pirfalak-and-his-tomb-360x180.jpg 360w\" sizes=\"(max-width: 750px) 100vw, 750px\" \/><\/noscript><figcaption class=\"wp-element-caption\">Kian Pirfalak est comm\u00e9mor\u00e9 au 102e jour du soul\u00e8vement iranien<\/figcaption><\/figure>\n<\/div>\n\n\n<h3 class=\"wp-block-heading\"><strong>Kian Pirfalak est comm\u00e9mor\u00e9 au 102e jour du soul\u00e8vement iranien<\/strong><\/h3>\n\n\n\n<p><a href=\"https:\/\/wncri.org\/fr\/2022\/10\/23\/tortures\/\" target=\"_blank\" rel=\"noreferrer noopener\">Kian Pirfalak<\/a> et sa famille \u00e9taient de passage dans leur voiture lorsqu&#8217;ils ont \u00e9t\u00e9 pris pour cible par des agents en civil et les forces de s\u00e9curit\u00e9 \u00e0 Izeh. Kian a \u00e9t\u00e9 tu\u00e9 sur le coup, et son p\u00e8re a \u00e9t\u00e9 bless\u00e9 par balle.<\/p>\n\n\n\n<p>Le 26 d\u00e9cembre, 102e jour du soul\u00e8vement iranien, des milliers de personnes ont particip\u00e9 \u00e0 la comm\u00e9moration du 40e jour de Kian Pirfalak \u00e0 Izeh. Ils ont scand\u00e9 &#8220;<a href=\"https:\/\/twitter.com\/womenncri\/status\/1607394747676590081\" target=\"_blank\" rel=\"noreferrer noopener\">Mort \u00e0 Khamenei<\/a>&#8220;, &#8220;Mort au dictateur&#8221;, &#8220;Avec ou sans hijab, faisons la r\u00e9volution&#8221; et &#8220;<a href=\"https:\/\/twitter.com\/womenncri\/status\/1607393997487759363\" target=\"_blank\" rel=\"noreferrer noopener\">D&#8217;Izeh au Kurdistan, je donne ma vie pour l&#8217;Iran<\/a>&#8220;. Ils ont ainsi vis\u00e9 le principal responsable du meurtre de l&#8217;innocent Kian et de centaines d&#8217;enfants et de jeunes tu\u00e9s lors du soul\u00e8vement iranien depuis la mi-septembre et ont appel\u00e9 au renversement du r\u00e9gime.<\/p>\n","protected":false},"excerpt":{"rendered":"<p>Soha Etebari, 12 ans, a \u00e9t\u00e9 arbitrairement abattue dans la voiture de sa famille Soha Etebari, 12 ans, a \u00e9t\u00e9 abattue dans la voiture de sa famille par les forces arm\u00e9es du r\u00e9gime cl\u00e9rical dans la nuit du dimanche 25 d\u00e9cembre 2022. Soha Etebari et sa famille roulaient sur la route de Bandar Abbas, dans [&hellip;]<\/p>\n","protected":false},"author":4,"featured_media":17251,"comment_status":"closed","ping_status":"closed","sticky":false,"template":"","format":"standard","meta":{"jnews-multi-image_gallery":[],"jnews_single_post":{"subtitle":"","format":"standard","video":"","gallery":"","source_name":"","source_url":"","via_name":"","via_url":"","override_template":"0","override":[{"template":"7","single_blog_custom":"","parallax":"1","fullscreen":"1","layout":"right-sidebar","sidebar":"default-sidebar","second_sidebar":"default-sidebar","sticky_sidebar":"1","share_position":"floatbottom","share_float_style":"share-normal","show_share_counter":"1","show_view_counter":"1","show_featured":"1","show_post_meta":"1","show_post_author":"0","show_post_author_image":"1","show_post_date":"1","post_date_format":"default","post_date_format_custom":"Y\/m\/d","show_post_category":"1","show_post_reading_time":"0","post_reading_time_wpm":"300","show_zoom_button":"0","zoom_button_out_step":"2","zoom_button_in_step":"3","show_post_tag":"1","show_prev_next_post":"0","show_popup_post":"1","number_popup_post":"1","show_author_box":"0","show_post_related":"1","show_inline_post_related":"0"}],"override_image_size":"0","image_override":[{"single_post_thumbnail_size":"crop-500","single_post_gallery_size":"crop-500"}],"trending_post":"0","trending_post_position":"meta","trending_post_label":"Trending","sponsored_post":"0","sponsored_post_label":"Sponsored by","sponsored_post_name":"","sponsored_post_url":"","sponsored_post_logo_enable":"0","sponsored_post_logo":"","sponsored_post_desc":"","disable_ad":"0"},"jnews_primary_category":{"id":"","hide":""},"jnews_social_meta":{"fb_title":"","fb_description":"","fb_image":"","twitter_title":"","twitter_description":"","twitter_image":""},"jnews_override_counter":{"override_view_counter":"0","view_counter_number":"0","override_share_counter":"0","share_counter_number":"0","override_like_counter":"0","like_counter_number":"0","override_dislike_counter":"0","dislike_counter_number":"0"},"footnotes":""},"categories":[3],"tags":[366],"class_list":["post-17249","post","type-post","status-publish","format-standard","has-post-thumbnail","hentry","category-infos-des-femmes","tag-la-petite-fille"],"_links":{"self":[{"href":"https:\/\/wncri.org\/fr\/wp-json\/wp\/v2\/posts\/17249","targetHints":{"allow":["GET"]}}],"collection":[{"href":"https:\/\/wncri.org\/fr\/wp-json\/wp\/v2\/posts"}],"about":[{"href":"https:\/\/wncri.org\/fr\/wp-json\/wp\/v2\/types\/post"}],"author":[{"embeddable":true,"href":"https:\/\/wncri.org\/fr\/wp-json\/wp\/v2\/users\/4"}],"replies":[{"embeddable":true,"href":"https:\/\/wncri.org\/fr\/wp-json\/wp\/v2\/comments?post=17249"}],"version-history":[{"count":1,"href":"https:\/\/wncri.org\/fr\/wp-json\/wp\/v2\/posts\/17249\/revisions"}],"predecessor-version":[{"id":17252,"href":"https:\/\/wncri.org\/fr\/wp-json\/wp\/v2\/posts\/17249\/revisions\/17252"}],"wp:featuredmedia":[{"embeddable":true,"href":"https:\/\/wncri.org\/fr\/wp-json\/wp\/v2\/media\/17251"}],"wp:attachment":[{"href":"https:\/\/wncri.org\/fr\/wp-json\/wp\/v2\/media?parent=17249"}],"wp:term":[{"taxonomy":"category","embeddable":true,"href":"https:\/\/wncri.org\/fr\/wp-json\/wp\/v2\/categories?post=17249"},{"taxonomy":"post_tag","embeddable":true,"href":"https:\/\/wncri.org\/fr\/wp-json\/wp\/v2\/tags?post=17249"}],"curies":[{"name":"wp","href":"https:\/\/api.w.org\/{rel}","templated":true}]}}