{"id":1724,"date":"2016-11-12T22:25:27","date_gmt":"2016-11-12T22:25:27","guid":{"rendered":"https:\/\/wncri.org\/frdev\/2016\/11\/12\/la-mere-de-la-litterature-pour-enfants-en-iran-est-decedee\/"},"modified":"2016-11-12T22:25:27","modified_gmt":"2016-11-12T22:25:27","slug":"la-mere-de-la-litterature-pour-enfants-en-iran-est-decedee","status":"publish","type":"post","link":"https:\/\/wncri.org\/fr\/2016\/11\/12\/la-mere-de-la-litterature-pour-enfants-en-iran-est-decedee\/","title":{"rendered":"La m\u00e8re de la litt\u00e9rature pour enfants en Iran est d\u00e9c\u00e9d\u00e9e"},"content":{"rendered":"<p>CNRI Femmes &#8211; Touran Mirhadi, fondatrice du Conseil des livres et pionni\u00e8re de la litt\u00e9rature pour enfants en Iran, est d\u00e9c\u00e9d\u00e9e le 8 novembre 2016 \u00e0 l&#8217;\u00e2ge de 89 ans.<\/p>\n<p>  <!--more-->  <\/p>\n<p>Elle avait d\u00e9j\u00e0 subi un AVC et avait \u00e9t\u00e9 hospitalis\u00e9e \u00e0 T\u00e9h\u00e9ran.<\/p>\n<p>Touran Mirhadi avait \u00e9tudi\u00e9 la psychologie et l&#8217;\u00e9ducation pr\u00e9scolaire en France. Elle parlait couramment le fran\u00e7ais, l&#8217;allemand et l&#8217;anglais.<\/p>\n<p>Elle a fond\u00e9 l&#8217;\u00e9cole maternelle &#8220;Farhad&#8221;, des \u00e9coles primaires et secondaires. Elle \u00e9tait connue comme la M\u00e8re des enfants et de la litt\u00e9rature des jeunes.<\/p>\n","protected":false},"excerpt":{"rendered":"<p>CNRI Femmes &#8211; Touran Mirhadi, fondatrice du Conseil des livres et pionni\u00e8re de la litt\u00e9rature pour enfants en Iran, est d\u00e9c\u00e9d\u00e9e le 8 novembre 2016 \u00e0 l&#8217;\u00e2ge de 89 ans.<\/p>\n","protected":false},"author":1,"featured_media":4296,"comment_status":"open","ping_status":"open","sticky":false,"template":"","format":"standard","meta":{"jnews-multi-image_gallery":[],"jnews_single_post":[],"jnews_primary_category":[],"jnews_social_meta":[],"jnews_override_counter":[],"footnotes":""},"categories":[3],"tags":[],"class_list":["post-1724","post","type-post","status-publish","format-standard","has-post-thumbnail","hentry","category-infos-des-femmes"],"_links":{"self":[{"href":"https:\/\/wncri.org\/fr\/wp-json\/wp\/v2\/posts\/1724","targetHints":{"allow":["GET"]}}],"collection":[{"href":"https:\/\/wncri.org\/fr\/wp-json\/wp\/v2\/posts"}],"about":[{"href":"https:\/\/wncri.org\/fr\/wp-json\/wp\/v2\/types\/post"}],"author":[{"embeddable":true,"href":"https:\/\/wncri.org\/fr\/wp-json\/wp\/v2\/users\/1"}],"replies":[{"embeddable":true,"href":"https:\/\/wncri.org\/fr\/wp-json\/wp\/v2\/comments?post=1724"}],"version-history":[{"count":0,"href":"https:\/\/wncri.org\/fr\/wp-json\/wp\/v2\/posts\/1724\/revisions"}],"wp:featuredmedia":[{"embeddable":true,"href":"https:\/\/wncri.org\/fr\/wp-json\/wp\/v2\/media\/4296"}],"wp:attachment":[{"href":"https:\/\/wncri.org\/fr\/wp-json\/wp\/v2\/media?parent=1724"}],"wp:term":[{"taxonomy":"category","embeddable":true,"href":"https:\/\/wncri.org\/fr\/wp-json\/wp\/v2\/categories?post=1724"},{"taxonomy":"post_tag","embeddable":true,"href":"https:\/\/wncri.org\/fr\/wp-json\/wp\/v2\/tags?post=1724"}],"curies":[{"name":"wp","href":"https:\/\/api.w.org\/{rel}","templated":true}]}}