{"id":17234,"date":"2022-12-24T16:18:21","date_gmt":"2022-12-24T15:18:21","guid":{"rendered":"https:\/\/wncri.org\/fr\/?p=17234"},"modified":"2024-05-10T22:59:09","modified_gmt":"2024-05-10T20:59:09","slug":"shaghayegh-khademi","status":"publish","type":"post","link":"https:\/\/wncri.org\/fr\/2022\/12\/24\/shaghayegh-khademi\/","title":{"rendered":"La manifestante Shaghayegh Khademi, 23 ans, est condamn\u00e9e \u00e0 16 ans de prison"},"content":{"rendered":"\n<h3 class=\"wp-block-heading\">La manifestante Shaghayegh Khademi, 23 ans, est condamn\u00e9e \u00e0 16 ans de prison<\/h3>\n\n\n\n<p><em>Shaghayegh Khademi a \u00e9t\u00e9 condamn\u00e9e \u00e0 16 ans de prison.<\/em><\/p>\n\n\n\n<p>Shaghayegh Khademi, 23 ans, a \u00e9t\u00e9 enlev\u00e9e \u00e0 4 heures du matin le 21 septembre 2022, lorsque les forces de s\u00e9curit\u00e9 ont attaqu\u00e9 son domicile. Elle a \u00e9t\u00e9 d\u00e9tenue dans <a href=\"https:\/\/wncri.org\/fr\/2021\/12\/10\/les-conditions-des-femmes-prisons\/\" target=\"_blank\" rel=\"noreferrer noopener\">le quartier 209 de la prison d&#8217;Evine<\/a> avant le 15 octobre, date \u00e0 laquelle un incendie s&#8217;est d\u00e9clar\u00e9 dans la prison. Apr\u00e8s cela, elle a \u00e9t\u00e9 transf\u00e9r\u00e9e \u00e0 <a href=\"https:\/\/wncri.org\/fr\/2020\/04\/20\/regard-sur-la-situation-tragique-a-la-prison-pour-femmes-de-qarchak-en-iran\/\" target=\"_blank\" rel=\"noreferrer noopener\">la prison de Qarchak<\/a>, \u00e0 Varamin.<\/p>\n\n\n\n<p>Selon le verdict rendu r\u00e9cemment par la branche 15 du tribunal r\u00e9volutionnaire de T\u00e9h\u00e9ran, dirig\u00e9e par le juge Abolghasem Salavati, Mme Shaghayegh Khademi a \u00e9t\u00e9 condamn\u00e9e \u00e0 16 ans de prison.<\/p>\n\n\n\n<p>Shaghayegh Khademi a \u00e9t\u00e9 condamn\u00e9e \u00e0 16 ans de prison le 19 novembre 2022, par la branche 15 du tribunal r\u00e9volutionnaire. Elle s&#8217;est oppos\u00e9e \u00e0 cette sentence, mais Salvati, le juge des cours de premi\u00e8re instance et d&#8217;appel, n&#8217;a pas permis \u00e0 un avocat d&#8217;entrer dans l&#8217;affaire.<\/p>\n\n\n<div class=\"wp-block-image\">\n<figure class=\"aligncenter size-full\"><img decoding=\"async\" src=\"data:image\/gif;base64,R0lGODlhAQABAIAAAAAAAP\/\/\/yH5BAEAAAAALAAAAAABAAEAAAIBRAA7\" data-src=\"https:\/\/wncri.org\/fr\/wp-content\/uploads\/2022\/12\/Jasmin-Haj-Mirza-Mohammadi-min.jpg\" alt=\"Jasmin Haj Mirza Mohammadi \" class=\"wp-image-17235 lazyload\"\/><noscript><img decoding=\"async\" width=\"750\" height=\"375\" src=\"https:\/\/wncri.org\/fr\/wp-content\/uploads\/2022\/12\/Jasmin-Haj-Mirza-Mohammadi-min.jpg\" alt=\"Jasmin Haj Mirza Mohammadi \" class=\"wp-image-17235 lazyload\" srcset=\"https:\/\/wncri.org\/fr\/wp-content\/uploads\/2022\/12\/Jasmin-Haj-Mirza-Mohammadi-min.jpg 750w, https:\/\/wncri.org\/fr\/wp-content\/uploads\/2022\/12\/Jasmin-Haj-Mirza-Mohammadi-min-300x150.jpg 300w, https:\/\/wncri.org\/fr\/wp-content\/uploads\/2022\/12\/Jasmin-Haj-Mirza-Mohammadi-min-360x180.jpg 360w\" sizes=\"(max-width: 750px) 100vw, 750px\" \/><\/noscript><figcaption class=\"wp-element-caption\">Jasmin Haj Mirza Mohammadi <\/figcaption><\/figure>\n<\/div>\n\n\n<h3 class=\"wp-block-heading\"><strong>Jasmin Haj Mirza Mohammadi condamn\u00e9 \u00e0 cinq ans de prison<\/strong><\/h3>\n\n\n\n<p>Jasmin Haj Mirza Mohammadi, l&#8217;une des femmes arr\u00eat\u00e9es lors des manifestations nationales, a \u00e9t\u00e9 condamn\u00e9e \u00e0 cinq ans de prison. Elle avait \u00e9t\u00e9 arr\u00eat\u00e9e le 3 novembre \u00e0 Behesht-e Sakineh, \u00e0 Karaj, et est actuellement d\u00e9tenue \u00e0 <a href=\"https:\/\/wncri.org\/fr\/2021\/12\/10\/les-conditions-des-femmes-prisons\/\" target=\"_blank\" rel=\"noreferrer noopener\">la prison de Kachouii<\/a>, \u00e0 Karaj.<\/p>\n\n\n\n<p>Jasmin Haj Mirza Mohammadi est \u00e9tudiant en poterie et c\u00e9ramique \u00e0 l&#8217;universit\u00e9 de Soura. \u00c0 ce jour, il n&#8217;y a aucune information sur les charges retenues contre elle.<\/p>\n\n\n\n<h3 class=\"wp-block-heading\"><strong>Nazanin Ahmadipour, 16 ans, condamn\u00e9e \u00e0 6 mois de prison<\/strong><\/h3>\n\n\n\n<p>Nazanin Ahmadipour, une adolescente de 16 ans, a \u00e9t\u00e9 condamn\u00e9e \u00e0 6 mois de prison et \u00e0 une amende de 25 millions de tomans par la branche p\u00e9nale 103 du tribunal de Zahedan. Elle est accus\u00e9e de &#8220;propagande contre l&#8217;\u00c9tat, de participation \u00e0 des manifestations et d&#8217;incitation \u00e0 la participation \u00e0 des manifestations&#8221;.<\/p>\n\n\n\n<p>Nazanin Ahmadipour a \u00e9t\u00e9 arr\u00eat\u00e9e par les forces de s\u00e9curit\u00e9 \u00e0 Chabahar le 28 octobre et a \u00e9t\u00e9 lib\u00e9r\u00e9e le 17 novembre apr\u00e8s avoir pay\u00e9 sa caution. La sentence a \u00e9t\u00e9 annonc\u00e9e \u00e0 la famille de Nazanin Ahmadipour le mercredi 21 d\u00e9cembre, lors d&#8217;un appel t\u00e9l\u00e9phonique. Nazanin Ahmadipour, n\u00e9e le 17 juillet 2006, est la fille de Mansour et r\u00e9side \u00e0 Chabahar.<\/p>\n\n\n<div class=\"wp-block-image\">\n<figure class=\"aligncenter size-full\"><img decoding=\"async\" src=\"data:image\/gif;base64,R0lGODlhAQABAIAAAAAAAP\/\/\/yH5BAEAAAAALAAAAAABAAEAAAIBRAA7\" data-src=\"https:\/\/wncri.org\/fr\/wp-content\/uploads\/2022\/12\/Nayyer-Sanandajian-min.jpg\" alt=\"Deux ans d'emprisonnement pour Nayyer Sanandajian pour avoir particip\u00e9 \u00e0 des manifestations\" class=\"wp-image-17237 lazyload\"\/><noscript><img decoding=\"async\" width=\"750\" height=\"375\" src=\"https:\/\/wncri.org\/fr\/wp-content\/uploads\/2022\/12\/Nayyer-Sanandajian-min.jpg\" alt=\"Deux ans d'emprisonnement pour Nayyer Sanandajian pour avoir particip\u00e9 \u00e0 des manifestations\" class=\"wp-image-17237 lazyload\" srcset=\"https:\/\/wncri.org\/fr\/wp-content\/uploads\/2022\/12\/Nayyer-Sanandajian-min.jpg 750w, https:\/\/wncri.org\/fr\/wp-content\/uploads\/2022\/12\/Nayyer-Sanandajian-min-300x150.jpg 300w, https:\/\/wncri.org\/fr\/wp-content\/uploads\/2022\/12\/Nayyer-Sanandajian-min-360x180.jpg 360w\" sizes=\"(max-width: 750px) 100vw, 750px\" \/><\/noscript><figcaption class=\"wp-element-caption\">Deux ans d&#8217;emprisonnement pour Nayyer Sanandajian pour avoir particip\u00e9 \u00e0 des manifestations<\/figcaption><\/figure>\n<\/div>\n\n\n<h3 class=\"wp-block-heading\"><strong>Deux ans d&#8217;emprisonnement pour Nayyer Sanandajian pour avoir particip\u00e9 \u00e0 des manifestations<\/strong><\/h3>\n\n\n\n<p>Deux militants civils vivant \u00e0 Tabriz, Nayyer Sanandajian Hakamabadi et son mari, Mehrdad Alaei Vali, ont \u00e9t\u00e9 arr\u00eat\u00e9s par les forces de s\u00e9curit\u00e9 le 8 octobre 2022, pr\u00e8s de l&#8217;intersection Chahnaz, alors qu&#8217;ils montaient dans un bus. Ils sont incarc\u00e9r\u00e9s \u00e0 la <a href=\"https:\/\/wncri.org\/fr\/2021\/12\/10\/les-conditions-des-femmes-prisons\/\" target=\"_blank\" rel=\"noreferrer noopener\">prison centrale de Tabriz<\/a>, sans acc\u00e8s \u00e0 un avocat et sans caution.<\/p>\n\n\n\n<p>Ils sont accus\u00e9s de &#8220;rassemblement et collusion contre la s\u00e9curit\u00e9 nationale&#8221; en participant \u00e0 des rassemblements ill\u00e9gaux. Le tribunal a condamn\u00e9 chacun d&#8217;entre eux \u00e0 deux ans d&#8217;emprisonnement et \u00e0 deux ans d&#8217;interdiction de quitter le pays. Ce jugement a \u00e9t\u00e9 confirm\u00e9 par la cour d&#8217;appel.<\/p>\n\n\n<div class=\"wp-block-image\">\n<figure class=\"aligncenter size-full\"><img decoding=\"async\" src=\"data:image\/gif;base64,R0lGODlhAQABAIAAAAAAAP\/\/\/yH5BAEAAAAALAAAAAABAAEAAAIBRAA7\" data-src=\"https:\/\/wncri.org\/fr\/wp-content\/uploads\/2022\/12\/Parisa-Habibpour-min.jpg\" alt=\"Parisa Habibpour\" class=\"wp-image-17238 lazyload\"\/><noscript><img decoding=\"async\" width=\"750\" height=\"375\" src=\"https:\/\/wncri.org\/fr\/wp-content\/uploads\/2022\/12\/Parisa-Habibpour-min.jpg\" alt=\"Parisa Habibpour\" class=\"wp-image-17238 lazyload\" srcset=\"https:\/\/wncri.org\/fr\/wp-content\/uploads\/2022\/12\/Parisa-Habibpour-min.jpg 750w, https:\/\/wncri.org\/fr\/wp-content\/uploads\/2022\/12\/Parisa-Habibpour-min-300x150.jpg 300w, https:\/\/wncri.org\/fr\/wp-content\/uploads\/2022\/12\/Parisa-Habibpour-min-360x180.jpg 360w\" sizes=\"(max-width: 750px) 100vw, 750px\" \/><\/noscript><figcaption class=\"wp-element-caption\">Parisa Habibpour<\/figcaption><\/figure>\n<\/div>\n\n\n<h3 class=\"wp-block-heading\"><strong>L&#8217;enl\u00e8vement de manifestants et leur mise en prison<\/strong><\/h3>\n\n\n\n<p>Dans la soir\u00e9e du lundi 19 d\u00e9cembre 2022, Parisa Habibpour, originaire d&#8217;Ourmia, a \u00e9t\u00e9 enlev\u00e9e par les forces de s\u00e9curit\u00e9 alors qu&#8217;elle se trouvait au terminal passagers de Sanandaj et qu&#8217;elle prenait un bus pour <a href=\"https:\/\/www.maryam-rajavi.com\/fr\/manifestations-certaines-parties-teheran-villes-eclate-95e-nuit-soulevement\/\" target=\"_blank\" rel=\"noreferrer noopener\">T\u00e9h\u00e9ran<\/a>.<\/p>\n\n\n\n<p>Parisa Habibpour, \u00e2g\u00e9e de 21 ans, est \u00e9tudiante en \u00e9conomie \u00e0 l&#8217;universit\u00e9 du Kurdistan. Mme Habibpour souffre d&#8217;une maladie aigu\u00eb de l&#8217;estomac, et sa sant\u00e9 sera en danger si elle n&#8217;a pas acc\u00e8s \u00e0 un m\u00e9decin et \u00e0 des m\u00e9dicaments.<\/p>\n","protected":false},"excerpt":{"rendered":"<p>La manifestante Shaghayegh Khademi, 23 ans, est condamn\u00e9e \u00e0 16 ans de prison Shaghayegh Khademi a \u00e9t\u00e9 condamn\u00e9e \u00e0 16 ans de prison. Shaghayegh Khademi, 23 ans, a \u00e9t\u00e9 enlev\u00e9e \u00e0 4 heures du matin le 21 septembre 2022, lorsque les forces de s\u00e9curit\u00e9 ont attaqu\u00e9 son domicile. Elle a \u00e9t\u00e9 d\u00e9tenue dans le quartier [&hellip;]<\/p>\n","protected":false},"author":4,"featured_media":17239,"comment_status":"closed","ping_status":"closed","sticky":false,"template":"","format":"standard","meta":{"jnews-multi-image_gallery":[],"jnews_single_post":{"subtitle":"","format":"standard","video":"","gallery":"","source_name":"","source_url":"","via_name":"","via_url":"","override_template":"0","override":[{"template":"7","single_blog_custom":"","parallax":"1","fullscreen":"1","layout":"right-sidebar","sidebar":"default-sidebar","second_sidebar":"default-sidebar","sticky_sidebar":"1","share_position":"floatbottom","share_float_style":"share-normal","show_share_counter":"1","show_view_counter":"1","show_featured":"1","show_post_meta":"1","show_post_author":"0","show_post_author_image":"1","show_post_date":"1","post_date_format":"default","post_date_format_custom":"Y\/m\/d","show_post_category":"1","show_post_reading_time":"0","post_reading_time_wpm":"300","show_zoom_button":"0","zoom_button_out_step":"2","zoom_button_in_step":"3","show_post_tag":"1","show_prev_next_post":"0","show_popup_post":"1","number_popup_post":"1","show_author_box":"0","show_post_related":"1","show_inline_post_related":"0"}],"override_image_size":"0","image_override":[{"single_post_thumbnail_size":"crop-500","single_post_gallery_size":"crop-500"}],"trending_post":"0","trending_post_position":"meta","trending_post_label":"Trending","sponsored_post":"0","sponsored_post_label":"Sponsored by","sponsored_post_name":"","sponsored_post_url":"","sponsored_post_logo_enable":"0","sponsored_post_logo":"","sponsored_post_desc":"","disable_ad":"0"},"jnews_primary_category":{"id":"","hide":""},"jnews_social_meta":{"fb_title":"","fb_description":"","fb_image":"","twitter_title":"","twitter_description":"","twitter_image":""},"jnews_override_counter":{"override_view_counter":"0","view_counter_number":"0","override_share_counter":"0","share_counter_number":"0","override_like_counter":"0","like_counter_number":"0","override_dislike_counter":"0","dislike_counter_number":"0"},"footnotes":""},"categories":[3],"tags":[369,370,376],"class_list":["post-17234","post","type-post","status-publish","format-standard","has-post-thumbnail","hentry","category-infos-des-femmes","tag-manifestations","tag-prisonnieres","tag-violence-contre-les-femmes"],"_links":{"self":[{"href":"https:\/\/wncri.org\/fr\/wp-json\/wp\/v2\/posts\/17234","targetHints":{"allow":["GET"]}}],"collection":[{"href":"https:\/\/wncri.org\/fr\/wp-json\/wp\/v2\/posts"}],"about":[{"href":"https:\/\/wncri.org\/fr\/wp-json\/wp\/v2\/types\/post"}],"author":[{"embeddable":true,"href":"https:\/\/wncri.org\/fr\/wp-json\/wp\/v2\/users\/4"}],"replies":[{"embeddable":true,"href":"https:\/\/wncri.org\/fr\/wp-json\/wp\/v2\/comments?post=17234"}],"version-history":[{"count":2,"href":"https:\/\/wncri.org\/fr\/wp-json\/wp\/v2\/posts\/17234\/revisions"}],"predecessor-version":[{"id":20167,"href":"https:\/\/wncri.org\/fr\/wp-json\/wp\/v2\/posts\/17234\/revisions\/20167"}],"wp:featuredmedia":[{"embeddable":true,"href":"https:\/\/wncri.org\/fr\/wp-json\/wp\/v2\/media\/17239"}],"wp:attachment":[{"href":"https:\/\/wncri.org\/fr\/wp-json\/wp\/v2\/media?parent=17234"}],"wp:term":[{"taxonomy":"category","embeddable":true,"href":"https:\/\/wncri.org\/fr\/wp-json\/wp\/v2\/categories?post=17234"},{"taxonomy":"post_tag","embeddable":true,"href":"https:\/\/wncri.org\/fr\/wp-json\/wp\/v2\/tags?post=17234"}],"curies":[{"name":"wp","href":"https:\/\/api.w.org\/{rel}","templated":true}]}}