{"id":1723,"date":"2016-11-12T11:11:19","date_gmt":"2016-11-12T11:11:19","guid":{"rendered":"https:\/\/wncri.org\/frdev\/2016\/11\/12\/iran-une-mere-en-deuil-rejoint-l-appel-a-la-justice-lance-par-une-prisonniere\/"},"modified":"2016-11-12T11:11:19","modified_gmt":"2016-11-12T11:11:19","slug":"iran-une-mere-en-deuil-rejoint-l-appel-a-la-justice-lance-par-une-prisonniere","status":"publish","type":"post","link":"https:\/\/wncri.org\/fr\/2016\/11\/12\/iran-une-mere-en-deuil-rejoint-l-appel-a-la-justice-lance-par-une-prisonniere\/","title":{"rendered":"Iran: une m\u00e8re en deuil rejoint l\u2019appel \u00e0 la justice lanc\u00e9 par une prisonni\u00e8re"},"content":{"rendered":"<p>CNRI Femmes \u2013 Une m\u00e8re militante a appel\u00e9 l\u2019opinion publique et les d\u00e9fenseurs de la justice \u00e0 rejoindre la qu\u00eate de Maryam Akbari visant \u00e0 obtenir<\/p>\n<p>  <!--more-->  <\/p>\n<p>justice pour ses proches ex\u00e9cut\u00e9s dans les ann\u00e9es 1980 et le massacre de 1988.Mme Sholeh Pakravan, militante contre la peine de mort dont la fille Reyhaneh Jabbari, a \u00e9t\u00e9 ex\u00e9cut\u00e9 en 2014 pour s\u2019\u00eatre d\u00e9fendue contre son violeur, un agent du renseignement, a \u00e9crit dans son message :\u00ab Quand un \u00eatre cher est ex\u00e9cut\u00e9, il laisse une blessure irr\u00e9m\u00e9diable sur tous les membres de sa famille. La question reste de savoir pour quel crime cet \u00eatre cher a \u00e9t\u00e9 ex\u00e9cut\u00e9 ? O\u00f9 se trouve sa sa tombe ? Aujourd&#8217;hui, Maryam Akbari Monfared, une prisonni\u00e8re politique m\u00e8re de deux filles, se tourne vers l&#8217;opinion publique mondiale pour trouver la r\u00e9ponse. Sa question est celle de millions d\u2019Iraniens qui veulent savoir pourquoi des milliers de personnes ont \u00e9t\u00e9 ex\u00e9cut\u00e9es et o\u00f9 se trouvent leurs tombes. Pourquoi leur a-t-on interdit d\u2019organiser des c\u00e9r\u00e9monies fun\u00e8bres\u00a0?C\u2019est un grave probl\u00e8me qui tourmente la conscience de notre peuple. Ceux qui ont prononc\u00e9 les verdicts et ceux qui ont men\u00e9 les ex\u00e9cutions, doivent r\u00e9pondre \u00e0 ces questions.\u00ab\u00a0Nous sommes avec Maryam Akbari Monfared dans son appel \u00e0 la justice. Nous demandons \u00e0 tous les \u00eatres humains en qu\u00eate de justice de se joindre \u00e0 cette campagne.\u00a0\u00bb<\/p>\n","protected":false},"excerpt":{"rendered":"<p>CNRI Femmes \u2013 Une m\u00e8re militante a appel\u00e9 l\u2019opinion publique et les d\u00e9fenseurs de la justice \u00e0 rejoindre la qu\u00eate de Maryam Akbari visant \u00e0 obtenir<\/p>\n","protected":false},"author":1,"featured_media":4295,"comment_status":"open","ping_status":"open","sticky":false,"template":"","format":"standard","meta":{"jnews-multi-image_gallery":[],"jnews_single_post":[],"jnews_primary_category":[],"jnews_social_meta":[],"jnews_override_counter":[],"footnotes":""},"categories":[3],"tags":[],"class_list":["post-1723","post","type-post","status-publish","format-standard","has-post-thumbnail","hentry","category-infos-des-femmes"],"_links":{"self":[{"href":"https:\/\/wncri.org\/fr\/wp-json\/wp\/v2\/posts\/1723","targetHints":{"allow":["GET"]}}],"collection":[{"href":"https:\/\/wncri.org\/fr\/wp-json\/wp\/v2\/posts"}],"about":[{"href":"https:\/\/wncri.org\/fr\/wp-json\/wp\/v2\/types\/post"}],"author":[{"embeddable":true,"href":"https:\/\/wncri.org\/fr\/wp-json\/wp\/v2\/users\/1"}],"replies":[{"embeddable":true,"href":"https:\/\/wncri.org\/fr\/wp-json\/wp\/v2\/comments?post=1723"}],"version-history":[{"count":0,"href":"https:\/\/wncri.org\/fr\/wp-json\/wp\/v2\/posts\/1723\/revisions"}],"wp:featuredmedia":[{"embeddable":true,"href":"https:\/\/wncri.org\/fr\/wp-json\/wp\/v2\/media\/4295"}],"wp:attachment":[{"href":"https:\/\/wncri.org\/fr\/wp-json\/wp\/v2\/media?parent=1723"}],"wp:term":[{"taxonomy":"category","embeddable":true,"href":"https:\/\/wncri.org\/fr\/wp-json\/wp\/v2\/categories?post=1723"},{"taxonomy":"post_tag","embeddable":true,"href":"https:\/\/wncri.org\/fr\/wp-json\/wp\/v2\/tags?post=1723"}],"curies":[{"name":"wp","href":"https:\/\/api.w.org\/{rel}","templated":true}]}}