{"id":17156,"date":"2022-12-11T22:56:40","date_gmt":"2022-12-11T21:56:40","guid":{"rendered":"https:\/\/wncri.org\/fr\/?p=17156"},"modified":"2022-12-12T23:05:26","modified_gmt":"2022-12-12T22:05:26","slug":"elaheh-jabbari","status":"publish","type":"post","link":"https:\/\/wncri.org\/fr\/2022\/12\/11\/elaheh-jabbari\/","title":{"rendered":"Elaheh Jabbari, \u00e9tudiante en psychologie, retrouv\u00e9e bless\u00e9e, le cr\u00e2ne ras\u00e9"},"content":{"rendered":"\n<h3 class=\"wp-block-heading\">Elaheh Jabbari, \u00e9tudiante en psychologie, retrouv\u00e9e bless\u00e9e, le cr\u00e2ne ras\u00e9<\/h3>\n\n\n\n<p><em>Elaheh Jabbari a \u00e9t\u00e9 agress\u00e9e sexuellement pendant trois jours d&#8217;interrogatoire.<\/em><\/p>\n\n\n\n<p><strong>Elaheh Jabbari<\/strong> a \u00e9t\u00e9 retrouv\u00e9e jet\u00e9e dans une rue de T\u00e9h\u00e9ran le vendredi 9 d\u00e9cembre, a rapport\u00e9 le Conseil des \u00e9tudiants iraniens le dimanche 11 d\u00e9cembre 2022.<\/p>\n\n\n\n<p>Elaheh Jabbari \u00e9tait bless\u00e9e, et sa t\u00eate avait \u00e9t\u00e9 ras\u00e9e. Elle avait \u00e9t\u00e9 <a href=\"https:\/\/edition.cnn.com\/interactive\/2022\/11\/middleeast\/iran-protests-sexual-assault\/index.html\" target=\"_blank\" rel=\"noreferrer noopener\">agress\u00e9e sexuellement<\/a> pendant trois jours d&#8217;interrogatoire.<\/p>\n\n\n\n<p>Les forces de s\u00e9curit\u00e9 ont enlev\u00e9 Elaheh Jabbari le 5 d\u00e9cembre et l&#8217;ont emmen\u00e9e dans un lieu inconnu. Elaheh Jabbari est titulaire d&#8217;une licence de psychologie de l&#8217;universit\u00e9 de T\u00e9h\u00e9ran. Elle est originaire du Sistan et Baloutchestan mais vit dans la capitale.<\/p>\n\n\n\n<p>Pour faire face au soul\u00e8vement iranien, qui entrera bient\u00f4t dans son quatri\u00e8me mois, et le r\u00e9primer, le r\u00e9gime cl\u00e9rical s&#8217;est lanc\u00e9 dans une s\u00e9rie de rafles d&#8217;\u00e9tudiants et de militants. Voici quelques-uns des cas r\u00e9cents.&nbsp;<\/p>\n\n\n<div class=\"wp-block-image\">\n<figure class=\"aligncenter size-full\"><img decoding=\"async\" src=\"data:image\/gif;base64,R0lGODlhAQABAIAAAAAAAP\/\/\/yH5BAEAAAAALAAAAAABAAEAAAIBRAA7\" data-src=\"https:\/\/wncri.org\/fr\/wp-content\/uploads\/2022\/12\/Elaheh-Mir-Mehdi-Atefeh-Shamasi-Reyhaneh-Hadipour-min.jpg\" alt=\"De gauche \u00e0 droite : Elaheh Mir-Mehdi, Atefeh Shamasi, Reyhaneh Hadipour.\" class=\"wp-image-17158 lazyload\"\/><noscript><img decoding=\"async\" width=\"750\" height=\"375\" src=\"https:\/\/wncri.org\/fr\/wp-content\/uploads\/2022\/12\/Elaheh-Mir-Mehdi-Atefeh-Shamasi-Reyhaneh-Hadipour-min.jpg\" alt=\"De gauche \u00e0 droite : Elaheh Mir-Mehdi, Atefeh Shamasi, Reyhaneh Hadipour.\" class=\"wp-image-17158 lazyload\" srcset=\"https:\/\/wncri.org\/fr\/wp-content\/uploads\/2022\/12\/Elaheh-Mir-Mehdi-Atefeh-Shamasi-Reyhaneh-Hadipour-min.jpg 750w, https:\/\/wncri.org\/fr\/wp-content\/uploads\/2022\/12\/Elaheh-Mir-Mehdi-Atefeh-Shamasi-Reyhaneh-Hadipour-min-300x150.jpg 300w, https:\/\/wncri.org\/fr\/wp-content\/uploads\/2022\/12\/Elaheh-Mir-Mehdi-Atefeh-Shamasi-Reyhaneh-Hadipour-min-360x180.jpg 360w\" sizes=\"(max-width: 750px) 100vw, 750px\" \/><\/noscript><figcaption class=\"wp-element-caption\">De gauche \u00e0 droite : Elaheh Mir-Mehdi, Atefeh Shamasi, Reyhaneh Hadipour.<\/figcaption><\/figure>\n<\/div>\n\n\n<p>Les forces de s\u00e9curit\u00e9 ont \u00e9galement arr\u00eat\u00e9 <strong>Reyhaneh<\/strong> <strong>Hadipour<\/strong> \u00e0 son domicile le 7 d\u00e9cembre. Mme Hadipour est \u00e9tudiante en master d&#8217;ing\u00e9nierie \u00e9lectrique \u00e0 l&#8217;universit\u00e9 Khajeh Nasir de T\u00e9h\u00e9ran.<\/p>\n\n\n\n<p><strong>Atefeh<\/strong> <strong>Shamasi<\/strong>, une habitante d&#8217;Ahvaz, a \u00e9t\u00e9 arr\u00eat\u00e9e sur son lieu de travail le 6 d\u00e9cembre 2022. Les forces de s\u00e9curit\u00e9 l&#8217;ont emmen\u00e9e dans un lieu inconnu. Elles ont confisqu\u00e9 certains de ses appareils num\u00e9riques, notamment son t\u00e9l\u00e9phone portable, son ordinateur, ainsi que le syst\u00e8me de vid\u00e9osurveillance de son lieu de travail.<\/p>\n\n\n\n<p>Atefeh Shamasi est une artiste qui enseigne la d\u00e9coration de g\u00e2teaux et de p\u00e2tisseries.<\/p>\n\n\n\n<p>Il a \u00e9galement \u00e9t\u00e9 signal\u00e9 <strong>qu&#8217;Elaheh<\/strong> <strong>Mir<\/strong>&#8211;<strong>Mehdi<\/strong> et son mari avaient \u00e9t\u00e9 arr\u00eat\u00e9s et plac\u00e9s en d\u00e9tention \u00e0 Shahinshahr, dans la province d&#8217;Ispahan. Mme Mir-Medi est tatoueuse. Un groupe d&#8217;une trentaine d&#8217;agents a fait irruption dans son domicile le vendredi 2 d\u00e9cembre 2022 et l&#8217;a arr\u00eat\u00e9e. Les forces de s\u00e9curit\u00e9 ont cass\u00e9 les doigts de sa m\u00e8re <a href=\"https:\/\/wncri.org\/fr\/2020\/11\/23\/la-violence-faite-aux-femmes-en-iran-parrainee-et-institutionnalisee-par-letat\/\" target=\"_blank\" rel=\"noreferrer noopener\">lors du passage \u00e0 tabac<\/a> des habitants au moment de l&#8217;arrestation.<\/p>\n\n\n\n<p>Mme Mir-Mehdi, 30 ans, est titulaire d&#8217;une licence en peinture de l&#8217;Universit\u00e9 des arts d&#8217;Ispahan. Son mari a \u00e9galement \u00e9t\u00e9 arr\u00eat\u00e9 le 7 d\u00e9cembre lorsqu&#8217;il s&#8217;est rendu au poste de police pour s&#8217;enqu\u00e9rir de sa femme.<\/p>\n\n\n<div class=\"wp-block-image\">\n<figure class=\"aligncenter size-full\"><img decoding=\"async\" src=\"data:image\/gif;base64,R0lGODlhAQABAIAAAAAAAP\/\/\/yH5BAEAAAAALAAAAAABAAEAAAIBRAA7\" data-src=\"https:\/\/wncri.org\/fr\/wp-content\/uploads\/2022\/12\/Sara-Safari-Rad-Maryam-Sahebdel-Nilufar-Najafpour-min.jpg\" alt=\"De gauche \u00e0 droite : Sara Safari Rad, Maryam Sahebdel, Niloufar Najafpour.\" class=\"wp-image-17161 lazyload\"\/><noscript><img decoding=\"async\" width=\"750\" height=\"375\" src=\"https:\/\/wncri.org\/fr\/wp-content\/uploads\/2022\/12\/Sara-Safari-Rad-Maryam-Sahebdel-Nilufar-Najafpour-min.jpg\" alt=\"De gauche \u00e0 droite : Sara Safari Rad, Maryam Sahebdel, Niloufar Najafpour.\" class=\"wp-image-17161 lazyload\" srcset=\"https:\/\/wncri.org\/fr\/wp-content\/uploads\/2022\/12\/Sara-Safari-Rad-Maryam-Sahebdel-Nilufar-Najafpour-min.jpg 750w, https:\/\/wncri.org\/fr\/wp-content\/uploads\/2022\/12\/Sara-Safari-Rad-Maryam-Sahebdel-Nilufar-Najafpour-min-300x150.jpg 300w, https:\/\/wncri.org\/fr\/wp-content\/uploads\/2022\/12\/Sara-Safari-Rad-Maryam-Sahebdel-Nilufar-Najafpour-min-360x180.jpg 360w\" sizes=\"(max-width: 750px) 100vw, 750px\" \/><\/noscript><figcaption class=\"wp-element-caption\">De gauche \u00e0 droite : Sara Safari Rad, Maryam Sahebdel, Niloufar Najafpour.<\/figcaption><\/figure>\n<\/div>\n\n\n<p><strong>Niloufar<\/strong> <strong>Najafpour<\/strong>, \u00e9tudiante en environnement \u00e0 l&#8217;universit\u00e9 du Kurdistan, faisait \u00e9galement partie des personnes arr\u00eat\u00e9es par les forces de s\u00e9curit\u00e9 le 27 novembre 2022. Le pr\u00e9sident de l&#8217;universit\u00e9, le Dr Qaderzadeh, et le chef adjoint de la s\u00e9curit\u00e9, Samiifar, ont collabor\u00e9 pour la faire arr\u00eater.<\/p>\n\n\n\n<p>Deux semaines apr\u00e8s son arrestation, personne ne conna\u00eet encore son lieu de d\u00e9tention. Elle souffre de scl\u00e9rose en plaques et sa famille s&#8217;inqui\u00e8te pour sa sant\u00e9.&nbsp;<\/p>\n\n\n\n<p>Des agents des services des renseignements de l&#8217;IRGC \u00e0 Torbate Jam, dans la province de Razavi Khorassan, au nord-est de l&#8217;Iran, ont arr\u00eat\u00e9 Maryam Sahebdel le 22 novembre 2022 et l&#8217;ont emmen\u00e9e dans un lieu inconnu. Selon des sources inform\u00e9es, Mme Sahebdel est accus\u00e9e d&#8217;avoir men\u00e9 des manifestations \u00e0 Torbat-e Jam et \u00e0 Machad, d&#8217;avoir bloqu\u00e9 l&#8217;avenue Ahmadabad, d&#8217;avoir mis le feu \u00e0 une poubelle, d&#8217;avoir endommag\u00e9 des biens publics, d&#8217;avoir enseign\u00e9 comment fabriquer un cocktail Molotov sur les m\u00e9dias sociaux, d&#8217;avoir distribu\u00e9 des appels \u00e0 des manifestations nationales et d&#8217;avoir \u00e9crit des slogans sur les murs.<\/p>\n\n\n\n<p>Maryam Sahebdel avait \u00e9t\u00e9 arr\u00eat\u00e9e dans les premiers jours du soul\u00e8vement national, mais a \u00e9t\u00e9 lib\u00e9r\u00e9e apr\u00e8s avoir sign\u00e9 un engagement \u00e0 ne pas r\u00e9p\u00e9ter de telles activit\u00e9s.<\/p>\n\n\n<div class=\"wp-block-image\">\n<figure class=\"aligncenter size-full\"><img decoding=\"async\" src=\"data:image\/gif;base64,R0lGODlhAQABAIAAAAAAAP\/\/\/yH5BAEAAAAALAAAAAABAAEAAAIBRAA7\" data-src=\"https:\/\/wncri.org\/fr\/wp-content\/uploads\/2022\/12\/Ghazal-Safari-Rad-Fatemeh-Safari-Rad-Zahra-Ataii-min.jpg\" alt=\"De gauche \u00e0 droite : Ghazal Safari Rad, Fatemeh Safari Rad, Zahra Ataii.\" class=\"wp-image-17159 lazyload\"\/><noscript><img decoding=\"async\" width=\"750\" height=\"375\" src=\"https:\/\/wncri.org\/fr\/wp-content\/uploads\/2022\/12\/Ghazal-Safari-Rad-Fatemeh-Safari-Rad-Zahra-Ataii-min.jpg\" alt=\"De gauche \u00e0 droite : Ghazal Safari Rad, Fatemeh Safari Rad, Zahra Ataii.\" class=\"wp-image-17159 lazyload\" srcset=\"https:\/\/wncri.org\/fr\/wp-content\/uploads\/2022\/12\/Ghazal-Safari-Rad-Fatemeh-Safari-Rad-Zahra-Ataii-min.jpg 750w, https:\/\/wncri.org\/fr\/wp-content\/uploads\/2022\/12\/Ghazal-Safari-Rad-Fatemeh-Safari-Rad-Zahra-Ataii-min-300x150.jpg 300w, https:\/\/wncri.org\/fr\/wp-content\/uploads\/2022\/12\/Ghazal-Safari-Rad-Fatemeh-Safari-Rad-Zahra-Ataii-min-360x180.jpg 360w\" sizes=\"(max-width: 750px) 100vw, 750px\" \/><\/noscript><figcaption class=\"wp-element-caption\">De gauche \u00e0 droite : Ghazal Safari Rad, Fatemeh Safari Rad, Zahra Ataii.<\/figcaption><\/figure>\n<\/div>\n\n\n<p><strong>Sara<\/strong> <strong>Safari<\/strong> <strong>Rad<\/strong>, 19 ans, originaire de Chiraz, a \u00e9t\u00e9 arr\u00eat\u00e9e chez elle le 15 novembre. Son cas est toujours en suspens.<\/p>\n\n\n\n<p>Sara et ses trois cousines, Fatemeh Safari Rad, 16 ans, Ghazal Safari Rad et Zahra Ataii, 20 ans, ont \u00e9t\u00e9 arr\u00eat\u00e9es et transf\u00e9r\u00e9es \u00e0 <a href=\"https:\/\/wncri.org\/fr\/2021\/12\/10\/les-conditions-des-femmes-prisons\/\" target=\"_blank\" rel=\"noreferrer noopener\">la prison Adelabad<\/a> de Chiraz.<\/p>\n\n\n\n<p>Sara n&#8217;a eu aucun contact avec sa famille depuis son arrestation et sa d\u00e9tention. La famille de Safari Rad pense qu&#8217;une vid\u00e9o diffus\u00e9e par l&#8217;agence de presse d&#8217;\u00c9tat Fars, montrant les aveux forc\u00e9s d&#8217;une d\u00e9tenue, appartient \u00e0 Sara, ce qui a accru leur inqui\u00e9tude et leurs pr\u00e9occupations concernant leur fille.<\/p>\n\n\n\n<p>Il n&#8217;y a aucune infomations sur les conditions de <strong>Leily<\/strong> <strong>Pourbaba<\/strong> qui a \u00e9t\u00e9 arr\u00eat\u00e9e le 2 novembre 2022. Mme Pourbaba (alias Afsoun), 31 ans, originaire de Tabriz, a \u00e9t\u00e9 arr\u00eat\u00e9e pour ses activit\u00e9s sur les m\u00e9dias sociaux. Plus d&#8217;un mois apr\u00e8s son arrestation, elle n&#8217;a toujours pas \u00e9t\u00e9 jug\u00e9e et son cas reste dans les limbes. Sa famille s&#8217;inqui\u00e8te de son \u00e9tat de sant\u00e9 car elle est sans nouvelles d&#8217;elle.<\/p>\n\n\n<div class=\"wp-block-image\">\n<figure class=\"aligncenter size-full\"><img decoding=\"async\" src=\"data:image\/gif;base64,R0lGODlhAQABAIAAAAAAAP\/\/\/yH5BAEAAAAALAAAAAABAAEAAAIBRAA7\" data-src=\"https:\/\/wncri.org\/fr\/wp-content\/uploads\/2022\/12\/Leily-Pourbaba-min-rotated.jpg\" alt=\"Leily Pourbaba \" class=\"wp-image-17160 lazyload\"\/><noscript><img decoding=\"async\" width=\"375\" height=\"750\" src=\"https:\/\/wncri.org\/fr\/wp-content\/uploads\/2022\/12\/Leily-Pourbaba-min-rotated.jpg\" alt=\"Leily Pourbaba \" class=\"wp-image-17160 lazyload\" srcset=\"https:\/\/wncri.org\/fr\/wp-content\/uploads\/2022\/12\/Leily-Pourbaba-min-rotated.jpg 375w, https:\/\/wncri.org\/fr\/wp-content\/uploads\/2022\/12\/Leily-Pourbaba-min-150x300.jpg 150w\" sizes=\"(max-width: 375px) 100vw, 375px\" \/><\/noscript><figcaption class=\"wp-element-caption\">Leily Pourbaba <\/figcaption><\/figure>\n<\/div>","protected":false},"excerpt":{"rendered":"<p>Elaheh Jabbari, \u00e9tudiante en psychologie, retrouv\u00e9e bless\u00e9e, le cr\u00e2ne ras\u00e9 Elaheh Jabbari a \u00e9t\u00e9 agress\u00e9e sexuellement pendant trois jours d&#8217;interrogatoire. Elaheh Jabbari a \u00e9t\u00e9 retrouv\u00e9e jet\u00e9e dans une rue de T\u00e9h\u00e9ran le vendredi 9 d\u00e9cembre, a rapport\u00e9 le Conseil des \u00e9tudiants iraniens le dimanche 11 d\u00e9cembre 2022. Elaheh Jabbari \u00e9tait bless\u00e9e, et sa t\u00eate avait [&hellip;]<\/p>\n","protected":false},"author":4,"featured_media":17157,"comment_status":"closed","ping_status":"closed","sticky":false,"template":"","format":"standard","meta":{"jnews-multi-image_gallery":[],"jnews_single_post":{"subtitle":"","format":"standard","video":"","gallery":"","source_name":"","source_url":"","via_name":"","via_url":"","override_template":"0","override":[{"template":"7","single_blog_custom":"","parallax":"1","fullscreen":"1","layout":"right-sidebar","sidebar":"default-sidebar","second_sidebar":"default-sidebar","sticky_sidebar":"1","share_position":"floatbottom","share_float_style":"share-normal","show_share_counter":"1","show_view_counter":"1","show_featured":"1","show_post_meta":"1","show_post_author":"0","show_post_author_image":"1","show_post_date":"1","post_date_format":"default","post_date_format_custom":"Y\/m\/d","show_post_category":"1","show_post_reading_time":"0","post_reading_time_wpm":"300","show_zoom_button":"0","zoom_button_out_step":"2","zoom_button_in_step":"3","show_post_tag":"1","show_prev_next_post":"0","show_popup_post":"1","number_popup_post":"1","show_author_box":"0","show_post_related":"1","show_inline_post_related":"0"}],"override_image_size":"0","image_override":[{"single_post_thumbnail_size":"crop-500","single_post_gallery_size":"crop-500"}],"trending_post":"0","trending_post_position":"meta","trending_post_label":"Trending","sponsored_post":"0","sponsored_post_label":"Sponsored by","sponsored_post_name":"","sponsored_post_url":"","sponsored_post_logo_enable":"0","sponsored_post_logo":"","sponsored_post_desc":"","disable_ad":"0"},"jnews_primary_category":{"id":"","hide":""},"jnews_social_meta":{"fb_title":"","fb_description":"","fb_image":"","twitter_title":"","twitter_description":"","twitter_image":""},"jnews_override_counter":{"override_view_counter":"0","view_counter_number":"0","override_share_counter":"0","share_counter_number":"0","override_like_counter":"0","like_counter_number":"0","override_dislike_counter":"0","dislike_counter_number":"0"},"footnotes":""},"categories":[3],"tags":[370,376],"class_list":["post-17156","post","type-post","status-publish","format-standard","has-post-thumbnail","hentry","category-infos-des-femmes","tag-prisonnieres","tag-violence-contre-les-femmes"],"_links":{"self":[{"href":"https:\/\/wncri.org\/fr\/wp-json\/wp\/v2\/posts\/17156","targetHints":{"allow":["GET"]}}],"collection":[{"href":"https:\/\/wncri.org\/fr\/wp-json\/wp\/v2\/posts"}],"about":[{"href":"https:\/\/wncri.org\/fr\/wp-json\/wp\/v2\/types\/post"}],"author":[{"embeddable":true,"href":"https:\/\/wncri.org\/fr\/wp-json\/wp\/v2\/users\/4"}],"replies":[{"embeddable":true,"href":"https:\/\/wncri.org\/fr\/wp-json\/wp\/v2\/comments?post=17156"}],"version-history":[{"count":1,"href":"https:\/\/wncri.org\/fr\/wp-json\/wp\/v2\/posts\/17156\/revisions"}],"predecessor-version":[{"id":17162,"href":"https:\/\/wncri.org\/fr\/wp-json\/wp\/v2\/posts\/17156\/revisions\/17162"}],"wp:featuredmedia":[{"embeddable":true,"href":"https:\/\/wncri.org\/fr\/wp-json\/wp\/v2\/media\/17157"}],"wp:attachment":[{"href":"https:\/\/wncri.org\/fr\/wp-json\/wp\/v2\/media?parent=17156"}],"wp:term":[{"taxonomy":"category","embeddable":true,"href":"https:\/\/wncri.org\/fr\/wp-json\/wp\/v2\/categories?post=17156"},{"taxonomy":"post_tag","embeddable":true,"href":"https:\/\/wncri.org\/fr\/wp-json\/wp\/v2\/tags?post=17156"}],"curies":[{"name":"wp","href":"https:\/\/api.w.org\/{rel}","templated":true}]}}