{"id":17106,"date":"2022-12-03T15:34:00","date_gmt":"2022-12-03T14:34:00","guid":{"rendered":"https:\/\/wncri.org\/fr\/?p=17106"},"modified":"2022-12-04T15:39:38","modified_gmt":"2022-12-04T14:39:38","slug":"manifestantes-manifestantes","status":"publish","type":"post","link":"https:\/\/wncri.org\/fr\/2022\/12\/03\/manifestantes-manifestantes\/","title":{"rendered":"Conditions horribles des femmes manifestantes dans la prison de Qarchak"},"content":{"rendered":"\n<h3 class=\"wp-block-heading\">Conditions horribles des femmes manifestantes dans la prison de Qarchak<\/h3>\n\n\n\n<p>Les conditions de vie des manifestantes dans la prison de Qarchak sont catastrophiques.<\/p>\n\n\n\n<p>Une femme lib\u00e9r\u00e9e r\u00e9cemment de la prison de Qarchak a fait \u00e9tat des conditions catastrophiques des manifestantes dans cette prison. Elle a d\u00e9clar\u00e9 que certaines femmes arr\u00eat\u00e9es pendant le soul\u00e8vement avaient \u00e9t\u00e9 emmen\u00e9es \u00e0 Qarchak et d\u00e9tenues dans le quartier 8.<\/p>\n\n\n\n<p>La prisonni\u00e8re qui a pass\u00e9 quelque temps dans le quartier 8 de la <a href=\"https:\/\/wncri.org\/fr\/2020\/04\/20\/regard-sur-la-situation-tragique-a-la-prison-pour-femmes-de-qarchak-en-iran\/\" target=\"_blank\" rel=\"noreferrer noopener\">prison de Qarchak<\/a> a affirm\u00e9 que les <a href=\"https:\/\/wncri.org\/fr\/2021\/12\/10\/les-conditions-des-femmes-prisons\/\" target=\"_blank\" rel=\"noreferrer noopener\">conditions<\/a> des manifestantes \u00e9taient horribles. La directrice de la prison, Soghra Khodadadi, a pr\u00e9venu les d\u00e9tenues que si la moindre nouvelle concernant les conditions de d\u00e9tention dans le quartier \u00e9tait divulgu\u00e9e, elle couperait toutes les lignes t\u00e9l\u00e9phoniques du quartier 8 !<\/p>\n\n\n\n<p>Selon l&#8217;ancienne d\u00e9tenue, l&#8217;un des probl\u00e8mes les plus graves du quartier 8 \u00e9tait la p\u00e9nurie de nourriture. &#8220;Les prisonni\u00e8res ont toujours faim.&#8221;<\/p>\n\n\n\n<p>Il n&#8217;y a que trois bains et toilettes pour 150 d\u00e9tenues dans un quartier qui a \u00e9t\u00e9 con\u00e7u pour n&#8217;accueillir que 50 prisonni\u00e8res.<\/p>\n\n\n\n<p>Les nouvelles arriv\u00e9es dorment dans les couloirs car elles n&#8217;ont pas d&#8217;endroit pour dormir.<\/p>\n\n\n\n<p>Une prisonni\u00e8re r\u00e9cemment lib\u00e9r\u00e9e de la prison de Qarchak a ajout\u00e9 : &#8220;Les conditions sanitaires et <a href=\"https:\/\/wncri.org\/fr\/2022\/06\/13\/eaux-usees-de-la-prison\/\" target=\"_blank\" rel=\"noreferrer noopener\">l&#8217;hygi\u00e8ne<\/a> \u00e9taient d\u00e9sastreuses. Les poux \u00e9taient partout. D&#8217;autre part, les prisonni\u00e8res ne sont pas autoris\u00e9es \u00e0 recevoir des v\u00eatements chauds. Certaines familles ont essay\u00e9 d&#8217;envoyer des v\u00eatements chauds pour leurs filles, mais les autorit\u00e9s p\u00e9nitentiaires ont renvoy\u00e9 les v\u00eatements et ne les ont pas donn\u00e9s aux d\u00e9tenues.&#8221;<\/p>\n\n\n\n<p>La prison n&#8217;a <a href=\"https:\/\/wncri.org\/fr\/2022\/06\/27\/leau-contaminee-de-la-prison\/\" target=\"_blank\" rel=\"noreferrer noopener\">pas d&#8217;eau potable<\/a>, et les d\u00e9tenues doivent acheter de l&#8217;eau min\u00e9rale. Les bains n&#8217;ont de <a href=\"https:\/\/wncri.org\/fr\/2022\/02\/05\/les-prisonnieres-politiques-de-qarchak-se-douchent-a-leau-froide\/\">l&#8217;eau <\/a><a href=\"https:\/\/wncri.org\/fr\/2022\/02\/05\/les-prisonnieres-politiques-de-qarchak-se-douchent-a-leau-froide\/\" target=\"_blank\" rel=\"noreferrer noopener\">chaude <\/a><a href=\"https:\/\/wncri.org\/fr\/2022\/02\/05\/les-prisonnieres-politiques-de-qarchak-se-douchent-a-leau-froide\/\">que deux jours par semaine.<\/a><\/p>\n\n\n\n<p><a href=\"https:\/\/wncri.org\/fr\/2022\/02\/05\/les-prisonnieres-politiques-de-qarchak-se-douchent-a-leau-froide\/\" target=\"_blank\" rel=\"noreferrer noopener\">Soghra Khodadadi a pr\u00e9venu<\/a> les d\u00e9tenues que si la moindre nouvelle concernant les horribles conditions de vie \u00e0 Qarchak \u00e9tait divulgu\u00e9e, elle couperait toutes les lignes t\u00e9l\u00e9phoniques du quartier 8.<\/p>\n\n\n\n<p>Les personnes arr\u00eat\u00e9es lors des manifestations sont emmen\u00e9es dans le quartier 8.<\/p>\n\n\n\n<p>La Commission des femmes du <a href=\"https:\/\/www.maryam-rajavi.com\/en\/maryam-rajavi-un-secretary-general-dispatch-international-killed-iranian-prisons\/\" target=\"_blank\" rel=\"noreferrer noopener\">CNRI r\u00e9it\u00e8re l&#8217;appel de la R\u00e9sistance iranienne<\/a> en demandant instamment \u00e0 l&#8217;ONU d&#8217;envoyer une d\u00e9l\u00e9gation pour visiter les prisonniers iraniens et s&#8217;entretenir avec les d\u00e9tenus, en particulier les prisonni\u00e8res politiques.<\/p>\n\n\n\n<h3 class=\"wp-block-heading\"><strong>Informations g\u00e9n\u00e9rales sur la prison de Qarchak<\/strong><\/h3>\n\n\n\n<p>La sinistre prison de Qarchak, \u00e0 Varamin, est la seule prison pour femmes en Iran. Elle est utilis\u00e9e pour d\u00e9tenir les femmes condamn\u00e9es pour des d\u00e9lits violents et sert de bannissement interne pour les prisonni\u00e8res politiques. Il n&#8217;y a pas de s\u00e9paration des d\u00e9lits dans cette prison, et les prisonni\u00e8res politiques sont d\u00e9tenues avec les prisonni\u00e8res de droit commun et les criminels dangereux. En un mot, les conditions des d\u00e9tenues de la prison de Qarchak sont \u00e9pouvantables.<\/p>\n\n\n\n<p>Les prisons de Qarchak et d&#8217;Evine sont les principaux lieux de d\u00e9tention des manifestantes arr\u00eat\u00e9es.<\/p>\n\n\n\n<h3 class=\"wp-block-heading\"><strong>Conditions g\u00e9n\u00e9rales<\/strong><\/h3>\n\n\n\n<p>\u00c9galement connue sous le nom de prison de Shahre Ray, la prison de Qarchak est un \u00e9levage industriel de poulets d\u00e9saffect\u00e9 situ\u00e9 dans une zone d\u00e9sertique de l&#8217;est de T\u00e9h\u00e9ran, dont les conditions sont bien en de\u00e7\u00e0 des normes internationales. Quelque 2 000 prisonni\u00e8res sont d\u00e9tenues dans des conditions surpeupl\u00e9es et insalubres, sans acc\u00e8s \u00e0 l&#8217;eau potable, \u00e0 une alimentation d\u00e9cente, aux m\u00e9dicaments et \u00e0 l&#8217;air frais.<\/p>\n\n\n\n<p>Les plaintes les plus fr\u00e9quentes concernent les sols tach\u00e9s d&#8217;urine, le manque de ventilation, les installations sanitaires insuffisantes et sales, la pr\u00e9valence de maladies contagieuses, la nourriture de mauvaise qualit\u00e9 contenant de petits morceaux de pierre et l&#8217;eau sal\u00e9e.<\/p>\n\n\n\n<p>L&#8217;une des conditions les plus tragiques&nbsp;; est celle des m\u00e8res enferm\u00e9es avec leurs enfants.<\/p>\n\n\n\n<h3 class=\"wp-block-heading\"><strong>Mauvais traitements inflig\u00e9s aux d\u00e9tenues<\/strong><\/h3>\n\n\n\n<p>Des manifestantes lib\u00e9r\u00e9es de la prison de Qarchak ont rapport\u00e9 que des d\u00e9tenues ont \u00e9t\u00e9 victimes d&#8217;abus sexuels de la part des gardiens et des autorit\u00e9s p\u00e9nitentiaires, au point que certaines ont sombr\u00e9 dans un \u00e9tat mental.<\/p>\n\n\n\n<p>Acc\u00e8s aux soins m\u00e9dicaux<\/p>\n\n\n\n<p>Les prisonni\u00e8res se voient \u00e9galement refuser un traitement m\u00e9dical appropri\u00e9 par les m\u00e9decins et autres personnels m\u00e9dicaux. La fiabilit\u00e9 des \u00e9quipements m\u00e9dicaux de la clinique de la prison suscite des inqui\u00e9tudes. Selon certaines informations, en raison du manque de brancards et de fauteuils roulants, des cod\u00e9tenues sont contraintes de porter les prisonni\u00e8res malades de leur chambre jusqu&#8217;\u00e0 la clinique, ce qui entra\u00eene des chutes et d&#8217;autres accidents.<\/p>\n\n\n\n<p>Amnesty International a signal\u00e9 que des femmes demandant des soins m\u00e9dicaux d&#8217;urgence le soir ou la nuit se sont vu refuser tout traitement par des m\u00e9decins et des infirmi\u00e8res jusqu&#8217;au lendemain, et ont m\u00eame \u00e9t\u00e9 r\u00e9primand\u00e9es pour avoir soi-disant perturb\u00e9 le sommeil du personnel m\u00e9dical au milieu de la nuit.<\/p>\n","protected":false},"excerpt":{"rendered":"<p>Conditions horribles des femmes manifestantes dans la prison de Qarchak Les conditions de vie des manifestantes dans la prison de Qarchak sont catastrophiques. Une femme lib\u00e9r\u00e9e r\u00e9cemment de la prison de Qarchak a fait \u00e9tat des conditions catastrophiques des manifestantes dans cette prison. Elle a d\u00e9clar\u00e9 que certaines femmes arr\u00eat\u00e9es pendant le soul\u00e8vement avaient \u00e9t\u00e9 [&hellip;]<\/p>\n","protected":false},"author":4,"featured_media":17107,"comment_status":"closed","ping_status":"closed","sticky":false,"template":"","format":"standard","meta":{"jnews-multi-image_gallery":[],"jnews_single_post":{"subtitle":"","format":"standard","video":"","gallery":"","source_name":"","source_url":"","via_name":"","via_url":"","override_template":"0","override":[{"template":"7","single_blog_custom":"","parallax":"1","fullscreen":"1","layout":"right-sidebar","sidebar":"default-sidebar","second_sidebar":"default-sidebar","sticky_sidebar":"1","share_position":"floatbottom","share_float_style":"share-normal","show_share_counter":"1","show_view_counter":"1","show_featured":"1","show_post_meta":"1","show_post_author":"0","show_post_author_image":"1","show_post_date":"1","post_date_format":"default","post_date_format_custom":"Y\/m\/d","show_post_category":"1","show_post_reading_time":"0","post_reading_time_wpm":"300","show_zoom_button":"0","zoom_button_out_step":"2","zoom_button_in_step":"3","show_post_tag":"1","show_prev_next_post":"0","show_popup_post":"1","number_popup_post":"1","show_author_box":"0","show_post_related":"1","show_inline_post_related":"0"}],"override_image_size":"0","image_override":[{"single_post_thumbnail_size":"crop-500","single_post_gallery_size":"crop-500"}],"trending_post":"0","trending_post_position":"meta","trending_post_label":"Trending","sponsored_post":"0","sponsored_post_label":"Sponsored by","sponsored_post_name":"","sponsored_post_url":"","sponsored_post_logo_enable":"0","sponsored_post_logo":"","sponsored_post_desc":"","disable_ad":"0"},"jnews_primary_category":{"id":"","hide":""},"jnews_social_meta":{"fb_title":"","fb_description":"","fb_image":"","twitter_title":"","twitter_description":"","twitter_image":""},"jnews_override_counter":{"override_view_counter":"0","view_counter_number":"0","override_share_counter":"0","share_counter_number":"0","override_like_counter":"0","like_counter_number":"0","override_dislike_counter":"0","dislike_counter_number":"0"},"footnotes":""},"categories":[3],"tags":[370,376],"class_list":["post-17106","post","type-post","status-publish","format-standard","has-post-thumbnail","hentry","category-infos-des-femmes","tag-prisonnieres","tag-violence-contre-les-femmes"],"_links":{"self":[{"href":"https:\/\/wncri.org\/fr\/wp-json\/wp\/v2\/posts\/17106","targetHints":{"allow":["GET"]}}],"collection":[{"href":"https:\/\/wncri.org\/fr\/wp-json\/wp\/v2\/posts"}],"about":[{"href":"https:\/\/wncri.org\/fr\/wp-json\/wp\/v2\/types\/post"}],"author":[{"embeddable":true,"href":"https:\/\/wncri.org\/fr\/wp-json\/wp\/v2\/users\/4"}],"replies":[{"embeddable":true,"href":"https:\/\/wncri.org\/fr\/wp-json\/wp\/v2\/comments?post=17106"}],"version-history":[{"count":1,"href":"https:\/\/wncri.org\/fr\/wp-json\/wp\/v2\/posts\/17106\/revisions"}],"predecessor-version":[{"id":17108,"href":"https:\/\/wncri.org\/fr\/wp-json\/wp\/v2\/posts\/17106\/revisions\/17108"}],"wp:featuredmedia":[{"embeddable":true,"href":"https:\/\/wncri.org\/fr\/wp-json\/wp\/v2\/media\/17107"}],"wp:attachment":[{"href":"https:\/\/wncri.org\/fr\/wp-json\/wp\/v2\/media?parent=17106"}],"wp:term":[{"taxonomy":"category","embeddable":true,"href":"https:\/\/wncri.org\/fr\/wp-json\/wp\/v2\/categories?post=17106"},{"taxonomy":"post_tag","embeddable":true,"href":"https:\/\/wncri.org\/fr\/wp-json\/wp\/v2\/tags?post=17106"}],"curies":[{"name":"wp","href":"https:\/\/api.w.org\/{rel}","templated":true}]}}