{"id":17073,"date":"2022-11-29T14:33:22","date_gmt":"2022-11-29T13:33:22","guid":{"rendered":"https:\/\/wncri.org\/fr\/?p=17073"},"modified":"2022-11-30T14:52:49","modified_gmt":"2022-11-30T13:52:49","slug":"davantage-de-femmes","status":"publish","type":"post","link":"https:\/\/wncri.org\/fr\/2022\/11\/29\/davantage-de-femmes\/","title":{"rendered":"Au 75e jour du soul\u00e8vement iranien, davantage de femmes sont tu\u00e9es et tortur\u00e9es par le r\u00e9gime cl\u00e9rical"},"content":{"rendered":"\n<p>Au 75e jour du soul\u00e8vement iranien, davantage de femmes sont tu\u00e9es et tortur\u00e9es par le r\u00e9gime cl\u00e9rical<\/p>\n\n\n\n<p>Au 75e jour du soul\u00e8vement iranien, davantage de femmes ont \u00e9t\u00e9 tu\u00e9es et tortur\u00e9es par le r\u00e9gime cl\u00e9rical.<\/p>\n\n\n\n<p>Au 75e jour du soul\u00e8vement iranien, le 29 novembre 2022, les familles des manifestants d\u00e9tenus ont continu\u00e9 \u00e0 se <a href=\"https:\/\/twitter.com\/Mojahedineng\/status\/1597584915859574786\" target=\"_blank\" rel=\"noreferrer noopener\">rassembler devant la prison d&#8217;Evine,<\/a> s&#8217;informant sur leurs proches et demandant leur lib\u00e9ration.<\/p>\n\n\n\n<p>Les infirmi\u00e8res de <a href=\"https:\/\/twitter.com\/Mojahedineng\/status\/1597584915859574786\" target=\"_blank\" rel=\"noreferrer noopener\">l&#8217;h\u00f4pital Khomeini de Karaj<\/a> et de <a href=\"https:\/\/twitter.com\/Mojahedineng\/status\/1597623922861621249\" target=\"_blank\" rel=\"noreferrer noopener\">l&#8217;h\u00f4pital universitaire Al-Zahra<\/a> \u00e0 Ispahan ont protest\u00e9 contre le refus des autorit\u00e9s de tenir leurs promesses.<\/p>\n\n\n\n<p>Alors que les chauffeurs routiers et les ouvriers poursuivaient leurs gr\u00e8ves le mardi 29 novembre, les manifestations ont tenu des rassemblements nocturnes contre le r\u00e9gime dans <a href=\"https:\/\/twitter.com\/Mojahedineng\/status\/1597705726578741249\" target=\"_blank\" rel=\"noreferrer noopener\">diff\u00e9rents quartiers de T\u00e9h\u00e9ran<\/a>, notamment \u00e0 la station de <a href=\"https:\/\/twitter.com\/Mojahedineng\/status\/1597672996038217728\" target=\"_blank\" rel=\"noreferrer noopener\">m\u00e9tro Valiasr<\/a> dans le centre-ville, dans le <a href=\"https:\/\/twitter.com\/Mojahedineng\/status\/1597690612312027136\" target=\"_blank\" rel=\"noreferrer noopener\">quartier de Chitgar<\/a>, \u00e0 T\u00e9h\u00e9ranpars, Naziabad, Abdolabad, Yousefabad, le district de <a href=\"https:\/\/twitter.com\/Mojahedineng\/status\/1597706969929785344\" target=\"_blank\" rel=\"noreferrer noopener\">Pounak<\/a>, Sattarkhan, Ekbatan, et Achrafi Esfahani, ainsi que dans d&#8217;autres villes, notamment <a href=\"https:\/\/twitter.com\/Mojahedineng\/status\/1597655380083064840\" target=\"_blank\" rel=\"noreferrer noopener\">Kermanchah<\/a>, Ardabil, Sanandaj, Arak, Saqqez, Marivan, Qazvin, Sarpole Zahab, Zanjan, Mahabad, Javanroud, Gohardacht, Divandarreh, Paveh, Dezfoul, etc.<\/p>\n\n\n\n<h3 class=\"wp-block-heading\"><strong>Davantage de femmes tu\u00e9es, tortur\u00e9es et emprisonn\u00e9es<\/strong><\/h3>\n\n\n\n<p>Alors que les manifestations se poursuivent, de plus en plus de femmes sont victimes de la sauvagerie du r\u00e9gime \u00e0 l&#8217;\u00e9gard des dissidents, des d\u00e9fenseurs des droits et des manifestants.<\/p>\n\n\n\n<p>Atefeh Naami, une militante des droits civils d&#8217;Ahvazi, a \u00e9t\u00e9 enlev\u00e9e et tu\u00e9e par les forces de s\u00e9curit\u00e9. Le corps meurtri et tortur\u00e9 d&#8217;Atefeh Naami, 37 ans, a \u00e9t\u00e9 retrouv\u00e9 aux premi\u00e8res heures du 26 novembre, d\u00e9pos\u00e9 dans l&#8217;entr\u00e9e de son domicile \u00e0 Karaj.<\/p>\n\n\n\n<p>Atefeh Naami avait \u00e9t\u00e9 arr\u00eat\u00e9e huit jours auparavant pour sa participation \u00e0 des manifestations pacifiques contre le r\u00e9gime. Elle s&#8217;\u00e9tait install\u00e9e \u00e0 Karaj pour poursuivre sa carri\u00e8re professionnelle et ses \u00e9tudes.<\/p>\n\n\n\n<p>Les forces de s\u00e9curit\u00e9 ont rapidement ramen\u00e9 son corps \u00e0 Ahvaz, mais n&#8217;ont pas autoris\u00e9 sa famille \u00e0 organiser des fun\u00e9railles. Elle a \u00e9t\u00e9 enterr\u00e9e le 28 novembre au cimeti\u00e8re de Behechtabad en pr\u00e9sence de sa famille proche.<\/p>\n\n\n\n<p>Negin Radfar, 22 ans, a \u00e9t\u00e9 tu\u00e9e lors des manifestations \u00e0 Sanandaj le 19 novembre, apr\u00e8s avoir re\u00e7u deux balles dans la poitrine.<\/p>\n\n\n<div class=\"wp-block-image\">\n<figure class=\"aligncenter size-full\"><img decoding=\"async\" src=\"data:image\/gif;base64,R0lGODlhAQABAIAAAAAAAP\/\/\/yH5BAEAAAAALAAAAAABAAEAAAIBRAA7\" data-src=\"https:\/\/wncri.org\/fr\/wp-content\/uploads\/2022\/11\/Mahak-Hashemi-and-Aram-Majd-min.jpg\" alt=\"Mahak Hashemi, \u00e0 gauche, et Aram Majd, deux jeunes femmes, tu\u00e9es par les forces de s\u00e9curit\u00e9 lors des manifestations en Iran.\" class=\"wp-image-17076 lazyload\"\/><noscript><img decoding=\"async\" width=\"750\" height=\"375\" src=\"https:\/\/wncri.org\/fr\/wp-content\/uploads\/2022\/11\/Mahak-Hashemi-and-Aram-Majd-min.jpg\" alt=\"Mahak Hashemi, \u00e0 gauche, et Aram Majd, deux jeunes femmes, tu\u00e9es par les forces de s\u00e9curit\u00e9 lors des manifestations en Iran.\" class=\"wp-image-17076 lazyload\" srcset=\"https:\/\/wncri.org\/fr\/wp-content\/uploads\/2022\/11\/Mahak-Hashemi-and-Aram-Majd-min.jpg 750w, https:\/\/wncri.org\/fr\/wp-content\/uploads\/2022\/11\/Mahak-Hashemi-and-Aram-Majd-min-300x150.jpg 300w, https:\/\/wncri.org\/fr\/wp-content\/uploads\/2022\/11\/Mahak-Hashemi-and-Aram-Majd-min-360x180.jpg 360w\" sizes=\"(max-width: 750px) 100vw, 750px\" \/><\/noscript><figcaption class=\"wp-element-caption\">Mahak Hashemi, \u00e0 gauche, et Aram Majd, deux jeunes femmes, tu\u00e9es par les forces de s\u00e9curit\u00e9 lors des manifestations en Iran.<\/figcaption><\/figure>\n<\/div>\n\n\n<p>Aram Majd, 17 ans, a \u00e9t\u00e9 tu\u00e9e lors de manifestations \u00e0 Qaemchahr, dans le nord de l&#8217;Iran, le 21 novembre.<\/p>\n\n\n\n<p><a href=\"https:\/\/wncri.org\/fr\/2022\/11\/25\/femmes-et-jeunes-filles-tuees\/\" target=\"_blank\" rel=\"noreferrer noopener\">Mahak Hachemi,<\/a> 16 ans, a \u00e9t\u00e9 tu\u00e9e \u00e0 Chiraz par des coups de matraque \u00e0 la t\u00eate, le 24 novembre.<\/p>\n\n\n<div class=\"wp-block-image\">\n<figure class=\"aligncenter size-large\"><img decoding=\"async\" src=\"data:image\/gif;base64,R0lGODlhAQABAIAAAAAAAP\/\/\/yH5BAEAAAAALAAAAAABAAEAAAIBRAA7\" data-src=\"https:\/\/wncri.org\/fr\/wp-content\/uploads\/2022\/11\/Neda-Bayat-min-831x1024.jpg\" alt=\"Neda Bayat sur le toit d'une voiture de police pendant les premiers jours de la manifestation.\" class=\"wp-image-17077 lazyload\"\/><noscript><img decoding=\"async\" width=\"831\" height=\"1024\" src=\"https:\/\/wncri.org\/fr\/wp-content\/uploads\/2022\/11\/Neda-Bayat-min-831x1024.jpg\" alt=\"Neda Bayat sur le toit d'une voiture de police pendant les premiers jours de la manifestation.\" class=\"wp-image-17077 lazyload\" srcset=\"https:\/\/wncri.org\/fr\/wp-content\/uploads\/2022\/11\/Neda-Bayat-min-831x1024.jpg 831w, https:\/\/wncri.org\/fr\/wp-content\/uploads\/2022\/11\/Neda-Bayat-min-243x300.jpg 243w, https:\/\/wncri.org\/fr\/wp-content\/uploads\/2022\/11\/Neda-Bayat-min-768x947.jpg 768w, https:\/\/wncri.org\/fr\/wp-content\/uploads\/2022\/11\/Neda-Bayat-min-750x925.jpg 750w, https:\/\/wncri.org\/fr\/wp-content\/uploads\/2022\/11\/Neda-Bayat-min.jpg 1074w\" sizes=\"(max-width: 831px) 100vw, 831px\" \/><\/noscript><figcaption class=\"wp-element-caption\">Neda Bayat sur le toit d&#8217;une voiture de police pendant les premiers jours de la manifestation.<\/figcaption><\/figure>\n<\/div>\n\n\n<p>Neda Bayat aurait \u00e9galement \u00e9t\u00e9 tu\u00e9e le 26 novembre apr\u00e8s avoir \u00e9t\u00e9 arr\u00eat\u00e9e lors de manifestations \u00e0 Zanjan dans les premiers jours du soul\u00e8vement.<\/p>\n\n\n\n<p>Cette information a \u00e9t\u00e9 rendue publique r\u00e9cemment.<\/p>\n\n\n<div class=\"wp-block-image\">\n<figure class=\"aligncenter size-full\"><img decoding=\"async\" src=\"data:image\/gif;base64,R0lGODlhAQABAIAAAAAAAP\/\/\/yH5BAEAAAAALAAAAAABAAEAAAIBRAA7\" data-src=\"https:\/\/wncri.org\/fr\/wp-content\/uploads\/2022\/11\/Dr.-Zahra-Lori-min.jpg\" alt=\"Le Dr. Zahra Lori a refus\u00e9 de remettre ses \u00e9tudiants protestataires.\" class=\"wp-image-17075 lazyload\"\/><noscript><img decoding=\"async\" width=\"750\" height=\"375\" src=\"https:\/\/wncri.org\/fr\/wp-content\/uploads\/2022\/11\/Dr.-Zahra-Lori-min.jpg\" alt=\"Le Dr. Zahra Lori a refus\u00e9 de remettre ses \u00e9tudiants protestataires.\" class=\"wp-image-17075 lazyload\" srcset=\"https:\/\/wncri.org\/fr\/wp-content\/uploads\/2022\/11\/Dr.-Zahra-Lori-min.jpg 750w, https:\/\/wncri.org\/fr\/wp-content\/uploads\/2022\/11\/Dr.-Zahra-Lori-min-300x150.jpg 300w, https:\/\/wncri.org\/fr\/wp-content\/uploads\/2022\/11\/Dr.-Zahra-Lori-min-360x180.jpg 360w\" sizes=\"(max-width: 750px) 100vw, 750px\" \/><\/noscript><figcaption class=\"wp-element-caption\">Le Dr. Zahra Lori a refus\u00e9 de remettre ses \u00e9tudiants protestataires.<\/figcaption><\/figure>\n<\/div>\n\n\n<p>La mort d&#8217;une directrice d&#8217;\u00e9cole, le Dr Zahra Lori, a \u00e9t\u00e9 signal\u00e9e \u00e0 Kerman, dans le sud de l&#8217;Iran. Les \u00e9l\u00e8ves du lyc\u00e9e Rezvani Nejad de Mme Lori ont organis\u00e9 un rassemblement \u00e0 l&#8217;\u00e9cole le mois dernier. Cependant, le Dr Lori a effac\u00e9 les enregistrements des cam\u00e9ras de surveillance et a refus\u00e9 de donner les noms des \u00e9l\u00e8ves aux agents du d\u00e9partement des renseignements. Ces derniers l&#8217;ont convoqu\u00e9e et licenci\u00e9e de son poste. Elle est morte peu de temps apr\u00e8s.<\/p>\n\n\n<div class=\"wp-block-image\">\n<figure class=\"aligncenter size-full\"><img decoding=\"async\" src=\"data:image\/gif;base64,R0lGODlhAQABAIAAAAAAAP\/\/\/yH5BAEAAAAALAAAAAABAAEAAAIBRAA7\" data-src=\"https:\/\/wncri.org\/fr\/wp-content\/uploads\/2022\/11\/Rojin-Yusefzadeh-and-Golrokh-EBrahimi-Iraee-min.jpg\" alt=\"From left, Rojin Yusefzadeh, political prisoners Golrokh Ebrahimi Iraee, and Maryam Derisi\n\" class=\"wp-image-17078 lazyload\"\/><figcaption class=\"wp-element-caption\">From left, Rojin Yusefzadeh, political prisoners Golrokh Ebrahimi Iraee, and Maryam Derisi\n<\/figcaption><\/figure>\n<\/div>\n\n\n<h3 class=\"wp-block-heading\"><strong>Prisonni\u00e8res politiques<\/strong><\/h3>\n\n\n\n<p>Trois mois apr\u00e8s son arrestation, Rodjin (Marzieh) Yousefzadeh a \u00e9t\u00e9 condamn\u00e9e \u00e0 15 ans de prison. Cette jeune femme de 26 ans, originaire de Mahabad, avait \u00e9t\u00e9 arr\u00eat\u00e9e le 17 septembre pour avoir tenu une pancarte portant le nom de Mahsa Amini.<\/p>\n\n\n\n<p>Rodjin Yousefzadeh a \u00e9t\u00e9 transf\u00e9r\u00e9e dans la sinistre c\u00e9l\u00e8bre <a href=\"https:\/\/wncri.org\/fr\/2021\/12\/10\/les-conditions-des-femmes-prisons\/\" target=\"_blank\" rel=\"noreferrer noopener\">prison de Qarchak<\/a> pour y purger sa peine.<\/p>\n\n\n\n<p>Maryam Derisi, \u00e9tudiante en ma\u00eetrise de litt\u00e9rature anglaise \u00e0 l&#8217;universit\u00e9 de Saveh, a \u00e9t\u00e9 condamn\u00e9e \u00e0 trois ans de prison par le tribunal r\u00e9volutionnaire de Kazerun, section 102.<\/p>\n\n\n\n<p>Il a \u00e9galement \u00e9t\u00e9 signal\u00e9 aujourd&#8217;hui que le mardi 29 Novembre la prisonni\u00e8re politique <a href=\"https:\/\/wncri.org\/fr\/2022\/09\/27\/militants-des-droits-de-lhomme\/\" target=\"_blank\" rel=\"noreferrer noopener\">Golrokh Ebrahimi Iraee<\/a> n&#8217;est pas retourn\u00e9e dans sa cellule apr\u00e8s avoir \u00e9t\u00e9 appel\u00e9e ce matin. Elle a \u00e9t\u00e9 transf\u00e9r\u00e9e de la prison de Qarchak vers un lieu inconnu.<\/p>\n","protected":false},"excerpt":{"rendered":"<p>Au 75e jour du soul\u00e8vement iranien, davantage de femmes sont tu\u00e9es et tortur\u00e9es par le r\u00e9gime cl\u00e9rical Au 75e jour du soul\u00e8vement iranien, davantage de femmes ont \u00e9t\u00e9 tu\u00e9es et tortur\u00e9es par le r\u00e9gime cl\u00e9rical. Au 75e jour du soul\u00e8vement iranien, le 29 novembre 2022, les familles des manifestants d\u00e9tenus ont continu\u00e9 \u00e0 se rassembler [&hellip;]<\/p>\n","protected":false},"author":4,"featured_media":17074,"comment_status":"closed","ping_status":"closed","sticky":false,"template":"","format":"standard","meta":{"jnews-multi-image_gallery":[],"jnews_single_post":{"subtitle":"","format":"standard","video":"","gallery":"","source_name":"","source_url":"","via_name":"","via_url":"","override_template":"0","override":[{"template":"7","single_blog_custom":"","parallax":"1","fullscreen":"1","layout":"right-sidebar","sidebar":"default-sidebar","second_sidebar":"default-sidebar","sticky_sidebar":"1","share_position":"floatbottom","share_float_style":"share-normal","show_share_counter":"1","show_view_counter":"1","show_featured":"1","show_post_meta":"1","show_post_author":"0","show_post_author_image":"1","show_post_date":"1","post_date_format":"default","post_date_format_custom":"Y\/m\/d","show_post_category":"1","show_post_reading_time":"0","post_reading_time_wpm":"300","show_zoom_button":"0","zoom_button_out_step":"2","zoom_button_in_step":"3","show_post_tag":"1","show_prev_next_post":"0","show_popup_post":"1","number_popup_post":"1","show_author_box":"0","show_post_related":"1","show_inline_post_related":"0"}],"override_image_size":"0","image_override":[{"single_post_thumbnail_size":"crop-500","single_post_gallery_size":"crop-500"}],"trending_post":"0","trending_post_position":"meta","trending_post_label":"Trending","sponsored_post":"0","sponsored_post_label":"Sponsored by","sponsored_post_name":"","sponsored_post_url":"","sponsored_post_logo_enable":"0","sponsored_post_logo":"","sponsored_post_desc":"","disable_ad":"0"},"jnews_primary_category":{"id":"","hide":""},"jnews_social_meta":{"fb_title":"","fb_description":"","fb_image":"","twitter_title":"","twitter_description":"","twitter_image":""},"jnews_override_counter":{"override_view_counter":"0","view_counter_number":"0","override_share_counter":"0","share_counter_number":"0","override_like_counter":"0","like_counter_number":"0","override_dislike_counter":"0","dislike_counter_number":"0"},"footnotes":""},"categories":[3],"tags":[369,370],"class_list":["post-17073","post","type-post","status-publish","format-standard","has-post-thumbnail","hentry","category-infos-des-femmes","tag-manifestations","tag-prisonnieres"],"_links":{"self":[{"href":"https:\/\/wncri.org\/fr\/wp-json\/wp\/v2\/posts\/17073","targetHints":{"allow":["GET"]}}],"collection":[{"href":"https:\/\/wncri.org\/fr\/wp-json\/wp\/v2\/posts"}],"about":[{"href":"https:\/\/wncri.org\/fr\/wp-json\/wp\/v2\/types\/post"}],"author":[{"embeddable":true,"href":"https:\/\/wncri.org\/fr\/wp-json\/wp\/v2\/users\/4"}],"replies":[{"embeddable":true,"href":"https:\/\/wncri.org\/fr\/wp-json\/wp\/v2\/comments?post=17073"}],"version-history":[{"count":1,"href":"https:\/\/wncri.org\/fr\/wp-json\/wp\/v2\/posts\/17073\/revisions"}],"predecessor-version":[{"id":17079,"href":"https:\/\/wncri.org\/fr\/wp-json\/wp\/v2\/posts\/17073\/revisions\/17079"}],"wp:featuredmedia":[{"embeddable":true,"href":"https:\/\/wncri.org\/fr\/wp-json\/wp\/v2\/media\/17074"}],"wp:attachment":[{"href":"https:\/\/wncri.org\/fr\/wp-json\/wp\/v2\/media?parent=17073"}],"wp:term":[{"taxonomy":"category","embeddable":true,"href":"https:\/\/wncri.org\/fr\/wp-json\/wp\/v2\/categories?post=17073"},{"taxonomy":"post_tag","embeddable":true,"href":"https:\/\/wncri.org\/fr\/wp-json\/wp\/v2\/tags?post=17073"}],"curies":[{"name":"wp","href":"https:\/\/api.w.org\/{rel}","templated":true}]}}