{"id":17047,"date":"2022-11-27T16:36:48","date_gmt":"2022-11-27T15:36:48","guid":{"rendered":"https:\/\/wncri.org\/fr\/?p=17047"},"modified":"2022-11-28T16:49:46","modified_gmt":"2022-11-28T15:49:46","slug":"solidarite-avec-le-kurdistan","status":"publish","type":"post","link":"https:\/\/wncri.org\/fr\/2022\/11\/27\/solidarite-avec-le-kurdistan\/","title":{"rendered":"Au 73e jour du soul\u00e8vement iranien, des t\u00e9moignages de solidarit\u00e9 avec le Kurdistan et Zahedan"},"content":{"rendered":"\n<h3 class=\"wp-block-heading\">Au 73e jour du soul\u00e8vement iranien, des t\u00e9moignages de solidarit\u00e9 avec le Kurdistan et Zahedan<\/h3>\n\n\n\n<p><em>21 ans pour 5 manifestants, un avocat et un \u00e9tudiant activiste arr\u00eat\u00e9s<\/em><\/p>\n\n\n\n<p>Le soul\u00e8vement du peuple iranien s&#8217;est poursuivi dimanche 27 novembre 2022, pour le 73e jour, avec des t\u00e9moignages de solidarit\u00e9 avec le Kurdistan et Zahedan. Les jeunes femmes et les filles \u00e9taient \u00e0 l&#8217;avant-garde de toutes les manifestations universitaires, des protestations nocturnes dans les rues et partout.<\/p>\n\n\n\n<p>Les \u00e9tudiants ont organis\u00e9 des manifestations dans les universit\u00e9s Amir Kabir, Charif, Khajeh Nasir, <a href=\"https:\/\/twitter.com\/Mojahedineng\/status\/1596527951335591939\" target=\"_blank\" rel=\"noreferrer noopener\">Allameh<\/a>, Melli et Al-Zahra de T\u00e9h\u00e9ran. Ils ont <a href=\"https:\/\/twitter.com\/Mojahedineng\/status\/1596476361048104961\" target=\"_blank\" rel=\"noreferrer noopener\">appel\u00e9 \u00e0 la lib\u00e9ration des \u00e9tudiants<\/a> emprisonn\u00e9s.<\/p>\n\n\n\n<p>Les \u00e9tudiants ont \u00e9galement organis\u00e9 des manifestations dans les universit\u00e9s de Sanandaj et d&#8217;Isfahan.<\/p>\n\n\n\n<p>Des lyc\u00e9ennes de <a href=\"https:\/\/twitter.com\/Mojahedineng\/status\/1596798531033247744\" target=\"_blank\" rel=\"noreferrer noopener\">Sanandaj<\/a> ont \u00e9galement organis\u00e9 une c\u00e9r\u00e9monie \u00e0 la m\u00e9moire des personnes tu\u00e9es par les forces de s\u00e9curit\u00e9 pendant le soul\u00e8vement.<\/p>\n\n\n\n<p>Des jeunes Iraniens ont \u00e9galement organis\u00e9 des manifestations dans <a href=\"https:\/\/twitter.com\/Mojahedineng\/status\/1596166821656363008\" target=\"_blank\" rel=\"noreferrer noopener\">divers quartiers de T\u00e9h\u00e9ran.<\/a><\/p>\n\n\n\n<h3 class=\"wp-block-heading\"><strong>T\u00e9moignages de solidarit\u00e9 avec le Kurdistan et Zahedan<\/strong><\/h3>\n\n\n\n<p>Le 26 novembre, les manifestations ont \u00e9t\u00e9 charg\u00e9es de manifestations de solidarit\u00e9.<\/p>\n\n\n\n<p>Le r\u00e9gime cl\u00e9rical a lanc\u00e9 une attaque contre les villes kurdes le 21 novembre et les jours suivants. Les habitants de ces villes ont oppos\u00e9 une r\u00e9sistance courageuse, mais beaucoup ont \u00e9t\u00e9 tu\u00e9s et bless\u00e9s, et d&#8217;autres arr\u00eat\u00e9s.<\/p>\n\n\n\n<p>\u00c0 Golchahr, Karaj, les manifestants, dont de nombreuses femmes, scandaient : &#8220;Du Kurdistan \u00e0 T\u00e9h\u00e9ran, ma vie pour l&#8217;Iran !&#8221;. &#8220;Zahedan, Kurdistan, la fiert\u00e9 de l&#8217;Iran !&#8221;<\/p>\n\n\n\n<p>Dans le quartier de Fardis \u00e0 Karaj, les manifestants scandaient : &#8220;<a href=\"https:\/\/wncri.org\/2022\/11\/21\/courageous-resistance-kurds\/\" target=\"_blank\" rel=\"noreferrer noopener\">Mahabad, Kurdistan<\/a> ! Ma vie pour l&#8217;Iran !&#8221;<\/p>\n\n\n\n<p>Les \u00e9tudiants de diverses universit\u00e9s ont boycott\u00e9 leurs cours le 72e jour du soul\u00e8vement, notamment dans les universit\u00e9s Amir Kabir, Charif et Melli. Les \u00e9tudiants de l&#8217;universit\u00e9 de T\u00e9h\u00e9ran ont scand\u00e9 : &#8220;<a href=\"https:\/\/twitter.com\/Mojahedineng\/status\/1596529209463169025\" target=\"_blank\" rel=\"noreferrer noopener\">Nous sommes les \u00e9tudiants de T\u00e9h\u00e9ran et la voix du Kurdistan<\/a>.&#8221;<\/p>\n\n\n\n<p><a href=\"https:\/\/twitter.com\/Mojahedineng\/status\/1596456228330299392\" target=\"_blank\" rel=\"noreferrer noopener\">Les \u00e9tudiants de l&#8217;universit\u00e9 de technologie d&#8217;Ispahan<\/a> ont \u00e9galement boycott\u00e9 leurs cours et organis\u00e9 une grande marche sur le campus.<\/p>\n\n\n<div class=\"wp-block-image\">\n<figure class=\"aligncenter size-full\"><img decoding=\"async\" src=\"data:image\/gif;base64,R0lGODlhAQABAIAAAAAAAP\/\/\/yH5BAEAAAAALAAAAAABAAEAAAIBRAA7\" data-src=\"https:\/\/wncri.org\/fr\/wp-content\/uploads\/2022\/11\/Students-march-in-Isfahan-min-rotated.jpg\" alt=\"Les \u00e9tudiants ont organis\u00e9 une grande marche et un rassemblement \u00e0 l'Universit\u00e9 de technologie d'Isfahan.\" class=\"wp-image-17052 lazyload\"\/><noscript><img decoding=\"async\" width=\"375\" height=\"750\" src=\"https:\/\/wncri.org\/fr\/wp-content\/uploads\/2022\/11\/Students-march-in-Isfahan-min-rotated.jpg\" alt=\"Les \u00e9tudiants ont organis\u00e9 une grande marche et un rassemblement \u00e0 l'Universit\u00e9 de technologie d'Isfahan.\" class=\"wp-image-17052 lazyload\" srcset=\"https:\/\/wncri.org\/fr\/wp-content\/uploads\/2022\/11\/Students-march-in-Isfahan-min-rotated.jpg 375w, https:\/\/wncri.org\/fr\/wp-content\/uploads\/2022\/11\/Students-march-in-Isfahan-min-150x300.jpg 150w\" sizes=\"(max-width: 375px) 100vw, 375px\" \/><\/noscript><figcaption class=\"wp-element-caption\">Les \u00e9tudiants ont organis\u00e9 une grande marche et un rassemblement \u00e0 l&#8217;Universit\u00e9 de technologie d&#8217;Isfahan.<\/figcaption><\/figure>\n<\/div>\n\n\n<p><a href=\"https:\/\/twitter.com\/Mojahedineng\/status\/1596584574124888064\" target=\"_blank\" rel=\"noreferrer noopener\">Des femmes iraniennes ont bloqu\u00e9<\/a> une route \u00e0 Ispahan et ont scand\u00e9 : &#8220;<a href=\"https:\/\/twitter.com\/Mojahedineng\/status\/1596578282660454400\" target=\"_blank\" rel=\"noreferrer noopener\">Libert\u00e9, libert\u00e9, libert\u00e9 !&#8221;.<\/a><\/p>\n\n\n\n<p>Le vendredi 25 novembre 2022, <a href=\"https:\/\/twitter.com\/Mojahedineng\/status\/1596158013819310080\" target=\"_blank\" rel=\"noreferrer noopener\">des femmes ont \u00e9galement d\u00e9fil\u00e9<\/a> dans les rues de Zahedan, en scandant &#8220;Mort au dictateur&#8221;, &#8220;Khamenei, honte \u00e0 toi, l\u00e2che le pays !&#8221;.<\/p>\n\n\n<div class=\"wp-block-image\">\n<figure class=\"aligncenter size-full\"><img decoding=\"async\" src=\"data:image\/gif;base64,R0lGODlhAQABAIAAAAAAAP\/\/\/yH5BAEAAAAALAAAAAABAAEAAAIBRAA7\" data-src=\"https:\/\/wncri.org\/fr\/wp-content\/uploads\/2022\/11\/Women-held-a-nightly-protest-in-Isfahan-and-blocked-the-road-min.jpg\" alt=\"Des femmes ont organis\u00e9 une manifestation nocturne \u00e0 Isfahan et ont bloqu\u00e9 la route.\" class=\"wp-image-17053 lazyload\"\/><noscript><img decoding=\"async\" width=\"750\" height=\"375\" src=\"https:\/\/wncri.org\/fr\/wp-content\/uploads\/2022\/11\/Women-held-a-nightly-protest-in-Isfahan-and-blocked-the-road-min.jpg\" alt=\"Des femmes ont organis\u00e9 une manifestation nocturne \u00e0 Isfahan et ont bloqu\u00e9 la route.\" class=\"wp-image-17053 lazyload\" srcset=\"https:\/\/wncri.org\/fr\/wp-content\/uploads\/2022\/11\/Women-held-a-nightly-protest-in-Isfahan-and-blocked-the-road-min.jpg 750w, https:\/\/wncri.org\/fr\/wp-content\/uploads\/2022\/11\/Women-held-a-nightly-protest-in-Isfahan-and-blocked-the-road-min-300x150.jpg 300w, https:\/\/wncri.org\/fr\/wp-content\/uploads\/2022\/11\/Women-held-a-nightly-protest-in-Isfahan-and-blocked-the-road-min-360x180.jpg 360w\" sizes=\"(max-width: 750px) 100vw, 750px\" \/><\/noscript><figcaption class=\"wp-element-caption\">Des femmes ont organis\u00e9 une manifestation nocturne \u00e0 Isfahan et ont bloqu\u00e9 la route.<\/figcaption><\/figure>\n<\/div>\n\n\n<p>Les forces de s\u00e9curit\u00e9, dont beaucoup \u00e9taient v\u00eatues de tenues locales baloutches, ont ouvert le feu sur <a href=\"https:\/\/twitter.com\/Mojahedineng\/status\/1596251552578437120\" target=\"_blank\" rel=\"noreferrer noopener\">les manifestants \u00e0 Zahedan<\/a> et \u00e0 Khach. Elles ont arr\u00eat\u00e9 de nombreux jeunes. Elles ont m\u00eame arr\u00eat\u00e9 les ambulances et emmen\u00e9 les manifestants bless\u00e9s.<\/p>\n\n\n\n<p>Ils ont \u00e9galement arr\u00eat\u00e9 de nombreux manifestants \u00e0 Khach. Ils ont attaqu\u00e9 et encercl\u00e9 la mosqu\u00e9e Al-Khalil, arr\u00eatant tous ceux qui en sortaient.<\/p>\n\n\n<div class=\"wp-block-image\">\n<figure class=\"aligncenter size-full\"><img decoding=\"async\" src=\"data:image\/gif;base64,R0lGODlhAQABAIAAAAAAAP\/\/\/yH5BAEAAAAALAAAAAABAAEAAAIBRAA7\" data-src=\"https:\/\/wncri.org\/fr\/wp-content\/uploads\/2022\/11\/Women-march-in-Zahedan-min.jpg\" alt=\"Les femmes ont d\u00e9fil\u00e9 \u00e0 Zahedan le vendredi 25 novembre.\" class=\"wp-image-17055 lazyload\"\/><noscript><img decoding=\"async\" width=\"750\" height=\"375\" src=\"https:\/\/wncri.org\/fr\/wp-content\/uploads\/2022\/11\/Women-march-in-Zahedan-min.jpg\" alt=\"Les femmes ont d\u00e9fil\u00e9 \u00e0 Zahedan le vendredi 25 novembre.\" class=\"wp-image-17055 lazyload\" srcset=\"https:\/\/wncri.org\/fr\/wp-content\/uploads\/2022\/11\/Women-march-in-Zahedan-min.jpg 750w, https:\/\/wncri.org\/fr\/wp-content\/uploads\/2022\/11\/Women-march-in-Zahedan-min-300x150.jpg 300w, https:\/\/wncri.org\/fr\/wp-content\/uploads\/2022\/11\/Women-march-in-Zahedan-min-360x180.jpg 360w\" sizes=\"(max-width: 750px) 100vw, 750px\" \/><\/noscript><figcaption class=\"wp-element-caption\">Les femmes ont d\u00e9fil\u00e9 \u00e0 Zahedan le vendredi 25 novembre.<\/figcaption><\/figure>\n<\/div>\n\n\n<p>Le 27 novembre, des familles de manifestants d\u00e9tenus se sont rassembl\u00e9es devant la sinistre prison d&#8217;Evine pour demander des explications sur les conditions de d\u00e9tention de leurs proches et sur l&#8217;endroit o\u00f9 ils se trouvent.<\/p>\n\n\n\n<p>Des familles de manifestants r\u00e9cemment arr\u00eat\u00e9s se sont rassembl\u00e9es devant le palais de justice d&#8217;Abdanan, le 26 novembre, pour demander la lib\u00e9ration inconditionnelle de leurs proches. Abdanan est une ville situ\u00e9e dans le sud de la province d&#8217;Ilam, dans l&#8217;ouest de l&#8217;Iran.<\/p>\n\n\n<div class=\"wp-block-image\">\n<figure class=\"aligncenter size-full\"><img decoding=\"async\" src=\"data:image\/gif;base64,R0lGODlhAQABAIAAAAAAAP\/\/\/yH5BAEAAAAALAAAAAABAAEAAAIBRAA7\" data-src=\"https:\/\/wncri.org\/fr\/wp-content\/uploads\/2022\/11\/Families-of-arrested-protesters-Abdanan-min.jpg\" alt=\"Les familles des manifestants d\u00e9tenus \u00e0 Abdanan\" class=\"wp-image-17048 lazyload\"\/><noscript><img decoding=\"async\" width=\"750\" height=\"375\" src=\"https:\/\/wncri.org\/fr\/wp-content\/uploads\/2022\/11\/Families-of-arrested-protesters-Abdanan-min.jpg\" alt=\"Les familles des manifestants d\u00e9tenus \u00e0 Abdanan\" class=\"wp-image-17048 lazyload\" srcset=\"https:\/\/wncri.org\/fr\/wp-content\/uploads\/2022\/11\/Families-of-arrested-protesters-Abdanan-min.jpg 750w, https:\/\/wncri.org\/fr\/wp-content\/uploads\/2022\/11\/Families-of-arrested-protesters-Abdanan-min-300x150.jpg 300w, https:\/\/wncri.org\/fr\/wp-content\/uploads\/2022\/11\/Families-of-arrested-protesters-Abdanan-min-360x180.jpg 360w\" sizes=\"(max-width: 750px) 100vw, 750px\" \/><\/noscript><figcaption class=\"wp-element-caption\">Les familles des manifestants d\u00e9tenus \u00e0 Abdanan<\/figcaption><\/figure>\n<\/div>\n\n\n<p>4 000 travailleurs de l&#8217;aci\u00e9rie d&#8217;Ispahan, les ouvriers du fabricant d&#8217;appareils \u00e9lectrom\u00e9nagers du complexe industriel d&#8217;Alborz \u00e0 Alvand, Qazvin, se sont mis en gr\u00e8ve.<\/p>\n\n\n\n<h3 class=\"wp-block-heading\"><strong>21 ans de prison pour quatre jeunes femmes et un homme<\/strong><\/h3>\n\n\n\n<p>La troisi\u00e8me branche du tribunal r\u00e9volutionnaire d&#8217;Ourmia a condamn\u00e9 \u00e0 21 ans de prison cinq manifestants, dont quatre jeunes femmes, arr\u00eat\u00e9s \u00e0 Ourmia, capitale de la province d&#8217;Azerba\u00efdjan occidental.<\/p>\n\n\n\n<p>Les manifestants ont \u00e9t\u00e9 accus\u00e9s de &#8220;propagande contre l&#8217;\u00c9tat&#8221; et de &#8220;rassemblement et collusion pour perturber la s\u00e9curit\u00e9 nationale&#8221;.<\/p>\n\n\n\n<p>Najafzadeh, le juge qui pr\u00e9sidait l&#8217;affaire, les a inform\u00e9es de leurs peines, verbalement.<\/p>\n\n\n<div class=\"wp-block-image\">\n<figure class=\"aligncenter size-full\"><img decoding=\"async\" src=\"data:image\/gif;base64,R0lGODlhAQABAIAAAAAAAP\/\/\/yH5BAEAAAAALAAAAAABAAEAAAIBRAA7\" data-src=\"https:\/\/wncri.org\/fr\/wp-content\/uploads\/2022\/11\/Sarina-Gherabat-Shiva-Kianfar-min.jpg\" alt=\"21 ans pour cinq manifestants - Sarina Gherabat (\u00e0 gauche) et Shiva Kianfar\" class=\"wp-image-17049 lazyload\"\/><noscript><img decoding=\"async\" width=\"750\" height=\"375\" src=\"https:\/\/wncri.org\/fr\/wp-content\/uploads\/2022\/11\/Sarina-Gherabat-Shiva-Kianfar-min.jpg\" alt=\"21 ans pour cinq manifestants - Sarina Gherabat (\u00e0 gauche) et Shiva Kianfar\" class=\"wp-image-17049 lazyload\" srcset=\"https:\/\/wncri.org\/fr\/wp-content\/uploads\/2022\/11\/Sarina-Gherabat-Shiva-Kianfar-min.jpg 750w, https:\/\/wncri.org\/fr\/wp-content\/uploads\/2022\/11\/Sarina-Gherabat-Shiva-Kianfar-min-300x150.jpg 300w, https:\/\/wncri.org\/fr\/wp-content\/uploads\/2022\/11\/Sarina-Gherabat-Shiva-Kianfar-min-360x180.jpg 360w\" sizes=\"(max-width: 750px) 100vw, 750px\" \/><\/noscript><figcaption class=\"wp-element-caption\">21 ans pour cinq manifestants &#8211; Sarina Gherabat (\u00e0 gauche) et Shiva Kianfar<\/figcaption><\/figure>\n<\/div>\n\n\n<p>Sarina Gherabat et Faezeh Javadi ont \u00e9t\u00e9 condamn\u00e9es \u00e0 cinq ans de prison chacune. Mme Gherabat est originaire d&#8217;Ochnavieh et membre de l&#8217;\u00e9quipe nationale de tir. Elle a \u00e9t\u00e9 violemment arr\u00eat\u00e9e il y a une cinquantaine de jours.<\/p>\n\n\n\n<p>Chiva Kianfar et Parsa Dastmalchi ont \u00e9t\u00e9 condamn\u00e9es \u00e0 quatre ans de prison chacune, et Sonia Sotoudeh a \u00e9t\u00e9 condamn\u00e9e \u00e0 trois ans de prison.<\/p>\n\n\n\n<p>Chiva Kianfar a \u00e9t\u00e9 arr\u00eat\u00e9e \u00e0 son domicile \u00e0 Ourmia le 24 septembre.<\/p>\n\n\n\n<p>Les verdicts peuvent faire l&#8217;objet d&#8217;un appel et d&#8217;une r\u00e9vision par la Cour de r\u00e9vision de la province d&#8217;Azerba\u00efdjan occidental.<\/p>\n\n\n\n<p>Compte tenu du peu de temps \u00e9coul\u00e9 depuis l&#8217;arrestation de ces manifestants, on estime que les proc\u00e9dures l\u00e9gales n&#8217;ont pas \u00e9t\u00e9 men\u00e9es correctement. L&#8217;affaire a \u00e9t\u00e9 initialement prise en charge par la deuxi\u00e8me branche, mais elle a ensuite \u00e9t\u00e9 transmise \u00e0 la troisi\u00e8me branche qui prononce de lourdes peines. Ces deux questions ont suscit\u00e9 l&#8217;inqui\u00e9tude des familles et des militants des droits de l&#8217;Homme en Azerba\u00efdjan.<\/p>\n\n\n<div class=\"wp-block-image\">\n<figure class=\"aligncenter size-full\"><img decoding=\"async\" src=\"data:image\/gif;base64,R0lGODlhAQABAIAAAAAAAP\/\/\/yH5BAEAAAAALAAAAAABAAEAAAIBRAA7\" data-src=\"https:\/\/wncri.org\/fr\/wp-content\/uploads\/2022\/11\/Zahra-Nazari-lawyer-arrested-min-rotated.jpg\" alt=\"Zahra Nazari, m\u00e8re de famille et avocate, a \u00e9t\u00e9 arr\u00eat\u00e9e et d\u00e9tenue le 21 novembre.\" class=\"wp-image-17057 lazyload\"\/><noscript><img decoding=\"async\" width=\"375\" height=\"750\" src=\"https:\/\/wncri.org\/fr\/wp-content\/uploads\/2022\/11\/Zahra-Nazari-lawyer-arrested-min-rotated.jpg\" alt=\"Zahra Nazari, m\u00e8re de famille et avocate, a \u00e9t\u00e9 arr\u00eat\u00e9e et d\u00e9tenue le 21 novembre.\" class=\"wp-image-17057 lazyload\" srcset=\"https:\/\/wncri.org\/fr\/wp-content\/uploads\/2022\/11\/Zahra-Nazari-lawyer-arrested-min-rotated.jpg 375w, https:\/\/wncri.org\/fr\/wp-content\/uploads\/2022\/11\/Zahra-Nazari-lawyer-arrested-min-150x300.jpg 150w\" sizes=\"(max-width: 375px) 100vw, 375px\" \/><\/noscript><figcaption class=\"wp-element-caption\">Zahra Nazari, m\u00e8re de famille et avocate, a \u00e9t\u00e9 arr\u00eat\u00e9e et d\u00e9tenue le 21 novembre.<\/figcaption><\/figure>\n<\/div>\n\n\n<h3 class=\"wp-block-heading\"><strong>Une avocate et une \u00e9tudiante militante arr\u00eat\u00e9es<\/strong><\/h3>\n\n\n\n<p>Zahra Nazari, avocate exer\u00e7ant \u00e0 Sari, capitale de la province de Mazandaran, dans le nord de l&#8217;Iran, a \u00e9t\u00e9 arr\u00eat\u00e9e \u00e0 son bureau le 21 novembre 2022 et ses appareils \u00e9lectroniques ont \u00e9t\u00e9 confisqu\u00e9s.<\/p>\n\n\n<div class=\"wp-block-image\">\n<figure class=\"aligncenter size-full\"><img decoding=\"async\" src=\"data:image\/gif;base64,R0lGODlhAQABAIAAAAAAAP\/\/\/yH5BAEAAAAALAAAAAABAAEAAAIBRAA7\" data-src=\"https:\/\/wncri.org\/fr\/wp-content\/uploads\/2022\/11\/Zahra-Nazari-lawyer-arrested-2-min.jpg\" alt=\"Zahra Nazari et sa fille\" class=\"wp-image-17056 lazyload\"\/><noscript><img decoding=\"async\" width=\"750\" height=\"375\" src=\"https:\/\/wncri.org\/fr\/wp-content\/uploads\/2022\/11\/Zahra-Nazari-lawyer-arrested-2-min.jpg\" alt=\"Zahra Nazari et sa fille\" class=\"wp-image-17056 lazyload\" srcset=\"https:\/\/wncri.org\/fr\/wp-content\/uploads\/2022\/11\/Zahra-Nazari-lawyer-arrested-2-min.jpg 750w, https:\/\/wncri.org\/fr\/wp-content\/uploads\/2022\/11\/Zahra-Nazari-lawyer-arrested-2-min-300x150.jpg 300w, https:\/\/wncri.org\/fr\/wp-content\/uploads\/2022\/11\/Zahra-Nazari-lawyer-arrested-2-min-360x180.jpg 360w\" sizes=\"(max-width: 750px) 100vw, 750px\" \/><\/noscript><figcaption class=\"wp-element-caption\">Zahra Nazari et sa fille<\/figcaption><\/figure>\n<\/div>\n\n\n<p>Originaire de Neka, Mme Nazari exerce depuis 12 ans et est m\u00e8re d&#8217;une petite fille de 5 ans.<\/p>\n\n\n\n<p>La militante \u00e9tudiante <a href=\"https:\/\/wncri.org\/fr\/2020\/11\/12\/militante-etudiante-soha-mortezai\/\" target=\"_blank\" rel=\"noreferrer noopener\">Soha Mortezaii<\/a> a \u00e9galement \u00e9t\u00e9 arr\u00eat\u00e9e le 21 novembre et emmen\u00e9e en prison pour y purger sa peine. Mme Mortezaii a \u00e9t\u00e9 gravement brutalis\u00e9e au moment de son arrestation. Elle \u00e9tait doctorante en sciences politiques lorsqu&#8217;elle a \u00e9t\u00e9 <a href=\"https:\/\/wncri.org\/fr\/2019\/12\/14\/en-mauvaise-sante-soha-mortezai-menacee-de-chocs-electriques-en-iran\/\" target=\"_blank\" rel=\"noreferrer noopener\">arr\u00eat\u00e9e et emprisonn\u00e9e<\/a> en 2019. Elle a ensuite \u00e9t\u00e9 priv\u00e9e de la possibilit\u00e9 de poursuivre ses \u00e9tudes. Elle avait \u00e9t\u00e9 temporairement lib\u00e9r\u00e9e sous caution.<\/p>\n\n\n<div class=\"wp-block-image\">\n<figure class=\"aligncenter size-full\"><img decoding=\"async\" src=\"data:image\/gif;base64,R0lGODlhAQABAIAAAAAAAP\/\/\/yH5BAEAAAAALAAAAAABAAEAAAIBRAA7\" data-src=\"https:\/\/wncri.org\/fr\/wp-content\/uploads\/2022\/11\/Soha-Mortezaii-min.jpg\" alt=\"Soha Mortezaii a \u00e9t\u00e9 violemment arr\u00eat\u00e9e et emprisonn\u00e9e.\" class=\"wp-image-17050 lazyload\"\/><noscript><img decoding=\"async\" width=\"750\" height=\"375\" src=\"https:\/\/wncri.org\/fr\/wp-content\/uploads\/2022\/11\/Soha-Mortezaii-min.jpg\" alt=\"Soha Mortezaii a \u00e9t\u00e9 violemment arr\u00eat\u00e9e et emprisonn\u00e9e.\" class=\"wp-image-17050 lazyload\" srcset=\"https:\/\/wncri.org\/fr\/wp-content\/uploads\/2022\/11\/Soha-Mortezaii-min.jpg 750w, https:\/\/wncri.org\/fr\/wp-content\/uploads\/2022\/11\/Soha-Mortezaii-min-300x150.jpg 300w, https:\/\/wncri.org\/fr\/wp-content\/uploads\/2022\/11\/Soha-Mortezaii-min-360x180.jpg 360w\" sizes=\"(max-width: 750px) 100vw, 750px\" \/><\/noscript><figcaption class=\"wp-element-caption\">Soha Mortezaii a \u00e9t\u00e9 violemment arr\u00eat\u00e9e et emprisonn\u00e9e.<\/figcaption><\/figure>\n<\/div>","protected":false},"excerpt":{"rendered":"<p>Au 73e jour du soul\u00e8vement iranien, des t\u00e9moignages de solidarit\u00e9 avec le Kurdistan et Zahedan 21 ans pour 5 manifestants, un avocat et un \u00e9tudiant activiste arr\u00eat\u00e9s Le soul\u00e8vement du peuple iranien s&#8217;est poursuivi dimanche 27 novembre 2022, pour le 73e jour, avec des t\u00e9moignages de solidarit\u00e9 avec le Kurdistan et Zahedan. Les jeunes femmes [&hellip;]<\/p>\n","protected":false},"author":4,"featured_media":17051,"comment_status":"closed","ping_status":"closed","sticky":false,"template":"","format":"standard","meta":{"jnews-multi-image_gallery":[],"jnews_single_post":{"subtitle":"","format":"standard","video":"","gallery":"","source_name":"","source_url":"","via_name":"","via_url":"","override_template":"0","override":[{"template":"7","single_blog_custom":"","parallax":"1","fullscreen":"1","layout":"right-sidebar","sidebar":"default-sidebar","second_sidebar":"default-sidebar","sticky_sidebar":"1","share_position":"floatbottom","share_float_style":"share-normal","show_share_counter":"1","show_view_counter":"1","show_featured":"1","show_post_meta":"1","show_post_author":"0","show_post_author_image":"1","show_post_date":"1","post_date_format":"default","post_date_format_custom":"Y\/m\/d","show_post_category":"1","show_post_reading_time":"0","post_reading_time_wpm":"300","show_zoom_button":"0","zoom_button_out_step":"2","zoom_button_in_step":"3","show_post_tag":"1","show_prev_next_post":"0","show_popup_post":"1","number_popup_post":"1","show_author_box":"0","show_post_related":"1","show_inline_post_related":"0"}],"override_image_size":"0","image_override":[{"single_post_thumbnail_size":"crop-500","single_post_gallery_size":"crop-500"}],"trending_post":"0","trending_post_position":"meta","trending_post_label":"Trending","sponsored_post":"0","sponsored_post_label":"Sponsored by","sponsored_post_name":"","sponsored_post_url":"","sponsored_post_logo_enable":"0","sponsored_post_logo":"","sponsored_post_desc":"","disable_ad":"0"},"jnews_primary_category":{"id":"","hide":""},"jnews_social_meta":{"fb_title":"","fb_description":"","fb_image":"","twitter_title":"","twitter_description":"","twitter_image":""},"jnews_override_counter":{"override_view_counter":"0","view_counter_number":"0","override_share_counter":"0","share_counter_number":"0","override_like_counter":"0","like_counter_number":"0","override_dislike_counter":"0","dislike_counter_number":"0"},"footnotes":""},"categories":[3],"tags":[369,370],"class_list":["post-17047","post","type-post","status-publish","format-standard","has-post-thumbnail","hentry","category-infos-des-femmes","tag-manifestations","tag-prisonnieres"],"_links":{"self":[{"href":"https:\/\/wncri.org\/fr\/wp-json\/wp\/v2\/posts\/17047","targetHints":{"allow":["GET"]}}],"collection":[{"href":"https:\/\/wncri.org\/fr\/wp-json\/wp\/v2\/posts"}],"about":[{"href":"https:\/\/wncri.org\/fr\/wp-json\/wp\/v2\/types\/post"}],"author":[{"embeddable":true,"href":"https:\/\/wncri.org\/fr\/wp-json\/wp\/v2\/users\/4"}],"replies":[{"embeddable":true,"href":"https:\/\/wncri.org\/fr\/wp-json\/wp\/v2\/comments?post=17047"}],"version-history":[{"count":1,"href":"https:\/\/wncri.org\/fr\/wp-json\/wp\/v2\/posts\/17047\/revisions"}],"predecessor-version":[{"id":17058,"href":"https:\/\/wncri.org\/fr\/wp-json\/wp\/v2\/posts\/17047\/revisions\/17058"}],"wp:featuredmedia":[{"embeddable":true,"href":"https:\/\/wncri.org\/fr\/wp-json\/wp\/v2\/media\/17051"}],"wp:attachment":[{"href":"https:\/\/wncri.org\/fr\/wp-json\/wp\/v2\/media?parent=17047"}],"wp:term":[{"taxonomy":"category","embeddable":true,"href":"https:\/\/wncri.org\/fr\/wp-json\/wp\/v2\/categories?post=17047"},{"taxonomy":"post_tag","embeddable":true,"href":"https:\/\/wncri.org\/fr\/wp-json\/wp\/v2\/tags?post=17047"}],"curies":[{"name":"wp","href":"https:\/\/api.w.org\/{rel}","templated":true}]}}