{"id":17014,"date":"2022-11-20T23:57:55","date_gmt":"2022-11-20T22:57:55","guid":{"rendered":"https:\/\/wncri.org\/fr\/?p=17014"},"modified":"2022-11-20T23:58:44","modified_gmt":"2022-11-20T22:58:44","slug":"la-journee-mondiale-de-lenfance","status":"publish","type":"post","link":"https:\/\/wncri.org\/fr\/2022\/11\/20\/la-journee-mondiale-de-lenfance\/","title":{"rendered":"<strong>Pour la journ\u00e9e mondiale de l\u2019enfance<\/strong>"},"content":{"rendered":"\n<h2 class=\"wp-block-heading\"><strong>Appel \u00e0 une action imm\u00e9diate du Conseil de s\u00e9curit\u00e9 et de l&#8217;Union europ\u00e9enne pour mettre fin \u00e0 la tuerie des enfants et lib\u00e9rer les enfants emprisonn\u00e9s en Iran<\/strong><\/h2>\n\n\n\n<p><strong>Pour la journ\u00e9e mondiale de l\u2019enfance<\/strong> :\u200c <strong>Appel \u00e0 une action imm\u00e9diate du Conseil de s\u00e9curit\u00e9 et de l&#8217;Union europ\u00e9enne pour mettre fin \u00e0 la tuerie des enfants et lib\u00e9rer les enfants emprisonn\u00e9s en Iran<\/strong><\/p>\n\n\n\n<p>Co\u00efncidant avec la Journ\u00e9e internationale des droits de l\u2019enfant des Nations Unies (<a href=\"https:\/\/www.un.org\/fr\/observances\/world-childrens-day\" target=\"_blank\" rel=\"noreferrer noopener\">20 novembre<\/a>), la commission des Femmes du Conseil national de la R\u00e9sistance iranienne, lance un appel \u00e0 condamner le r\u00e9gime des mollahs en Iran pour la r\u00e9pression et le meurtre g\u00e9n\u00e9ralis\u00e9s et syst\u00e9matiques d&#8217;enfants et les arrestations g\u00e9n\u00e9ralis\u00e9es d&#8217;adolescents de moins de 18 durant les deux mois du soul\u00e8vement national en Iran. <\/p>\n\n\n\n<p>Elle adresse cet appel au Conseil de s\u00e9curit\u00e9 de l\u2019ONU, au Secr\u00e9taire g\u00e9n\u00e9ral, au Conseil des droits de l&#8217;homme de l\u2019ONU et son Haut-Commissaire ainsi que toutes les organisations de d\u00e9fense des droits humains et des droits de l&#8217;enfant, y compris l&#8217;UNICEF, l&#8217;Union europ\u00e9enne et ses pays membres. Elle leur demande de prendre des mesures efficaces et pratiques pour mettre fin au <a href=\"https:\/\/wncri.org\/fr\/2022\/10\/23\/tortures\/\" target=\"_blank\" rel=\"noreferrer noopener\">meurtre d&#8217;enfants<\/a>, qui rel\u00e8ve clairement du crime contre l&#8217;humanit\u00e9, et faire lib\u00e9rer les enfants emprisonn\u00e9s.<\/p>\n\n\n\n<p>1- Le fascisme religieux au pouvoir en Iran a r\u00e9pandu ses crimes au cours de quatre d\u00e9cennies en emprisonnant, torturant et ex\u00e9cutant des enfants et des adolescents de moins de 18 ans. Il s\u00e9vit dans les rues et les \u00e9tablissements scolaires. Parmi les plus de 600 martyrs du soul\u00e8vement des 65 derniers jours, il y a au moins 60 enfants \u00e2g\u00e9s de 2 \u00e0 17 ans. La liste de 58 d&#8217;entre eux figure ci-dessous.<\/p>\n\n\n\n<p>2- Ces enfants ont \u00e9t\u00e9 tu\u00e9s par balles dans le c\u0153ur ou \u00e0 la t\u00eate, par des fusils \u00e0 plombs ou de leurs blessures venant de coups port\u00e9s \u00e0 la t\u00eate. Ces martyrs comprennent un enfant de 2 ans \u00e0 Zahedan, une fillette de 7 ans \u00e0 Boukan, 2 fillettes de 8 ans, un gar\u00e7on de 10 ans, un gar\u00e7on de 11 ans, cinq gar\u00e7ons de 12 ans, deux gar\u00e7ons de 13 ans et cinq gar\u00e7ons de 14 ans. Le 16 novembre dans la ville d&#8217;Izeh (sud-ouest de l&#8217;Iran), un enfant de 10 ans, Kiyan Pirfalak, et un autre de 14 ans, Artine Rahmani, ont \u00e9t\u00e9 abattus par des pasdarans.<\/p>\n\n\n\n<p>3- Les forces r\u00e9pressives attaquent les \u00e9tablissements scolaires pour arr\u00eater et tuer les \u00e9l\u00e8ves. Asra Panahi, une lyc\u00e9enne de 16 ans originaire d&#8217;Ardebil, a \u00e9t\u00e9 matraqu\u00e9e lors de l\u2019attaque des forces r\u00e9pressives \u00e0 l&#8217;\u00e9cole Shahed. Elle est d\u00e9c\u00e9d\u00e9e le 14 octobre dans un h\u00f4pital d&#8217;Ardebil. Les \u00e9l\u00e8ves de cet \u00e9tablissement qui n&#8217;avaient pas particip\u00e9 \u00e0 une c\u00e9r\u00e9monie officielle obligatoire et qui avaient scand\u00e9 des slogans contre le pouvoir avaient \u00e9t\u00e9 matraqu\u00e9s, 7 enfants, y compris Asra, avaient \u00e9t\u00e9 hospitalis\u00e9e.<\/p>\n\n\n\n<p>4- Le r\u00e9gime fait pression sur les familles des victimes de diverses mani\u00e8res pour d\u00e9mentir que leur enfant ait \u00e9t\u00e9 tu\u00e9 et d\u00e9clarer pour cause du d\u00e9c\u00e8s un des sc\u00e9narios mensongers du pouvoir comme le suicide ou la chute d\u2019une hauteur. Il menace les familles, si elles refusent ces faux sc\u00e9narios, de ne pas leur restituer le corps de leur enfant et de les enterrer en secret. Dans certains cas, des parents des martyrs ont \u00e9t\u00e9 arr\u00eat\u00e9es pour n\u2019avoir pas suivi ces sc\u00e9narios officiels.<\/p>\n\n\n\n<p>5- Ces deux derniers mois, un grand nombre d&#8217;adolescents de moins de 18 ans ont \u00e9t\u00e9 arr\u00eat\u00e9s et soumis \u00e0 des pressions et des tortures. Certains ont \u00e9t\u00e9 transf\u00e9r\u00e9s dans de soi-disant centres d&#8217;\u00e9ducation pour enfants (qui sont des prisons et des centres de correction dangereux d\u00e9pourvus du minimum de moyens et d\u2019hygi\u00e8ne). Dans ces centres, les \u00e9l\u00e8ves sont emprisonn\u00e9s avec des enfants ayant grandi dans la prostitution, la toxicomanie, le trafic de drogue et le vol, sans distinction d\u2019\u00e2ge ou de d\u00e9lit.<\/p>\n\n\n\n<p>6- Le 10 novembre 2022, Yousef Nouri, le ministre de l&#8217;\u00c9ducation du r\u00e9gime, dans une interview au journal Sharq, a d\u00e9clar\u00e9 \u00e0 propos des \u00e9l\u00e8ves arr\u00eat\u00e9s : \u00ab Je ne peux pas en donner le nombre exact. Certains de ces \u00e9l\u00e8ves sont en phase d&#8217;\u00e9ducation et de r\u00e9\u00e9ducation pour ne pas devenir des individus antisociaux. Ils sont dans un centre de psychologie et nos amis font leur travail pour qu&#8217;ils puissent retourner dans le milieu scolaire apr\u00e8s leur r\u00e9\u00e9ducation.&nbsp;\u00bb<\/p>\n\n\n\n<p>7- La pr\u00e9sence continue des forces r\u00e9pressives, y compris des agents en civil, les actions r\u00e9pressives et les pressions des recteurs pro-r\u00e9gime sur les enfants ont caus\u00e9 des probl\u00e8mes psychologiques, en particulier aux \u00e9l\u00e8ves les plus jeunes. \u00ab&nbsp;Un groupe de psychologues, de psychiatres et de sp\u00e9cialistes de la sant\u00e9 mentale&nbsp;\u00bb, dont beaucoup travaillent dans des institutions gouvernementales, ont mis en garde dans un communiqu\u00e9 contre les cons\u00e9quences psychologiques du comportement r\u00e9pressif du syst\u00e8me judiciaire de police contre les \u00e9l\u00e8ves (site du quotidien officiel Sharq). Ces experts ont dress\u00e9 une liste de violations des droits des \u00e9l\u00e8ves, notamment :&nbsp; &nbsp;<\/p>\n\n\n\n<ul class=\"wp-block-list\">\n<li>L&#8217;entr\u00e9e ill\u00e9gale de la police et l&#8217;attaque d&#8217;agresseurs inconnus dans les \u00e9coles, l&#8217;entr\u00e9e de personnes irresponsables dans le syst\u00e8me \u00e9ducatif dans la vie des enfants et des adolescents \u00e0 l&#8217;\u00e9cole, le matraquage et l&#8217;arrestation d\u2019\u00e9l\u00e8ves, des \u00e9l\u00e8ves tu\u00e9s, y compris \u00e0 l&#8217;\u00e9cole Shahed dans la ville d&#8217;Ardebil, la pression ill\u00e9gale exerc\u00e9e sur le personnel de l&#8217;\u00e9cole pour fournir des renseignements et livrer des \u00e9l\u00e8ves aux forces de s\u00e9curit\u00e9, et obliger ill\u00e9galement les \u00e9l\u00e8ves \u00e0 participer \u00e0 des programmes culturels obligatoires.<\/li>\n\n\n\n<li>Arrestation, envoi d\u2019\u00e9l\u00e8ves en centre de correction, ouverture de dossiers psychiatriques et psychologiques, utilisation non professionnelle et inexacte du diagnostic de trouble de la personnalit\u00e9 antisociale.<\/li>\n\n\n\n<li>Utiliser les forces de s\u00e9curit\u00e9 de la milice du Bassidj, les amener \u00e0 l&#8217;int\u00e9rieur de l&#8217;\u00e9cole pour cr\u00e9er un climat s\u00e9curitaire.<\/li>\n\n\n\n<li>Les directeurs d&#8217;\u00e9cole ont \u00e9t\u00e9 avis\u00e9s de contr\u00f4ler strictement l&#8217;utilisation des t\u00e9l\u00e9phones portables par les \u00e9l\u00e8ves, de pr\u00eater attention au nombre de fouilles des sacs des enfants et \u00e0 la fouille corporelle.<\/li>\n\n\n\n<li>Faire pression sur les recteurs scolaires de la part des autorit\u00e9s sup\u00e9rieures pour qu&#8217;ils exercent leur pouvoir et mettent en \u0153uvre des mesures de s\u00e9curit\u00e9 et cr\u00e9ent un environnement dangereux dans les \u00e9coles pour les \u00e9l\u00e8ves, les enseignants, les directeurs et les parents.<\/li>\n\n\n\n<li>Utiliser les forces de police et les agents en civil autour de l&#8217;\u00e9cole pour cr\u00e9er un environnement s\u00e9curitaire.<\/li>\n<\/ul>\n\n\n\n<p>8- Les mesures du r\u00e9gime des mollahs contre les \u00e9l\u00e8ves et les enfants constituent une violation flagrante du droit international et des normes reconnues en mati\u00e8re de droits humains, en particulier la D\u00e9claration des Nations Unies sur les droits de l&#8217;enfant (20 novembre 1959) et la Convention internationale des droits de l&#8217;enfant (20 novembre 1989) dont le r\u00e9gime iranien est signataire. Cette convention stipule que les pays signataires doivent reconna\u00eetre le droit inh\u00e9rent de tout enfant \u00e0 la vie et garantir le maximum de moyens pour la survie et le d\u00e9veloppement de l&#8217;enfant. Aucun enfant ne doit \u00eatre soumis \u00e0 la torture ou \u00e0 d&#8217;autres traitements cruels et inhumains ; aucun enfant ne devrait \u00eatre ill\u00e9galement et arbitrairement emprisonn\u00e9. La peine de mort ne peut \u00eatre appliqu\u00e9e aux mineurs de moins de 18 ans.<\/p>\n\n\n\n<p class=\"has-text-align-center\"><strong>Commission des femmes du Conseil national de la r\u00e9sistance iranienne<\/strong><\/p>\n\n\n\n<p class=\"has-text-align-center\"><strong>Le 20 novembre 2022<\/strong><\/p>\n\n\n\n<p><strong>Liste d\u2019enfants tu\u00e9s de moins de 18 ans dans le soul\u00e8vement de 2022 en Iran<\/strong><\/p>\n\n\n\n<p><strong>N\u00b0&nbsp;&nbsp;&nbsp; Pr\u00e9nom et nom &nbsp;&nbsp;&nbsp;&nbsp;&nbsp;&nbsp;&nbsp;&nbsp;&nbsp;&nbsp;&nbsp; \u00e2ge&nbsp;&nbsp;&nbsp;&nbsp;&nbsp;&nbsp;&nbsp;&nbsp;&nbsp;&nbsp;&nbsp;&nbsp; tu\u00e9\/e \u00e0&nbsp;&nbsp;&nbsp;&nbsp;&nbsp;&nbsp;&nbsp;&nbsp;&nbsp;&nbsp;&nbsp;&nbsp;&nbsp;&nbsp;&nbsp;&nbsp;&nbsp; le&nbsp;&nbsp;&nbsp;&nbsp;&nbsp;&nbsp;<\/strong><\/p>\n\n\n\n<p>1 &nbsp;&nbsp;&nbsp;&nbsp;&nbsp;&nbsp; Mirshkar &nbsp;&nbsp;&nbsp;&nbsp;&nbsp;&nbsp;&nbsp;&nbsp;&nbsp;&nbsp;&nbsp;&nbsp;&nbsp;&nbsp;&nbsp;&nbsp;&nbsp;&nbsp;&nbsp;&nbsp;&nbsp;&nbsp;&nbsp;&nbsp;&nbsp;&nbsp;&nbsp;&nbsp; 2ans &nbsp;&nbsp;&nbsp;&nbsp;&nbsp;&nbsp;&nbsp;&nbsp;&nbsp;&nbsp;&nbsp;&nbsp;&nbsp; Zahedan &nbsp;&nbsp;&nbsp;&nbsp;&nbsp;&nbsp;&nbsp;&nbsp;&nbsp;&nbsp;&nbsp;&nbsp;&nbsp;&nbsp;&nbsp;&nbsp;&nbsp;&nbsp; 30 septembre 2022<\/p>\n\n\n\n<p>2 &nbsp;&nbsp;&nbsp;&nbsp;&nbsp;&nbsp; H\u00e9l\u00e8ne Ahmadi &nbsp;&nbsp;&nbsp;&nbsp;&nbsp;&nbsp;&nbsp;&nbsp;&nbsp;&nbsp;&nbsp;&nbsp;&nbsp;&nbsp;&nbsp;&nbsp;&nbsp; 7 ans &nbsp;&nbsp;&nbsp;&nbsp;&nbsp;&nbsp;&nbsp;&nbsp;&nbsp;&nbsp;&nbsp; Boukan&nbsp; &nbsp;&nbsp;&nbsp;&nbsp;&nbsp;&nbsp;&nbsp;&nbsp;&nbsp;&nbsp;&nbsp;&nbsp;&nbsp;&nbsp;&nbsp;&nbsp;&nbsp;&nbsp;&nbsp; 12 octobre 2022<\/p>\n\n\n\n<p>3&nbsp;&nbsp;&nbsp;&nbsp;&nbsp;&nbsp;&nbsp; Mona Naqib&nbsp;&nbsp;&nbsp;&nbsp;&nbsp;&nbsp;&nbsp;&nbsp;&nbsp;&nbsp;&nbsp;&nbsp; &nbsp;&nbsp;&nbsp;&nbsp;&nbsp;&nbsp;&nbsp;&nbsp;&nbsp;&nbsp;&nbsp; 8 ans &nbsp;&nbsp;&nbsp;&nbsp;&nbsp;&nbsp;&nbsp;&nbsp;&nbsp;&nbsp;&nbsp; Saravan&nbsp; &nbsp;&nbsp;&nbsp;&nbsp;&nbsp;&nbsp;&nbsp;&nbsp;&nbsp;&nbsp;&nbsp;&nbsp;&nbsp;&nbsp;&nbsp;&nbsp;&nbsp; 24 octobre 2022<\/p>\n\n\n\n<p>4 &nbsp;&nbsp;&nbsp;&nbsp;&nbsp;&nbsp; Diana Mahmoudi &nbsp;&nbsp; &nbsp;&nbsp;&nbsp;&nbsp;&nbsp;&nbsp;&nbsp;&nbsp;&nbsp;&nbsp;&nbsp; 8 ans&nbsp;&nbsp;&nbsp;&nbsp;&nbsp;&nbsp;&nbsp;&nbsp;&nbsp;&nbsp;&nbsp;&nbsp;&nbsp; Piranshahr &nbsp; &nbsp;&nbsp;&nbsp;&nbsp;&nbsp;&nbsp;&nbsp;&nbsp;&nbsp;&nbsp;&nbsp; 29 octobre 2022<\/p>\n\n\n\n<p>5 &nbsp;&nbsp;&nbsp;&nbsp;&nbsp;&nbsp; Kian Pirfalak &nbsp;&nbsp;&nbsp;&nbsp;&nbsp;&nbsp;&nbsp;&nbsp;&nbsp;&nbsp;&nbsp;&nbsp;&nbsp;&nbsp;&nbsp;&nbsp;&nbsp;&nbsp;&nbsp;&nbsp;&nbsp; 10 ans &nbsp;&nbsp;&nbsp;&nbsp;&nbsp;&nbsp;&nbsp;&nbsp;&nbsp;&nbsp; Izeh &nbsp;&nbsp;&nbsp;&nbsp;&nbsp;&nbsp;&nbsp;&nbsp;&nbsp;&nbsp;&nbsp;&nbsp;&nbsp;&nbsp;&nbsp;&nbsp;&nbsp;&nbsp;&nbsp;&nbsp;&nbsp;&nbsp;&nbsp;&nbsp;&nbsp;&nbsp; 16 &nbsp;octobre 2022<\/p>\n\n\n\n<p>6 &nbsp;&nbsp;&nbsp;&nbsp;&nbsp;&nbsp; Daniyal Shah Bakhsh &nbsp;&nbsp;&nbsp;&nbsp;&nbsp; 11 ans &nbsp;&nbsp;&nbsp;&nbsp;&nbsp;&nbsp;&nbsp;&nbsp;&nbsp;&nbsp; Zahedan &nbsp;&nbsp;&nbsp;&nbsp;&nbsp;&nbsp;&nbsp;&nbsp;&nbsp;&nbsp;&nbsp;&nbsp;&nbsp;&nbsp;&nbsp;&nbsp;&nbsp;&nbsp; 30 septembre 2022<\/p>\n\n\n\n<p>7 &nbsp;&nbsp;&nbsp;&nbsp;&nbsp;&nbsp; Ali Barahoui &nbsp;&nbsp;&nbsp;&nbsp;&nbsp;&nbsp;&nbsp;&nbsp;&nbsp;&nbsp;&nbsp;&nbsp;&nbsp;&nbsp;&nbsp;&nbsp;&nbsp;&nbsp;&nbsp;&nbsp;&nbsp;&nbsp; 12 ans &nbsp;&nbsp;&nbsp;&nbsp;&nbsp;&nbsp;&nbsp;&nbsp;&nbsp;&nbsp; Zahedan &nbsp;&nbsp;&nbsp;&nbsp;&nbsp;&nbsp;&nbsp;&nbsp;&nbsp;&nbsp;&nbsp;&nbsp;&nbsp;&nbsp;&nbsp;&nbsp;&nbsp;&nbsp; 30 septembre 2022<\/p>\n\n\n\n<p>8 &nbsp;&nbsp;&nbsp;&nbsp;&nbsp;&nbsp; Javad Poucheh &nbsp;&nbsp;&nbsp;&nbsp;&nbsp;&nbsp;&nbsp;&nbsp;&nbsp;&nbsp;&nbsp;&nbsp;&nbsp;&nbsp;&nbsp;&nbsp;&nbsp;&nbsp; 12 ans &nbsp;&nbsp;&nbsp;&nbsp;&nbsp;&nbsp;&nbsp;&nbsp;&nbsp;&nbsp; Zahedan &nbsp;&nbsp;&nbsp;&nbsp;&nbsp;&nbsp;&nbsp;&nbsp;&nbsp;&nbsp;&nbsp;&nbsp;&nbsp;&nbsp;&nbsp;&nbsp;&nbsp;&nbsp; 30 septembre 2022<\/p>\n\n\n\n<p>9 &nbsp;&nbsp;&nbsp;&nbsp;&nbsp;&nbsp; Jaber Shirouzehi &nbsp;&nbsp; &nbsp;&nbsp;&nbsp;&nbsp;&nbsp;&nbsp;&nbsp;&nbsp;&nbsp;&nbsp;&nbsp; 12 ans &nbsp;&nbsp;&nbsp;&nbsp;&nbsp;&nbsp;&nbsp;&nbsp;&nbsp;&nbsp; Zahedan &nbsp;&nbsp;&nbsp;&nbsp;&nbsp;&nbsp;&nbsp;&nbsp;&nbsp;&nbsp;&nbsp;&nbsp;&nbsp;&nbsp;&nbsp;&nbsp;&nbsp;&nbsp; 30 septembre 2022<\/p>\n\n\n\n<p>10 &nbsp;&nbsp;&nbsp;&nbsp; Mohammad Rakhshani &nbsp;&nbsp;&nbsp; 12 ans &nbsp;&nbsp;&nbsp;&nbsp;&nbsp;&nbsp;&nbsp;&nbsp;&nbsp;&nbsp; Zahedan &nbsp;&nbsp;&nbsp;&nbsp;&nbsp;&nbsp;&nbsp;&nbsp;&nbsp;&nbsp;&nbsp;&nbsp;&nbsp;&nbsp;&nbsp;&nbsp;&nbsp;&nbsp; 30 septembre 2022<\/p>\n\n\n\n<p>11&nbsp;&nbsp;&nbsp;&nbsp;&nbsp; Kobdani &nbsp;&nbsp;&nbsp;&nbsp;&nbsp;&nbsp;&nbsp;&nbsp;&nbsp;&nbsp;&nbsp;&nbsp;&nbsp;&nbsp;&nbsp;&nbsp;&nbsp;&nbsp;&nbsp;&nbsp;&nbsp;&nbsp;&nbsp;&nbsp;&nbsp;&nbsp;&nbsp;&nbsp;&nbsp;&nbsp; 12 ans &nbsp;&nbsp;&nbsp;&nbsp;&nbsp;&nbsp;&nbsp;&nbsp;&nbsp;&nbsp; Zahedan &nbsp;&nbsp;&nbsp;&nbsp;&nbsp;&nbsp;&nbsp;&nbsp;&nbsp;&nbsp;&nbsp;&nbsp;&nbsp;&nbsp;&nbsp;&nbsp;&nbsp;&nbsp; 28 octobre 2022<\/p>\n\n\n\n<p>fils de Khodabkhash &nbsp;<\/p>\n\n\n\n<p>12 &nbsp;&nbsp;&nbsp;&nbsp; Omid Sarani &nbsp;&nbsp;&nbsp;&nbsp;&nbsp;&nbsp;&nbsp;&nbsp;&nbsp;&nbsp;&nbsp;&nbsp;&nbsp;&nbsp;&nbsp;&nbsp;&nbsp;&nbsp;&nbsp;&nbsp;&nbsp;&nbsp; 13 ans &nbsp;&nbsp;&nbsp;&nbsp;&nbsp;&nbsp;&nbsp;&nbsp;&nbsp;&nbsp; Zahedan &nbsp;&nbsp;&nbsp;&nbsp;&nbsp;&nbsp;&nbsp;&nbsp;&nbsp;&nbsp;&nbsp;&nbsp;&nbsp;&nbsp;&nbsp;&nbsp;&nbsp;&nbsp; 30 septembre 2022<\/p>\n\n\n\n<p>13 &nbsp;&nbsp;&nbsp;&nbsp; Artine Rahmani &nbsp;&nbsp;&nbsp;&nbsp;&nbsp;&nbsp;&nbsp;&nbsp;&nbsp;&nbsp;&nbsp;&nbsp;&nbsp;&nbsp;&nbsp;&nbsp; 14 ans &nbsp;&nbsp;&nbsp;&nbsp;&nbsp;&nbsp;&nbsp;&nbsp;&nbsp;&nbsp; Izeh &nbsp;&nbsp;&nbsp;&nbsp;&nbsp;&nbsp;&nbsp;&nbsp;&nbsp;&nbsp;&nbsp;&nbsp;&nbsp;&nbsp;&nbsp;&nbsp;&nbsp;&nbsp;&nbsp;&nbsp;&nbsp;&nbsp;&nbsp;&nbsp;&nbsp;&nbsp; 16 novembre 2022<\/p>\n\n\n\n<p>14 &nbsp;&nbsp;&nbsp;&nbsp; Sedis Keshani &nbsp;&nbsp;&nbsp;&nbsp;&nbsp;&nbsp;&nbsp;&nbsp;&nbsp;&nbsp;&nbsp;&nbsp;&nbsp;&nbsp;&nbsp;&nbsp;&nbsp;&nbsp;&nbsp;&nbsp; 14 ans &nbsp;&nbsp;&nbsp;&nbsp;&nbsp;&nbsp;&nbsp;&nbsp;&nbsp;&nbsp; Zahedan &nbsp;&nbsp;&nbsp;&nbsp;&nbsp;&nbsp;&nbsp;&nbsp;&nbsp;&nbsp;&nbsp;&nbsp;&nbsp;&nbsp;&nbsp;&nbsp;&nbsp;&nbsp; 30 septembre 2022<\/p>\n\n\n\n<p>15 &nbsp;&nbsp;&nbsp;&nbsp; Mohammad Reza Sarvari 14 ans &nbsp;&nbsp;&nbsp;&nbsp;&nbsp;&nbsp;&nbsp;&nbsp;&nbsp; T\u00e9h\u00e9ran &nbsp;&nbsp;&nbsp;&nbsp;&nbsp;&nbsp;&nbsp;&nbsp;&nbsp;&nbsp;&nbsp;&nbsp;&nbsp;&nbsp;&nbsp;&nbsp;&nbsp;&nbsp; 21 septembre 2022<\/p>\n\n\n\n<p>16 &nbsp;&nbsp;&nbsp;&nbsp; Adel Kochkazai (Birichi)&nbsp; 14 ans &nbsp;&nbsp;&nbsp;&nbsp;&nbsp;&nbsp;&nbsp;&nbsp;&nbsp;&nbsp; Zahedan &nbsp;&nbsp;&nbsp;&nbsp;&nbsp;&nbsp;&nbsp;&nbsp;&nbsp;&nbsp;&nbsp;&nbsp;&nbsp;&nbsp;&nbsp;&nbsp;&nbsp;&nbsp; 28 octobre 2022 &nbsp;&nbsp;<\/p>\n\n\n\n<p>17 &nbsp;&nbsp;&nbsp; Mobin Mirkazehi, &nbsp; &nbsp;&nbsp;&nbsp;&nbsp;&nbsp;&nbsp;&nbsp;&nbsp;&nbsp;&nbsp;&nbsp; 14 ans &nbsp;&nbsp;&nbsp;&nbsp;&nbsp;&nbsp;&nbsp;&nbsp;&nbsp;&nbsp; Khash &nbsp;&nbsp;&nbsp;&nbsp;&nbsp;&nbsp;&nbsp;&nbsp;&nbsp;&nbsp;&nbsp;&nbsp;&nbsp;&nbsp;&nbsp;&nbsp;&nbsp;&nbsp;&nbsp;&nbsp;&nbsp;&nbsp; 4 novembre 2022<\/p>\n\n\n\n<p>fils de Murad<\/p>\n\n\n\n<p>18 &nbsp;&nbsp;&nbsp;&nbsp; Sepehr Maqsodi &nbsp;&nbsp;&nbsp;&nbsp; &nbsp;&nbsp;&nbsp;&nbsp;&nbsp;&nbsp;&nbsp;&nbsp;&nbsp;&nbsp;&nbsp; 14 ans &nbsp;&nbsp;&nbsp;&nbsp;&nbsp;&nbsp;&nbsp;&nbsp;&nbsp;&nbsp; Izeh &nbsp;&nbsp;&nbsp;&nbsp;&nbsp;&nbsp;&nbsp;&nbsp;&nbsp;&nbsp;&nbsp;&nbsp;&nbsp;&nbsp;&nbsp;&nbsp;&nbsp;&nbsp;&nbsp;&nbsp;&nbsp;&nbsp;&nbsp;&nbsp;&nbsp;&nbsp; 16 novembre 2022<\/p>\n\n\n\n<p>19 &nbsp;&nbsp;&nbsp;&nbsp; Seyed Mehdi Mousavi &nbsp;&nbsp;&nbsp;&nbsp;&nbsp; 15 ans &nbsp;&nbsp;&nbsp;&nbsp;&nbsp;&nbsp;&nbsp;&nbsp;&nbsp;&nbsp; Zanjan &nbsp;&nbsp;&nbsp;&nbsp;&nbsp;&nbsp;&nbsp;&nbsp;&nbsp;&nbsp;&nbsp;&nbsp;&nbsp;&nbsp;&nbsp;&nbsp;&nbsp;&nbsp;&nbsp;&nbsp;&nbsp; 22 septembre 2022<\/p>\n\n\n\n<p>20 &nbsp;&nbsp;&nbsp;&nbsp; Omid Naroi &nbsp;&nbsp;&nbsp;&nbsp;&nbsp;&nbsp;&nbsp;&nbsp;&nbsp;&nbsp;&nbsp;&nbsp; &nbsp;&nbsp;&nbsp;&nbsp;&nbsp;&nbsp;&nbsp;&nbsp;&nbsp;&nbsp;&nbsp; 15 ans &nbsp;&nbsp;&nbsp;&nbsp;&nbsp;&nbsp;&nbsp;&nbsp;&nbsp;&nbsp; Zahedan &nbsp;&nbsp;&nbsp;&nbsp;&nbsp;&nbsp;&nbsp;&nbsp;&nbsp;&nbsp;&nbsp;&nbsp;&nbsp;&nbsp;&nbsp;&nbsp;&nbsp;&nbsp; 28 octobre 2022&nbsp;&nbsp;<\/p>\n\n\n\n<p>21 &nbsp;&nbsp;&nbsp;&nbsp; Sajjad Jafari &nbsp;&nbsp;&nbsp;&nbsp;&nbsp;&nbsp;&nbsp;&nbsp;&nbsp;&nbsp;&nbsp;&nbsp;&nbsp;&nbsp;&nbsp;&nbsp;&nbsp;&nbsp;&nbsp;&nbsp;&nbsp;&nbsp; 15 ans &nbsp;&nbsp;&nbsp;&nbsp;&nbsp;&nbsp;&nbsp;&nbsp;&nbsp;&nbsp; Shiraz &nbsp;&nbsp;&nbsp;&nbsp;&nbsp;&nbsp;&nbsp;&nbsp;&nbsp;&nbsp;&nbsp;&nbsp;&nbsp;&nbsp;&nbsp;&nbsp;&nbsp;&nbsp;&nbsp;&nbsp;&nbsp;&nbsp; 8 &nbsp;&nbsp;octobre 2022&nbsp;&nbsp;<\/p>\n\n\n\n<p>22 &nbsp;&nbsp;&nbsp;&nbsp; Zakaria Khayal &nbsp;&nbsp;&nbsp;&nbsp;&nbsp;&nbsp;&nbsp;&nbsp;&nbsp;&nbsp;&nbsp;&nbsp;&nbsp;&nbsp;&nbsp;&nbsp;&nbsp; 16 ans &nbsp;&nbsp;&nbsp;&nbsp;&nbsp;&nbsp;&nbsp;&nbsp;&nbsp;&nbsp; Piranshahr &nbsp; &nbsp;&nbsp;&nbsp;&nbsp;&nbsp;&nbsp;&nbsp;&nbsp;&nbsp;&nbsp;&nbsp; 20 septembre 2022<\/p>\n\n\n\n<p>23&nbsp; &nbsp;&nbsp; Amine Maroufi (Moarefat) 16 ans &nbsp;&nbsp;&nbsp;&nbsp;&nbsp;&nbsp;&nbsp;&nbsp; Oshnaviyeh &nbsp;&nbsp;&nbsp;&nbsp;&nbsp;&nbsp;&nbsp;&nbsp;&nbsp;&nbsp;&nbsp; 21 septembre 2022&nbsp;<\/p>\n\n\n\n<p>24 &nbsp;&nbsp;&nbsp;&nbsp; Amir Nowrozi &nbsp;&nbsp;&nbsp;&nbsp;&nbsp;&nbsp;&nbsp;&nbsp;&nbsp;&nbsp;&nbsp;&nbsp;&nbsp;&nbsp;&nbsp;&nbsp;&nbsp;&nbsp;&nbsp;&nbsp; 16 ans &nbsp;&nbsp;&nbsp;&nbsp;&nbsp;&nbsp;&nbsp;&nbsp;&nbsp;&nbsp; Bandar Anzali &nbsp;&nbsp;&nbsp;&nbsp;&nbsp;&nbsp;&nbsp; 22 septembre 2022<\/p>\n\n\n\n<p>25 &nbsp;&nbsp;&nbsp;&nbsp; Pedram Azarnoosh &nbsp;&nbsp;&nbsp;&nbsp;&nbsp;&nbsp;&nbsp;&nbsp;&nbsp;&nbsp;&nbsp; 16 ans &nbsp;&nbsp;&nbsp;&nbsp;&nbsp;&nbsp;&nbsp;&nbsp;&nbsp;&nbsp; Dehdasht &nbsp;&nbsp;&nbsp;&nbsp;&nbsp;&nbsp;&nbsp;&nbsp;&nbsp;&nbsp;&nbsp;&nbsp;&nbsp;&nbsp;&nbsp;&nbsp; 22 septembre 2022<\/p>\n\n\n\n<p>26 &nbsp;&nbsp;&nbsp;&nbsp; Amir Ali Fouladi &nbsp;&nbsp;&nbsp;&nbsp;&nbsp;&nbsp;&nbsp;&nbsp;&nbsp;&nbsp;&nbsp;&nbsp;&nbsp;&nbsp;&nbsp; 16 ans &nbsp;&nbsp;&nbsp;&nbsp;&nbsp;&nbsp;&nbsp;&nbsp;&nbsp;&nbsp; Islamabad Gharb &nbsp;&nbsp; 21 septembre 2022&nbsp;<\/p>\n\n\n\n<p>27 &nbsp;&nbsp;&nbsp;&nbsp; Sarina Ismailzadeh &nbsp;&nbsp;&nbsp;&nbsp;&nbsp;&nbsp;&nbsp;&nbsp;&nbsp;&nbsp; 16 ans &nbsp;&nbsp;&nbsp;&nbsp;&nbsp;&nbsp;&nbsp;&nbsp;&nbsp;&nbsp; Karaj &nbsp;&nbsp;&nbsp;&nbsp;&nbsp;&nbsp;&nbsp;&nbsp;&nbsp;&nbsp;&nbsp; &nbsp;&nbsp;&nbsp;&nbsp;&nbsp;&nbsp;&nbsp;&nbsp;&nbsp;&nbsp;&nbsp; 23 septembre 2022<\/p>\n\n\n\n<p>28 &nbsp;&nbsp;&nbsp;&nbsp; Ehsan Alibazi &nbsp;&nbsp;&nbsp;&nbsp;&nbsp;&nbsp;&nbsp;&nbsp;&nbsp;&nbsp;&nbsp;&nbsp;&nbsp;&nbsp;&nbsp;&nbsp;&nbsp;&nbsp;&nbsp;&nbsp; 16 ans &nbsp;&nbsp;&nbsp;&nbsp;&nbsp;&nbsp;&nbsp;&nbsp;&nbsp;&nbsp; Shahr Qods &nbsp;&nbsp;&nbsp;&nbsp;&nbsp;&nbsp;&nbsp;&nbsp;&nbsp;&nbsp;&nbsp; 23 septembre 2022<\/p>\n\n\n\n<p>29 &nbsp;&nbsp;&nbsp;&nbsp; Siavash Mahmoudi &nbsp;&nbsp;&nbsp;&nbsp;&nbsp;&nbsp;&nbsp;&nbsp;&nbsp;&nbsp; 16 ans &nbsp;&nbsp;&nbsp;&nbsp;&nbsp;&nbsp;&nbsp;&nbsp;&nbsp;&nbsp; T\u00e9h\u00e9ran &nbsp;&nbsp;&nbsp;&nbsp;&nbsp;&nbsp;&nbsp;&nbsp;&nbsp;&nbsp;&nbsp;&nbsp;&nbsp;&nbsp;&nbsp;&nbsp;&nbsp;&nbsp; 27 septembre 2022 &nbsp;<\/p>\n\n\n\n<p>30 &nbsp;&nbsp;&nbsp;&nbsp; Mohammad Javad Zamani &nbsp;16 ans &nbsp;&nbsp;&nbsp;&nbsp;&nbsp;&nbsp; T\u00e9h\u00e9ran&nbsp;&nbsp;&nbsp;&nbsp;&nbsp;&nbsp;&nbsp; &nbsp;&nbsp;&nbsp;&nbsp;&nbsp;&nbsp;&nbsp;&nbsp;&nbsp;&nbsp;&nbsp; 22 septembre 2022<\/p>\n\n\n\n<p>31 &nbsp;&nbsp;&nbsp;&nbsp; Mohammad Iqbal &nbsp; &nbsp;&nbsp;&nbsp;&nbsp;&nbsp;&nbsp;&nbsp;&nbsp;&nbsp;&nbsp;&nbsp; 16 ans &nbsp;&nbsp;&nbsp;&nbsp;&nbsp;&nbsp;&nbsp;&nbsp;&nbsp;&nbsp; Zahedan &nbsp;&nbsp;&nbsp;&nbsp;&nbsp;&nbsp;&nbsp;&nbsp;&nbsp;&nbsp;&nbsp;&nbsp;&nbsp;&nbsp;&nbsp;&nbsp;&nbsp;&nbsp; 30 septembre 2022<\/p>\n\n\n\n<p>Naib Zahi (Shahnawazi)<\/p>\n\n\n\n<p>32 &nbsp;&nbsp;&nbsp;&nbsp; Nima Shafiq Dost &nbsp; &nbsp;&nbsp;&nbsp;&nbsp;&nbsp;&nbsp;&nbsp;&nbsp;&nbsp;&nbsp;&nbsp; 16 ans &nbsp;&nbsp;&nbsp;&nbsp;&nbsp;&nbsp;&nbsp;&nbsp;&nbsp;&nbsp; Oroumieh &nbsp;&nbsp;&nbsp;&nbsp;&nbsp;&nbsp;&nbsp;&nbsp;&nbsp;&nbsp;&nbsp;&nbsp;&nbsp;&nbsp;&nbsp; 5 octobre 2022<\/p>\n\n\n\n<p>33 &nbsp;&nbsp;&nbsp;&nbsp; Abulfazl Adinezadeh &nbsp;&nbsp;&nbsp;&nbsp;&nbsp;&nbsp;&nbsp;&nbsp; 16 ans &nbsp;&nbsp;&nbsp;&nbsp;&nbsp;&nbsp;&nbsp;&nbsp;&nbsp;&nbsp; Mashhad &nbsp;&nbsp;&nbsp;&nbsp;&nbsp;&nbsp;&nbsp;&nbsp;&nbsp;&nbsp;&nbsp;&nbsp;&nbsp;&nbsp;&nbsp;&nbsp;&nbsp; 12 octobre 2022<\/p>\n\n\n\n<p>34 &nbsp;&nbsp;&nbsp;&nbsp; Asra Panahi &nbsp;&nbsp;&nbsp;&nbsp;&nbsp;&nbsp;&nbsp;&nbsp;&nbsp;&nbsp;&nbsp;&nbsp;&nbsp;&nbsp;&nbsp;&nbsp;&nbsp;&nbsp;&nbsp;&nbsp;&nbsp;&nbsp;&nbsp; 16 ans &nbsp;&nbsp;&nbsp;&nbsp;&nbsp;&nbsp;&nbsp;&nbsp;&nbsp;&nbsp; Ardebil &nbsp;&nbsp;&nbsp;&nbsp;&nbsp;&nbsp;&nbsp;&nbsp;&nbsp;&nbsp;&nbsp;&nbsp;&nbsp;&nbsp;&nbsp;&nbsp;&nbsp;&nbsp;&nbsp;&nbsp; 14 octobre 2022&nbsp;<\/p>\n\n\n\n<p>35 &nbsp;&nbsp;&nbsp;&nbsp; Sami Hashemzahi &nbsp;&nbsp;&nbsp;&nbsp;&nbsp;&nbsp;&nbsp;&nbsp;&nbsp;&nbsp;&nbsp; 16 ans &nbsp;&nbsp;&nbsp;&nbsp;&nbsp;&nbsp;&nbsp;&nbsp;&nbsp;&nbsp; Zahedan &nbsp;&nbsp;&nbsp;&nbsp;&nbsp;&nbsp;&nbsp;&nbsp;&nbsp;&nbsp;&nbsp;&nbsp;&nbsp;&nbsp;&nbsp;&nbsp;&nbsp;&nbsp; 30 septembre 2022<\/p>\n\n\n\n<p>Fils de Nabi&nbsp;&nbsp;<\/p>\n\n\n\n<p>36 &nbsp;&nbsp;&nbsp;&nbsp; Reza Khoshnoud Holari &nbsp;&nbsp; 16 ans&nbsp;&nbsp;&nbsp;&nbsp;&nbsp;&nbsp;&nbsp;&nbsp;&nbsp;&nbsp;&nbsp; Sari &nbsp;&nbsp;&nbsp;&nbsp;&nbsp;&nbsp;&nbsp;&nbsp;&nbsp;&nbsp;&nbsp;&nbsp;&nbsp;&nbsp;&nbsp;&nbsp;&nbsp;&nbsp;&nbsp;&nbsp;&nbsp;&nbsp;&nbsp;&nbsp;&nbsp;&nbsp; 20 octobre 2022<\/p>\n\n\n\n<p>37&nbsp;&nbsp;&nbsp;&nbsp;&nbsp; Sarina Saedi &nbsp;&nbsp;&nbsp;&nbsp;&nbsp;&nbsp;&nbsp;&nbsp;&nbsp;&nbsp;&nbsp;&nbsp;&nbsp;&nbsp;&nbsp;&nbsp;&nbsp;&nbsp;&nbsp;&nbsp;&nbsp;&nbsp; 16 ans &nbsp;&nbsp;&nbsp;&nbsp;&nbsp;&nbsp;&nbsp;&nbsp;&nbsp;&nbsp; Sanandaj &nbsp;&nbsp;&nbsp;&nbsp;&nbsp;&nbsp;&nbsp;&nbsp;&nbsp;&nbsp;&nbsp;&nbsp;&nbsp;&nbsp;&nbsp;&nbsp; 26 octobre 2022&nbsp;<\/p>\n\n\n\n<p>38&nbsp;&nbsp;&nbsp;&nbsp;&nbsp; Abulfazl Bahou &nbsp;&nbsp;&nbsp;&nbsp;&nbsp;&nbsp;&nbsp;&nbsp;&nbsp;&nbsp;&nbsp;&nbsp;&nbsp;&nbsp;&nbsp;&nbsp;&nbsp; 16 ans &nbsp;&nbsp;&nbsp;&nbsp;&nbsp;&nbsp;&nbsp;&nbsp;&nbsp;&nbsp; Qaemshahr &nbsp;&nbsp;&nbsp;&nbsp;&nbsp;&nbsp;&nbsp;&nbsp;&nbsp;&nbsp;&nbsp; 21 septembre 2022<\/p>\n\n\n\n<p>39&nbsp;&nbsp;&nbsp;&nbsp;&nbsp; Kumar Darfatdeh &nbsp; &nbsp;&nbsp;&nbsp;&nbsp;&nbsp;&nbsp;&nbsp;&nbsp;&nbsp;&nbsp;&nbsp; 16 ans &nbsp;&nbsp;&nbsp;&nbsp;&nbsp;&nbsp;&nbsp;&nbsp;&nbsp;&nbsp; Piranshahr &nbsp; &nbsp;&nbsp;&nbsp;&nbsp;&nbsp;&nbsp;&nbsp;&nbsp;&nbsp;&nbsp;&nbsp; 29 octobre 2022&nbsp;<\/p>\n\n\n\n<p>40&nbsp;&nbsp;&nbsp;&nbsp;&nbsp; Amir Mehdi Pala\u2019i &nbsp;&nbsp;&nbsp;&nbsp;&nbsp;&nbsp;&nbsp;&nbsp;&nbsp;&nbsp;&nbsp; 16 ans&nbsp;&nbsp;&nbsp;&nbsp;&nbsp;&nbsp;&nbsp;&nbsp;&nbsp;&nbsp;&nbsp; Kish &nbsp;&nbsp;&nbsp;&nbsp;&nbsp;&nbsp;&nbsp;&nbsp;&nbsp;&nbsp;&nbsp;&nbsp;&nbsp;&nbsp;&nbsp;&nbsp;&nbsp;&nbsp;&nbsp;&nbsp;&nbsp;&nbsp;&nbsp;&nbsp;&nbsp; 8 novembre 2022<\/p>\n\n\n\n<p>41&nbsp;&nbsp;&nbsp;&nbsp;&nbsp; Milad Saidi &nbsp;&nbsp;&nbsp;&nbsp;&nbsp;&nbsp;&nbsp;&nbsp;&nbsp;&nbsp;&nbsp;&nbsp; &nbsp;&nbsp;&nbsp;&nbsp;&nbsp;&nbsp;&nbsp;&nbsp;&nbsp;&nbsp;&nbsp; 16 ans &nbsp;&nbsp;&nbsp;&nbsp;&nbsp;&nbsp;&nbsp;&nbsp;&nbsp;&nbsp; Shahsavar-Tankabon 15 novembre 2022<\/p>\n\n\n\n<p>42&nbsp; &nbsp;&nbsp;&nbsp; Mehrdad Behnam Asl&nbsp;&nbsp;&nbsp;&nbsp;&nbsp;&nbsp; 17 ans &nbsp;&nbsp;&nbsp;&nbsp;&nbsp;&nbsp;&nbsp;&nbsp;&nbsp;&nbsp; Dehdasht&nbsp;&nbsp;&nbsp;&nbsp;&nbsp;&nbsp;&nbsp;&nbsp;&nbsp;&nbsp;&nbsp;&nbsp;&nbsp;&nbsp;&nbsp;&nbsp;&nbsp; 22 septembre 2022<\/p>\n\n\n\n<p>43 &nbsp;&nbsp;&nbsp;&nbsp; Parsa Rezadoost &nbsp;&nbsp;&nbsp; &nbsp;&nbsp;&nbsp;&nbsp;&nbsp;&nbsp;&nbsp;&nbsp;&nbsp;&nbsp;&nbsp; 17 ans &nbsp;&nbsp;&nbsp;&nbsp;&nbsp;&nbsp;&nbsp;&nbsp;&nbsp;&nbsp; Hashtgerd&nbsp;&nbsp;&nbsp;&nbsp;&nbsp;&nbsp;&nbsp;&nbsp;&nbsp;&nbsp;&nbsp;&nbsp;&nbsp;&nbsp;&nbsp;&nbsp; 23 octobre 2022&nbsp;<\/p>\n\n\n\n<p>44 &nbsp;&nbsp;&nbsp;&nbsp; Puya (Ali) Ahmadpur Pishkhani 17 ans Rasht &nbsp;&nbsp;&nbsp;&nbsp;&nbsp;&nbsp;&nbsp;&nbsp;&nbsp; &nbsp;&nbsp;&nbsp;&nbsp;&nbsp;&nbsp;&nbsp;&nbsp;&nbsp;&nbsp;&nbsp; 23 septembre 2022<\/p>\n\n\n\n<p>45 &nbsp;&nbsp;&nbsp;&nbsp; Nika Shakrami &nbsp;&nbsp;&nbsp;&nbsp;&nbsp;&nbsp;&nbsp;&nbsp;&nbsp;&nbsp;&nbsp;&nbsp;&nbsp;&nbsp;&nbsp;&nbsp;&nbsp; 17 ans &nbsp;&nbsp;&nbsp;&nbsp;&nbsp;&nbsp;&nbsp;&nbsp;&nbsp;&nbsp; T\u00e9h\u00e9ran &nbsp;&nbsp;&nbsp;&nbsp;&nbsp;&nbsp;&nbsp;&nbsp;&nbsp;&nbsp;&nbsp;&nbsp;&nbsp;&nbsp;&nbsp;&nbsp;&nbsp;&nbsp; 29 septembre 2022<\/p>\n\n\n\n<p>46&nbsp; &nbsp;&nbsp;&nbsp; Mohammad Amin Gomshadzehi 17 ans Zahedan &nbsp;&nbsp;&nbsp;&nbsp; &nbsp;&nbsp;&nbsp;&nbsp;&nbsp;&nbsp;&nbsp;&nbsp;&nbsp;&nbsp;&nbsp; 30 septembre 2022<\/p>\n\n\n\n<p>47&nbsp;&nbsp;&nbsp;&nbsp;&nbsp; Amir Mahdi Farkhipour 17 ans &nbsp;&nbsp;&nbsp;&nbsp;&nbsp;&nbsp;&nbsp;&nbsp;&nbsp;&nbsp;&nbsp; T\u00e9h\u00e9ran &nbsp;&nbsp;&nbsp;&nbsp;&nbsp;&nbsp;&nbsp;&nbsp;&nbsp;&nbsp;&nbsp;&nbsp;&nbsp;&nbsp;&nbsp;&nbsp;&nbsp;&nbsp; 23 septembre 2022<\/p>\n\n\n\n<p>48 &nbsp;&nbsp;&nbsp;&nbsp; Omid Safarzahi &nbsp;&nbsp;&nbsp;&nbsp;&nbsp;&nbsp;&nbsp;&nbsp;&nbsp;&nbsp;&nbsp;&nbsp;&nbsp;&nbsp;&nbsp;&nbsp;&nbsp; 17 ans &nbsp;&nbsp;&nbsp;&nbsp;&nbsp;&nbsp;&nbsp;&nbsp;&nbsp;&nbsp; Zahedan &nbsp;&nbsp;&nbsp;&nbsp;&nbsp;&nbsp;&nbsp;&nbsp;&nbsp;&nbsp;&nbsp;&nbsp;&nbsp;&nbsp;&nbsp;&nbsp;&nbsp;&nbsp; 30 septembre 2022<\/p>\n\n\n\n<p>49&nbsp;&nbsp;&nbsp;&nbsp;&nbsp; Setareh Tadjik &nbsp;&nbsp;&nbsp;&nbsp;&nbsp;&nbsp;&nbsp;&nbsp;&nbsp;&nbsp;&nbsp;&nbsp;&nbsp;&nbsp;&nbsp;&nbsp;&nbsp;&nbsp; 17 ans &nbsp;&nbsp;&nbsp;&nbsp;&nbsp;&nbsp;&nbsp;&nbsp;&nbsp;&nbsp; T\u00e9h\u00e9ran &nbsp;&nbsp;&nbsp;&nbsp;&nbsp;&nbsp;&nbsp;&nbsp;&nbsp;&nbsp;&nbsp;&nbsp;&nbsp;&nbsp;&nbsp;&nbsp;&nbsp;&nbsp; 22 septembre 2022<\/p>\n\n\n\n<p>50 &nbsp;&nbsp;&nbsp;&nbsp; Arnica Qaem Magham&nbsp; &nbsp;&nbsp;&nbsp; 17 ans &nbsp;&nbsp;&nbsp;&nbsp;&nbsp;&nbsp;&nbsp;&nbsp;&nbsp;&nbsp; T\u00e9h\u00e9ran &nbsp;&nbsp;&nbsp;&nbsp;&nbsp;&nbsp;&nbsp;&nbsp;&nbsp;&nbsp;&nbsp;&nbsp;&nbsp;&nbsp;&nbsp;&nbsp;&nbsp;&nbsp; 22 octobre 2022<\/p>\n\n\n\n<p>51 &nbsp;&nbsp;&nbsp;&nbsp; Mehdi Farhani &nbsp;&nbsp;&nbsp;&nbsp;&nbsp;&nbsp;&nbsp;&nbsp;&nbsp;&nbsp;&nbsp;&nbsp;&nbsp;&nbsp;&nbsp;&nbsp;&nbsp;&nbsp; 17 ans &nbsp;&nbsp;&nbsp;&nbsp;&nbsp;&nbsp;&nbsp;&nbsp;&nbsp;&nbsp; Khorramshahr &nbsp;&nbsp;&nbsp;&nbsp;&nbsp;&nbsp; 22 octobre 2022<\/p>\n\n\n\n<p>52&nbsp;&nbsp;&nbsp; Sadaf Movahedi &nbsp;&nbsp;&nbsp;&nbsp;&nbsp;&nbsp;&nbsp;&nbsp;&nbsp;&nbsp;&nbsp;&nbsp;&nbsp;&nbsp;&nbsp;&nbsp;&nbsp;&nbsp; 17 ans &nbsp;&nbsp;&nbsp;&nbsp;&nbsp;&nbsp;&nbsp;&nbsp;&nbsp;&nbsp; T\u00e9h\u00e9ran &nbsp;&nbsp;&nbsp;&nbsp;&nbsp;&nbsp;&nbsp;&nbsp;&nbsp;&nbsp;&nbsp;&nbsp;&nbsp;&nbsp;&nbsp;&nbsp;&nbsp;&nbsp; 18 octobre 2022<\/p>\n\n\n\n<p>53&nbsp;&nbsp;&nbsp;&nbsp;&nbsp; Amir Mahdi Malek Mohammadi 17 ans T\u00e9h\u00e9ran &nbsp;&nbsp;&nbsp;&nbsp; &nbsp;&nbsp;&nbsp;&nbsp;&nbsp;&nbsp;&nbsp;&nbsp;&nbsp;&nbsp;&nbsp; 21 septembre 2022<\/p>\n\n\n\n<p>54&nbsp;&nbsp;&nbsp;&nbsp;&nbsp; Nima Nouri &nbsp;&nbsp;&nbsp;&nbsp;&nbsp;&nbsp;&nbsp;&nbsp;&nbsp;&nbsp;&nbsp;&nbsp; &nbsp;&nbsp;&nbsp;&nbsp;&nbsp;&nbsp;&nbsp;&nbsp;&nbsp;&nbsp;&nbsp; 17 ans &nbsp;&nbsp;&nbsp;&nbsp;&nbsp;&nbsp;&nbsp;&nbsp;&nbsp;&nbsp; Karaj &nbsp;&nbsp;&nbsp;&nbsp;&nbsp;&nbsp;&nbsp;&nbsp;&nbsp;&nbsp;&nbsp; &nbsp;&nbsp;&nbsp;&nbsp;&nbsp;&nbsp;&nbsp;&nbsp;&nbsp;&nbsp;&nbsp; 3 novembre 2022<\/p>\n\n\n\n<p>55&nbsp;&nbsp;&nbsp;&nbsp;&nbsp; Mohammad Ghaemi Far Asterki 17 ans Dezfoul &nbsp;&nbsp;&nbsp;&nbsp;&nbsp; &nbsp;&nbsp;&nbsp;&nbsp;&nbsp;&nbsp;&nbsp;&nbsp;&nbsp;&nbsp;&nbsp; 6 novembre 2022&nbsp;<\/p>\n\n\n\n<p>56&nbsp;&nbsp;&nbsp;&nbsp;&nbsp; Mahdis Hosseini &nbsp;&nbsp;&nbsp; &nbsp;&nbsp;&nbsp;&nbsp;&nbsp;&nbsp;&nbsp;&nbsp;&nbsp;&nbsp;&nbsp; 17 ans &nbsp;&nbsp;&nbsp;&nbsp;&nbsp;&nbsp;&nbsp;&nbsp;&nbsp;&nbsp; Amol &nbsp;&nbsp;&nbsp;&nbsp;&nbsp;&nbsp;&nbsp;&nbsp;&nbsp;&nbsp;&nbsp;&nbsp; &nbsp;&nbsp;&nbsp;&nbsp;&nbsp;&nbsp;&nbsp;&nbsp;&nbsp;&nbsp;&nbsp; 3 novembre 2022<\/p>\n\n\n\n<p>57 &nbsp;&nbsp;&nbsp;&nbsp; Ali Abiyar &nbsp;&nbsp;&nbsp;&nbsp;&nbsp;&nbsp;&nbsp;&nbsp;&nbsp;&nbsp;&nbsp;&nbsp;&nbsp;&nbsp;&nbsp;&nbsp;&nbsp;&nbsp;&nbsp;&nbsp;&nbsp;&nbsp;&nbsp;&nbsp;&nbsp;&nbsp;&nbsp; 17 ans &nbsp;&nbsp;&nbsp;&nbsp;&nbsp;&nbsp;&nbsp;&nbsp;&nbsp;&nbsp; Takab&nbsp;&nbsp;&nbsp;&nbsp;&nbsp;&nbsp;&nbsp;&nbsp;&nbsp;&nbsp;&nbsp; &nbsp;&nbsp;&nbsp;&nbsp;&nbsp;&nbsp;&nbsp;&nbsp;&nbsp;&nbsp;&nbsp; 12 novembre 2022<\/p>\n\n\n\n<p>58 &nbsp;&nbsp;&nbsp;&nbsp; Danial Banyan &nbsp;&nbsp;&nbsp;&nbsp;&nbsp;&nbsp;&nbsp;&nbsp;&nbsp;&nbsp;&nbsp;&nbsp;&nbsp;&nbsp;&nbsp;&nbsp;&nbsp;&nbsp; 17 ans &nbsp;&nbsp;&nbsp;&nbsp;&nbsp;&nbsp;&nbsp;&nbsp;&nbsp;&nbsp; Saqqez&nbsp;&nbsp;&nbsp;&nbsp;&nbsp;&nbsp;&nbsp;&nbsp;&nbsp;&nbsp; &nbsp;&nbsp;&nbsp;&nbsp;&nbsp;&nbsp;&nbsp;&nbsp;&nbsp;&nbsp;&nbsp; 16 novembre 2022&nbsp;<\/p>\n","protected":false},"excerpt":{"rendered":"<p>Appel \u00e0 une action imm\u00e9diate du Conseil de s\u00e9curit\u00e9 et de l&#8217;Union europ\u00e9enne pour mettre fin \u00e0 la tuerie des enfants et lib\u00e9rer les enfants emprisonn\u00e9s en Iran Pour la journ\u00e9e mondiale de l\u2019enfance :\u200c Appel \u00e0 une action imm\u00e9diate du Conseil de s\u00e9curit\u00e9 et de l&#8217;Union europ\u00e9enne pour mettre fin \u00e0 la tuerie des [&hellip;]<\/p>\n","protected":false},"author":4,"featured_media":11694,"comment_status":"closed","ping_status":"closed","sticky":false,"template":"","format":"standard","meta":{"jnews-multi-image_gallery":[],"jnews_single_post":{"subtitle":"","format":"standard","video":"","gallery":"","source_name":"","source_url":"","via_name":"","via_url":"","override_template":"0","override":[{"template":"7","single_blog_custom":"","parallax":"1","fullscreen":"1","layout":"right-sidebar","sidebar":"default-sidebar","second_sidebar":"default-sidebar","sticky_sidebar":"1","share_position":"floatbottom","share_float_style":"share-normal","show_share_counter":"1","show_view_counter":"1","show_featured":"1","show_post_meta":"1","show_post_author":"0","show_post_author_image":"1","show_post_date":"1","post_date_format":"default","post_date_format_custom":"Y\/m\/d","show_post_category":"1","show_post_reading_time":"0","post_reading_time_wpm":"300","show_zoom_button":"0","zoom_button_out_step":"2","zoom_button_in_step":"3","show_post_tag":"1","show_prev_next_post":"0","show_popup_post":"1","number_popup_post":"1","show_author_box":"0","show_post_related":"1","show_inline_post_related":"0"}],"override_image_size":"0","image_override":[{"single_post_thumbnail_size":"crop-500","single_post_gallery_size":"crop-500"}],"trending_post":"0","trending_post_position":"meta","trending_post_label":"Trending","sponsored_post":"0","sponsored_post_label":"Sponsored by","sponsored_post_name":"","sponsored_post_url":"","sponsored_post_logo_enable":"0","sponsored_post_logo":"","sponsored_post_desc":"","disable_ad":"0"},"jnews_primary_category":{"id":"","hide":""},"jnews_social_meta":{"fb_title":"","fb_description":"","fb_image":"","twitter_title":"","twitter_description":"","twitter_image":""},"jnews_override_counter":{"override_view_counter":"0","view_counter_number":"0","override_share_counter":"0","share_counter_number":"0","override_like_counter":"0","like_counter_number":"0","override_dislike_counter":"0","dislike_counter_number":"0"},"footnotes":""},"categories":[5],"tags":[366,369,376],"class_list":["post-17014","post","type-post","status-publish","format-standard","has-post-thumbnail","hentry","category-communiques","tag-la-petite-fille","tag-manifestations","tag-violence-contre-les-femmes"],"_links":{"self":[{"href":"https:\/\/wncri.org\/fr\/wp-json\/wp\/v2\/posts\/17014","targetHints":{"allow":["GET"]}}],"collection":[{"href":"https:\/\/wncri.org\/fr\/wp-json\/wp\/v2\/posts"}],"about":[{"href":"https:\/\/wncri.org\/fr\/wp-json\/wp\/v2\/types\/post"}],"author":[{"embeddable":true,"href":"https:\/\/wncri.org\/fr\/wp-json\/wp\/v2\/users\/4"}],"replies":[{"embeddable":true,"href":"https:\/\/wncri.org\/fr\/wp-json\/wp\/v2\/comments?post=17014"}],"version-history":[{"count":1,"href":"https:\/\/wncri.org\/fr\/wp-json\/wp\/v2\/posts\/17014\/revisions"}],"predecessor-version":[{"id":17015,"href":"https:\/\/wncri.org\/fr\/wp-json\/wp\/v2\/posts\/17014\/revisions\/17015"}],"wp:featuredmedia":[{"embeddable":true,"href":"https:\/\/wncri.org\/fr\/wp-json\/wp\/v2\/media\/11694"}],"wp:attachment":[{"href":"https:\/\/wncri.org\/fr\/wp-json\/wp\/v2\/media?parent=17014"}],"wp:term":[{"taxonomy":"category","embeddable":true,"href":"https:\/\/wncri.org\/fr\/wp-json\/wp\/v2\/categories?post=17014"},{"taxonomy":"post_tag","embeddable":true,"href":"https:\/\/wncri.org\/fr\/wp-json\/wp\/v2\/tags?post=17014"}],"curies":[{"name":"wp","href":"https:\/\/api.w.org\/{rel}","templated":true}]}}