{"id":17007,"date":"2022-11-18T15:58:02","date_gmt":"2022-11-18T14:58:02","guid":{"rendered":"https:\/\/wncri.org\/fr\/?p=17007"},"modified":"2022-11-19T16:23:02","modified_gmt":"2022-11-19T15:23:02","slug":"soulevement-iranien","status":"publish","type":"post","link":"https:\/\/wncri.org\/fr\/2022\/11\/18\/soulevement-iranien\/","title":{"rendered":"64e jour du soul\u00e8vement iranien &#8211; comm\u00e9moration des h\u00e9ros tu\u00e9s"},"content":{"rendered":"\n<h3 class=\"wp-block-heading\">64e jour du soul\u00e8vement iranien &#8211; comm\u00e9moration des h\u00e9ros tu\u00e9s<\/h3>\n\n\n\n<p>La d\u00e9fenseuse des droits humains Golrokh Ebrahimi Iraee reste dans les limbes plus de 50 jours apr\u00e8s son arrestation.<\/p>\n\n\n\n<p>Vendredi matin, 18 novembre 2022, 64e jour du soul\u00e8vement iranien, des milliers de personnes ont assist\u00e9 aux fun\u00e9railles des h\u00e9ros tu\u00e9s lors des manifestations nationales. Dans des manifestations massives dans les villes d&#8217;Izeh, Mahabad, Tabriz, Semirom, Kamyaran, Boukan, Sanandaj, Qazvin, etc., les foules en deuil ont appel\u00e9 au renversement du r\u00e9gime avec des chants contre Khamenei.<\/p>\n\n\n\n<p>Dans le m\u00eame temps, les habitants de diff\u00e9rentes villes de la province du Sistan-et-Balouchestan ont commenc\u00e9 \u00e0 manifester apr\u00e8s la pri\u00e8re du vendredi avec des slogans &#8220;mort \u00e0 Khamenei&#8221;.<\/p>\n\n\n<div class=\"wp-block-image\">\n<figure class=\"aligncenter size-full\"><img decoding=\"async\" src=\"data:image\/gif;base64,R0lGODlhAQABAIAAAAAAAP\/\/\/yH5BAEAAAAALAAAAAABAAEAAAIBRAA7\" data-src=\"https:\/\/wncri.org\/fr\/wp-content\/uploads\/2022\/11\/Aylar-Haghi-2-min.jpg\" alt=\"Aylar Haghi, 23 ans, \u00e9tait \u00e9tudiant en m\u00e9decine \u00e0 l'universit\u00e9 Azad de Tabriz.\" class=\"wp-image-17008 lazyload\"\/><noscript><img decoding=\"async\" width=\"750\" height=\"375\" src=\"https:\/\/wncri.org\/fr\/wp-content\/uploads\/2022\/11\/Aylar-Haghi-2-min.jpg\" alt=\"Aylar Haghi, 23 ans, \u00e9tait \u00e9tudiant en m\u00e9decine \u00e0 l'universit\u00e9 Azad de Tabriz.\" class=\"wp-image-17008 lazyload\" srcset=\"https:\/\/wncri.org\/fr\/wp-content\/uploads\/2022\/11\/Aylar-Haghi-2-min.jpg 750w, https:\/\/wncri.org\/fr\/wp-content\/uploads\/2022\/11\/Aylar-Haghi-2-min-300x150.jpg 300w, https:\/\/wncri.org\/fr\/wp-content\/uploads\/2022\/11\/Aylar-Haghi-2-min-360x180.jpg 360w\" sizes=\"(max-width: 750px) 100vw, 750px\" \/><\/noscript><figcaption class=\"wp-element-caption\">Aylar Haghi, 23 ans, \u00e9tait \u00e9tudiant en m\u00e9decine \u00e0 l&#8217;universit\u00e9 Azad de Tabriz.<\/figcaption><\/figure>\n<\/div>\n\n\n<p>La c\u00e9r\u00e9monie fun\u00e9raire <a href=\"https:\/\/wncri.org\/fr\/2022\/11\/17\/aylar-haghi\/\" target=\"_blank\" rel=\"noreferrer noopener\">d&#8217;Aylar Haghi<\/a>, tu\u00e9 lors des manifestations, s&#8217;est tenue le vendredi 18 novembre au cimeti\u00e8re de Wadi Rahmat \u00e0 Tabriz. Les participants ont scand\u00e9 : &#8220;Khamenei sera renvers\u00e9 cette ann\u00e9e&#8221; et &#8220;<a href=\"https:\/\/www.youtube.com\/watch?v=pFYkzHn2TrI\" target=\"_blank\" rel=\"noopener\">Nous <\/a><a href=\"https:\/\/www.youtube.com\/watch?v=pFYkzHn2TrI\" target=\"_blank\" rel=\"noreferrer noopener\">sommes <\/a><a href=\"https:\/\/www.youtube.com\/watch?v=pFYkzHn2TrI\" target=\"_blank\" rel=\"noopener\">tous des Aylar<\/a> ; combattez, et nous riposterons !&#8221;<\/p>\n\n\n\n<p>Aylar Haghi, 23 ans, \u00e9tudiante en m\u00e9decine \u00e0 l&#8217;universit\u00e9 Azad de Tabriz, est d\u00e9c\u00e9d\u00e9e lors des manifestations dans la soir\u00e9e du 16 novembre. Selon les m\u00e9dias sociaux, Aylar Haghi s&#8217;\u00e9tait r\u00e9fugi\u00e9e dans un b\u00e2timent mais a \u00e9t\u00e9 jet\u00e9e \u00e0 terre par les forces r\u00e9pressives et est morte apr\u00e8s qu&#8217;une barre d&#8217;armature lui a transperc\u00e9 l&#8217;abdomen.<\/p>\n\n\n\n<p>Par ailleurs, des personnes ont enterr\u00e9 le corps de Kian Pirfalak, un enfant de dix ans qui a \u00e9t\u00e9 mitraill\u00e9 par des gardes de l&#8217;IRGC alors qu&#8217;il passait en voiture avec son p\u00e8re. Kian est mort sur le coup et son p\u00e8re, Maysam Pirfalak, a \u00e9t\u00e9 emmen\u00e9 \u00e0 l&#8217;h\u00f4pital de Golestan. Les balles l&#8217;ont atteint par la gauche et ont bless\u00e9 sa moelle \u00e9pini\u00e8re. M. Pirfalak a \u00e9t\u00e9 op\u00e9r\u00e9 une premi\u00e8re fois, mais il a perdu la vie.<\/p>\n\n\n\n<p>La famille de Kian l&#8217;a gard\u00e9 avec de la glace \u00e0 la maison jusqu&#8217;\u00e0 l&#8217;enterrement, craignant que les gardes ne volent son corps \u00e0 la morgue. Avant cela, les gardes de l&#8217;IRGC avaient arrach\u00e9 le corps de Sepehr Maghsoudi, 14 ans, de la morgue. Sepehr avait re\u00e7u une balle dans la t\u00eate.<\/p>\n\n\n\n<p>N\u00e9 en 2013, Kian Pirfalak aimait devenir un pilote et un inventeur. Il \u00e9tait membre de l&#8217;\u00e9quipe robotique de son \u00e9cole.<\/p>\n\n\n\n<p>Au m\u00eame moment, les habitants d&#8217;Izeh ont organis\u00e9 les fun\u00e9railles d&#8217;Artin Rahmani, 14 ans, qui a \u00e9t\u00e9 tu\u00e9 par des agents de s\u00e9curit\u00e9 \u00e0 Izeh le 16 novembre. La grande foule de participants a scand\u00e9 &#8220;Mort \u00e0 Khamenei&#8221; et &#8220;Mort \u00e0 tout le syst\u00e8me&#8221;.<\/p>\n\n\n<div class=\"wp-block-image\">\n<figure class=\"aligncenter size-full\"><img decoding=\"async\" src=\"data:image\/gif;base64,R0lGODlhAQABAIAAAAAAAP\/\/\/yH5BAEAAAAALAAAAAABAAEAAAIBRAA7\" data-src=\"https:\/\/wncri.org\/fr\/wp-content\/uploads\/2022\/11\/Kian-Pirfalak-Sepehr-Maghsoudi-min.jpg\" alt=\"Victimes innocentes tu\u00e9es \u00e0 Izeh, de gauche \u00e0 droite : Artin Rahmani, Kian Pirfalak, Sepehr Maghsoudi.\" class=\"wp-image-17011 lazyload\"\/><noscript><img decoding=\"async\" width=\"750\" height=\"375\" src=\"https:\/\/wncri.org\/fr\/wp-content\/uploads\/2022\/11\/Kian-Pirfalak-Sepehr-Maghsoudi-min.jpg\" alt=\"Victimes innocentes tu\u00e9es \u00e0 Izeh, de gauche \u00e0 droite : Artin Rahmani, Kian Pirfalak, Sepehr Maghsoudi.\" class=\"wp-image-17011 lazyload\" srcset=\"https:\/\/wncri.org\/fr\/wp-content\/uploads\/2022\/11\/Kian-Pirfalak-Sepehr-Maghsoudi-min.jpg 750w, https:\/\/wncri.org\/fr\/wp-content\/uploads\/2022\/11\/Kian-Pirfalak-Sepehr-Maghsoudi-min-300x150.jpg 300w, https:\/\/wncri.org\/fr\/wp-content\/uploads\/2022\/11\/Kian-Pirfalak-Sepehr-Maghsoudi-min-360x180.jpg 360w\" sizes=\"(max-width: 750px) 100vw, 750px\" \/><\/noscript><figcaption class=\"wp-element-caption\">Victimes innocentes tu\u00e9es \u00e0 Izeh, de gauche \u00e0 droite : Artin Rahmani, Kian Pirfalak, Sepehr Maghsoudi.<\/figcaption><\/figure>\n<\/div>\n\n\n<p>Par ailleurs, plusieurs milliers de personnes de Mahabad se sont rassembl\u00e9es au jardin Ferdows pour l&#8217;enterrement d&#8217;Azad Hosseinpour, \u00e9galement tu\u00e9 par des gardes lors des manifestations de la veille. Les gens l&#8217;ont accompagn\u00e9 aux slogans &#8220;Mort \u00e0 Khamenei&#8221;.<\/p>\n\n\n\n<p>De m\u00eame, dans diff\u00e9rentes villes de la province du Sistan-et-Balouchestan, dont Zahedan, Saravan, Chabahar, Khach, Iranchahr, Taftan, Achar, etc., une grande foule de fid\u00e8les a manifest\u00e9 dans les rues apr\u00e8s la pri\u00e8re du vendredi, en scandant &#8220;Mort \u00e0 Khamenei&#8221;, &#8220;Mort \u00e0 Bassidji&#8221;, &#8220;Khamenei est un meurtrier, son r\u00e8gne est ill\u00e9gitime.&#8221;<\/p>\n\n\n<div class=\"wp-block-image\">\n<figure class=\"aligncenter size-full\"><img decoding=\"async\" src=\"data:image\/gif;base64,R0lGODlhAQABAIAAAAAAAP\/\/\/yH5BAEAAAAALAAAAAABAAEAAAIBRAA7\" data-src=\"https:\/\/wncri.org\/fr\/wp-content\/uploads\/2022\/11\/Golrokh-Ebrahimi-Iraee-min.jpg\" alt=\"Le prisonnier politique Golrokh Iraee reste en d\u00e9tention sans avoir \u00e9t\u00e9 jug\u00e9.\" class=\"wp-image-17010 lazyload\"\/><noscript><img decoding=\"async\" width=\"750\" height=\"375\" src=\"https:\/\/wncri.org\/fr\/wp-content\/uploads\/2022\/11\/Golrokh-Ebrahimi-Iraee-min.jpg\" alt=\"Le prisonnier politique Golrokh Iraee reste en d\u00e9tention sans avoir \u00e9t\u00e9 jug\u00e9.\" class=\"wp-image-17010 lazyload\" srcset=\"https:\/\/wncri.org\/fr\/wp-content\/uploads\/2022\/11\/Golrokh-Ebrahimi-Iraee-min.jpg 750w, https:\/\/wncri.org\/fr\/wp-content\/uploads\/2022\/11\/Golrokh-Ebrahimi-Iraee-min-300x150.jpg 300w, https:\/\/wncri.org\/fr\/wp-content\/uploads\/2022\/11\/Golrokh-Ebrahimi-Iraee-min-360x180.jpg 360w\" sizes=\"(max-width: 750px) 100vw, 750px\" \/><\/noscript><figcaption class=\"wp-element-caption\">Le prisonnier politique Golrokh Iraee reste en d\u00e9tention sans avoir \u00e9t\u00e9 jug\u00e9.<\/figcaption><\/figure>\n<\/div>\n\n\n<h3 class=\"wp-block-heading\"><strong>50 jours apr\u00e8s son arrestation, Golrokh Iraee reste incarc\u00e9r\u00e9e dans les limbes<\/strong><\/h3>\n\n\n\n<p>Plus de 50 jours apr\u00e8s son <a href=\"https:\/\/wncri.org\/fr\/2022\/10\/13\/28e-jour-des-manifestations\/\" target=\"_blank\" rel=\"noreferrer noopener\">arrestation<\/a>, la d\u00e9fenseuse des droits humains Golrokh Ebrahimi Iraee est toujours incarc\u00e9r\u00e9e \u00e0 <a href=\"https:\/\/wncri.org\/fr\/2021\/12\/10\/les-conditions-des-femmes-prisons\/\" target=\"_blank\" rel=\"noreferrer noopener\">la prison de Qarchak<\/a>, sans caution ni droit de visite et sans acc\u00e8s \u00e0 un avocat.<\/p>\n\n\n\n<p>Mahmoud Haj Moradi, l&#8217;interrogateur de la 2e branche du bureau du procureur d&#8217;Evine, l&#8217;a accus\u00e9e de &#8220;propagande contre l&#8217;\u00c9tat&#8221; et de &#8220;rassemblement et collusion&#8221;. Golrokh lui a demand\u00e9 : &#8220;Avec qui ai-je \u00e9t\u00e9 de connivence et comment ?&#8221; Haj Moradi n&#8217;a pas eu de r\u00e9ponse ! Malgr\u00e9 toutes les relances faites par sa famille, les forces de s\u00e9curit\u00e9 emp\u00eachent la lib\u00e9ration de Golrokh.<\/p>\n\n\n\n<p>Des agents des services des renseignements ont fait <a href=\"https:\/\/wncri.org\/fr\/2022\/09\/27\/militants-des-droits-de-lhomme\/\" target=\"_blank\" rel=\"noreferrer noopener\">irruption<\/a> dans le domicile de Mme Iraee le 26 septembre. Ils sont entr\u00e9s dans sa chambre, lui ont donn\u00e9 des coups de pied dans le ventre et l&#8217;ont jet\u00e9e sur le meuble de sa chambre. Ils ont saccag\u00e9 la maison et confisqu\u00e9 certains de ses biens. Elle est accus\u00e9e de &#8220;rassemblement et collusion&#8221;, ainsi que de &#8220;propagande contre l&#8217;\u00c9tat&#8221; en raison de ses activit\u00e9s sur ses comptes de m\u00e9dias sociaux.<\/p>\n\n\n\n<p>L&#8217;ancienne prisonni\u00e8re politique a \u00e9t\u00e9 arr\u00eat\u00e9e et emprisonn\u00e9e \u00e0 plusieurs reprises depuis 2014. Elle avait \u00e9t\u00e9 r\u00e9cemment lib\u00e9r\u00e9e de la prison d&#8217;Amol le 9 mai 2022.<\/p>\n\n\n<div class=\"wp-block-image\">\n<figure class=\"aligncenter size-full\"><img decoding=\"async\" src=\"data:image\/gif;base64,R0lGODlhAQABAIAAAAAAAP\/\/\/yH5BAEAAAAALAAAAAABAAEAAAIBRAA7\" data-src=\"https:\/\/wncri.org\/fr\/wp-content\/uploads\/2022\/11\/Lakan-Prison-of-Rasht-min.jpg\" alt=\"Le centre de r\u00e9forme et de r\u00e9adaptation ou le quartier des femmes de la prison de Lakan, \u00e0 Rasht.\" class=\"wp-image-17012 lazyload\"\/><noscript><img decoding=\"async\" width=\"750\" height=\"375\" src=\"https:\/\/wncri.org\/fr\/wp-content\/uploads\/2022\/11\/Lakan-Prison-of-Rasht-min.jpg\" alt=\"Le centre de r\u00e9forme et de r\u00e9adaptation ou le quartier des femmes de la prison de Lakan, \u00e0 Rasht.\" class=\"wp-image-17012 lazyload\" srcset=\"https:\/\/wncri.org\/fr\/wp-content\/uploads\/2022\/11\/Lakan-Prison-of-Rasht-min.jpg 750w, https:\/\/wncri.org\/fr\/wp-content\/uploads\/2022\/11\/Lakan-Prison-of-Rasht-min-300x150.jpg 300w, https:\/\/wncri.org\/fr\/wp-content\/uploads\/2022\/11\/Lakan-Prison-of-Rasht-min-360x180.jpg 360w\" sizes=\"(max-width: 750px) 100vw, 750px\" \/><\/noscript><figcaption class=\"wp-element-caption\">Le centre de r\u00e9forme et de r\u00e9adaptation ou le quartier des femmes de la prison de Lakan, \u00e0 Rasht.<\/figcaption><\/figure>\n<\/div>\n\n\n<h3 class=\"wp-block-heading\"><strong>Les femmes arr\u00eat\u00e9es lors des manifestations \u00e0 Racht ont pour la plupart moins de 25 ans<\/strong><\/h3>\n\n\n\n<p>Selon des informations r\u00e9centes en provenance de Racht, l&#8217;\u00e2ge moyen des femmes arr\u00eat\u00e9es lors des manifestations nationales \u00e0 Racht se situe entre 20 et 40 ans, et la plupart d&#8217;entre elles ont moins de 25 ans. Les femmes arr\u00eat\u00e9es lors des manifestations nationales \u00e0 Racht sont enferm\u00e9es dans le quartier de quarantaine <a href=\"https:\/\/wncri.org\/fr\/2021\/12\/10\/les-conditions-des-femmes-prisons\/\" target=\"_blank\" rel=\"noreferrer noopener\">de la prison de Lakan<\/a>, connue sous le nom de &#8220;centre de r\u00e9forme et de r\u00e9habilitation&#8221;.<\/p>\n\n\n\n<p>Concernant la d\u00e9tention des femmes et des jeunes filles arr\u00eat\u00e9es dans le &#8220;Centre de r\u00e9forme et de r\u00e9habilitation&#8221;, une source fiable a d\u00e9clar\u00e9 : &#8220;Actuellement, environ 70 femmes arr\u00eat\u00e9es pendant les manifestations ont \u00e9t\u00e9 transf\u00e9r\u00e9es dans ce service. Avant cela, environ 50 femmes \u00e9taient emprisonn\u00e9es dans cet endroit. Mais avec l&#8217;augmentation des arrestations, les autorit\u00e9s p\u00e9nitentiaires ont \u00e9t\u00e9 oblig\u00e9es d&#8217;ajouter du personnel p\u00e9nitentiaire pour contr\u00f4ler ce quartier.&#8221;<\/p>\n\n\n\n<p>Aujourd&#8217;hui, avec l&#8217;arrestation de milliers de jeunes, l&#8217;Organisation des prisons doit utiliser toutes les installations \u00e0 sa disposition, m\u00eame des silos vides, pour enfermer les d\u00e9tenus dans des conditions totalement inhumaines et sans le moindre am\u00e9nagement.<\/p>\n","protected":false},"excerpt":{"rendered":"<p>64e jour du soul\u00e8vement iranien &#8211; comm\u00e9moration des h\u00e9ros tu\u00e9s La d\u00e9fenseuse des droits humains Golrokh Ebrahimi Iraee reste dans les limbes plus de 50 jours apr\u00e8s son arrestation. Vendredi matin, 18 novembre 2022, 64e jour du soul\u00e8vement iranien, des milliers de personnes ont assist\u00e9 aux fun\u00e9railles des h\u00e9ros tu\u00e9s lors des manifestations nationales. Dans [&hellip;]<\/p>\n","protected":false},"author":4,"featured_media":17009,"comment_status":"closed","ping_status":"closed","sticky":false,"template":"","format":"standard","meta":{"jnews-multi-image_gallery":[],"jnews_single_post":{"subtitle":"","format":"standard","video":"","gallery":"","source_name":"","source_url":"","via_name":"","via_url":"","override_template":"0","override":[{"template":"7","single_blog_custom":"","parallax":"1","fullscreen":"1","layout":"right-sidebar","sidebar":"default-sidebar","second_sidebar":"default-sidebar","sticky_sidebar":"1","share_position":"floatbottom","share_float_style":"share-normal","show_share_counter":"1","show_view_counter":"1","show_featured":"1","show_post_meta":"1","show_post_author":"0","show_post_author_image":"1","show_post_date":"1","post_date_format":"default","post_date_format_custom":"Y\/m\/d","show_post_category":"1","show_post_reading_time":"0","post_reading_time_wpm":"300","show_zoom_button":"0","zoom_button_out_step":"2","zoom_button_in_step":"3","show_post_tag":"1","show_prev_next_post":"0","show_popup_post":"1","number_popup_post":"1","show_author_box":"0","show_post_related":"1","show_inline_post_related":"0"}],"override_image_size":"0","image_override":[{"single_post_thumbnail_size":"crop-500","single_post_gallery_size":"crop-500"}],"trending_post":"0","trending_post_position":"meta","trending_post_label":"Trending","sponsored_post":"0","sponsored_post_label":"Sponsored by","sponsored_post_name":"","sponsored_post_url":"","sponsored_post_logo_enable":"0","sponsored_post_logo":"","sponsored_post_desc":"","disable_ad":"0"},"jnews_primary_category":{"id":"","hide":""},"jnews_social_meta":{"fb_title":"","fb_description":"","fb_image":"","twitter_title":"","twitter_description":"","twitter_image":""},"jnews_override_counter":{"override_view_counter":"0","view_counter_number":"0","override_share_counter":"0","share_counter_number":"0","override_like_counter":"0","like_counter_number":"0","override_dislike_counter":"0","dislike_counter_number":"0"},"footnotes":""},"categories":[3],"tags":[369],"class_list":["post-17007","post","type-post","status-publish","format-standard","has-post-thumbnail","hentry","category-infos-des-femmes","tag-manifestations"],"_links":{"self":[{"href":"https:\/\/wncri.org\/fr\/wp-json\/wp\/v2\/posts\/17007","targetHints":{"allow":["GET"]}}],"collection":[{"href":"https:\/\/wncri.org\/fr\/wp-json\/wp\/v2\/posts"}],"about":[{"href":"https:\/\/wncri.org\/fr\/wp-json\/wp\/v2\/types\/post"}],"author":[{"embeddable":true,"href":"https:\/\/wncri.org\/fr\/wp-json\/wp\/v2\/users\/4"}],"replies":[{"embeddable":true,"href":"https:\/\/wncri.org\/fr\/wp-json\/wp\/v2\/comments?post=17007"}],"version-history":[{"count":1,"href":"https:\/\/wncri.org\/fr\/wp-json\/wp\/v2\/posts\/17007\/revisions"}],"predecessor-version":[{"id":17013,"href":"https:\/\/wncri.org\/fr\/wp-json\/wp\/v2\/posts\/17007\/revisions\/17013"}],"wp:featuredmedia":[{"embeddable":true,"href":"https:\/\/wncri.org\/fr\/wp-json\/wp\/v2\/media\/17009"}],"wp:attachment":[{"href":"https:\/\/wncri.org\/fr\/wp-json\/wp\/v2\/media?parent=17007"}],"wp:term":[{"taxonomy":"category","embeddable":true,"href":"https:\/\/wncri.org\/fr\/wp-json\/wp\/v2\/categories?post=17007"},{"taxonomy":"post_tag","embeddable":true,"href":"https:\/\/wncri.org\/fr\/wp-json\/wp\/v2\/tags?post=17007"}],"curies":[{"name":"wp","href":"https:\/\/api.w.org\/{rel}","templated":true}]}}