{"id":16970,"date":"2022-11-10T16:02:12","date_gmt":"2022-11-10T15:02:12","guid":{"rendered":"https:\/\/wncri.org\/fr\/?p=16970"},"modified":"2022-11-12T16:08:25","modified_gmt":"2022-11-12T15:08:25","slug":"elham-afkari","status":"publish","type":"post","link":"https:\/\/wncri.org\/fr\/2022\/11\/10\/elham-afkari\/","title":{"rendered":"Elham Afkari, s\u0153ur du h\u00e9ros national assassin\u00e9, a \u00e9t\u00e9 arr\u00eat\u00e9e \u00e0 Chiraz et accus\u00e9e \u00e0 tort d&#8217;espionnage"},"content":{"rendered":"\n<h3 class=\"wp-block-heading\">Elham Afkari, s\u0153ur du h\u00e9ros national assassin\u00e9, a \u00e9t\u00e9 arr\u00eat\u00e9e \u00e0 Chiraz et accus\u00e9e \u00e0 tort d&#8217;espionnage<\/h3>\n\n\n\n<p>Elham Afkari a \u00e9t\u00e9 arr\u00eat\u00e9e jeudi matin, 10 novembre, par les forces de s\u00e9curit\u00e9 \u00e0 Chiraz.<\/p>\n\n\n\n<p>Elham Afkari est la s\u0153ur du h\u00e9ros national iranien assassin\u00e9, Navid Afkari, qui a \u00e9t\u00e9 pendu en septembre 2020 pour avoir particip\u00e9 \u00e0 une manifestation.<\/p>\n\n\n\n<p>Son mari et sa fille de trois ans, Liana, ont \u00e9galement \u00e9t\u00e9 plac\u00e9s en d\u00e9tention, mais ont \u00e9t\u00e9 lib\u00e9r\u00e9s deux heures plus tard, comme l&#8217;a annonc\u00e9 le procureur de Chiraz.<\/p>\n\n\n<div class=\"wp-block-image\">\n<figure class=\"aligncenter size-full\"><img decoding=\"async\" src=\"data:image\/gif;base64,R0lGODlhAQABAIAAAAAAAP\/\/\/yH5BAEAAAAALAAAAAABAAEAAAIBRAA7\" data-src=\"https:\/\/wncri.org\/fr\/wp-content\/uploads\/2022\/11\/Elham-Afkari-three-yo-daughter-Liana-min.jpg\" alt=\"Liana, 3 ans, la fille d'Elham Afkari, assise \u00e0 c\u00f4t\u00e9 de la photo de son oncle assassin\u00e9 et h\u00e9ros national, Navid Afkari.\" class=\"wp-image-16972 lazyload\"\/><noscript><img decoding=\"async\" width=\"750\" height=\"375\" src=\"https:\/\/wncri.org\/fr\/wp-content\/uploads\/2022\/11\/Elham-Afkari-three-yo-daughter-Liana-min.jpg\" alt=\"Liana, 3 ans, la fille d'Elham Afkari, assise \u00e0 c\u00f4t\u00e9 de la photo de son oncle assassin\u00e9 et h\u00e9ros national, Navid Afkari.\" class=\"wp-image-16972 lazyload\" srcset=\"https:\/\/wncri.org\/fr\/wp-content\/uploads\/2022\/11\/Elham-Afkari-three-yo-daughter-Liana-min.jpg 750w, https:\/\/wncri.org\/fr\/wp-content\/uploads\/2022\/11\/Elham-Afkari-three-yo-daughter-Liana-min-300x150.jpg 300w, https:\/\/wncri.org\/fr\/wp-content\/uploads\/2022\/11\/Elham-Afkari-three-yo-daughter-Liana-min-360x180.jpg 360w\" sizes=\"(max-width: 750px) 100vw, 750px\" \/><\/noscript><figcaption class=\"wp-element-caption\">Liana, 3 ans, la fille d&#8217;Elham Afkari, assise \u00e0 c\u00f4t\u00e9 de la photo de son oncle assassin\u00e9 et h\u00e9ros national, Navid Afkari.<\/figcaption><\/figure>\n<\/div>\n\n\n<p><a href=\"https:\/\/twitter.com\/womenncri\/status\/1590817133918765056\" target=\"_blank\" rel=\"noreferrer noopener\">Les parents d&#8217;Elham se sont rendus au d\u00e9partement des renseignements<\/a> pour s&#8217;enqu\u00e9rir de l&#8217;\u00e9tat de sant\u00e9 d&#8217;Elham, mais on ne leur a pas ouvert la porte.<\/p>\n\n\n\n<p>Les m\u00e9dias d&#8217;\u00c9tat ont faussement annonc\u00e9 qu&#8217;ils avaient arr\u00eat\u00e9 Elham Afkari alors qu&#8217;elle traversait la fronti\u00e8re. Ils l&#8217;accusent de travailler pour une t\u00e9l\u00e9vision en farsi \u00e0 l&#8217;\u00e9tranger.<\/p>\n\n\n\n<p>Le r\u00e9gime cl\u00e9rical a r\u00e9prim\u00e9 les activistes pendant les 56 jours du soul\u00e8vement iranien. 550 manifestants ont \u00e9t\u00e9 tu\u00e9s et plus de 30 000 arr\u00eat\u00e9s.<\/p>\n\n\n\n<p>Elham Afkari n&#8217;a pas <a href=\"https:\/\/wncri.org\/2021\/06\/06\/the-sister-of-navid-afkari-vows-not-to-vote-not-to-betray-her-slain-brother\/\" target=\"_blank\" rel=\"noreferrer noopener\">h\u00e9sit\u00e9 \u00e0 demander justice<\/a> pour son <a href=\"https:\/\/wncri.org\/fr\/2021\/09\/12\/la-mere-de-navid-afkari-lance-un-appel-au-monde-entier-sur-le-sort\/\" target=\"_blank\" rel=\"noreferrer noopener\">fr\u00e8re assassin\u00e9 et pour un autre fr\u00e8re<\/a> qui est toujours en isolement en prison.<\/p>\n\n\n\n<p>Elham Afkari serait d\u00e9tenue au n\u00b0 100, le c\u00e9l\u00e8bre centre de d\u00e9tention du d\u00e9partement des renseignements de Chiraz.<\/p>\n\n\n\n<p>La famille Afkari est constamment soumise \u00e0 des pressions et \u00e0 des <a href=\"https:\/\/wncri.org\/fr\/2021\/06\/12\/des-agents-en-civil-brutalisent-la-famille-de-navid-afkari-devant\/\" target=\"_blank\" rel=\"noreferrer noopener\">harc\u00e8lements<\/a> de la part des services de renseignements de Chiraz.<\/p>\n\n\n\n<p>Navid Afkari, un champion de lutte, a <a href=\"https:\/\/wncri.org\/fr\/2020\/09\/12\/le-regime-en-iran-execute-navid-afkari-malgre-les-protestations-du-monde\/\" target=\"_blank\" rel=\"noreferrer noopener\">\u00e9t\u00e9 pendu le 12 septembre<\/a> 2020 dans la prison Adelabad de Chiraz, malgr\u00e9 les protestations internationales.<\/p>\n\n\n\n<p>Il avait \u00e9t\u00e9 arr\u00eat\u00e9 le 17 septembre 2018 et faussement accus\u00e9 d&#8217;avoir tu\u00e9 un agent du Bassidj lors d&#8217;une manifestation \u00e0 Chiraz en ao\u00fbt 2018.<\/p>\n\n\n\n<p>Navid Afkari avait d\u00e9pos\u00e9 une plainte aupr\u00e8s de la justice le 13 septembre 2019, d\u00e9taillant comment il avait \u00e9t\u00e9 contraint de faire de faux aveux tout en subissant &#8220;les plus graves tortures physiques et psychologiques&#8221; pendant 50 jours de d\u00e9tention.<\/p>\n\n\n\n<p>Dans une lettre ouverte, il a \u00e9crit : &#8220;Ils ont mis un sac en plastique sur ma t\u00eate et m&#8217;ont presque \u00e9touff\u00e9. \u00c0 l&#8217;aide de matraques et d&#8217;autres objets durs, ils ont frapp\u00e9 durement mes mains, mon abdomen et mes jambes. Ils ont utilis\u00e9 un langage vulgaire et m&#8217;ont fr\u00e9quemment insult\u00e9. Ils m&#8217;ont attach\u00e9 fermement et ont vers\u00e9 de l&#8217;alcool dans mes narines&#8221;.<\/p>\n","protected":false},"excerpt":{"rendered":"<p>Elham Afkari, s\u0153ur du h\u00e9ros national assassin\u00e9, a \u00e9t\u00e9 arr\u00eat\u00e9e \u00e0 Chiraz et accus\u00e9e \u00e0 tort d&#8217;espionnage Elham Afkari a \u00e9t\u00e9 arr\u00eat\u00e9e jeudi matin, 10 novembre, par les forces de s\u00e9curit\u00e9 \u00e0 Chiraz. Elham Afkari est la s\u0153ur du h\u00e9ros national iranien assassin\u00e9, Navid Afkari, qui a \u00e9t\u00e9 pendu en septembre 2020 pour avoir particip\u00e9 [&hellip;]<\/p>\n","protected":false},"author":4,"featured_media":16971,"comment_status":"closed","ping_status":"closed","sticky":false,"template":"","format":"standard","meta":{"jnews-multi-image_gallery":[],"jnews_single_post":{"subtitle":"","format":"standard","video":"","gallery":"","source_name":"","source_url":"","via_name":"","via_url":"","override_template":"0","override":[{"template":"7","single_blog_custom":"","parallax":"1","fullscreen":"1","layout":"right-sidebar","sidebar":"default-sidebar","second_sidebar":"default-sidebar","sticky_sidebar":"1","share_position":"floatbottom","share_float_style":"share-normal","show_share_counter":"1","show_view_counter":"1","show_featured":"1","show_post_meta":"1","show_post_author":"0","show_post_author_image":"1","show_post_date":"1","post_date_format":"default","post_date_format_custom":"Y\/m\/d","show_post_category":"1","show_post_reading_time":"0","post_reading_time_wpm":"300","show_zoom_button":"0","zoom_button_out_step":"2","zoom_button_in_step":"3","show_post_tag":"1","show_prev_next_post":"0","show_popup_post":"1","number_popup_post":"1","show_author_box":"0","show_post_related":"1","show_inline_post_related":"0"}],"override_image_size":"0","image_override":[{"single_post_thumbnail_size":"crop-500","single_post_gallery_size":"crop-500"}],"trending_post":"0","trending_post_position":"meta","trending_post_label":"Trending","sponsored_post":"0","sponsored_post_label":"Sponsored by","sponsored_post_name":"","sponsored_post_url":"","sponsored_post_logo_enable":"0","sponsored_post_logo":"","sponsored_post_desc":"","disable_ad":"0"},"jnews_primary_category":{"id":"","hide":""},"jnews_social_meta":{"fb_title":"","fb_description":"","fb_image":"","twitter_title":"","twitter_description":"","twitter_image":""},"jnews_override_counter":{"override_view_counter":"0","view_counter_number":"0","override_share_counter":"0","share_counter_number":"0","override_like_counter":"0","like_counter_number":"0","override_dislike_counter":"0","dislike_counter_number":"0"},"footnotes":""},"categories":[3],"tags":[370],"class_list":["post-16970","post","type-post","status-publish","format-standard","has-post-thumbnail","hentry","category-infos-des-femmes","tag-prisonnieres"],"_links":{"self":[{"href":"https:\/\/wncri.org\/fr\/wp-json\/wp\/v2\/posts\/16970","targetHints":{"allow":["GET"]}}],"collection":[{"href":"https:\/\/wncri.org\/fr\/wp-json\/wp\/v2\/posts"}],"about":[{"href":"https:\/\/wncri.org\/fr\/wp-json\/wp\/v2\/types\/post"}],"author":[{"embeddable":true,"href":"https:\/\/wncri.org\/fr\/wp-json\/wp\/v2\/users\/4"}],"replies":[{"embeddable":true,"href":"https:\/\/wncri.org\/fr\/wp-json\/wp\/v2\/comments?post=16970"}],"version-history":[{"count":1,"href":"https:\/\/wncri.org\/fr\/wp-json\/wp\/v2\/posts\/16970\/revisions"}],"predecessor-version":[{"id":16973,"href":"https:\/\/wncri.org\/fr\/wp-json\/wp\/v2\/posts\/16970\/revisions\/16973"}],"wp:featuredmedia":[{"embeddable":true,"href":"https:\/\/wncri.org\/fr\/wp-json\/wp\/v2\/media\/16971"}],"wp:attachment":[{"href":"https:\/\/wncri.org\/fr\/wp-json\/wp\/v2\/media?parent=16970"}],"wp:term":[{"taxonomy":"category","embeddable":true,"href":"https:\/\/wncri.org\/fr\/wp-json\/wp\/v2\/categories?post=16970"},{"taxonomy":"post_tag","embeddable":true,"href":"https:\/\/wncri.org\/fr\/wp-json\/wp\/v2\/tags?post=16970"}],"curies":[{"name":"wp","href":"https:\/\/api.w.org\/{rel}","templated":true}]}}