{"id":16857,"date":"2022-10-27T15:45:00","date_gmt":"2022-10-27T13:45:00","guid":{"rendered":"https:\/\/wncri.org\/fr\/?p=16857"},"modified":"2022-10-28T15:56:16","modified_gmt":"2022-10-28T13:56:16","slug":"nika","status":"publish","type":"post","link":"https:\/\/wncri.org\/fr\/2022\/10\/27\/nika\/","title":{"rendered":"Nika, Mahsa, noms de code pour la r\u00e9volution et le changement de r\u00e9gime en Iran"},"content":{"rendered":"\n<h3 class=\"wp-block-heading\">Nika, Mahsa, noms de code pour la r\u00e9volution et le changement de r\u00e9gime en Iran<\/h3>\n\n\n\n<p><em>Nous sommes tous Nika, battons-nous et nous nous d\u00e9fendrons&#8221;, ont scand\u00e9 les manifestants<\/em><\/p>\n\n\n\n<p><em>Les noms de six autres femmes parmi les 280 martyrs du soul\u00e8vement iranien.<\/em><\/p>\n\n\n\n<p><em>12 femmes ministres des affaires \u00e9trang\u00e8res expriment leur solidarit\u00e9 avec les femmes d&#8217;Iran<\/em><\/p>\n\n\n\n<p><em>Le rapporteur des Nations unies sur l&#8217;Iran demande une enqu\u00eate ind\u00e9pendante sur la mort de Mahsa Amini<\/em><\/p>\n\n\n\n<p>Le jeudi 27 octobre, les habitants de Khorramabad se sont rassembl\u00e9s pour rendre hommage \u00e0 Nika Chakarami avec des slogans anti-r\u00e9gime. Ils ont jur\u00e9 de la venger et de renverser le r\u00e9gime.<\/p>\n\n\n\n<p>Les forces de s\u00e9curit\u00e9 avaient bloqu\u00e9 le pont de Veysian, qui est la seule route vers le village de Hayat-ol Ghaib o\u00f9 Nika est enterr\u00e9e. Cependant, la population et les jeunes se sont d\u00e9fendus, ont repouss\u00e9 les forces du r\u00e9gime et sont parvenus jusqu&#8217;au cimeti\u00e8re.<\/p>\n\n\n\n<p>Au cimeti\u00e8re, la m\u00e8re de Nika Chakarami a <a href=\"https:\/\/wncri.org\/2022\/10\/26\/un-human-rights-experts\/\" target=\"_blank\" rel=\"noreferrer noopener\">exprim\u00e9 son chagrin<\/a> pour la perte de sa fille brillante et vive, qui \u00e9tait cens\u00e9e avoir un avenir brillant. Mais elle s&#8217;est dite fi\u00e8re que son martyre se soit transform\u00e9 en une force motrice pour l&#8217;ascension de la jeunesse du pays.<\/p>\n\n\n\n<p>La c\u00e9r\u00e9monie comm\u00e9morative a \u00e9t\u00e9 ponctu\u00e9e de chants tels que &#8220;Mort \u00e0 Khamenei&#8221;, &#8220;Mort au dictateur&#8221;, &#8220;Gr\u00e2ce \u00e0 notre sacrifice, Khamenei sera renvers\u00e9 cette ann\u00e9e&#8221;, &#8220;Mort \u00e0 l&#8217;oppresseur, qu&#8217;il s&#8217;agisse du Chah ou du guide des mollahs&#8221;, &#8220;Tant d&#8217;ann\u00e9es de crimes, mort au r\u00e8gne de Khamenei&#8221; et &#8220;Nous sommes tous des Nika, battons-nous et nous nous battrons !&#8221;.<\/p>\n\n\n\n<p>La foule a \u00e9galement chant\u00e9 la <a href=\"https:\/\/wncri.org\/fr\/2022\/10\/05\/nika-chakarami\/\" target=\"_blank\" rel=\"noreferrer noopener\">chanson traditionnelle<\/a> du Lorestan, Dayah dayah vaghte jangah (O&#8217; motherland ! It&#8217;s time to fight !), attestant de la v\u00e9rit\u00e9 les noms de Mahsa, Nika, Hadiss, Sarina, et de toutes les jeunes femmes qui ont \u00e9t\u00e9 tu\u00e9es de sang-froid par les forces de s\u00e9curit\u00e9 du r\u00e9gime sont maintenant devenus un code et une force motrice pour les jeunes \u00e9pris de libert\u00e9 pour se lever et se battre.<\/p>\n\n\n\n<p>Khorramabad, la ville natale de Nika Chakarami, est la capitale de la province de Lorestan, dans l&#8217;ouest de l&#8217;Iran.<\/p>\n\n\n\n<p>Nika Chakarami est l&#8217;une des jeunes femmes, \u00e2g\u00e9e de 17 ans seulement, \u00e0 avoir \u00e9t\u00e9 <a href=\"https:\/\/wncri.org\/fr\/2022\/10\/24\/le-39e-jour-du-soulevement\/\" target=\"_blank\" rel=\"noreferrer noopener\">enlev\u00e9e<\/a> dans les premiers jours du soul\u00e8vement iranien, le 20 septembre, puis tortur\u00e9e et tu\u00e9e par les forces de s\u00e9curit\u00e9 du r\u00e9gime iranien.<\/p>\n\n\n\n<p>Le corps de Nika a \u00e9t\u00e9 remis \u00e0 la famille, 10 jours plus tard, le 30 septembre. Ils n&#8217;ont \u00e9t\u00e9 autoris\u00e9s \u00e0 voir que son visage, avec un nez fracass\u00e9.<\/p>\n\n\n\n<p>La municipalit\u00e9 de T\u00e9h\u00e9ran a d&#8217;abord indiqu\u00e9 que Nika Chakarami \u00e9tait morte \u00e0 la suite de coups violents port\u00e9s \u00e0 la t\u00eate. Mais la <a href=\"https:\/\/wncri.org\/fr\/2022\/10\/23\/tortures\/\" target=\"_blank\" rel=\"noreferrer noopener\">t\u00e9l\u00e9vision d&#8217;\u00c9tat a diffus\u00e9 une fausse vid\u00e9o<\/a> affirmant qu&#8217;elle s&#8217;\u00e9tait jet\u00e9e d&#8217;un immeuble et s&#8217;\u00e9tait suicid\u00e9e. Les services de renseignements ont \u00e9galement extorqu\u00e9 de faux aveux \u00e0 son oncle et \u00e0 sa tante contre leur gr\u00e9.<\/p>\n\n\n\n<p>Le r\u00e9gime a arrach\u00e9 le corps de Nika \u00e0 sa famille le soir de l&#8217;enterrement et l&#8217;a enterr\u00e9 dans le lointain village de Hayat-ol Ghaib.<\/p>\n\n\n<div class=\"wp-block-image\">\n<figure class=\"aligncenter size-full\"><img decoding=\"async\" src=\"data:image\/gif;base64,R0lGODlhAQABAIAAAAAAAP\/\/\/yH5BAEAAAAALAAAAAABAAEAAAIBRAA7\" data-src=\"https:\/\/wncri.org\/fr\/wp-content\/uploads\/2022\/10\/Stop-torture-of-children-in-Iran-2-min.jpg\" alt=\"Mettez fin aux meurtres, enl\u00e8vements et tortures syst\u00e9matiques d'enfants en Iran\" class=\"wp-image-16821 lazyload\"\/><noscript><img decoding=\"async\" width=\"750\" height=\"375\" src=\"https:\/\/wncri.org\/fr\/wp-content\/uploads\/2022\/10\/Stop-torture-of-children-in-Iran-2-min.jpg\" alt=\"Mettez fin aux meurtres, enl\u00e8vements et tortures syst\u00e9matiques d'enfants en Iran\" class=\"wp-image-16821 lazyload\" srcset=\"https:\/\/wncri.org\/fr\/wp-content\/uploads\/2022\/10\/Stop-torture-of-children-in-Iran-2-min.jpg 750w, https:\/\/wncri.org\/fr\/wp-content\/uploads\/2022\/10\/Stop-torture-of-children-in-Iran-2-min-300x150.jpg 300w, https:\/\/wncri.org\/fr\/wp-content\/uploads\/2022\/10\/Stop-torture-of-children-in-Iran-2-min-360x180.jpg 360w\" sizes=\"(max-width: 750px) 100vw, 750px\" \/><\/noscript><figcaption>Arnika Qaem Magham tu\u00e9e de blessures graves \u00e0 T\u00e9h\u00e9ran le 22 octobre 2022<\/figcaption><\/figure>\n<\/div>\n\n\n<h3 class=\"wp-block-heading\"><strong>Nouveaux noms de femmes parmi les 280 victimes du soul\u00e8vement iranien<\/strong><\/h3>\n\n\n\n<p>Le Conseil national de la r\u00e9sistance iranienne a annonc\u00e9 20 nouveaux noms de manifestants tu\u00e9s aux mains des forces de s\u00e9curit\u00e9 pendant le soul\u00e8vement iranien.<\/p>\n\n\n\n<p>La liste comprend les noms des femmes suivantes, dont certaines ont \u00e9t\u00e9 tu\u00e9es aujourd&#8217;hui et la nuit derni\u00e8re :<\/p>\n\n\n\n<p>Aynaz Javaheri tu\u00e9e \u00e0 Kermanchah le 24 octobre 2022.<\/p>\n\n\n\n<p><a href=\"https:\/\/www.youtube.com\/watch?v=kTGH7v0-wHM\" target=\"_blank\" rel=\"noreferrer noopener\">Negin Abdolmaleki<\/a> tu\u00e9e \u00e0 Hamedan le 29 octobre 2022.<\/p>\n\n\n\n<p><a href=\"https:\/\/www.youtube.com\/watch?v=XUA4YPzcERY\" target=\"_blank\" rel=\"noreferrer noopener\">Arnika Qaem Magham<\/a> tu\u00e9e de blessures graves \u00e0 T\u00e9h\u00e9ran le 22 octobre 2022.<\/p>\n\n\n\n<p>Sarina Chiri tu\u00e9e \u00e0 Kermanchah en octobre.<\/p>\n\n\n\n<p>Maedeh Javanfar tu\u00e9e \u00e0 Racht, le 26 octobre 2022.<\/p>\n\n\n\n<p>Kobra Cheikh Saqqa tu\u00e9 \u00e0 Mahabad, le 27 octobre 2022.<\/p>\n\n\n<div class=\"wp-block-image\">\n<figure class=\"aligncenter size-full\"><img decoding=\"async\" src=\"data:image\/gif;base64,R0lGODlhAQABAIAAAAAAAP\/\/\/yH5BAEAAAAALAAAAAABAAEAAAIBRAA7\" data-src=\"https:\/\/wncri.org\/fr\/wp-content\/uploads\/2022\/10\/Negin-Abdolmaleki-min.jpg\" alt=\"Negin Abdolmaleki tu\u00e9e \u00e0 Hamedan le 29 octobre 2022\" class=\"wp-image-16860 lazyload\"\/><noscript><img decoding=\"async\" width=\"750\" height=\"375\" src=\"https:\/\/wncri.org\/fr\/wp-content\/uploads\/2022\/10\/Negin-Abdolmaleki-min.jpg\" alt=\"Negin Abdolmaleki tu\u00e9e \u00e0 Hamedan le 29 octobre 2022\" class=\"wp-image-16860 lazyload\" srcset=\"https:\/\/wncri.org\/fr\/wp-content\/uploads\/2022\/10\/Negin-Abdolmaleki-min.jpg 750w, https:\/\/wncri.org\/fr\/wp-content\/uploads\/2022\/10\/Negin-Abdolmaleki-min-300x150.jpg 300w, https:\/\/wncri.org\/fr\/wp-content\/uploads\/2022\/10\/Negin-Abdolmaleki-min-360x180.jpg 360w\" sizes=\"(max-width: 750px) 100vw, 750px\" \/><\/noscript><figcaption>Negin Abdolmaleki tu\u00e9e \u00e0 Hamedan le 29 octobre 2022<\/figcaption><\/figure>\n<\/div>\n\n\n<h3 class=\"wp-block-heading\"><strong>42e jour des manifestations en Iran<\/strong><\/h3>\n\n\n\n<p>Jeudi 27 octobre, le 42e jour du soul\u00e8vement iranien a \u00e9galement \u00e9t\u00e9 marqu\u00e9 par une manifestation massive \u00e0 Mahabad, en Azerba\u00efdjan occidental, \u00e0 la suite du meurtre, la nuit derni\u00e8re, d&#8217;un jeune homme, Esmael Moloudi, par les gardes de l&#8217;IRGC.<\/p>\n\n\n\n<p>Les forces de l&#8217;IRGC ont tent\u00e9 d&#8217;enlever le corps d&#8217;Esmael et de l&#8217;enterrer secr\u00e8tement, mais sa famille a r\u00e9sist\u00e9 et a organis\u00e9 <a href=\"https:\/\/www.france24.com\/en\/live-news\/20221026-12-women-foreign-ministers-condemn-iran-s-crackdown\" target=\"_blank\" rel=\"noreferrer noopener\">des fun\u00e9railles massives<\/a> pour lui, dans la matin\u00e9e.<\/p>\n\n\n\n<p>Au 42e jour du soul\u00e8vement iranien, des manifestants, dont des <a href=\"https:\/\/www.thenationalnews.com\/world\/us-news\/2022\/10\/27\/un-expert-on-iran-calls-for-co-ordinated-human-rights-investigation\/\" target=\"_blank\" rel=\"noreferrer noopener\">m\u00e9decins<\/a> \u00e9pris de libert\u00e9, ont organis\u00e9 des manifestations \u00e0 T\u00e9h\u00e9ran, Karaj, Tabriz, Ispahan, Borujen et Chiraz pour demander le renversement du r\u00e9gime cl\u00e9rical.<\/p>\n\n\n\n<p>La veille, mercredi 26 octobre, 40e jour du martyre de Mahsa Amini, des foules de personnes se sont rendues sur sa tombe \u00e0 Saqqez malgr\u00e9 des mesures de s\u00e9curit\u00e9 renforc\u00e9es.<\/p>\n\n\n\n<p>La col\u00e8re a \u00e9clat\u00e9 lors de ses fun\u00e9railles le mois dernier et a rapidement d\u00e9clench\u00e9 la plus grande vague de protestations \u00e0 secouer le r\u00e9gime iranien depuis pr\u00e8s de trois ans, \u00e9crit l&#8217;Associated Press.<\/p>\n\n\n<div class=\"wp-block-image\">\n<figure class=\"aligncenter size-full\"><img decoding=\"async\" src=\"data:image\/gif;base64,R0lGODlhAQABAIAAAAAAAP\/\/\/yH5BAEAAAAALAAAAAABAAEAAAIBRAA7\" data-src=\"https:\/\/wncri.org\/fr\/wp-content\/uploads\/2022\/10\/Foreign-Minister-Melanie-Joly-min.jpg\" alt=\"M\u00e9lanie Joly\" class=\"wp-image-16858 lazyload\"\/><noscript><img decoding=\"async\" width=\"750\" height=\"375\" src=\"https:\/\/wncri.org\/fr\/wp-content\/uploads\/2022\/10\/Foreign-Minister-Melanie-Joly-min.jpg\" alt=\"M\u00e9lanie Joly\" class=\"wp-image-16858 lazyload\" srcset=\"https:\/\/wncri.org\/fr\/wp-content\/uploads\/2022\/10\/Foreign-Minister-Melanie-Joly-min.jpg 750w, https:\/\/wncri.org\/fr\/wp-content\/uploads\/2022\/10\/Foreign-Minister-Melanie-Joly-min-300x150.jpg 300w, https:\/\/wncri.org\/fr\/wp-content\/uploads\/2022\/10\/Foreign-Minister-Melanie-Joly-min-360x180.jpg 360w\" sizes=\"(max-width: 750px) 100vw, 750px\" \/><\/noscript><figcaption>M\u00e9lanie Joly<\/figcaption><\/figure>\n<\/div>\n\n\n<h3 class=\"wp-block-heading\"><strong>Douze femmes ministres des Affaires \u00e9trang\u00e8res se d\u00e9clarent solidaires des femmes d&#8217;Iran<\/strong><\/h3>\n\n\n\n<p>Les femmes ministres des Affaires \u00e9trang\u00e8res d&#8217;une douzaine de pays, dirig\u00e9es par la Canadienne M\u00e9lanie Joly, ont condamn\u00e9 ensemble, mercredi 26 octobre 2022, la violente r\u00e9pression des droits des femmes en Iran, alors que les manifestants dans ce pays ont marqu\u00e9 40 jours de troubles, a rapport\u00e9 <a href=\"https:\/\/wncri.org\/2022\/10\/26\/un-human-rights-experts\/\" target=\"_blank\" rel=\"noreferrer noopener\">l&#8217;Agence France Presse<\/a> depuis Ottowa.<\/p>\n\n\n\n<p>&#8220;En tant que femmes ministres des affaires \u00e9trang\u00e8res, nous nous sentons responsables de faire \u00e9cho aux voix des femmes iraniennes&#8221;, a d\u00e9clar\u00e9 une d\u00e9claration commune publi\u00e9e par les ministres de l&#8217;Albanie, d&#8217;Andorre, de l&#8217;Australie, du Canada, de la France, de l&#8217;Allemagne, de l&#8217;Islande, du Kosovo, de la Libye, du Liechtenstein, de la Nouvelle-Z\u00e9lande et de la Norv\u00e8ge.<\/p>\n\n\n\n<p>Les femmes ministres des affaires \u00e9trang\u00e8res ont exprim\u00e9 leur &#8220;solidarit\u00e9 avec les courageuses femmes iraniennes qui exercent leur droit de r\u00e9union pacifique et d\u00e9fendent leurs droits fondamentaux&#8221;.<\/p>\n\n\n\n<p>Elles ont \u00e9galement condamn\u00e9 &#8220;l&#8217;application violente&#8221; de la loi iranienne sur le hijab et la chastet\u00e9 et &#8220;la r\u00e9pression continue contre les manifestants&#8221;, y compris les femmes et les \u00e9tudiants.<\/p>\n\n\n<div class=\"wp-block-image\">\n<figure class=\"aligncenter size-full\"><img decoding=\"async\" src=\"data:image\/gif;base64,R0lGODlhAQABAIAAAAAAAP\/\/\/yH5BAEAAAAALAAAAAABAAEAAAIBRAA7\" data-src=\"https:\/\/wncri.org\/fr\/wp-content\/uploads\/2021\/07\/Javaid-Rehman.png\" alt=\"professeur Javaid Rehman, rapporteur sp\u00e9cial des Nations unies sur la situation des droits de l'homme en Iran\" class=\"wp-image-13611 lazyload\"\/><noscript><img decoding=\"async\" width=\"1000\" height=\"558\" src=\"https:\/\/wncri.org\/fr\/wp-content\/uploads\/2021\/07\/Javaid-Rehman.png\" alt=\"professeur Javaid Rehman, rapporteur sp\u00e9cial des Nations unies sur la situation des droits de l'homme en Iran\" class=\"wp-image-13611 lazyload\" srcset=\"https:\/\/wncri.org\/fr\/wp-content\/uploads\/2021\/07\/Javaid-Rehman.png 1000w, https:\/\/wncri.org\/fr\/wp-content\/uploads\/2021\/07\/Javaid-Rehman-300x167.png 300w, https:\/\/wncri.org\/fr\/wp-content\/uploads\/2021\/07\/Javaid-Rehman-768x429.png 768w, https:\/\/wncri.org\/fr\/wp-content\/uploads\/2021\/07\/Javaid-Rehman-750x419.png 750w\" sizes=\"(max-width: 1000px) 100vw, 1000px\" \/><\/noscript><figcaption>professeur Javaid Rehman, rapporteur sp\u00e9cial des Nations unies sur la situation des droits de l&#8217;homme en Iran<\/figcaption><\/figure>\n<\/div>\n\n\n<h3 class=\"wp-block-heading\"><strong>Le rapporteur de l&#8217;ONU pour les droits de l&#8217;Homme en Iran s&#8217;alarme de la situation des femmes<\/strong><\/h3>\n\n\n\n<p>Le professeur <a href=\"https:\/\/wncri.org\/2022\/10\/26\/un-human-rights-experts\/\" target=\"_blank\" rel=\"noreferrer noopener\">Javaid Rehman<\/a>, rapporteur sp\u00e9cial des Nations unies sur la situation des droits de l&#8217;homme en Iran, s&#8217;est adress\u00e9 \u00e0 la session de la Troisi\u00e8me Commission des Nations unies qui d\u00e9lib\u00e8re d&#8217;une r\u00e9solution censurant le r\u00e9gime iranien pour des violations flagrantes des droits de l&#8217;Homme.<\/p>\n\n\n\n<p>Dans ses remarques \u00e0 la Troisi\u00e8me Commission, le professeur Javaid Rehman a d\u00e9clar\u00e9 que les autorit\u00e9s iraniennes ont r\u00e9pondu par une oppression brutale aux protestations qui ont commenc\u00e9 il y a cinq semaines, et qu&#8217;au moins 215 personnes sont mortes, et des milliers de personnes ont \u00e9t\u00e9 arr\u00eat\u00e9es, y compris des d\u00e9fenseurs des droits de l&#8217;homme, des \u00e9tudiants, des avocats et des journalistes.<\/p>\n\n\n\n<p>Il s&#8217;est dit alarm\u00e9 par la condition des femmes et a demand\u00e9 l&#8217;ouverture d&#8217;une enqu\u00eate internationale sur les violations des droits de l&#8217;Homme commises en Iran avant et apr\u00e8s la mort de Mahsa Amini, qui a d\u00e9clench\u00e9 une vague de protestations populaires.<\/p>\n\n\n\n<p>En l&#8217;absence de tout m\u00e9canisme national de responsabilisation, le Dr Rehman a soulign\u00e9 que la communaut\u00e9 internationale avait la responsabilit\u00e9 d&#8217;agir et de lutter contre l&#8217;impunit\u00e9 des violations des droits de l&#8217;homme perp\u00e9tr\u00e9es dans le pays.<\/p>\n\n\n\n<p>&#8220;Nous avons demand\u00e9 avec insistance que des enqu\u00eates &#8211; ind\u00e9pendantes et impartiales &#8211; soient men\u00e9es sur la mort de Mahsa Djina Amini, mais cela n&#8217;a pas eu lieu&#8221;, a-t-il d\u00e9clar\u00e9 aux journalistes.<\/p>\n","protected":false},"excerpt":{"rendered":"<p>Nika, Mahsa, noms de code pour la r\u00e9volution et le changement de r\u00e9gime en Iran Nous sommes tous Nika, battons-nous et nous nous d\u00e9fendrons&#8221;, ont scand\u00e9 les manifestants Les noms de six autres femmes parmi les 280 martyrs du soul\u00e8vement iranien. 12 femmes ministres des affaires \u00e9trang\u00e8res expriment leur solidarit\u00e9 avec les femmes d&#8217;Iran Le [&hellip;]<\/p>\n","protected":false},"author":4,"featured_media":16859,"comment_status":"closed","ping_status":"closed","sticky":false,"template":"","format":"standard","meta":{"jnews-multi-image_gallery":[],"jnews_single_post":{"subtitle":"","format":"standard","video":"","gallery":"","source_name":"","source_url":"","via_name":"","via_url":"","override_template":"0","override":[{"template":"7","single_blog_custom":"","parallax":"1","fullscreen":"1","layout":"right-sidebar","sidebar":"default-sidebar","second_sidebar":"default-sidebar","sticky_sidebar":"1","share_position":"floatbottom","share_float_style":"share-normal","show_share_counter":"1","show_view_counter":"1","show_featured":"1","show_post_meta":"1","show_post_author":"0","show_post_author_image":"1","show_post_date":"1","post_date_format":"default","post_date_format_custom":"Y\/m\/d","show_post_category":"1","show_post_reading_time":"0","post_reading_time_wpm":"300","show_zoom_button":"0","zoom_button_out_step":"2","zoom_button_in_step":"3","show_post_tag":"1","show_prev_next_post":"0","show_popup_post":"1","number_popup_post":"1","show_author_box":"0","show_post_related":"1","show_inline_post_related":"0"}],"override_image_size":"0","image_override":[{"single_post_thumbnail_size":"crop-500","single_post_gallery_size":"crop-500"}],"trending_post":"0","trending_post_position":"meta","trending_post_label":"Trending","sponsored_post":"0","sponsored_post_label":"Sponsored by","sponsored_post_name":"","sponsored_post_url":"","sponsored_post_logo_enable":"0","sponsored_post_logo":"","sponsored_post_desc":"","disable_ad":"0"},"jnews_primary_category":{"id":"","hide":""},"jnews_social_meta":{"fb_title":"","fb_description":"","fb_image":"","twitter_title":"","twitter_description":"","twitter_image":""},"jnews_override_counter":{"override_view_counter":"0","view_counter_number":"0","override_share_counter":"0","share_counter_number":"0","override_like_counter":"0","like_counter_number":"0","override_dislike_counter":"0","dislike_counter_number":"0"},"footnotes":""},"categories":[3],"tags":[369,376],"class_list":["post-16857","post","type-post","status-publish","format-standard","has-post-thumbnail","hentry","category-infos-des-femmes","tag-manifestations","tag-violence-contre-les-femmes"],"_links":{"self":[{"href":"https:\/\/wncri.org\/fr\/wp-json\/wp\/v2\/posts\/16857","targetHints":{"allow":["GET"]}}],"collection":[{"href":"https:\/\/wncri.org\/fr\/wp-json\/wp\/v2\/posts"}],"about":[{"href":"https:\/\/wncri.org\/fr\/wp-json\/wp\/v2\/types\/post"}],"author":[{"embeddable":true,"href":"https:\/\/wncri.org\/fr\/wp-json\/wp\/v2\/users\/4"}],"replies":[{"embeddable":true,"href":"https:\/\/wncri.org\/fr\/wp-json\/wp\/v2\/comments?post=16857"}],"version-history":[{"count":1,"href":"https:\/\/wncri.org\/fr\/wp-json\/wp\/v2\/posts\/16857\/revisions"}],"predecessor-version":[{"id":16861,"href":"https:\/\/wncri.org\/fr\/wp-json\/wp\/v2\/posts\/16857\/revisions\/16861"}],"wp:featuredmedia":[{"embeddable":true,"href":"https:\/\/wncri.org\/fr\/wp-json\/wp\/v2\/media\/16859"}],"wp:attachment":[{"href":"https:\/\/wncri.org\/fr\/wp-json\/wp\/v2\/media?parent=16857"}],"wp:term":[{"taxonomy":"category","embeddable":true,"href":"https:\/\/wncri.org\/fr\/wp-json\/wp\/v2\/categories?post=16857"},{"taxonomy":"post_tag","embeddable":true,"href":"https:\/\/wncri.org\/fr\/wp-json\/wp\/v2\/tags?post=16857"}],"curies":[{"name":"wp","href":"https:\/\/api.w.org\/{rel}","templated":true}]}}