{"id":16848,"date":"2022-10-26T13:51:00","date_gmt":"2022-10-26T11:51:00","guid":{"rendered":"https:\/\/wncri.org\/fr\/?p=16848"},"modified":"2022-10-27T13:59:10","modified_gmt":"2022-10-27T11:59:10","slug":"droits-de-lhomme","status":"publish","type":"post","link":"https:\/\/wncri.org\/fr\/2022\/10\/26\/droits-de-lhomme\/","title":{"rendered":"Les experts des droits de l&#8217;Homme de l&#8217;ONU condamnent la r\u00e9pression des manifestants en Iran"},"content":{"rendered":"\n<h3 class=\"wp-block-heading\">Les experts des droits de l&#8217;Homme de l&#8217;ONU condamnent la r\u00e9pression des manifestants en Iran<\/h3>\n\n\n\n<p>Voici la <a href=\"https:\/\/www.ohchr.org\/en\/press-releases\/2022\/10\/iran-crackdown-peaceful-protests-death-jina-mahsa-amini-needs-independent\" target=\"_blank\" rel=\"noreferrer noopener\">d\u00e9claration<\/a> publi\u00e9e par les experts des droits de l&#8217;Homme des Nations unies le 26 octobre 2022 \u00e0 Gen\u00e8ve, condamnant la r\u00e9pression du r\u00e9gime cl\u00e9rical \u00e0 l&#8217;encontre des manifestants lors du soul\u00e8vement en Iran.<\/p>\n\n\n\n<p>Les experts ont d\u00e9clar\u00e9 que les informations de violence physique et sexuelle contre les femmes et les filles \u00e9taient effrayantes. Ils ont appel\u00e9 le Conseil des droits de l&#8217;Homme \u00e0 prendre d&#8217;urgence les mesures n\u00e9cessaires pour faire face \u00e0 la situation, y compris l&#8217;organisation d&#8217;une session sp\u00e9ciale.<\/p>\n\n\n\n<h3 class=\"wp-block-heading\"><strong>Iran : La r\u00e9pression des manifestations pacifiques depuis la mort de Jina Mahsa Amini doit faire l&#8217;objet d&#8217;une enqu\u00eate internationale ind\u00e9pendante, d\u00e9clarent les experts de l&#8217;ONU<\/strong><\/h3>\n\n\n\n<p>GEN\u00c8VE (26 octobre 2022) &#8212; Les experts des droits de l&#8217;Homme des Nations unies* ont condamn\u00e9 les meurtres et la r\u00e9pression des manifestants par les forces de s\u00e9curit\u00e9 en Iran apr\u00e8s la mort de <a href=\"https:\/\/wncri.org\/fr\/2022\/09\/16\/mahsa-zhina-amini\/\" target=\"_blank\" rel=\"noreferrer noopener\">Jina Mahsa Amini<\/a>, notamment les arrestations et d\u00e9tentions arbitraires pr\u00e9sum\u00e9es, les violences sexistes et sexuelles, l&#8217;usage excessif de la force, la torture et les disparitions forc\u00e9es. Ils ont demand\u00e9 instamment que ces informations fassent l&#8217;objet d&#8217;une enqu\u00eate approfondie et ind\u00e9pendante et que les responsables soient tenus de rendre des comptes.<\/p>\n\n\n\n<p>Des milliers de personnes ont particip\u00e9 \u00e0 des manifestations quotidiennes dans tout le pays apr\u00e8s la mort d&#8217;Amini, 22 ans, le 16 septembre, suite \u00e0 son arrestation et \u00e0 sa d\u00e9tention par la police des m\u0153urs pour avoir pr\u00e9tendument mal port\u00e9 son foulard. Les manifestants demandent que les responsables de la mort d&#8217;Amini rendent des comptes et appellent \u00e0 la fin de la r\u00e9pression continue des droits fondamentaux des femmes et des jeunes filles.<\/p>\n\n\n\n<p>&#8220;Nous sommes profond\u00e9ment troubl\u00e9s par les informations persistantes faisant \u00e9tat de l&#8217;utilisation d\u00e9lib\u00e9r\u00e9e et ill\u00e9gale par les forces de s\u00e9curit\u00e9 iraniennes de balles r\u00e9elles, de boulets m\u00e9talliques et de chevrotine contre des manifestants pacifiques non arm\u00e9s, en violation des principes de l\u00e9galit\u00e9, de pr\u00e9caution, de n\u00e9cessit\u00e9, de non-discrimination et de proportionnalit\u00e9 applicables \u00e0 l&#8217;usage de la force&#8221;, ont d\u00e9clar\u00e9 les experts.<\/p>\n\n\n\n<p>&#8220;Un nombre alarmant de manifestants ont d\u00e9j\u00e0 \u00e9t\u00e9 arr\u00eat\u00e9s et tu\u00e9s, dont beaucoup d&#8217;enfants, de femmes et de personnes \u00e2g\u00e9es. Le gouvernement doit ordonner \u00e0 la police de cesser imm\u00e9diatement tout recours \u00e0 une force excessive et meurtri\u00e8re et de faire preuve de retenue.&#8221;<\/p>\n\n\n\n<p>Ils ont d\u00e9clar\u00e9 que les informations faisant <a href=\"https:\/\/wncri.org\/fr\/2022\/10\/15\/lyceenne\/\" target=\"_blank\" rel=\"noreferrer noopener\">\u00e9tat de violences physiques et sexuelles \u00e0 l&#8217;encontre de femmes et de filles<\/a> lors de manifestations et dans des espaces publics, ainsi que le d\u00e9ni des autres droits des femmes et des filles pendant leur d\u00e9tention, ou lorsqu&#8217;elles sont actives en public, \u00e9taient effrayantes.<\/p>\n\n\n\n<p>&#8220;Nous consid\u00e9rons ces violations comme un continuum d&#8217;une discrimination sexiste omnipr\u00e9sente et de longue date, <a href=\"https:\/\/wncri.org\/fr\/2020\/06\/09\/misogynie-institutionnalisee\/\" target=\"_blank\" rel=\"noreferrer noopener\">ancr\u00e9e dans la l\u00e9gislation<\/a>, les politiques et les structures soci\u00e9tales. Autant de facteurs qui ont \u00e9t\u00e9 d\u00e9vastateurs pour les femmes et les filles du pays au cours des quatre derni\u00e8res d\u00e9cennies.&#8221;<\/p>\n\n\n\n<p>Les communications par Internet ont \u00e9t\u00e9 interrompues depuis le d\u00e9but des manifestations, ce qui a emp\u00each\u00e9 l&#8217;acc\u00e8s \u00e0 l&#8217;information et le partage d&#8217;informations, notamment sur les violations pr\u00e9sum\u00e9es des droits humains dont sont victimes les manifestants.<\/p>\n\n\n\n<p>Des informations font \u00e9galement \u00e9tat d&#8217;actes <a href=\"https:\/\/wncri.org\/fr\/2022\/10\/05\/nika-chakarami\/\" target=\"_blank\" rel=\"noreferrer noopener\">d&#8217;intimidation et de harc\u00e8lement commis par les autorit\u00e9s \u00e0 l&#8217;encontre des familles des manifestants<\/a>. Ces informations indiquent que des membres des familles sont interrog\u00e9s de mani\u00e8re ill\u00e9gale, dans le but <a href=\"https:\/\/wncri.org\/fr\/2022\/10\/23\/tortures\/\" target=\"_blank\" rel=\"noreferrer noopener\">d&#8217;obtenir de fausses informations<\/a> attribuant la responsabilit\u00e9 du meurtre de leurs proches \u00e0 des &#8221; \u00e9meutiers &#8221; ou \u00e0 des individus travaillant pour les &#8221; ennemis de la R\u00e9publique islamique d&#8217;Iran &#8220;.<\/p>\n\n\n\n<p>Les experts ont d\u00e9clar\u00e9 qu&#8217;ils avaient pr\u00e9c\u00e9demment exhort\u00e9 les autorit\u00e9s iraniennes \u00e0 s&#8217;acquitter de l&#8217;obligation qui leur incombe en vertu du droit international de mener des enqu\u00eates impartiales, ind\u00e9pendantes et efficaces, de mani\u00e8re rapide et transparente, afin de garantir que les auteurs de ces actes soient poursuivis et que les victimes de violations aient acc\u00e8s \u00e0 la justice, \u00e0 la v\u00e9rit\u00e9 et \u00e0 des r\u00e9parations. Cependant, les enqu\u00eates sur la mort d&#8217;Amini, ainsi que sur d&#8217;autres cas signal\u00e9s depuis, semblent ne pas avoir satisfait aux exigences minimales d&#8217;ind\u00e9pendance et d&#8217;impartialit\u00e9.<\/p>\n\n\n\n<p>Les titulaires de mandat au titre des proc\u00e9dures sp\u00e9ciales ont \u00e0 plusieurs reprises fait part de leurs pr\u00e9occupations concernant le recours ill\u00e9gal et excessif \u00e0 la force par les forces de l&#8217;ordre contre les manifestants et l&#8217;impunit\u00e9 syst\u00e9mique dont b\u00e9n\u00e9ficient les auteurs de violations des droits de l&#8217;Homme.<\/p>\n\n\n\n<p>&#8220;Ce n&#8217;est pas la premi\u00e8re fois que des femmes et des jeunes filles en Iran demandent le d\u00e9mant\u00e8lement de lois et de pratiques discriminatoires et qu&#8217;elles se heurtent \u00e0 l&#8217;intimidation, \u00e0 la r\u00e9pression et \u00e0 la violence. Malgr\u00e9 les appels r\u00e9p\u00e9t\u00e9s \u00e0 la responsabilisation du gouvernement pour mettre fin aux lois et pratiques discriminatoires structurelles fond\u00e9es sur le genre, ainsi qu&#8217;\u00e0 d&#8217;autres violations des droits humains, nous regrettons que ces appels soient rest\u00e9s largement inaudibles.&#8221;<\/p>\n\n\n\n<p>&#8220;Nous exhortons en outre le gouvernement iranien \u00e0 ratifier les trait\u00e9s pertinents relatifs aux droits de l&#8217;Homme auxquels il n&#8217;est pas encore partie et \u00e0 mettre sa l\u00e9gislation nationale en conformit\u00e9 avec ces trait\u00e9s.&#8221;<\/p>\n\n\n\n<p>Compte tenu de la gravit\u00e9 de la situation, les experts ont appel\u00e9 le Conseil des droits de l&#8217;Homme \u00e0 prendre d&#8217;urgence les mesures n\u00e9cessaires pour faire face \u00e0 la situation, y compris l&#8217;organisation d&#8217;une session sp\u00e9ciale. Ils ont \u00e9galement soutenu les appels \u00e0 la cr\u00e9ation d&#8217;un m\u00e9canisme d&#8217;enqu\u00eate international, afin de garantir la responsabilit\u00e9 en Iran et de mettre fin \u00e0 l&#8217;impunit\u00e9 persistante pour les graves violations des droits de l&#8217;Homme.<\/p>\n\n\n\n<p>Les experts suivent de pr\u00e8s la situation et appellent les autorit\u00e9s \u00e0 engager les diff\u00e9rentes proc\u00e9dures sp\u00e9ciales et \u00e0 faciliter les visites des titulaires de mandat concern\u00e9s.<\/p>\n\n\n\n<p>FIN<\/p>\n\n\n\n<p><strong>Les experts<\/strong> : Cl\u00e9ment Nyaletossi Voule, <a href=\"https:\/\/www.ohchr.org\/en\/special-procedures\/sr-executions\" target=\"_blank\" rel=\"noreferrer noopener\">Rapporteur sp\u00e9cial sur les droits \u00e0 la libert\u00e9 de r\u00e9union pacifique et d&#8217;association<\/a> ; Javaid Rehman, <a href=\"https:\/\/www.ohchr.org\/en\/special-procedures\/sr-iran\" target=\"_blank\" rel=\"noreferrer noopener\">Rapporteur sp\u00e9cial sur la situation des droits de l&#8217;Homme en R\u00e9publique islamique d&#8217;Iran<\/a> ; Alice Jill Edwards, <a href=\"https:\/\/www.ohchr.org\/en\/special-procedures\/sr-torture\" target=\"_blank\" rel=\"noreferrer noopener\">Rapporteur sp\u00e9cial sur la torture et autres peines ou traitements cruels, inhumains ou d\u00e9gradants<\/a> ; Reem Alsalem, <a href=\"https:\/\/www.ohchr.org\/en\/special-procedures\/sr-violence-against-women#:~:text=Ms.,and%20consequences%2C%20since%20August%202021.\" target=\"_blank\" rel=\"noreferrer noopener\">Rapporteuse sp\u00e9ciale sur la violence contre les femmes et les filles, ses causes et ses cons\u00e9quences<\/a> ; Irene Khan, <a href=\"https:\/\/www.ohchr.org\/en\/special-procedures\/sr-freedom-of-opinion-and-expression\/ms-irene-khan\" target=\"_blank\" rel=\"noreferrer noopener\">Rapporteuse sp\u00e9ciale sur la promotion et la protection du droit \u00e0 la libert\u00e9 d&#8217;opinion et d&#8217;expression<\/a> ; Mary Lawlor, <a href=\"https:\/\/www.ohchr.org\/en\/special-procedures\/sr-human-rights-defenders\" target=\"_blank\" rel=\"noreferrer noopener\">Rapporteuse <\/a><a href=\"https:\/\/www.ohchr.org\/en\/special-procedures\/sr-human-rights-defenders\" target=\"_blank\" rel=\"noopener\">sp\u00e9ciale sur la situation des d\u00e9fenseurs des droits de l&#8217;Homme<\/a> ; Miriam Estrada-Castillo (Pr\u00e9sidente-Rapporteuse), Mumba Malila (Vice-pr\u00e9sidente), Elina Steinerte, Priya Gopalan, et Matthew Gillett, <a href=\"https:\/\/www.ohchr.org\/en\/special-procedures\/wg-arbitrary-detention\" target=\"_blank\" rel=\"noreferrer noopener\">Groupe de travail sur la d\u00e9tention arbitraire<\/a> ; Dorothy Estrada Tanck (Pr\u00e9sidente), Ivana Rada\u010di\u0107 (Vice-pr\u00e9sidente), Elizabeth Broderick, Melissa Upreti, et Meskerem Geset Techane, <a href=\"https:\/\/www.ohchr.org\/en\/special-procedures\/wg-women-and-girls\/annual-thematic-reports\" target=\"_blank\" rel=\"noreferrer noopener\">Groupe de travail sur la discrimination \u00e0 l&#8217;\u00e9gard des femmes et des filles<\/a> ; Aua Bald\u00e9 (pr\u00e9sident-rapporteur), Gabriella Citroni (vice-pr\u00e9sidente), Luciano Hazan, Angkhana Neelapaijit, Grazyna Baranowska, <a href=\"https:\/\/www.ohchr.org\/en\/special-procedures\/wg-disappearances\" target=\"_blank\" rel=\"noreferrer noopener\">Groupe de travail sur les disparitions forc\u00e9es ou involontaires<\/a> ; Morris Tidball-Binz, <a href=\"https:\/\/www.ohchr.org\/en\/special-procedures\/sr-executions\" target=\"_blank\" rel=\"noreferrer noopener\">Rapporteur sp\u00e9cial sur les ex\u00e9cutions extrajudiciaires, sommaires ou arbitraires.<\/a><\/p>\n\n\n\n<p>Les experts font partie de ce que l&#8217;on appelle <a href=\"https:\/\/www.ohchr.org\/en\/special-procedures-human-rights-council\" target=\"_blank\" rel=\"noreferrer noopener\">les proc\u00e9dures sp\u00e9ciales<\/a> du Conseil des droits de l&#8217;Homme. Les proc\u00e9dures sp\u00e9ciales, le plus grand groupe d&#8217;experts ind\u00e9pendants du syst\u00e8me des droits de l&#8217;Homme des Nations unies, sont le nom g\u00e9n\u00e9ral des m\u00e9canismes ind\u00e9pendants d&#8217;enqu\u00eate et de surveillance du Conseil qui traitent soit de situations nationales sp\u00e9cifiques, soit de questions th\u00e9matiques dans toutes les r\u00e9gions du monde. Les experts des proc\u00e9dures sp\u00e9ciales travaillent sur une base volontaire ; ils ne font pas partie du personnel de l&#8217;ONU et ne re\u00e7oivent pas de salaire pour leur travail. Ils sont ind\u00e9pendants de tout gouvernement ou organisation et servent \u00e0 titre individuel.<\/p>\n","protected":false},"excerpt":{"rendered":"<p>Les experts des droits de l&#8217;Homme de l&#8217;ONU condamnent la r\u00e9pression des manifestants en Iran Voici la d\u00e9claration publi\u00e9e par les experts des droits de l&#8217;Homme des Nations unies le 26 octobre 2022 \u00e0 Gen\u00e8ve, condamnant la r\u00e9pression du r\u00e9gime cl\u00e9rical \u00e0 l&#8217;encontre des manifestants lors du soul\u00e8vement en Iran. Les experts ont d\u00e9clar\u00e9 que [&hellip;]<\/p>\n","protected":false},"author":4,"featured_media":16849,"comment_status":"closed","ping_status":"closed","sticky":false,"template":"","format":"standard","meta":{"jnews-multi-image_gallery":[],"jnews_single_post":{"subtitle":"","format":"standard","video":"","gallery":"","source_name":"","source_url":"","via_name":"","via_url":"","override_template":"0","override":[{"template":"7","single_blog_custom":"","parallax":"1","fullscreen":"1","layout":"right-sidebar","sidebar":"default-sidebar","second_sidebar":"default-sidebar","sticky_sidebar":"1","share_position":"floatbottom","share_float_style":"share-normal","show_share_counter":"1","show_view_counter":"1","show_featured":"1","show_post_meta":"1","show_post_author":"0","show_post_author_image":"1","show_post_date":"1","post_date_format":"default","post_date_format_custom":"Y\/m\/d","show_post_category":"1","show_post_reading_time":"0","post_reading_time_wpm":"300","show_zoom_button":"0","zoom_button_out_step":"2","zoom_button_in_step":"3","show_post_tag":"1","show_prev_next_post":"0","show_popup_post":"1","number_popup_post":"1","show_author_box":"0","show_post_related":"1","show_inline_post_related":"0"}],"override_image_size":"0","image_override":[{"single_post_thumbnail_size":"crop-500","single_post_gallery_size":"crop-500"}],"trending_post":"0","trending_post_position":"meta","trending_post_label":"Trending","sponsored_post":"0","sponsored_post_label":"Sponsored by","sponsored_post_name":"","sponsored_post_url":"","sponsored_post_logo_enable":"0","sponsored_post_logo":"","sponsored_post_desc":"","disable_ad":"0"},"jnews_primary_category":{"id":"","hide":""},"jnews_social_meta":{"fb_title":"","fb_description":"","fb_image":"","twitter_title":"","twitter_description":"","twitter_image":""},"jnews_override_counter":{"override_view_counter":"0","view_counter_number":"0","override_share_counter":"0","share_counter_number":"0","override_like_counter":"0","like_counter_number":"0","override_dislike_counter":"0","dislike_counter_number":"0"},"footnotes":""},"categories":[8],"tags":[369],"class_list":["post-16848","post","type-post","status-publish","format-standard","has-post-thumbnail","hentry","category-articles","tag-manifestations"],"_links":{"self":[{"href":"https:\/\/wncri.org\/fr\/wp-json\/wp\/v2\/posts\/16848","targetHints":{"allow":["GET"]}}],"collection":[{"href":"https:\/\/wncri.org\/fr\/wp-json\/wp\/v2\/posts"}],"about":[{"href":"https:\/\/wncri.org\/fr\/wp-json\/wp\/v2\/types\/post"}],"author":[{"embeddable":true,"href":"https:\/\/wncri.org\/fr\/wp-json\/wp\/v2\/users\/4"}],"replies":[{"embeddable":true,"href":"https:\/\/wncri.org\/fr\/wp-json\/wp\/v2\/comments?post=16848"}],"version-history":[{"count":1,"href":"https:\/\/wncri.org\/fr\/wp-json\/wp\/v2\/posts\/16848\/revisions"}],"predecessor-version":[{"id":16850,"href":"https:\/\/wncri.org\/fr\/wp-json\/wp\/v2\/posts\/16848\/revisions\/16850"}],"wp:featuredmedia":[{"embeddable":true,"href":"https:\/\/wncri.org\/fr\/wp-json\/wp\/v2\/media\/16849"}],"wp:attachment":[{"href":"https:\/\/wncri.org\/fr\/wp-json\/wp\/v2\/media?parent=16848"}],"wp:term":[{"taxonomy":"category","embeddable":true,"href":"https:\/\/wncri.org\/fr\/wp-json\/wp\/v2\/categories?post=16848"},{"taxonomy":"post_tag","embeddable":true,"href":"https:\/\/wncri.org\/fr\/wp-json\/wp\/v2\/tags?post=16848"}],"curies":[{"name":"wp","href":"https:\/\/api.w.org\/{rel}","templated":true}]}}