{"id":16841,"date":"2022-10-26T13:30:00","date_gmt":"2022-10-26T11:30:00","guid":{"rendered":"https:\/\/wncri.org\/fr\/?p=16841"},"modified":"2022-10-27T13:50:32","modified_gmt":"2022-10-27T11:50:32","slug":"la-voix-des-femmes","status":"publish","type":"post","link":"https:\/\/wncri.org\/fr\/2022\/10\/26\/la-voix-des-femmes\/","title":{"rendered":"La voix des femmes est forte et claire au 41e jour du soul\u00e8vement iranien"},"content":{"rendered":"\n<h3 class=\"wp-block-heading\">La voix des femmes est forte et claire au 41e jour du soul\u00e8vement iranien<\/h3>\n\n\n\n<p><em>Le 40e jour apr\u00e8s la mort de Mahsa Amini, les Iraniens ont d\u00e9fil\u00e9 et manifest\u00e9 en signe de solidarit\u00e9 dans tout le pays<\/em><\/p>\n\n\n\n<p>Les manifestations et les gr\u00e8ves ont commenc\u00e9 dans la matin\u00e9e du 26 octobre 2022, \u00e0 T\u00e9h\u00e9ran et dans diverses r\u00e9gions d&#8217;Iran. Les voix des femmes \u00e9taient fortes et claires <a href=\"https:\/\/twitter.com\/Mojahedineng\/status\/1584507499281006595\" target=\"_blank\" rel=\"noreferrer noopener\">au 41e jour<\/a> du soul\u00e8vement iranien, alors qu&#8217;elles scandaient le slogan du jour : &#8220;Mort \u00e0 l&#8217;oppresseur, que ce soit le Chah ou le guide supr\u00eame (des mollahs).&#8221;<\/p>\n\n\n\n<p>Jusqu&#8217;\u00e0 17 heures, au moins <a href=\"https:\/\/www.youtube.com\/watch?v=7Zden6jCzcE\" target=\"_blank\" rel=\"noreferrer noopener\">58 universit\u00e9s<\/a>, <a href=\"https:\/\/www.youtube.com\/watch?v=YNR7JcMIoPY\" target=\"_blank\" rel=\"noreferrer noopener\">30 quartiers de T\u00e9h\u00e9ran<\/a> et 19 villes ont \u00e9t\u00e9 le th\u00e9\u00e2tre de manifestations anti-r\u00e9gime et d&#8217;affrontements avec les forces de s\u00e9curit\u00e9. Les marchands de bazar ont organis\u00e9 des gr\u00e8ves dans 31 villes. Les travailleurs des raffineries de p\u00e9trole d&#8217;Abadan et de T\u00e9h\u00e9ran et de l&#8217;aci\u00e9rie de Kerman se sont mis en gr\u00e8ve et les lyc\u00e9ens ont rejoint les manifestations dans de nombreuses villes.<\/p>\n\n\n\n<p>Une foule immense s&#8217;est rassembl\u00e9e au <a href=\"https:\/\/www.youtube.com\/watch?v=p9fReDJ4yls\" target=\"_blank\" rel=\"noreferrer noopener\">cimeti\u00e8re d&#8217;Aichi<\/a> \u00e0 Saqqez, pour comm\u00e9morer <a href=\"https:\/\/wncri.org\/fr\/2022\/09\/19\/la-mort-de-mahsa-amini\/\" target=\"_blank\" rel=\"noreferrer noopener\">Mahsa Amini,<\/a> le 40e jour apr\u00e8s sa mort. Des dizaines de milliers de personnes ont parcouru \u00e0 pied le chemin menant au cimeti\u00e8re, car les forces de s\u00e9curit\u00e9 avaient bloqu\u00e9 toutes les routes et tous les itin\u00e9raires pour emp\u00eacher les gens de se rassembler sur la tombe de Mahsa Amini.<\/p>\n\n\n\n<p>La foule immense a scand\u00e9 : &#8220;Mort au dictateur&#8221;, &#8220;Mort \u00e0 Khamenei&#8221;, &#8220;Nous sommes tous Mahsa, battons-nous et nous riposterons&#8221;, &#8220;Du Kurdistan \u00e0 T\u00e9h\u00e9ran, je sacrifie ma vie pour l&#8217;Iran&#8221;, etc.<\/p>\n\n\n<div class=\"wp-block-image\">\n<figure class=\"aligncenter size-large\"><img decoding=\"async\" src=\"data:image\/gif;base64,R0lGODlhAQABAIAAAAAAAP\/\/\/yH5BAEAAAAALAAAAAABAAEAAAIBRAA7\" data-src=\"https:\/\/wncri.org\/fr\/wp-content\/uploads\/2022\/10\/Najafabad12-min-640x1024.jpg\" alt=\"Les protestations se sont poursuivies \u00e0 Saqqez tout au long de la journ\u00e9e. \" class=\"wp-image-16844 lazyload\"\/><noscript><img decoding=\"async\" width=\"640\" height=\"1024\" src=\"https:\/\/wncri.org\/fr\/wp-content\/uploads\/2022\/10\/Najafabad12-min-640x1024.jpg\" alt=\"Les protestations se sont poursuivies \u00e0 Saqqez tout au long de la journ\u00e9e. \" class=\"wp-image-16844 lazyload\" srcset=\"https:\/\/wncri.org\/fr\/wp-content\/uploads\/2022\/10\/Najafabad12-min-640x1024.jpg 640w, https:\/\/wncri.org\/fr\/wp-content\/uploads\/2022\/10\/Najafabad12-min-188x300.jpg 188w, https:\/\/wncri.org\/fr\/wp-content\/uploads\/2022\/10\/Najafabad12-min.jpg 719w\" sizes=\"(max-width: 640px) 100vw, 640px\" \/><\/noscript><\/figure>\n<\/div>\n\n\n<h3 class=\"wp-block-heading\">Les protestations se sont poursuivies \u00e0 Saqqez tout au long de la journ\u00e9e.<\/h3>\n\n\n\n<p>Les \u00e9tudiants ont organis\u00e9 des sit-in et des manifestations dans les principales universit\u00e9s, notamment \u00e0 Khajeh Nasir de T\u00e9h\u00e9ran, <a href=\"https:\/\/twitter.com\/Mojahedineng\/status\/1585272536215920640\" target=\"_blank\" rel=\"noreferrer noopener\">\u00e0 l&#8217;Universit\u00e9 Sharif de T\u00e9h\u00e9ran<\/a>, \u00e0 l&#8217;Universit\u00e9 dentaire de T\u00e9h\u00e9ran, \u00e0 <a href=\"https:\/\/twitter.com\/Mojahedineng\/status\/1585233529507553281\" target=\"_blank\" rel=\"noreferrer noopener\">l&#8217;Universit\u00e9 Najaf Abad,<\/a> \u00e0 <a href=\"https:\/\/twitter.com\/Mojahedineng\/status\/1585262474034524160\" target=\"_blank\" rel=\"noreferrer noopener\">l&#8217;Universit\u00e9 de Tabriz<\/a>, au <a href=\"https:\/\/twitter.com\/Mojahedineng\/status\/1585277570139901952*\" target=\"_blank\" rel=\"noreferrer noopener\">Campus Azad de T\u00e9h\u00e9ran<\/a>, <a href=\"https:\/\/twitter.com\/Mojahedineng\/status\/1585267503218860032\" target=\"_blank\" rel=\"noreferrer noopener\">\u00e0 Amir Kabir de T\u00e9h\u00e9ran<\/a><a href=\"https:\/\/twitter.com\/Mojahedineng\/status\/1585261211804790784\" target=\"_blank\" rel=\"noopener\">, \u00e0 <\/a><a href=\"https:\/\/twitter.com\/Mojahedineng\/status\/1585261211804790784\" target=\"_blank\" rel=\"noreferrer noopener\">Al<\/a><a href=\"https:\/\/twitter.com\/Mojahedineng\/status\/1585261211804790784\" target=\"_blank\" rel=\"noopener\">-Zahra de T\u00e9h\u00e9ran<\/a>, \u00e0 l&#8217;Universit\u00e9 de Machad, \u00e0 Sepehr d&#8217;Ispahan, au Coll\u00e8ge technique pour filles d&#8217;Ispahan, \u00e0 <a href=\"https:\/\/twitter.com\/Mojahedineng\/status\/1585253661843673089\" target=\"_blank\" rel=\"noreferrer noopener\">l&#8217;Universit\u00e9 Chamran d&#8217;Ahvaz,<\/a> l&#8217;universit\u00e9 Azad de Kerman, <a href=\"https:\/\/twitter.com\/Mojahedineng\/status\/1585248628888678400\" target=\"_blank\" rel=\"noreferrer noopener\">l&#8217;universit\u00e9 Azad d&#8217;Arak<\/a>, l&#8217;universit\u00e9 de Hamedan, l&#8217;universit\u00e9 de Kerman, la facult\u00e9 d&#8217;ing\u00e9nierie Ferdowsi de Machad, <a href=\"https:\/\/twitter.com\/Mojahedineng\/status\/1585273794679152640\" target=\"_blank\" rel=\"noreferrer noopener\">l&#8217;universit\u00e9 Azad de Machhad<\/a>, <a href=\"https:\/\/twitter.com\/Mojahedineng\/status\/1585254923909873664\" target=\"_blank\" rel=\"noreferrer noopener\">l&#8217;universit\u00e9 Bu-Ali Sina de Hamedan<\/a>, le coll\u00e8ge industriel de Qouchan, <a href=\"https:\/\/twitter.com\/Mojahedineng\/status\/1585238562512977920\" target=\"_blank\" rel=\"noopener\">l&#8217;<\/a><a href=\"https:\/\/twitter.com\/Mojahedineng\/status\/1585238562512977920\" target=\"_blank\" rel=\"noreferrer noopener\">universit\u00e9 <\/a><a href=\"https:\/\/twitter.com\/Mojahedineng\/status\/1585238562512977920\" target=\"_blank\" rel=\"noopener\">Azad de Boroujard<\/a>, l&#8217;universit\u00e9 Rasam de Karaj, l&#8217;universit\u00e9 Sadrai et Zand de Chiraz, l&#8217;universit\u00e9 Rasam de Karaj, <a href=\"https:\/\/twitter.com\/Mojahedineng\/status\/1585275052861411332\" target=\"_blank\" rel=\"noreferrer noopener\">l&#8217;universit\u00e9 de Yazd<\/a>, etc.<\/p>\n\n\n<div class=\"wp-block-image\">\n<figure class=\"aligncenter size-full\"><img decoding=\"async\" src=\"data:image\/gif;base64,R0lGODlhAQABAIAAAAAAAP\/\/\/yH5BAEAAAAALAAAAAABAAEAAAIBRAA7\" data-src=\"https:\/\/wncri.org\/fr\/wp-content\/uploads\/2022\/10\/Voices-of-women-loud-and-clear-on-Day-41-2-min.jpg\" alt=\"Les \u00e9tudiants ont organis\u00e9 des sit-in et des manifestations dans les principales universit\u00e9s\" class=\"wp-image-16845 lazyload\"\/><noscript><img decoding=\"async\" width=\"750\" height=\"375\" src=\"https:\/\/wncri.org\/fr\/wp-content\/uploads\/2022\/10\/Voices-of-women-loud-and-clear-on-Day-41-2-min.jpg\" alt=\"Les \u00e9tudiants ont organis\u00e9 des sit-in et des manifestations dans les principales universit\u00e9s\" class=\"wp-image-16845 lazyload\" srcset=\"https:\/\/wncri.org\/fr\/wp-content\/uploads\/2022\/10\/Voices-of-women-loud-and-clear-on-Day-41-2-min.jpg 750w, https:\/\/wncri.org\/fr\/wp-content\/uploads\/2022\/10\/Voices-of-women-loud-and-clear-on-Day-41-2-min-300x150.jpg 300w, https:\/\/wncri.org\/fr\/wp-content\/uploads\/2022\/10\/Voices-of-women-loud-and-clear-on-Day-41-2-min-360x180.jpg 360w\" sizes=\"(max-width: 750px) 100vw, 750px\" \/><\/noscript><\/figure>\n<\/div>\n\n\n<p>Certaines manifestations d&#8217;\u00e9tudiants \u00e0 T\u00e9h\u00e9ran ont d\u00e9bord\u00e9 dans les <a href=\"https:\/\/twitter.com\/Mojahedineng\/status\/1585268761837420544\" target=\"_blank\" rel=\"noreferrer noopener\">rues de la capitale<\/a>, par exemple <a href=\"https:\/\/twitter.com\/Mojahedineng\/status\/1585247371981598721\" target=\"_blank\" rel=\"noopener\">dans la <\/a><a href=\"https:\/\/twitter.com\/Mojahedineng\/status\/1585247371981598721\" target=\"_blank\" rel=\"noreferrer noopener\">rue <\/a><a href=\"https:\/\/twitter.com\/Mojahedineng\/status\/1585247371981598721\" target=\"_blank\" rel=\"noopener\">Kargar<\/a>. Les forces de s\u00e9curit\u00e9 ont ouvert le feu sur les \u00e9tudiants avec des fusils \u00e0 plomb.<\/p>\n\n\n\n<p>\u00c0 T\u00e9h\u00e9ran, les gens ont manifest\u00e9 dans au moins 30 quartiers, dont Naziabad, la place Behesht, Nezam Pezeshki, Amir Abad, Hashemi et Lalezar.<\/p>\n\n\n\n<p>Des protestations ont \u00e9galement eu lieu dans plusieurs stations de m\u00e9tro, notamment \u00e0 Qolhak et Sadeghieh. Des manifestants ont mis le feu \u00e0 des poubelles en scandant &#8220;mort \u00e0 Khamenei&#8221; dans les districts de Saltanat Abad, Saadat Abad, Sadeghieh, Yusefabad et Geisha, et dans l&#8217;avenue Sohrevardi.<\/p>\n\n\n<div class=\"wp-block-image\">\n<figure class=\"aligncenter size-full is-resized\"><img decoding=\"async\" src=\"data:image\/gif;base64,R0lGODlhAQABAIAAAAAAAP\/\/\/yH5BAEAAAAALAAAAAABAAEAAAIBRAA7\" data-src=\"https:\/\/wncri.org\/fr\/wp-content\/uploads\/2022\/10\/Dental-school-Tehran-min.jpg\" alt=\"notamment \u00e0 Khajeh Nasir de T\u00e9h\u00e9ran, \u00e0 l'Universit\u00e9 Sharif de T\u00e9h\u00e9ran\" class=\"wp-image-16843 lazyload\" width=\"750\" height=\"375\"\/><noscript><img decoding=\"async\" src=\"https:\/\/wncri.org\/fr\/wp-content\/uploads\/2022\/10\/Dental-school-Tehran-min.jpg\" alt=\"notamment \u00e0 Khajeh Nasir de T\u00e9h\u00e9ran, \u00e0 l'Universit\u00e9 Sharif de T\u00e9h\u00e9ran\" class=\"wp-image-16843 lazyload\" width=\"750\" height=\"375\" srcset=\"https:\/\/wncri.org\/fr\/wp-content\/uploads\/2022\/10\/Dental-school-Tehran-min.jpg 750w, https:\/\/wncri.org\/fr\/wp-content\/uploads\/2022\/10\/Dental-school-Tehran-min-300x150.jpg 300w, https:\/\/wncri.org\/fr\/wp-content\/uploads\/2022\/10\/Dental-school-Tehran-min-360x180.jpg 360w\" sizes=\"(max-width: 750px) 100vw, 750px\" \/><\/noscript><\/figure>\n<\/div>\n\n<div class=\"wp-block-image\">\n<figure class=\"aligncenter size-large\"><img decoding=\"async\" src=\"data:image\/gif;base64,R0lGODlhAQABAIAAAAAAAP\/\/\/yH5BAEAAAAALAAAAAABAAEAAAIBRAA7\" data-src=\"https:\/\/wncri.org\/fr\/wp-content\/uploads\/2022\/10\/Az-Zahra-min-640x1024.jpg\" alt=\"\" class=\"wp-image-16842 lazyload\"\/><noscript><img decoding=\"async\" width=\"640\" height=\"1024\" src=\"https:\/\/wncri.org\/fr\/wp-content\/uploads\/2022\/10\/Az-Zahra-min-640x1024.jpg\" alt=\"\" class=\"wp-image-16842 lazyload\" srcset=\"https:\/\/wncri.org\/fr\/wp-content\/uploads\/2022\/10\/Az-Zahra-min-640x1024.jpg 640w, https:\/\/wncri.org\/fr\/wp-content\/uploads\/2022\/10\/Az-Zahra-min-188x300.jpg 188w, https:\/\/wncri.org\/fr\/wp-content\/uploads\/2022\/10\/Az-Zahra-min.jpg 719w\" sizes=\"(max-width: 640px) 100vw, 640px\" \/><\/noscript><\/figure>\n<\/div>","protected":false},"excerpt":{"rendered":"<p>La voix des femmes est forte et claire au 41e jour du soul\u00e8vement iranien Le 40e jour apr\u00e8s la mort de Mahsa Amini, les Iraniens ont d\u00e9fil\u00e9 et manifest\u00e9 en signe de solidarit\u00e9 dans tout le pays Les manifestations et les gr\u00e8ves ont commenc\u00e9 dans la matin\u00e9e du 26 octobre 2022, \u00e0 T\u00e9h\u00e9ran et dans [&hellip;]<\/p>\n","protected":false},"author":4,"featured_media":16846,"comment_status":"closed","ping_status":"closed","sticky":false,"template":"","format":"standard","meta":{"jnews-multi-image_gallery":[],"jnews_single_post":{"subtitle":"","format":"standard","video":"","gallery":"","source_name":"","source_url":"","via_name":"","via_url":"","override_template":"0","override":[{"template":"7","single_blog_custom":"","parallax":"1","fullscreen":"1","layout":"right-sidebar","sidebar":"default-sidebar","second_sidebar":"default-sidebar","sticky_sidebar":"1","share_position":"floatbottom","share_float_style":"share-normal","show_share_counter":"1","show_view_counter":"1","show_featured":"1","show_post_meta":"1","show_post_author":"0","show_post_author_image":"1","show_post_date":"1","post_date_format":"default","post_date_format_custom":"Y\/m\/d","show_post_category":"1","show_post_reading_time":"0","post_reading_time_wpm":"300","show_zoom_button":"0","zoom_button_out_step":"2","zoom_button_in_step":"3","show_post_tag":"1","show_prev_next_post":"0","show_popup_post":"1","number_popup_post":"1","show_author_box":"0","show_post_related":"1","show_inline_post_related":"0"}],"override_image_size":"0","image_override":[{"single_post_thumbnail_size":"crop-500","single_post_gallery_size":"crop-500"}],"trending_post":"0","trending_post_position":"meta","trending_post_label":"Trending","sponsored_post":"0","sponsored_post_label":"Sponsored by","sponsored_post_name":"","sponsored_post_url":"","sponsored_post_logo_enable":"0","sponsored_post_logo":"","sponsored_post_desc":"","disable_ad":"0"},"jnews_primary_category":{"id":"","hide":""},"jnews_social_meta":{"fb_title":"","fb_description":"","fb_image":"","twitter_title":"","twitter_description":"","twitter_image":""},"jnews_override_counter":{"override_view_counter":"0","view_counter_number":"0","override_share_counter":"0","share_counter_number":"0","override_like_counter":"0","like_counter_number":"0","override_dislike_counter":"0","dislike_counter_number":"0"},"footnotes":""},"categories":[3],"tags":[369],"class_list":["post-16841","post","type-post","status-publish","format-standard","has-post-thumbnail","hentry","category-infos-des-femmes","tag-manifestations"],"_links":{"self":[{"href":"https:\/\/wncri.org\/fr\/wp-json\/wp\/v2\/posts\/16841","targetHints":{"allow":["GET"]}}],"collection":[{"href":"https:\/\/wncri.org\/fr\/wp-json\/wp\/v2\/posts"}],"about":[{"href":"https:\/\/wncri.org\/fr\/wp-json\/wp\/v2\/types\/post"}],"author":[{"embeddable":true,"href":"https:\/\/wncri.org\/fr\/wp-json\/wp\/v2\/users\/4"}],"replies":[{"embeddable":true,"href":"https:\/\/wncri.org\/fr\/wp-json\/wp\/v2\/comments?post=16841"}],"version-history":[{"count":1,"href":"https:\/\/wncri.org\/fr\/wp-json\/wp\/v2\/posts\/16841\/revisions"}],"predecessor-version":[{"id":16847,"href":"https:\/\/wncri.org\/fr\/wp-json\/wp\/v2\/posts\/16841\/revisions\/16847"}],"wp:featuredmedia":[{"embeddable":true,"href":"https:\/\/wncri.org\/fr\/wp-json\/wp\/v2\/media\/16846"}],"wp:attachment":[{"href":"https:\/\/wncri.org\/fr\/wp-json\/wp\/v2\/media?parent=16841"}],"wp:term":[{"taxonomy":"category","embeddable":true,"href":"https:\/\/wncri.org\/fr\/wp-json\/wp\/v2\/categories?post=16841"},{"taxonomy":"post_tag","embeddable":true,"href":"https:\/\/wncri.org\/fr\/wp-json\/wp\/v2\/tags?post=16841"}],"curies":[{"name":"wp","href":"https:\/\/api.w.org\/{rel}","templated":true}]}}