{"id":16826,"date":"2022-10-24T13:27:00","date_gmt":"2022-10-24T11:27:00","guid":{"rendered":"https:\/\/wncri.org\/fr\/?p=16826"},"modified":"2022-10-25T13:48:33","modified_gmt":"2022-10-25T11:48:33","slug":"le-39e-jour-du-soulevement","status":"publish","type":"post","link":"https:\/\/wncri.org\/fr\/2022\/10\/24\/le-39e-jour-du-soulevement\/","title":{"rendered":"Des manifestations universitaires passionn\u00e9es marquent le 39e jour du soul\u00e8vement en Iran"},"content":{"rendered":"\n<h3 class=\"wp-block-heading\"><em>Un document hautement confidentiel r\u00e9v\u00e8le que 20 445 arrestations ont \u00e9t\u00e9 effectu\u00e9es au cours des deux premi\u00e8res semaines des manifestations<\/em><\/h3>\n\n\n\n<p><em>Negin Abdolmaleki matraqu\u00e9e \u00e0 mort et d&#8217;autres noms de femmes sur la liste des victimes<\/em><\/p>\n\n\n\n<p>Le 24 octobre 2022, les \u00e9tudiants iraniens ont marqu\u00e9 le 39e jour du soul\u00e8vement iranien par leurs protestations passionn\u00e9es dans des dizaines d&#8217;universit\u00e9s du pays.<\/p>\n\n\n\n<p>Le soul\u00e8vement se poursuit malgr\u00e9 la r\u00e9pression brutale et la r\u00e9pression massive des forces r\u00e9pressives du r\u00e9gime. Dans un document hautement confidentiel obtenu par la R\u00e9sistance iranienne, le commandant en chef de l&#8217;IRGC fait \u00e9tat \u00e0 Khamenei, le guide supr\u00eame des mollahs, de 20 445 arrestations au cours des deux premi\u00e8res semaines du soul\u00e8vement.<\/p>\n\n\n\n<p>Hossein Salami, le commandant en chef de l&#8217;IRGC, d\u00e9clare dans ce rapport que les forces de l&#8217;IRGC ont arr\u00eat\u00e9 9 654 personnes, et que les forces de s\u00e9curit\u00e9 de l&#8217;\u00c9tat (SSF) ont arr\u00eat\u00e9 9 545 personnes. Le minist\u00e8re des Renseignements (MOIS) a arr\u00eat\u00e9 1 246 personnes.<\/p>\n\n\n\n<p>Le rapport indique que 42 % des personnes arr\u00eat\u00e9es et d\u00e9tenues avaient moins de 20 ans. Salami souligne dans le rapport qu&#8217;un certain nombre des personnes d\u00e9tenues avaient \u00e9t\u00e9 organis\u00e9es par l&#8217;Organisation des Moudjahidine du peuple (OMPI).<\/p>\n\n\n\n<p>Le 22 octobre, le site d&#8217;\u00c9tat Etemadonline.ir \u00e9crivait : &#8220;Entre 5 000 et 6 000 personnes, au moins, ont \u00e9t\u00e9 arr\u00eat\u00e9es dans le cadre des manifestations de rue qui durent depuis un mois, rien qu&#8217;\u00e0 T\u00e9h\u00e9ran.&#8221;<\/p>\n\n\n\n<p>Un autre site Web d&#8217;\u00c9tat, Khabarfoori.com, \u00e9crivait le 21 octobre : &#8220;Au moins plus de 20 000 personnes ont \u00e9t\u00e9 arr\u00eat\u00e9es lors des r\u00e9cents troubles dans le pays.&#8221;<\/p>\n\n\n<div class=\"wp-block-image\">\n<figure class=\"aligncenter size-full\"><img decoding=\"async\" src=\"data:image\/gif;base64,R0lGODlhAQABAIAAAAAAAP\/\/\/yH5BAEAAAAALAAAAAABAAEAAAIBRAA7\" data-src=\"https:\/\/wncri.org\/fr\/wp-content\/uploads\/2022\/10\/Day-39-of-protests-min.jpg\" alt=\"Des manifestations universitaires passionn\u00e9es marquent le 39e jour du soul\u00e8vement en Iran\" class=\"wp-image-16827 lazyload\"\/><noscript><img decoding=\"async\" width=\"750\" height=\"375\" src=\"https:\/\/wncri.org\/fr\/wp-content\/uploads\/2022\/10\/Day-39-of-protests-min.jpg\" alt=\"Des manifestations universitaires passionn\u00e9es marquent le 39e jour du soul\u00e8vement en Iran\" class=\"wp-image-16827 lazyload\" srcset=\"https:\/\/wncri.org\/fr\/wp-content\/uploads\/2022\/10\/Day-39-of-protests-min.jpg 750w, https:\/\/wncri.org\/fr\/wp-content\/uploads\/2022\/10\/Day-39-of-protests-min-300x150.jpg 300w, https:\/\/wncri.org\/fr\/wp-content\/uploads\/2022\/10\/Day-39-of-protests-min-360x180.jpg 360w\" sizes=\"(max-width: 750px) 100vw, 750px\" \/><\/noscript><\/figure>\n<\/div>\n\n\n<h3 class=\"wp-block-heading\"><strong>Le 39e jour du soul\u00e8vement iranien est marqu\u00e9 par des manifestations dans les universit\u00e9s.<\/strong><\/h3>\n\n\n\n<p>Les femmes de T\u00e9h\u00e9ran se sont rassembl\u00e9es dans la station de <a href=\"https:\/\/twitter.com\/Mojahedineng\/status\/1584477299990097920\" target=\"_blank\" rel=\"noreferrer noopener\">m\u00e9tro du Th\u00e9\u00e2tre<\/a> de la ville (Teatre Chahr) en scandant &#8220;Mort \u00e0 Khamenei&#8221;.<\/p>\n\n\n\n<p>Les \u00e9tudiants de l&#8217;universit\u00e9 Khajeh Nasir de T\u00e9h\u00e9ran se sont vivement oppos\u00e9s \u00e0 la pr\u00e9sence du <a href=\"https:\/\/twitter.com\/PMOIRAN\/status\/1584498862357590016\" target=\"_blank\" rel=\"noreferrer noopener\">porte-parole du gouvernement Ra\u00efssi<\/a>, Bahador Jahromi, sur leur campus pour tenir un dialogue th\u00e9\u00e2tral. Les \u00e9tudiants de Khajeh Nasir ont jur\u00e9 de renverser Khamenei cette ann\u00e9e et ont scand\u00e9 : &#8220;Meurtrier, d\u00e9gage !&#8221; et &#8220;Nous ne voulons pas d&#8217;un syst\u00e8me corrompu, ni d&#8217;un meurtrier comme invit\u00e9 !&#8221; parmi des dizaines d&#8217;autres slogans anti-r\u00e9gime.<\/p>\n\n\n\n<p>Les \u00e9tudiants de Khajeh Nasir ont ainsi oblig\u00e9 le porte-parole du gouvernement \u00e0 quitter l&#8217;universit\u00e9.<\/p>\n\n\n\n<p>Les \u00e9tudiants de T\u00e9h\u00e9ran ont manifest\u00e9 \u00e0 <a href=\"https:\/\/twitter.com\/Mojahedineng\/status\/1584543985845948417\" target=\"_blank\" rel=\"noreferrer noopener\">l&#8217;universit\u00e9 de technologie Charif<\/a>, \u00e0 l&#8217;universit\u00e9 des <a href=\"https:\/\/twitter.com\/Mojahedineng\/status\/1584489879420866562\" target=\"_blank\" rel=\"noreferrer noopener\">sciences et de la technologie<\/a>, \u00e0 l&#8217;\u00e9cole de langues et de litt\u00e9rature \u00e9trang\u00e8res et \u00e0 l&#8217;\u00e9cole de psychologie et de sciences de l&#8217;\u00e9ducation de l&#8217;universit\u00e9 de T\u00e9h\u00e9ran, \u00e0 la branche occidentale de l&#8217;universit\u00e9 Azad, \u00e0 l&#8217;\u00e9cole d&#8217;\u00e9conomie de l&#8217;universit\u00e9 Allameh, \u00e0 l&#8217;universit\u00e9 <a href=\"https:\/\/twitter.com\/PMOIRAN\/status\/1584579755504205830\" target=\"_blank\" rel=\"noopener\">Az-<\/a><a href=\"https:\/\/twitter.com\/PMOIRAN\/status\/1584579755504205830\" target=\"_blank\" rel=\"noreferrer noopener\">Zahra<\/a>, \u00e0 l&#8217;\u00e9cole de gestion de l&#8217;universit\u00e9 de T\u00e9h\u00e9ran, \u00e0 l&#8217;universit\u00e9 Kharazmi, \u00e0 <a href=\"https:\/\/twitter.com\/Mojahedineng\/status\/1584511270094618624\" target=\"_blank\" rel=\"noreferrer noopener\">l&#8217;universit\u00e9 Amir Kabir<\/a> et \u00e0 l&#8217;\u00e9cole des sciences m\u00e9dicales de l&#8217;universit\u00e9 Azad.<\/p>\n\n\n\n<p>Hier, des \u00e9tudiants et des \u00e9tudiantes de l&#8217;universit\u00e9 Charif se sont rendus dans le principal r\u00e9fectoire libre-service, rejetant ainsi la politique de l&#8217;universit\u00e9 en mati\u00e8re de s\u00e9gr\u00e9gation des sexes dans les salles \u00e0 manger. Aujourd&#8217;hui, les responsables de l&#8217;universit\u00e9 ont emp\u00each\u00e9 l&#8217;entr\u00e9e des \u00e9tudiants &#8220;qui avaient caus\u00e9 des troubles&#8221;. Les \u00e9tudiants ont r\u00e9agi en organisant un sit-in de protestation devant les portes de l&#8217;universit\u00e9.<\/p>\n\n\n\n<p>Les \u00e9tudiants de l&#8217;universit\u00e9 Ferdowsi et de l&#8217;universit\u00e9 des sciences athl\u00e9tiques de Machad, de <a href=\"https:\/\/twitter.com\/PMOIRAN\/status\/1584233471727190016\" target=\"_blank\" rel=\"noreferrer noopener\">l&#8217;universit\u00e9 de Zahedan<\/a>, de l&#8217;universit\u00e9 industrielle et de l&#8217;universit\u00e9 <a href=\"https:\/\/twitter.com\/PMOIRAN\/status\/1584588477097574400\" target=\"_blank\" rel=\"noreferrer noopener\">Azad<\/a> d&#8217;Ispahan, de l&#8217;universit\u00e9 d&#8217;architecture de Mazandaran, <a href=\"https:\/\/twitter.com\/PMOIRAN\/status\/1584578370603339777\" target=\"_blank\" rel=\"noopener\">de l&#8217;<\/a><a href=\"https:\/\/twitter.com\/PMOIRAN\/status\/1584578370603339777\" target=\"_blank\" rel=\"noreferrer noopener\">universit\u00e9 <\/a><a href=\"https:\/\/twitter.com\/PMOIRAN\/status\/1584578370603339777\" target=\"_blank\" rel=\"noopener\">Azad de Chahre Rey<\/a>, de <a href=\"https:\/\/twitter.com\/PMOIRAN\/status\/1584579240573300736\" target=\"_blank\" rel=\"noreferrer noopener\">l&#8217;universit\u00e9 Chamran d&#8217;Ahvaz<\/a> et <a href=\"https:\/\/twitter.com\/Mojahedineng\/status\/1584512528473784323\" target=\"_blank\" rel=\"noreferrer noopener\">de l&#8217;universit\u00e9 industrielle de Hamedan<\/a> ont organis\u00e9 des sit-in, d\u00e9fil\u00e9 et scand\u00e9 des slogans contre le r\u00e9gime le lundi 24 octobre.<\/p>\n\n\n\n<p>Le dimanche 23 octobre, les \u00e9tudiants de <a href=\"https:\/\/twitter.com\/PMOIRAN\/status\/1584161733228187649\" target=\"_blank\" rel=\"noreferrer noopener\">l&#8217;universit\u00e9 de Yazd<\/a>, de <a href=\"https:\/\/twitter.com\/PMOIRAN\/status\/1584160033209655296\" target=\"_blank\" rel=\"noopener\">l&#8217;<\/a><a href=\"https:\/\/twitter.com\/PMOIRAN\/status\/1584160033209655296\" target=\"_blank\" rel=\"noreferrer noopener\">universit\u00e9 <\/a><a href=\"https:\/\/twitter.com\/PMOIRAN\/status\/1584160033209655296\" target=\"_blank\" rel=\"noopener\">Razi de Kermanchah<\/a>, de <a href=\"https:\/\/twitter.com\/PMOIRAN\/status\/1584183379213185024\" target=\"_blank\" rel=\"noopener\">l&#8217;<\/a><a href=\"https:\/\/twitter.com\/PMOIRAN\/status\/1584183379213185024\" target=\"_blank\" rel=\"noreferrer noopener\">universit\u00e9 <\/a><a href=\"https:\/\/twitter.com\/PMOIRAN\/status\/1584183379213185024\" target=\"_blank\" rel=\"noopener\">Azad de Karaj<\/a>, des universit\u00e9s Azad de Khomeinichahr et Gohardacht, <a href=\"https:\/\/twitter.com\/PMOIRAN\/status\/1584576912776515584\" target=\"_blank\" rel=\"noreferrer noopener\">de l&#8217;universit\u00e9 Allameh<\/a> Tabatabaei de T\u00e9h\u00e9ran, de <a href=\"https:\/\/twitter.com\/PMOIRAN\/status\/1584244277239955458\" target=\"_blank\" rel=\"noopener\">l&#8217;<\/a><a href=\"https:\/\/twitter.com\/PMOIRAN\/status\/1584244277239955458\" target=\"_blank\" rel=\"noreferrer noopener\">universit\u00e9 <\/a><a href=\"https:\/\/twitter.com\/PMOIRAN\/status\/1584244277239955458\" target=\"_blank\" rel=\"noopener\">de Bandar Abbas<\/a>, de la facult\u00e9 de m\u00e9decine de <a href=\"https:\/\/twitter.com\/PMOIRAN\/status\/1584210601777106944\" target=\"_blank\" rel=\"noreferrer noopener\">l&#8217;universit\u00e9 de Zahedan<\/a>, de<a href=\"https:\/\/twitter.com\/Mojahedineng\/status\/1584257095293181952\" target=\"_blank\" rel=\"noreferrer noopener\"> l&#8217;universit\u00e9 de Dezfoul<\/a>, de <a href=\"https:\/\/twitter.com\/Mojahedineng\/status\/1584605643826073600\" target=\"_blank\" rel=\"noopener\">l&#8217;<\/a><a href=\"https:\/\/twitter.com\/Mojahedineng\/status\/1584605643826073600\" target=\"_blank\" rel=\"noreferrer noopener\">universit\u00e9 <\/a><a href=\"https:\/\/twitter.com\/Mojahedineng\/status\/1584605643826073600\" target=\"_blank\" rel=\"noopener\">de Tabriz<\/a>, etc. ont \u00e9t\u00e9 les th\u00e9\u00e2tres de manifestations.<\/p>\n\n\n\n<p>Les \u00e9tudiantes \u00e9taient \u00e0 l&#8217;avant-garde de toutes les protestations universitaires. (Regardez les liens vid\u00e9o).<\/p>\n\n\n\n<p>Les enseignants se sont mis en gr\u00e8ve \u00e0 Sanandaj, Saqqez, Marivan et Divandarreh.<\/p>\n\n\n\n<p><a href=\"https:\/\/twitter.com\/PMOIRAN\/status\/1584576134456307712\" target=\"_blank\" rel=\"noreferrer noopener\">Les m\u00e9decins de Chiraz<\/a> ont manifest\u00e9 en scandant &#8220;Mort au dictateur&#8221;, malgr\u00e9 les gaz lacrymog\u00e8nes lanc\u00e9s par les forces de s\u00e9curit\u00e9.<\/p>\n\n\n\n<p>Des lyc\u00e9ens d&#8217;Ispahan ont manifest\u00e9 en scandant &#8220;Libert\u00e9, libert\u00e9, libert\u00e9 <a href=\"https:\/\/twitter.com\/PMOIRAN\/status\/1584577460422684674\" target=\"_blank\" rel=\"noreferrer noopener\">!&#8221;. Des lyc\u00e9ennes de T\u00e9h\u00e9ran<\/a>, <a href=\"https:\/\/twitter.com\/Mojahedineng\/status\/1584507499281006595\" target=\"_blank\" rel=\"noopener\">Saqqez<\/a> et <a href=\"https:\/\/twitter.com\/AidaFekrian\/status\/1584462278057132033\" target=\"_blank\" rel=\"noopener\">Sanandaj<\/a> ont d\u00e9fil\u00e9 dans les rues et ont dit aux mollahs d&#8217;aller se faire voir.<\/p>\n\n\n<div class=\"wp-block-image\">\n<figure class=\"aligncenter size-full\"><img decoding=\"async\" src=\"data:image\/gif;base64,R0lGODlhAQABAIAAAAAAAP\/\/\/yH5BAEAAAAALAAAAAABAAEAAAIBRAA7\" data-src=\"https:\/\/wncri.org\/fr\/wp-content\/uploads\/2022\/10\/Negin-Abdolmaleki-Setareh-Tajik-min.jpg\" alt=\"R\u00e9pression brutale des manifestants\" class=\"wp-image-16829 lazyload\"\/><noscript><img decoding=\"async\" width=\"750\" height=\"375\" src=\"https:\/\/wncri.org\/fr\/wp-content\/uploads\/2022\/10\/Negin-Abdolmaleki-Setareh-Tajik-min.jpg\" alt=\"R\u00e9pression brutale des manifestants\" class=\"wp-image-16829 lazyload\" srcset=\"https:\/\/wncri.org\/fr\/wp-content\/uploads\/2022\/10\/Negin-Abdolmaleki-Setareh-Tajik-min.jpg 750w, https:\/\/wncri.org\/fr\/wp-content\/uploads\/2022\/10\/Negin-Abdolmaleki-Setareh-Tajik-min-300x150.jpg 300w, https:\/\/wncri.org\/fr\/wp-content\/uploads\/2022\/10\/Negin-Abdolmaleki-Setareh-Tajik-min-360x180.jpg 360w\" sizes=\"(max-width: 750px) 100vw, 750px\" \/><\/noscript><figcaption>Negin Abdolmaleki, 21 ans \u060cSetareh Tajik, 17 ans<\/figcaption><\/figure>\n<\/div>\n\n\n<h3 class=\"wp-block-heading\"><strong>R\u00e9pression brutale des manifestants<\/strong><\/h3>\n\n\n\n<p>Parall\u00e8lement aux protestations, le r\u00e9gime r\u00e9prime vicieusement.<\/p>\n\n\n\n<p>D&#8217;autres jeunes femmes ont \u00e9t\u00e9 <a href=\"https:\/\/wncri.org\/fr\/2022\/10\/23\/tortures\/\" target=\"_blank\" rel=\"noreferrer noopener\">matraqu\u00e9es \u00e0 mort<\/a> par les services de s\u00e9curit\u00e9 et des renseignements du r\u00e9gime.<\/p>\n\n\n\n<p>Selon les m\u00e9dias kurdes, Negin Abdolmaleki, 21 ans, de Qorveh, a \u00e9t\u00e9 assassin\u00e9e par les forces de s\u00e9curit\u00e9 lors d&#8217;une manifestation \u00e0 Hamedan le 11 octobre 2022. Ils ont utilis\u00e9 des matraques et l&#8217;ont frapp\u00e9e \u00e0 plusieurs reprises \u00e0 la t\u00eate. Une Negin gravement bless\u00e9e retourne au dortoir de l&#8217;universit\u00e9 industrielle de Hamedan, o\u00f9 elle meurt \u00e0 cause d&#8217;une grave h\u00e9morragie.<\/p>\n\n\n\n<p>Les forces de s\u00e9curit\u00e9 de l&#8217;universit\u00e9 ont menac\u00e9 les t\u00e9moins oculaires et sa famille. Elles leur ont ordonn\u00e9 de dire que Negin \u00e9tait morte d&#8217;intoxication apr\u00e8s avoir mang\u00e9 du poisson en conserve p\u00e9rim\u00e9.<\/p>\n\n\n\n<p>Negin Abdolmaleki \u00e9tait \u00e9tudiante en ing\u00e9nierie m\u00e9dicale \u00e0 l&#8217;universit\u00e9 industrielle de Hamedan.<\/p>\n\n\n\n<p>\u00c0 T\u00e9h\u00e9ran, le directeur <a href=\"https:\/\/twitter.com\/PMOIRAN\/status\/1584578045179936768\" target=\"_blank\" rel=\"noreferrer noopener\">d&#8217;un lyc\u00e9e de filles appel\u00e9 &#8220;Sadr<\/a>&#8221; a fait enlever les v\u00eatements des \u00e9l\u00e8ves pour les fouiller et voir s&#8217;ils avaient des t\u00e9l\u00e9phones portables. Des parents se sont rassembl\u00e9s devant le lyc\u00e9e pour protester. Selon d&#8217;autres informations, le directeur <a href=\"https:\/\/twitter.com\/PMOIRAN\/status\/1584589581747335168\" target=\"_blank\" rel=\"noreferrer noopener\">aurait battu les \u00e9l\u00e8ves<\/a>, et certains seraient dans un <a href=\"https:\/\/twitter.com\/PMOIRAN\/status\/1584589581747335168\" target=\"_blank\" rel=\"noreferrer noopener\">\u00e9tat critique.<\/a><\/p>\n\n\n<div class=\"wp-block-image\">\n<figure class=\"aligncenter size-full\"><img decoding=\"async\" src=\"data:image\/gif;base64,R0lGODlhAQABAIAAAAAAAP\/\/\/yH5BAEAAAAALAAAAAABAAEAAAIBRAA7\" data-src=\"https:\/\/wncri.org\/fr\/wp-content\/uploads\/2022\/10\/Fatemeh-Mashhadi-Abbas-min.jpg\" alt=\"Fatemeh Machhadi Abbas, dentiste et professeur associ\u00e9 \u00e0 l'universit\u00e9 de Melli, le 19 octobre 2022\" class=\"wp-image-16828 lazyload\"\/><noscript><img decoding=\"async\" width=\"750\" height=\"375\" src=\"https:\/\/wncri.org\/fr\/wp-content\/uploads\/2022\/10\/Fatemeh-Mashhadi-Abbas-min.jpg\" alt=\"Fatemeh Machhadi Abbas, dentiste et professeur associ\u00e9 \u00e0 l'universit\u00e9 de Melli, le 19 octobre 2022\" class=\"wp-image-16828 lazyload\" srcset=\"https:\/\/wncri.org\/fr\/wp-content\/uploads\/2022\/10\/Fatemeh-Mashhadi-Abbas-min.jpg 750w, https:\/\/wncri.org\/fr\/wp-content\/uploads\/2022\/10\/Fatemeh-Mashhadi-Abbas-min-300x150.jpg 300w, https:\/\/wncri.org\/fr\/wp-content\/uploads\/2022\/10\/Fatemeh-Mashhadi-Abbas-min-360x180.jpg 360w\" sizes=\"(max-width: 750px) 100vw, 750px\" \/><\/noscript><figcaption>Fatemeh Machhadi Abbas, dentiste et professeur associ\u00e9 \u00e0 l&#8217;universit\u00e9 de Melli, le 19 octobre 2022<\/figcaption><\/figure>\n<\/div>\n\n\n<p>La R\u00e9sistance iranienne a annonc\u00e9 les noms de 260 personnes tu\u00e9es par les forces de s\u00e9curit\u00e9 pendant le soul\u00e8vement, qui a d\u00e9but\u00e9 le 16 septembre. La liste comprend les noms de dizaines de femmes, dont les suivantes :<\/p>\n\n\n\n<p>Setareh Tajik, 17 ans, a \u00e9t\u00e9 tu\u00e9e \u00e0 T\u00e9h\u00e9ran le 22 septembre.<\/p>\n\n\n\n<p>Parisa Asgari a \u00e9t\u00e9 tu\u00e9e \u00e0 T\u00e9h\u00e9ran le 13 octobre.<\/p>\n\n\n\n<p>Les services des renseignements du r\u00e9gime cl\u00e9rical ont \u00e9galement enlev\u00e9 <a href=\"https:\/\/twitter.com\/RadioFarda_\/status\/1584207980496818176\" target=\"_blank\" rel=\"noreferrer noopener\">Fatemeh Machhadi Abbas<\/a>, dentiste et professeur associ\u00e9 \u00e0 l&#8217;universit\u00e9 de Melli, le 19 octobre 2022. La nouvelle et la vid\u00e9o de cet enl\u00e8vement ont \u00e9t\u00e9 publi\u00e9es le 22 octobre.<\/p>\n","protected":false},"excerpt":{"rendered":"<p>Un document hautement confidentiel r\u00e9v\u00e8le que 20 445 arrestations ont \u00e9t\u00e9 effectu\u00e9es au cours des deux premi\u00e8res semaines des manifestations Negin Abdolmaleki matraqu\u00e9e \u00e0 mort et d&#8217;autres noms de femmes sur la liste des victimes Le 24 octobre 2022, les \u00e9tudiants iraniens ont marqu\u00e9 le 39e jour du soul\u00e8vement iranien par leurs protestations passionn\u00e9es dans [&hellip;]<\/p>\n","protected":false},"author":4,"featured_media":16830,"comment_status":"closed","ping_status":"closed","sticky":false,"template":"","format":"standard","meta":{"jnews-multi-image_gallery":[],"jnews_single_post":{"subtitle":"","format":"standard","video":"","gallery":"","source_name":"","source_url":"","via_name":"","via_url":"","override_template":"0","override":[{"template":"7","single_blog_custom":"","parallax":"1","fullscreen":"1","layout":"right-sidebar","sidebar":"default-sidebar","second_sidebar":"default-sidebar","sticky_sidebar":"1","share_position":"floatbottom","share_float_style":"share-normal","show_share_counter":"1","show_view_counter":"1","show_featured":"1","show_post_meta":"1","show_post_author":"0","show_post_author_image":"1","show_post_date":"1","post_date_format":"default","post_date_format_custom":"Y\/m\/d","show_post_category":"1","show_post_reading_time":"0","post_reading_time_wpm":"300","show_zoom_button":"0","zoom_button_out_step":"2","zoom_button_in_step":"3","show_post_tag":"1","show_prev_next_post":"0","show_popup_post":"1","number_popup_post":"1","show_author_box":"0","show_post_related":"1","show_inline_post_related":"0"}],"override_image_size":"0","image_override":[{"single_post_thumbnail_size":"crop-500","single_post_gallery_size":"crop-500"}],"trending_post":"0","trending_post_position":"meta","trending_post_label":"Trending","sponsored_post":"0","sponsored_post_label":"Sponsored by","sponsored_post_name":"","sponsored_post_url":"","sponsored_post_logo_enable":"0","sponsored_post_logo":"","sponsored_post_desc":"","disable_ad":"0"},"jnews_primary_category":{"id":"","hide":""},"jnews_social_meta":{"fb_title":"","fb_description":"","fb_image":"","twitter_title":"","twitter_description":"","twitter_image":""},"jnews_override_counter":{"override_view_counter":"0","view_counter_number":"0","override_share_counter":"0","share_counter_number":"0","override_like_counter":"0","like_counter_number":"0","override_dislike_counter":"0","dislike_counter_number":"0"},"footnotes":""},"categories":[3],"tags":[369],"class_list":["post-16826","post","type-post","status-publish","format-standard","has-post-thumbnail","hentry","category-infos-des-femmes","tag-manifestations"],"_links":{"self":[{"href":"https:\/\/wncri.org\/fr\/wp-json\/wp\/v2\/posts\/16826","targetHints":{"allow":["GET"]}}],"collection":[{"href":"https:\/\/wncri.org\/fr\/wp-json\/wp\/v2\/posts"}],"about":[{"href":"https:\/\/wncri.org\/fr\/wp-json\/wp\/v2\/types\/post"}],"author":[{"embeddable":true,"href":"https:\/\/wncri.org\/fr\/wp-json\/wp\/v2\/users\/4"}],"replies":[{"embeddable":true,"href":"https:\/\/wncri.org\/fr\/wp-json\/wp\/v2\/comments?post=16826"}],"version-history":[{"count":1,"href":"https:\/\/wncri.org\/fr\/wp-json\/wp\/v2\/posts\/16826\/revisions"}],"predecessor-version":[{"id":16831,"href":"https:\/\/wncri.org\/fr\/wp-json\/wp\/v2\/posts\/16826\/revisions\/16831"}],"wp:featuredmedia":[{"embeddable":true,"href":"https:\/\/wncri.org\/fr\/wp-json\/wp\/v2\/media\/16830"}],"wp:attachment":[{"href":"https:\/\/wncri.org\/fr\/wp-json\/wp\/v2\/media?parent=16826"}],"wp:term":[{"taxonomy":"category","embeddable":true,"href":"https:\/\/wncri.org\/fr\/wp-json\/wp\/v2\/categories?post=16826"},{"taxonomy":"post_tag","embeddable":true,"href":"https:\/\/wncri.org\/fr\/wp-json\/wp\/v2\/tags?post=16826"}],"curies":[{"name":"wp","href":"https:\/\/api.w.org\/{rel}","templated":true}]}}