{"id":16804,"date":"2022-10-21T16:39:14","date_gmt":"2022-10-21T14:39:14","guid":{"rendered":"https:\/\/wncri.org\/fr\/?p=16804"},"modified":"2022-10-21T16:39:17","modified_gmt":"2022-10-21T14:39:17","slug":"en-tuant-des-enfants-et-des-eleves","status":"publish","type":"post","link":"https:\/\/wncri.org\/fr\/2022\/10\/21\/en-tuant-des-enfants-et-des-eleves\/","title":{"rendered":"En tuant des enfants et des \u00e9l\u00e8ves, le r\u00e9gime des mollahs en Iran viole ouvertement les lois et trait\u00e9s internationaux"},"content":{"rendered":"\n<h2 class=\"wp-block-heading\"><strong><em>Maryam Radjavi : Le Conseil de s\u00e9curit\u00e9 de l\u2019Onu doit agir contre la r\u00e9pression syst\u00e9matique des enfants<\/em><\/strong><\/h2>\n\n\n\n<p>La commission des Femmes du Conseil national de la R\u00e9sistance iranienne (CNRI) salue la m\u00e9moire des \u00e9l\u00e8ves tu\u00e9s en Iran, tels que <a href=\"https:\/\/wncri.org\/fr\/2022\/10\/05\/nika-chakarami\/\" target=\"_blank\" rel=\"noreferrer noopener\">Nika Shakarami<\/a>, <a href=\"https:\/\/wncri.org\/fr\/2022\/10\/08\/sarina-esmailzadeh\/\" target=\"_blank\" rel=\"noreferrer noopener\">Sarina Ismailzadeh<\/a>, <a href=\"https:\/\/wncri.org\/fr\/2022\/10\/18\/asra-panahi-15-ans\/\" target=\"_blank\" rel=\"noreferrer noopener\">Asra Panahi<\/a>, Zakaria Khiyal, Siavosh Mahmoudi, Amine Mo\u2019arefi, Abolfazl Adinezadeh et Mohammad Rakhshani, 12 ans. Elle condamne avec force les attaques brutales du r\u00e9gime des mollahs contre les \u00e9tablissements scolaires et les \u00e9l\u00e8ves ainsi que la mort de dizaines d&#8217;enfants et d&#8217;adolescents de moins de 18 ans tu\u00e9s par le r\u00e9gime. Elle appelle l\u2019ensemble des Iraniens, en particulier les femmes et les filles courageuses d&#8217;Iran, \u00e0 s\u2019opposer \u00e0 ces actions inhumaines.<\/p>\n\n\n\n<p>Effray\u00e9 par la participation active des lyc\u00e9ens au soul\u00e8vement national contre la dictature misogyne des mollahs avec pour mot d&#8217;ordre \u00ab&nbsp;\u00e0 bas le dictateur&nbsp;\u00bb, le r\u00e9gime viole toutes les lois et trait\u00e9s internationaux sur les droits des enfants et des adolescents.<\/p>\n\n\n\n<p><a href=\"https:\/\/wncri.org\/fr\/2022\/10\/15\/lyceenne\/\" target=\"_blank\" rel=\"noreferrer noopener\">L&#8217;attaque contre le lyc\u00e9e de filles Shahid<\/a> \u00e0 Ardebil est un exemple de <a href=\"https:\/\/wncri.org\/fr\/2022\/10\/18\/asra-panahi-15-ans\/\" target=\"_blank\" rel=\"noreferrer noopener\">ces crimes sauvage<\/a>. Les forces r\u00e9pressives de T\u00e9h\u00e9ran et de certaines villes ont tir\u00e9 des gaz lacrymog\u00e8ne dans des \u00e9tablissements scolaires. Dans certains cas, des agents en civil sont entr\u00e9s dans les \u00e9coles avec des camionnettes sans plaques d&#8217;immatriculation et des voitures blind\u00e9es pour r\u00e9primer les \u00e9l\u00e8ves et les interpeller. Ils ont arr\u00eat\u00e9 des directeurs d&#8217;\u00e9cole qui refusaient de coop\u00e9rer.<\/p>\n\n\n\n<p>Mme <a href=\"https:\/\/twitter.com\/Maryam_Rajavi_F\/status\/1583365735904325632\" target=\"_blank\" rel=\"noreferrer noopener\">Maryam Radjavi<\/a>, pr\u00e9sidente \u00e9lue du Conseil national de la r\u00e9sistance iranienne (CNRI), a soulign\u00e9 \u00e0 propos de la r\u00e9pression des enfants\u00a0: tuer des enfants, attaquer des \u00e9coles et tirer sur des \u00e9l\u00e8ves, comme le font les agents de Khamenei dans tout l&#8217;Iran, est un crime contre lequel le Conseil de s\u00e9curit\u00e9 des Nations Unies devrait agir. Si au 21<sup>e<\/sup> si\u00e8cle, le silence r\u00e8gne face aux infanticides syst\u00e9matiques, que restera-t-il des droits humains ?<\/p>\n\n\n\n<p><a href=\"https:\/\/wncri.org\/fr\/la-commission-des-femmes-du-cnri\/\" target=\"_blank\" rel=\"noreferrer noopener\">La commission des Femmes<\/a> du Conseil national de la R\u00e9sistance iranienne appelle \u00e0 une action et une intervention internationales d\u2019urgence pour faire lib\u00e9rer les enfants et les \u00e9l\u00e8ves arr\u00eat\u00e9s.<\/p>\n\n\n\n<p class=\"has-text-align-center\"><strong>Commission des Femmes du Conseil national de la R\u00e9sistance iranienne<\/strong><\/p>\n\n\n\n<p class=\"has-text-align-center\"><strong>Le 21 octobre 2022<\/strong><strong><\/strong><\/p>\n","protected":false},"excerpt":{"rendered":"<p>Maryam Radjavi : Le Conseil de s\u00e9curit\u00e9 de l\u2019Onu doit agir contre la r\u00e9pression syst\u00e9matique des enfants La commission des Femmes du Conseil national de la R\u00e9sistance iranienne (CNRI) salue la m\u00e9moire des \u00e9l\u00e8ves tu\u00e9s en Iran, tels que Nika Shakarami, Sarina Ismailzadeh, Asra Panahi, Zakaria Khiyal, Siavosh Mahmoudi, Amine Mo\u2019arefi, Abolfazl Adinezadeh et Mohammad [&hellip;]<\/p>\n","protected":false},"author":4,"featured_media":11694,"comment_status":"closed","ping_status":"closed","sticky":false,"template":"","format":"standard","meta":{"jnews-multi-image_gallery":[],"jnews_single_post":{"subtitle":"","format":"standard","video":"","gallery":"","source_name":"","source_url":"","via_name":"","via_url":"","override_template":"0","override":[{"template":"7","single_blog_custom":"","parallax":"1","fullscreen":"1","layout":"right-sidebar","sidebar":"default-sidebar","second_sidebar":"default-sidebar","sticky_sidebar":"1","share_position":"floatbottom","share_float_style":"share-normal","show_share_counter":"1","show_view_counter":"1","show_featured":"1","show_post_meta":"1","show_post_author":"0","show_post_author_image":"1","show_post_date":"1","post_date_format":"default","post_date_format_custom":"Y\/m\/d","show_post_category":"1","show_post_reading_time":"0","post_reading_time_wpm":"300","show_zoom_button":"0","zoom_button_out_step":"2","zoom_button_in_step":"3","show_post_tag":"1","show_prev_next_post":"0","show_popup_post":"1","number_popup_post":"1","show_author_box":"0","show_post_related":"1","show_inline_post_related":"0"}],"override_image_size":"0","image_override":[{"single_post_thumbnail_size":"crop-500","single_post_gallery_size":"crop-500"}],"trending_post":"0","trending_post_position":"meta","trending_post_label":"Trending","sponsored_post":"0","sponsored_post_label":"Sponsored by","sponsored_post_name":"","sponsored_post_url":"","sponsored_post_logo_enable":"0","sponsored_post_logo":"","sponsored_post_desc":"","disable_ad":"0"},"jnews_primary_category":{"id":"","hide":""},"jnews_social_meta":{"fb_title":"","fb_description":"","fb_image":"","twitter_title":"","twitter_description":"","twitter_image":""},"jnews_override_counter":{"override_view_counter":"0","view_counter_number":"0","override_share_counter":"0","share_counter_number":"0","override_like_counter":"0","like_counter_number":"0","override_dislike_counter":"0","dislike_counter_number":"0"},"footnotes":""},"categories":[5],"tags":[366,376],"class_list":["post-16804","post","type-post","status-publish","format-standard","has-post-thumbnail","hentry","category-communiques","tag-la-petite-fille","tag-violence-contre-les-femmes"],"_links":{"self":[{"href":"https:\/\/wncri.org\/fr\/wp-json\/wp\/v2\/posts\/16804","targetHints":{"allow":["GET"]}}],"collection":[{"href":"https:\/\/wncri.org\/fr\/wp-json\/wp\/v2\/posts"}],"about":[{"href":"https:\/\/wncri.org\/fr\/wp-json\/wp\/v2\/types\/post"}],"author":[{"embeddable":true,"href":"https:\/\/wncri.org\/fr\/wp-json\/wp\/v2\/users\/4"}],"replies":[{"embeddable":true,"href":"https:\/\/wncri.org\/fr\/wp-json\/wp\/v2\/comments?post=16804"}],"version-history":[{"count":1,"href":"https:\/\/wncri.org\/fr\/wp-json\/wp\/v2\/posts\/16804\/revisions"}],"predecessor-version":[{"id":16805,"href":"https:\/\/wncri.org\/fr\/wp-json\/wp\/v2\/posts\/16804\/revisions\/16805"}],"wp:featuredmedia":[{"embeddable":true,"href":"https:\/\/wncri.org\/fr\/wp-json\/wp\/v2\/media\/11694"}],"wp:attachment":[{"href":"https:\/\/wncri.org\/fr\/wp-json\/wp\/v2\/media?parent=16804"}],"wp:term":[{"taxonomy":"category","embeddable":true,"href":"https:\/\/wncri.org\/fr\/wp-json\/wp\/v2\/categories?post=16804"},{"taxonomy":"post_tag","embeddable":true,"href":"https:\/\/wncri.org\/fr\/wp-json\/wp\/v2\/tags?post=16804"}],"curies":[{"name":"wp","href":"https:\/\/api.w.org\/{rel}","templated":true}]}}