{"id":16749,"date":"2022-10-09T17:19:00","date_gmt":"2022-10-09T15:19:00","guid":{"rendered":"https:\/\/wncri.org\/fr\/?p=16749"},"modified":"2022-10-12T21:08:58","modified_gmt":"2022-10-12T19:08:58","slug":"les-manifestations-en-iran","status":"publish","type":"post","link":"https:\/\/wncri.org\/fr\/2022\/10\/09\/les-manifestations-en-iran\/","title":{"rendered":"Mensuel septembre 2022 &#8211; Les manifestations en Iran et le r\u00f4le des femmes dans les unit\u00e9s de r\u00e9sistance"},"content":{"rendered":"\n<h2 class=\"wp-block-heading\"><strong>Le r\u00f4le de premier plan des femmes et de leurs unit\u00e9s de r\u00e9sistance dans les manifestations en Iran<\/strong><\/h2>\n\n\n\n<p>Les femmes sont la force du changement, dont le monde a \u00e9t\u00e9 t\u00e9moin et qu&#8217;il a admir\u00e9 au cours des trois derni\u00e8res semaines pendant les manifestations en Iran, appelant \u00e0 un changement de r\u00e9gime dans ce pays.<\/p>\n\n\n\n<p>Les femmes iraniennes ont pay\u00e9 un lourd tribut de leurs enfants et de leurs vies pour maintenir les flammes de la r\u00e9sistance allum\u00e9es <a href=\"https:\/\/wncri.org\/fr\/2022\/06\/19\/resistance-pour-la-liberte\/\" target=\"_blank\" rel=\"noreferrer noopener\">pendant 44 ans.<\/a> Elles ont \u00e9galement pay\u00e9 un lourd tribut \u00e0 la refonte des relations au sein du mouvement pour accepter le leadership politique des femmes dans leur longue lutte contre un r\u00e9gime misogyne.<\/p>\n\n\n\n<p>Aujourd&#8217;hui, le jour est venu pour toutes les femmes iraniennes de montrer leur puissance dans les rues et de mener la qu\u00eate d&#8217;un changement de r\u00e9gime en Iran. Le monde entier a observ\u00e9 et admir\u00e9 les jeunes femmes dans des centaines de villes et des dizaines d&#8217;universit\u00e9s qui couraient, inspiraient et menaient les protestations.<\/p>\n\n\n\n<p>Outre les chants universels de &#8220;Mort au dictateur&#8221; et &#8220;Mort \u00e0 Khamenei&#8221; (le guide supr\u00eame des mollahs), elles ont cri\u00e9 : &#8220;Ce n&#8217;est plus une protestation, c&#8217;est une r\u00e9volution !&#8221;<\/p>\n\n\n\n<p>Ainsi, <a href=\"https:\/\/wncri.org\/fr\/2022\/09\/17\/mahsa\/\" target=\"_blank\" rel=\"noreferrer noopener\">les protestations d\u00e9clench\u00e9es<\/a> le 16 septembre par la <a href=\"https:\/\/wncri.org\/fr\/2022\/09\/16\/mahsa-zhina-amini\/\" target=\"_blank\" rel=\"noreferrer noopener\">mort<\/a> d&#8217;une jeune femme innocente, Mahsa Amini, aux mains de la soi-disant &#8220;police des m\u0153urs&#8221; se sont transform\u00e9es en un soul\u00e8vement massif r\u00e9pandu \u00e0 travers l&#8217;Iran dans toutes les villes, <a href=\"https:\/\/wncri.org\/fr\/2022\/09\/18\/meurtre-de-mahsa-amini\/\">universit\u00e9s<\/a> et <a href=\"https:\/\/wncri.org\/fr\/2022\/10\/03\/des-lyceennes\/\">lyc\u00e9es<\/a>. Partout, les femmes jouent le r\u00f4le principal.<\/p>\n\n\n\n<p>Ra\u00efssi et Khamenei ont carr\u00e9ment insist\u00e9 sur l&#8217;utilisation maximale de la force brute pour r\u00e9primer les manifestants et arr\u00eater la r\u00e9volte \u00e0 n&#8217;importe quel prix. Cependant, aucune brutalit\u00e9 n&#8217;a pu contenir la col\u00e8re refoul\u00e9e des femmes et des jeunes iraniens qui se sont d\u00e9cha\u00een\u00e9s apr\u00e8s 44 ans.<\/p>\n\n\n\n<p>Le 20 juin 1995, dans un rassemblement \u00e0 Londres, la pr\u00e9sidente \u00e9lue du CNRI, Maryam Radjavi, s&#8217;est adress\u00e9e aux mollahs et a d\u00e9clar\u00e9 : &#8220;Vous avez utilis\u00e9 toutes les formes possibles d&#8217;humiliation, d&#8217;oppression, de r\u00e9pression, de torture et de meurtre contre les femmes iraniennes. Mais soyez s\u00fbrs que vous recevrez le coup fatal de ceux que vous ne comptez jamais. Soyez s\u00fbrs que votre r\u00e9gime oppressif sera balay\u00e9 par les femmes iraniennes conscientes et libres.<\/p>\n\n\n<div class=\"wp-block-image\">\n<figure class=\"aligncenter size-full\"><img decoding=\"async\" src=\"data:image\/gif;base64,R0lGODlhAQABAIAAAAAAAP\/\/\/yH5BAEAAAAALAAAAAABAAEAAAIBRAA7\" data-src=\"https:\/\/wncri.org\/fr\/wp-content\/uploads\/2022\/09\/Brain-death-of-Zjina-Amini-1-min.jpg\" alt=\"Zhina Amini tombe dans le coma 2 heures apr\u00e8s son arrestation par les patrouilles d'orientation\" class=\"wp-image-16553 lazyload\"\/><noscript><img decoding=\"async\" width=\"750\" height=\"375\" src=\"https:\/\/wncri.org\/fr\/wp-content\/uploads\/2022\/09\/Brain-death-of-Zjina-Amini-1-min.jpg\" alt=\"Zhina Amini tombe dans le coma 2 heures apr\u00e8s son arrestation par les patrouilles d'orientation\" class=\"wp-image-16553 lazyload\" srcset=\"https:\/\/wncri.org\/fr\/wp-content\/uploads\/2022\/09\/Brain-death-of-Zjina-Amini-1-min.jpg 750w, https:\/\/wncri.org\/fr\/wp-content\/uploads\/2022\/09\/Brain-death-of-Zjina-Amini-1-min-300x150.jpg 300w, https:\/\/wncri.org\/fr\/wp-content\/uploads\/2022\/09\/Brain-death-of-Zjina-Amini-1-min-360x180.jpg 360w\" sizes=\"(max-width: 750px) 100vw, 750px\" \/><\/noscript><figcaption>Mahsa Amini<\/figcaption><\/figure>\n<\/div>\n\n\n<h3 class=\"wp-block-heading\"><strong>La mort de Mahsa et l&#8217;appel au deuil public<\/strong><\/h3>\n\n\n\n<p>Mahsa (Zhina) Amini, 22 ans, originaire de Saqqez, au Kurdistan iranien, s&#8217;\u00e9tait rendue \u00e0 T\u00e9h\u00e9ran pour rendre visite \u00e0 ses proches dans la capitale. Elle a \u00e9t\u00e9 violemment arr\u00eat\u00e9e le 13 septembre 2022. Selon des t\u00e9moins oculaires, les agents de l&#8217;\u00c9tat l&#8217;ont brutalis\u00e9e dans le v\u00e9hicule des forces de s\u00e9curit\u00e9 de l&#8217;\u00c9tat et au poste de police morale.<\/p>\n\n\n\n<p>Deux heures seulement apr\u00e8s son arrestation, elle est tomb\u00e9e dans le coma. Les m\u00e9decins ont d\u00e9clar\u00e9 qu&#8217;elle avait subi une attaque cardiaque et une h\u00e9morragie c\u00e9r\u00e9brale. Les coups violents port\u00e9s \u00e0 sa t\u00eate ont fractur\u00e9 son cr\u00e2ne. Elle est finalement d\u00e9c\u00e9d\u00e9e le 16 septembre 2022.<\/p>\n\n\n\n<p>Le meurtre de sang-froid de Mahsa aux mains de la police des m\u0153urs a suscit\u00e9 <a href=\"https:\/\/www.maryam-rajavi.com\/fr\/deuil-national-iran-pour-meurtre-sauvage-jeune-kurde-innocente-mahsa-amini\/\" target=\"_blank\" rel=\"noreferrer noopener\">l&#8217;indignation du public<\/a> en Iran et dans le monde entier.<\/p>\n\n\n\n<p>La pr\u00e9sidente \u00e9lue du Conseil national de la R\u00e9sistance iranienne, Maryam Radjavi, a appel\u00e9 \u00e0 une matin\u00e9e publique pour Mahsa Amini. Elle a \u00e9galement r\u00e9affirm\u00e9 que les patrouilles d&#8217;orientation doivent \u00eatre dissoutes.<\/p>\n\n\n\n<p>Elle a appel\u00e9 les femmes courageuses d&#8217;Iran \u00e0 organiser des manifestations nationales contre le r\u00e9gime misogyne des mollahs.<\/p>\n\n\n\n<p>&#8220;Les <a href=\"https:\/\/twitter.com\/Maryam_Rajavi\/status\/1570761610591088642\" target=\"_blank\" rel=\"noreferrer noopener\">femmes r\u00e9sistantes et r\u00e9silientes<\/a> d&#8217;Iran se dresseront contre la tyrannie et l&#8217;oppression des mollahs et de l&#8217;IRGC et les vaincront. Le peuple et les femmes iraniennes riposteront de toutes leurs forces&#8221;, a r\u00e9affirm\u00e9 Mme Radjavi.<\/p>\n\n\n<div class=\"wp-block-image\">\n<figure class=\"aligncenter size-full\"><img decoding=\"async\" src=\"data:image\/gif;base64,R0lGODlhAQABAIAAAAAAAP\/\/\/yH5BAEAAAAALAAAAAABAAEAAAIBRAA7\" data-src=\"https:\/\/wncri.org\/fr\/wp-content\/uploads\/2022\/10\/Tehran-University-students-11-min.jpg\" alt=\"manifestations en Iran\" class=\"wp-image-16751 lazyload\"\/><noscript><img decoding=\"async\" width=\"750\" height=\"375\" src=\"https:\/\/wncri.org\/fr\/wp-content\/uploads\/2022\/10\/Tehran-University-students-11-min.jpg\" alt=\"manifestations en Iran\" class=\"wp-image-16751 lazyload\" srcset=\"https:\/\/wncri.org\/fr\/wp-content\/uploads\/2022\/10\/Tehran-University-students-11-min.jpg 750w, https:\/\/wncri.org\/fr\/wp-content\/uploads\/2022\/10\/Tehran-University-students-11-min-300x150.jpg 300w, https:\/\/wncri.org\/fr\/wp-content\/uploads\/2022\/10\/Tehran-University-students-11-min-360x180.jpg 360w\" sizes=\"(max-width: 750px) 100vw, 750px\" \/><\/noscript><figcaption>Manifestation d&#8217;\u00e9tudiants \u00e0 l&#8217;Universit\u00e9 de T\u00e9h\u00e9ran<\/figcaption><\/figure>\n<\/div>\n\n<div class=\"wp-block-image\">\n<figure class=\"aligncenter size-full\"><img decoding=\"async\" src=\"data:image\/gif;base64,R0lGODlhAQABAIAAAAAAAP\/\/\/yH5BAEAAAAALAAAAAABAAEAAAIBRAA7\" data-src=\"https:\/\/wncri.org\/fr\/wp-content\/uploads\/2022\/10\/The-death-of-Mahsa-Amini-students-of-Amir-Kabir-University-clash-with-Bassij-min.jpg\" alt=\"manifestations en Iran\" class=\"wp-image-16752 lazyload\"\/><noscript><img decoding=\"async\" width=\"750\" height=\"375\" src=\"https:\/\/wncri.org\/fr\/wp-content\/uploads\/2022\/10\/The-death-of-Mahsa-Amini-students-of-Amir-Kabir-University-clash-with-Bassij-min.jpg\" alt=\"manifestations en Iran\" class=\"wp-image-16752 lazyload\" srcset=\"https:\/\/wncri.org\/fr\/wp-content\/uploads\/2022\/10\/The-death-of-Mahsa-Amini-students-of-Amir-Kabir-University-clash-with-Bassij-min.jpg 750w, https:\/\/wncri.org\/fr\/wp-content\/uploads\/2022\/10\/The-death-of-Mahsa-Amini-students-of-Amir-Kabir-University-clash-with-Bassij-min-300x150.jpg 300w, https:\/\/wncri.org\/fr\/wp-content\/uploads\/2022\/10\/The-death-of-Mahsa-Amini-students-of-Amir-Kabir-University-clash-with-Bassij-min-360x180.jpg 360w\" sizes=\"(max-width: 750px) 100vw, 750px\" \/><\/noscript><figcaption>\u00c9tudiants de l&#8217;Universit\u00e9 Amir Kabir<\/figcaption><\/figure>\n<\/div>\n\n<div class=\"wp-block-image\">\n<figure class=\"aligncenter size-full is-resized\"><img decoding=\"async\" src=\"data:image\/gif;base64,R0lGODlhAQABAIAAAAAAAP\/\/\/yH5BAEAAAAALAAAAAABAAEAAAIBRAA7\" data-src=\"https:\/\/wncri.org\/fr\/wp-content\/uploads\/2022\/10\/The-death-of-Mahsa-Amini-students-of-Allameh-University-in-Tehran-3-min.jpg\" alt=\"manifestations en Iran\" class=\"wp-image-16753 lazyload\" width=\"750\" height=\"375\"\/><noscript><img decoding=\"async\" src=\"https:\/\/wncri.org\/fr\/wp-content\/uploads\/2022\/10\/The-death-of-Mahsa-Amini-students-of-Allameh-University-in-Tehran-3-min.jpg\" alt=\"manifestations en Iran\" class=\"wp-image-16753 lazyload\" width=\"750\" height=\"375\" srcset=\"https:\/\/wncri.org\/fr\/wp-content\/uploads\/2022\/10\/The-death-of-Mahsa-Amini-students-of-Allameh-University-in-Tehran-3-min.jpg 750w, https:\/\/wncri.org\/fr\/wp-content\/uploads\/2022\/10\/The-death-of-Mahsa-Amini-students-of-Allameh-University-in-Tehran-3-min-300x150.jpg 300w, https:\/\/wncri.org\/fr\/wp-content\/uploads\/2022\/10\/The-death-of-Mahsa-Amini-students-of-Allameh-University-in-Tehran-3-min-360x180.jpg 360w\" sizes=\"(max-width: 750px) 100vw, 750px\" \/><\/noscript><figcaption>Manifestation d&#8217;\u00e9tudiants \u00e0 l&#8217;Universit\u00e9 de T\u00e9h\u00e9ran<\/figcaption><\/figure>\n<\/div>\n\n\n<h3 class=\"wp-block-heading\"><strong>Dans les universit\u00e9s et les lyc\u00e9es, les jeunes femmes et les filles se l\u00e8vent pour la libert\u00e9<\/strong><\/h3>\n\n\n\n<p>Les jeunes femmes se sont particuli\u00e8rement exprim\u00e9es dans les universit\u00e9s et les lyc\u00e9es, d\u00e9non\u00e7ant les meurtres de Mahsa Amini et d&#8217;une douzaine d&#8217;autres jeunes femmes par les forces de s\u00e9curit\u00e9 du r\u00e9gime et appelant \u00e0 la fin de la dictature religieuse.<\/p>\n\n\n\n<p>Le 18 septembre, une manifestation d&#8217;\u00e9tudiants de l&#8217;universit\u00e9 de T\u00e9h\u00e9ran a suivi les manifestations de col\u00e8re au Kurdistan. <a href=\"https:\/\/www.youtube.com\/watch?v=4DCEe0_zZeU\" target=\"_blank\" rel=\"noreferrer noopener\">Les \u00e9tudiantes ont largement particip\u00e9<\/a> \u00e0 la ligne de front de la <a href=\"https:\/\/www.youtube.com\/watch?v=NYUMn4N5h4I\" target=\"_blank\" rel=\"noreferrer noopener\">manifestation sur le campus<\/a> de l&#8217;universit\u00e9 de T\u00e9h\u00e9ran.<\/p>\n\n\n\n<p>Les jours suivants, d&#8217;autres universit\u00e9s de T\u00e9h\u00e9ran et d&#8217;autres villes ont suivi le mouvement<\/p>\n\n\n\n<p>Les lyc\u00e9ennes ont organis\u00e9 des manifestations anti-r\u00e9gime dans des dizaines d&#8217;\u00e9coles \u00e0 travers l&#8217;Iran. Certaines sont m\u00eame descendues dans la rue pour scander des slogans contre Ali Khamenei, le guide supr\u00eame des mollahs. D&#8217;autres ont scand\u00e9 : &#8220;<a href=\"https:\/\/twitter.com\/Mojahedineng\/status\/1576956489708675073\" target=\"_blank\" rel=\"noreferrer noopener\">Cette ann\u00e9e, le r\u00e9gime est renvers\u00e9<\/a>&#8220;.<\/p>\n\n\n\n<p>\u00c0 Karaj, des lyc\u00e9ens scandaient : &#8220;Nous allons reprendre l&#8217;Iran !&#8221;. Et \u00e0 Gohardacht, des \u00e9coli\u00e8res ont affront\u00e9 un responsable du r\u00e9gime et l&#8217;ont forc\u00e9 \u00e0 quitter l&#8217;\u00e9cole en criant &#8220;<a href=\"https:\/\/twitter.com\/Mojahedineng\/status\/1576964039506202626\" target=\"_blank\" rel=\"noreferrer noopener\">Honte \u00e0 vous<\/a> !&#8221;. \u00c0 Karaj, des lyc\u00e9ens scandaient : &#8220;Mollahs, d\u00e9gagez !&#8221;.<\/p>\n\n\n\n<p>\u00c0 Chiraz, des lyc\u00e9ennes ont scand\u00e9 &#8220;<a href=\"https:\/\/twitter.com\/Mojahedineng\/status\/1576877217291927554\" target=\"_blank\" rel=\"noreferrer noopener\">Mort au dictateur<\/a>&#8220;.<\/p>\n\n\n<div class=\"wp-block-image\">\n<figure class=\"aligncenter size-full\"><img decoding=\"async\" src=\"data:image\/gif;base64,R0lGODlhAQABAIAAAAAAAP\/\/\/yH5BAEAAAAALAAAAAABAAEAAAIBRAA7\" data-src=\"https:\/\/wncri.org\/fr\/wp-content\/uploads\/2022\/10\/7th-day-of-protests-against-killing-of-Mahsa-Amini-11-min.jpg\" alt=\"manifestations en Iran\" class=\"wp-image-16758 lazyload\"\/><noscript><img decoding=\"async\" width=\"750\" height=\"375\" src=\"https:\/\/wncri.org\/fr\/wp-content\/uploads\/2022\/10\/7th-day-of-protests-against-killing-of-Mahsa-Amini-11-min.jpg\" alt=\"manifestations en Iran\" class=\"wp-image-16758 lazyload\" srcset=\"https:\/\/wncri.org\/fr\/wp-content\/uploads\/2022\/10\/7th-day-of-protests-against-killing-of-Mahsa-Amini-11-min.jpg 750w, https:\/\/wncri.org\/fr\/wp-content\/uploads\/2022\/10\/7th-day-of-protests-against-killing-of-Mahsa-Amini-11-min-300x150.jpg 300w, https:\/\/wncri.org\/fr\/wp-content\/uploads\/2022\/10\/7th-day-of-protests-against-killing-of-Mahsa-Amini-11-min-360x180.jpg 360w\" sizes=\"(max-width: 750px) 100vw, 750px\" \/><\/noscript><figcaption>Les manifestations en Iran et le r\u00f4le des femmes dans les unit\u00e9s de r\u00e9sistance<\/figcaption><\/figure>\n<\/div>\n\n<div class=\"wp-block-image\">\n<figure class=\"aligncenter size-full\"><img decoding=\"async\" src=\"data:image\/gif;base64,R0lGODlhAQABAIAAAAAAAP\/\/\/yH5BAEAAAAALAAAAAABAAEAAAIBRAA7\" data-src=\"https:\/\/wncri.org\/fr\/wp-content\/uploads\/2022\/10\/9th-day-of-Iran-protests-1-min.jpg\" alt=\"manifestations en Iran\" class=\"wp-image-16759 lazyload\"\/><noscript><img decoding=\"async\" width=\"750\" height=\"375\" src=\"https:\/\/wncri.org\/fr\/wp-content\/uploads\/2022\/10\/9th-day-of-Iran-protests-1-min.jpg\" alt=\"manifestations en Iran\" class=\"wp-image-16759 lazyload\" srcset=\"https:\/\/wncri.org\/fr\/wp-content\/uploads\/2022\/10\/9th-day-of-Iran-protests-1-min.jpg 750w, https:\/\/wncri.org\/fr\/wp-content\/uploads\/2022\/10\/9th-day-of-Iran-protests-1-min-300x150.jpg 300w, https:\/\/wncri.org\/fr\/wp-content\/uploads\/2022\/10\/9th-day-of-Iran-protests-1-min-360x180.jpg 360w\" sizes=\"(max-width: 750px) 100vw, 750px\" \/><\/noscript><\/figure>\n<\/div>\n\n\n<h3 class=\"wp-block-heading\"><strong>Donner sa vie pour la libert\u00e9<\/strong><\/h3>\n\n\n\n<p>Des dizaines de milliers de jeunes femmes et de jeunes filles de l&#8217;opposition PMOI et d&#8217;autres forces \u00e9prises de libert\u00e9 ont \u00e9t\u00e9 ex\u00e9cut\u00e9es par le r\u00e9gime cl\u00e9rical dans les ann\u00e9es 1980, pour s&#8217;\u00eatre oppos\u00e9es \u00e0 la tyrannie et \u00e0 l&#8217;oppression des mollahs et avoir refus\u00e9 de renoncer \u00e0 leurs convictions en mati\u00e8re de libert\u00e9 et d&#8217;\u00e9galit\u00e9.<\/p>\n\n\n\n<p>Des milliers de femmes figuraient parmi les 30 000 prisonniers politiques massacr\u00e9s au cours de l&#8217;\u00e9t\u00e9 1988. D&#8217;autres femmes ont \u00e9t\u00e9 tu\u00e9es lors des soul\u00e8vements de 1999, 2009 et 2019.<\/p>\n\n\n\n<p>\u00c0 nouveau, lors des manifestations en Iran en 2022, on voit des femmes en grand nombre au premier plan bravant les forces de s\u00e9curit\u00e9 et d\u00e9fendant leurs droits.<\/p>\n\n\n\n<p>Bien s\u00fbr, ces femmes courageuses et les femmes des unit\u00e9s de r\u00e9sistance, le font au prix de leur vie et de leur libert\u00e9.<\/p>\n\n\n<div class=\"wp-block-image\">\n<figure class=\"aligncenter size-full\"><img decoding=\"async\" src=\"data:image\/gif;base64,R0lGODlhAQABAIAAAAAAAP\/\/\/yH5BAEAAAAALAAAAAABAAEAAAIBRAA7\" data-src=\"https:\/\/wncri.org\/fr\/wp-content\/uploads\/2022\/10\/Martyrs-of-Iran-protests-2022-min.jpg\" alt=\"\" class=\"wp-image-16754 lazyload\"\/><noscript><img decoding=\"async\" width=\"881\" height=\"375\" src=\"https:\/\/wncri.org\/fr\/wp-content\/uploads\/2022\/10\/Martyrs-of-Iran-protests-2022-min.jpg\" alt=\"\" class=\"wp-image-16754 lazyload\" srcset=\"https:\/\/wncri.org\/fr\/wp-content\/uploads\/2022\/10\/Martyrs-of-Iran-protests-2022-min.jpg 881w, https:\/\/wncri.org\/fr\/wp-content\/uploads\/2022\/10\/Martyrs-of-Iran-protests-2022-min-300x128.jpg 300w, https:\/\/wncri.org\/fr\/wp-content\/uploads\/2022\/10\/Martyrs-of-Iran-protests-2022-min-768x327.jpg 768w, https:\/\/wncri.org\/fr\/wp-content\/uploads\/2022\/10\/Martyrs-of-Iran-protests-2022-min-750x319.jpg 750w\" sizes=\"(max-width: 881px) 100vw, 881px\" \/><\/noscript><figcaption><strong>Tomb\u00e9s pour la libert\u00e9 : <\/strong>Hediyeh Naimani, Ghazaleh Chalavi, Hadis Najafi, Sarina Esmailzadeh, Minou Majidi, Hajar Abbasi, Hannaneh Kia, Nika Chakarami, Aysan Madan Pasand et Mahsa Mogouii.<\/figcaption><\/figure>\n<\/div>\n\n\n<p><a href=\"https:\/\/wncri.org\/fr\/2022\/09\/22\/manifestations-nationales-contre\/\" target=\"_blank\" rel=\"noreferrer noopener\">Hajar Abbasi<\/a>, 60 ans, a \u00e9t\u00e9 la premi\u00e8re femme tu\u00e9e lorsque les forces de s\u00e9curit\u00e9 \u00e0 Mahabad, au Kurdistan, lui ont tir\u00e9 dessus avec des fusils \u00e0 plomb le 19 septembre.<\/p>\n\n\n\n<p>Aysan Madan Pasand est morte \u00e0 Tabriz apr\u00e8s avoir \u00e9t\u00e9 battue par les forces de s\u00e9curit\u00e9 le 19 septembre.<\/p>\n\n\n\n<p>Une femme inconnue a \u00e9t\u00e9 tu\u00e9e \u00e0 Kerman le 20 septembre.<\/p>\n\n\n\n<p><a href=\"https:\/\/wncri.org\/fr\/2022\/09\/24\/140-femmes-et-jeunes\/\" target=\"_blank\" rel=\"noreferrer noopener\">Minou Majidi<\/a>, 62 ans, m\u00e8re de trois enfants, a re\u00e7u une balle dans la t\u00eate et a \u00e9t\u00e9 tu\u00e9e par les forces anti-\u00e9meutes \u00e0 Kermanchah le 20 septembre.<\/p>\n\n\n\n<p><a href=\"https:\/\/wncri.org\/fr\/2022\/09\/25\/les-manifestations-en-iran-se-sont-etendues\/\" target=\"_blank\" rel=\"noreferrer noopener\">Hannaneh Kia<\/a>, 23 ans, a \u00e9t\u00e9 abattue par les forces de s\u00e9curit\u00e9 \u00e0 Nowchahr le 20 septembre.<\/p>\n\n\n\n<p><a href=\"https:\/\/wncri.org\/fr\/2022\/09\/25\/les-manifestations-en-iran-se-sont-etendues\/\" target=\"_blank\" rel=\"noreferrer noopener\">Hadiss Najafi,<\/a> 20 ans, a re\u00e7ue six balles dans la poitrine et l&#8217;abdomen \u00e0 Mehrchahr de Karaj le 20 septembre.<\/p>\n\n\n\n<p><a href=\"https:\/\/wncri.org\/fr\/2022\/09\/30\/les-manifestations\/\" target=\"_blank\" rel=\"noreferrer noopener\">Nika Chakarami<\/a>, 17 ans, a \u00e9t\u00e9 arr\u00eat\u00e9e pendant les manifestations de T\u00e9h\u00e9ran le 20 septembre. Elle a \u00e9t\u00e9 tortur\u00e9e pendant 10 jours, et son corps sans vie a \u00e9t\u00e9 remis \u00e0 sa famille le 30 septembre.<\/p>\n\n\n\n<p><a href=\"https:\/\/wncri.org\/fr\/2022\/09\/25\/les-manifestations-en-iran-se-sont-etendues\/\" target=\"_blank\" rel=\"noreferrer noopener\">Mahsa Mogouii<\/a>, 16 ans, a \u00e9t\u00e9 abattue par les forces de s\u00e9curit\u00e9 \u00e0 Fouldchahr, Ispahan, le 20 septembre.<\/p>\n\n\n\n<p><a href=\"https:\/\/wncri.org\/fr\/2022\/09\/24\/140-femmes-et-jeunes\/\" target=\"_blank\" rel=\"noreferrer noopener\">Ghazaleh Chalavi<\/a>, 33 ans, a \u00e9t\u00e9 tu\u00e9e lors de manifestations \u00e0 Amol le 21 septembre.<\/p>\n\n\n\n<p><a href=\"https:\/\/wncri.org\/fr\/2022\/09\/30\/les-manifestations\/\" target=\"_blank\" rel=\"noreferrer noopener\">Hediyeh Naimani<\/a>, 25 ans, a \u00e9t\u00e9 bless\u00e9e par balle par les forces de s\u00e9curit\u00e9 dans la rue Hafez \u00e0 Nowchahr le 22 septembre. Elle est d\u00e9c\u00e9d\u00e9e \u00e0 l&#8217;h\u00f4pital en raison de la gravit\u00e9 de ses blessures.<\/p>\n\n\n\n<p><a href=\"https:\/\/wncri.org\/fr\/2022\/09\/21\/assassinat-de-mahsa-amini-6e-jour\/\" target=\"_blank\" rel=\"noreferrer noopener\">Sarina Esmailzadeh<\/a>, 16 ans, a \u00e9t\u00e9 arr\u00eat\u00e9e par les forces de s\u00e9curit\u00e9 lors des manifestations \u00e0 Karaj le 23 septembre. Elle a \u00e9t\u00e9 violemment frapp\u00e9e \u00e0 la t\u00eate \u00e0 plusieurs reprises avec des matraques, ce qui a entra\u00een\u00e9 sa mort.<\/p>\n\n\n<div class=\"wp-block-image\">\n<figure class=\"aligncenter size-full\"><img decoding=\"async\" src=\"data:image\/gif;base64,R0lGODlhAQABAIAAAAAAAP\/\/\/yH5BAEAAAAALAAAAAABAAEAAAIBRAA7\" data-src=\"https:\/\/wncri.org\/fr\/wp-content\/uploads\/2022\/10\/Women-arrested-during-Iran-protests-2022-min.jpg\" alt=\"\" class=\"wp-image-16755 lazyload\"\/><noscript><img decoding=\"async\" width=\"837\" height=\"497\" src=\"https:\/\/wncri.org\/fr\/wp-content\/uploads\/2022\/10\/Women-arrested-during-Iran-protests-2022-min.jpg\" alt=\"\" class=\"wp-image-16755 lazyload\" srcset=\"https:\/\/wncri.org\/fr\/wp-content\/uploads\/2022\/10\/Women-arrested-during-Iran-protests-2022-min.jpg 837w, https:\/\/wncri.org\/fr\/wp-content\/uploads\/2022\/10\/Women-arrested-during-Iran-protests-2022-min-300x178.jpg 300w, https:\/\/wncri.org\/fr\/wp-content\/uploads\/2022\/10\/Women-arrested-during-Iran-protests-2022-min-768x456.jpg 768w, https:\/\/wncri.org\/fr\/wp-content\/uploads\/2022\/10\/Women-arrested-during-Iran-protests-2022-min-750x445.jpg 750w\" sizes=\"(max-width: 837px) 100vw, 837px\" \/><\/noscript><\/figure>\n<\/div>\n\n\n<h3 class=\"wp-block-heading\"><strong>Arrestations g\u00e9n\u00e9ralis\u00e9es de militants<\/strong><\/h3>\n\n\n\n<p>L&#8217;agence de presse d&#8217;\u00c9tat Mehr News Agency a publi\u00e9 le 21 septembre 2022 une interview du colonel Heydari, commandant <a href=\"https:\/\/wncri.org\/fr\/2022\/09\/21\/assassinat-de-mahsa-amini-6e-jour\/\" target=\"_blank\" rel=\"noreferrer noopener\">des unit\u00e9s sp\u00e9ciales f\u00e9minines<\/a> des forces de s\u00e9curit\u00e9 de l&#8217;\u00c9tat.<\/p>\n\n\n\n<p>Heydari a soulign\u00e9 que pour la premi\u00e8re fois, les unit\u00e9s sp\u00e9ciales des FSS d\u00e9ployaient des forces f\u00e9minines pour ma\u00eetriser les troubles. &#8220;Pour la premi\u00e8re fois, nous avons constat\u00e9 la pr\u00e9sence de femmes parmi la foule d&#8217;individus qui perturbent l&#8217;ordre et la s\u00e9curit\u00e9 publics. Certaines de ces femmes sont des meneuses. En plus de la publicit\u00e9, elles ont scand\u00e9 des slogans qui ont bris\u00e9 les normes. Il a \u00e9t\u00e9 convenu que nous d\u00e9ployions l&#8217;unit\u00e9 des femmes pour arr\u00eater les femmes qui perturbent l&#8217;ordre et la s\u00e9curit\u00e9 publics.&#8221;<\/p>\n\n\n\n<p>Heydari a ajout\u00e9 : &#8220;Nous avons jusqu&#8217;\u00e0 pr\u00e9sent arr\u00eat\u00e9 huit dirigeantes.&#8221;<\/p>\n\n\n\n<p>Les services des renseignements et les forces de s\u00e9curit\u00e9 ont \u00e9galement proc\u00e9d\u00e9 \u00e0 de nombreuses arrestations parmi les militants des droits de l&#8217;Homme et des droits civils, les anciens prisonniers politiques, les journalistes et m\u00eame les cin\u00e9astes.<\/p>\n\n\n\n<p>Les personnes arr\u00eat\u00e9es sont d\u00e9tenues dans des conditions inhumaines \u00e0 <a href=\"https:\/\/wncri.org\/fr\/2020\/04\/20\/regard-sur-la-situation-tragique-a-la-prison-pour-femmes-de-qarchak-en-iran\/\" target=\"_blank\" rel=\"noreferrer noopener\">la prison de Qarchak<\/a> ou au quartier 209 de la prison d&#8217;Evine. Une quarantaine de militants sont d\u00e9tenus \u00e0 <a href=\"https:\/\/wncri.org\/fr\/2021\/12\/10\/les-conditions-des-femmes-prisons\/\" target=\"_blank\" rel=\"noreferrer noopener\">la prison centrale de Sanandaj.<\/a><\/p>\n\n\n\n<p>Les femmes suivantes figurent parmi les personnes arr\u00eat\u00e9es lors des manifestations en Iran :<\/p>\n\n\n\n<p>Rojin Mousazadeh, 26 ans,<\/p>\n\n\n\n<p>Faranak Rafii, 18 septembre, \u00e0 Sanandaj<\/p>\n\n\n\n<p>Nazanin Hajizadeh, 33 ans, \u00e9crivain, le 18 septembre, \u00e0 T\u00e9h\u00e9ran<\/p>\n\n\n\n<p>Gachin Mohammadian, 30 ans, le 19 septembre, \u00e0 Sanandaj<\/p>\n\n\n\n<p>Avin Rasti, 19 septembre, \u00e0 Marivan<\/p>\n\n\n\n<p>Mahnaz Mohammadi, productrice de documentaires, 19 septembre, \u00e0 T\u00e9h\u00e9ran<\/p>\n\n\n\n<p>Mansoureh Mousavi, 55 ans, \u00e9crivain et sociologue, 20 septembre, \u00e0 T\u00e9h\u00e9ran<\/p>\n\n\n\n<p>Saeedeh Mohammadi, 30 ans, 20 septembre, \u00e0 T\u00e9h\u00e9ran<\/p>\n\n\n\n<p>Yalda Moayeri, photographe, 20 septembre, \u00e0 T\u00e9h\u00e9ran<\/p>\n\n\n\n<p>Leila Abbasi, enseignante et artiste, 20 septembre, \u00e0 Bijar<\/p>\n\n\n\n<p>Marzieh Talaii, journaliste, 20 septembre, \u00e0 Saqqez<\/p>\n\n\n\n<p>Niloufar Hamedi, journaliste, 21 septembre, \u00e0 T\u00e9h\u00e9ran<\/p>\n\n\n\n<p>Zhina Modarres Gorji, 22 septembre, \u00e0 Sanandaj<\/p>\n\n\n\n<p>Batool Balali, journaliste, 22 septembre, \u00e0 Sirjan, Kerman<\/p>\n\n\n\n<p>Samira Alinejad, journaliste, 22 septembre, \u00e0 Sirjan, Kerman<\/p>\n\n\n\n<p>Saeedeh Moradi, 22 septembre, \u00e0 Abhar<\/p>\n\n\n\n<p>Sanaz (Saba) Razavifard, 22 septembre, \u00e0 Behbahan<\/p>\n\n\n\n<p>Fatemeh Rajabi, journaliste, 23 septembre, \u00e0 T\u00e9h\u00e9ran<\/p>\n\n\n\n<p>Vida Rabbani, journaliste, 23 septembre, \u00e0 Piranchahr<\/p>\n\n\n\n<p>Maedeh Delbari, 24 septembre, \u00e0 T\u00e9h\u00e9ran<\/p>\n\n\n\n<p>Mahsa Gholam Alizadeh, avocate, 24 septembre, \u00e0 T\u00e9h\u00e9ran<\/p>\n\n\n\n<p>Fatemeh Niknam, 25 septembre, \u00e0 Dehdacht<\/p>\n\n\n\n<p>Fatemeh Qara&#8217;ati, le 25 septembre, \u00e0 Dehdacht<\/p>\n\n\n\n<p>Rose Barjas, 25 septembre, \u00e0 Dehdacht<\/p>\n\n\n\n<p>Aida Kiani, le 25 septembre, \u00e0 Dehdacht<\/p>\n\n\n\n<p>Golrokh Ebrahimi Iraee, ancien prisonnier politique, le 26 septembre, \u00e0 T\u00e9h\u00e9ran<\/p>\n\n\n\n<p>Elmira Bahmani, 26 septembre, \u00e0 Racht<\/p>\n\n\n\n<p>Mehrnouch Tafian, journaliste, le 28 septembre, \u00e0 Ahvaz<\/p>\n\n\n\n<p>Elaheh Mohammadi, journaliste, 29 septembre, \u00e0 T\u00e9h\u00e9ran<\/p>\n\n\n\n<p>Donya Rad, militante du cin\u00e9ma, 29 septembre, \u00e0 T\u00e9h\u00e9ran<\/p>\n\n\n\n<p>Bayan Azizi, 43 ans, militante des droits des femmes, po\u00e8te et \u00e9crivaine, 29 septembre, \u00e0 Sanandaj<\/p>\n\n\n\n<p>Chiva Mousazadeh, \u00e9tudiante en ma\u00eetrise de litt\u00e9rature, le 22 septembre, \u00e0 T\u00e9h\u00e9ran<\/p>\n\n\n\n<p>Nazanin Rasouli,<\/p>\n\n\n\n<p>Marzieh Yousefzadeh,<\/p>\n\n\n\n<p>Reyhaneh Sadatian<\/p>\n\n\n\n<p>Mona Borzoii, auteur-compositeur, 30 septembre, \u00e0 T\u00e9h\u00e9ran<\/p>\n\n\n\n<p>Farideh Nemati, militante des droits des femmes, le 30 septembre \u00e0 Sanandaj<\/p>\n\n\n\n<p>Maedeh Amir Siafi, \u00e9tudiante en \u00e9conomie \u00e0 l&#8217;Universit\u00e9 de T\u00e9h\u00e9ran, le 30 septembre \u00e0 T\u00e9h\u00e9ran<\/p>\n\n\n\n<p>Sara Naderi, \u00e9tudiante en \u00e9conomie \u00e0 l&#8217;universit\u00e9 de T\u00e9h\u00e9ran, le 30 septembre \u00e0 T\u00e9h\u00e9ran.<\/p>\n\n\n\n<p>Soheila Mataii, le 1er octobre \u00e0 Dehgolan<\/p>\n\n\n\n<p>Delnia Khani, 1er octobre, \u00e0 Dehgolan<\/p>\n\n\n\n<p>Sarina Hosseini, 1er octobre, \u00e0 Dehgolan<\/p>\n\n\n\n<p>Safieh Qarebaghi, journaliste et militante des droits des femmes, 1er octobre, \u00e0 Zanjan<\/p>\n\n\n\n<p>Neda Naji, militante syndicale et ancienne prisonni\u00e8re politique, le 1er octobre, \u00e0 T\u00e9h\u00e9ran.<\/p>\n\n\n\n<p>Melika Qaragozlou, 22 ans, \u00e9tudiante et ancienne prisonni\u00e8re politique, le 1er octobre \u00e0 T\u00e9h\u00e9ran<\/p>\n\n\n\n<p>Fatemeh Rachidi, \u00e9tudiante en litt\u00e9rature anglaise, le 2 octobre, \u00e0 T\u00e9h\u00e9ran<\/p>\n\n\n\n<p>Atefeh Charmahalian, po\u00e8te et activiste civil, 3 octobre, \u00e0 T\u00e9h\u00e9ran<\/p>\n\n\n\n<p>Sepideh Salarvand, militante des droits de l&#8217;enfant, 3 octobre<\/p>\n\n\n\n<p>Anahita Hachemipour, \u00e9tudiante en psychologie, le 4 octobre \u00e0 T\u00e9h\u00e9ran<\/p>\n\n\n<div class=\"wp-block-image\">\n<figure class=\"aligncenter size-full\"><img decoding=\"async\" src=\"data:image\/gif;base64,R0lGODlhAQABAIAAAAAAAP\/\/\/yH5BAEAAAAALAAAAAABAAEAAAIBRAA7\" data-src=\"https:\/\/wncri.org\/fr\/wp-content\/uploads\/2022\/10\/6th-day-of-nationwide-protests-arrested-min.jpg\" alt=\"\" class=\"wp-image-16756 lazyload\"\/><noscript><img decoding=\"async\" width=\"750\" height=\"375\" src=\"https:\/\/wncri.org\/fr\/wp-content\/uploads\/2022\/10\/6th-day-of-nationwide-protests-arrested-min.jpg\" alt=\"\" class=\"wp-image-16756 lazyload\" srcset=\"https:\/\/wncri.org\/fr\/wp-content\/uploads\/2022\/10\/6th-day-of-nationwide-protests-arrested-min.jpg 750w, https:\/\/wncri.org\/fr\/wp-content\/uploads\/2022\/10\/6th-day-of-nationwide-protests-arrested-min-300x150.jpg 300w, https:\/\/wncri.org\/fr\/wp-content\/uploads\/2022\/10\/6th-day-of-nationwide-protests-arrested-min-360x180.jpg 360w\" sizes=\"(max-width: 750px) 100vw, 750px\" \/><\/noscript><\/figure>\n<\/div>\n\n\n<h3 class=\"wp-block-heading\"><strong>Les femmes iraniennes r\u00e9solues \u00e0 faire tomber le r\u00e9gime<\/strong><\/h3>\n\n\n\n<p>Mais la r\u00e9pression du r\u00e9gime iranien ne fonctionnera pas. Le pouvoir de la solidarit\u00e9 entre les peuples est mille fois plus puissant que la r\u00e9pression et la terreur.<\/p>\n\n\n\n<p>De Mahsa Amini \u00e0 Minou Majidi, Ghazaleh Chalavi, Hannaneh Kia, Nika Chakarami, et Sarina Esmailzadeh, qui ont donn\u00e9 leur vie pour la libert\u00e9 ces derniers jours, et tous ceux qui ont \u00e9t\u00e9 arr\u00eat\u00e9s pour avoir r\u00e9sist\u00e9 pour la libert\u00e9, tous sont les t\u00e9moins de la d\u00e9termination in\u00e9branlable des femmes et des filles iraniennes, et des jeunes courageux \u00e0 faire tomber cette tyrannie misogyne.<\/p>\n\n\n\n<p>Dans leur dernier saut vers la libert\u00e9, les femmes courageuses d&#8217;Iran ont besoin du soutien de leurs s\u0153urs du monde entier.<\/p>\n\n\n<div class=\"wp-block-image\">\n<figure class=\"aligncenter size-full\"><img decoding=\"async\" src=\"data:image\/gif;base64,R0lGODlhAQABAIAAAAAAAP\/\/\/yH5BAEAAAAALAAAAAABAAEAAAIBRAA7\" data-src=\"https:\/\/wncri.org\/fr\/wp-content\/uploads\/2022\/10\/Fifth-day-of-Iran-protests-1-min.jpg\" alt=\"manifestations en Iran\" class=\"wp-image-16757 lazyload\"\/><noscript><img decoding=\"async\" width=\"750\" height=\"375\" src=\"https:\/\/wncri.org\/fr\/wp-content\/uploads\/2022\/10\/Fifth-day-of-Iran-protests-1-min.jpg\" alt=\"manifestations en Iran\" class=\"wp-image-16757 lazyload\" srcset=\"https:\/\/wncri.org\/fr\/wp-content\/uploads\/2022\/10\/Fifth-day-of-Iran-protests-1-min.jpg 750w, https:\/\/wncri.org\/fr\/wp-content\/uploads\/2022\/10\/Fifth-day-of-Iran-protests-1-min-300x150.jpg 300w, https:\/\/wncri.org\/fr\/wp-content\/uploads\/2022\/10\/Fifth-day-of-Iran-protests-1-min-360x180.jpg 360w\" sizes=\"(max-width: 750px) 100vw, 750px\" \/><\/noscript><figcaption>Les manifestations en Iran et le r\u00f4le des femmes dans les unit\u00e9s de r\u00e9sistance<\/figcaption><\/figure>\n<\/div>\n\n\n<div data-wp-interactive=\"core\/file\" class=\"wp-block-file\"><object data-wp-bind--hidden=\"!state.hasPdfPreview\" hidden class=\"wp-block-file__embed\" data=\"https:\/\/wncri.org\/fr\/wp-content\/uploads\/2022\/10\/Rapport-mensuel-Sep-2022_FR.pdf\" type=\"application\/pdf\" style=\"width:100%;height:600px\" aria-label=\"Embed of Embed of Rapport mensuel Sep 2022..\"><\/object><a id=\"wp-block-file--media-fa51deb5-5474-417e-8d9a-209de083ba29\" href=\"https:\/\/wncri.org\/fr\/wp-content\/uploads\/2022\/10\/Rapport-mensuel-Sep-2022_FR.pdf\">Rapport mensuel Sep 2022<\/a><a href=\"https:\/\/wncri.org\/fr\/wp-content\/uploads\/2022\/10\/Rapport-mensuel-Sep-2022_FR.pdf\" class=\"wp-block-file__button\" aria-describedby=\"wp-block-file--media-fa51deb5-5474-417e-8d9a-209de083ba29\" download>Download<\/a><\/div>\n","protected":false},"excerpt":{"rendered":"<p>Le r\u00f4le de premier plan des femmes et de leurs unit\u00e9s de r\u00e9sistance dans les manifestations en Iran Les femmes sont la force du changement, dont le monde a \u00e9t\u00e9 t\u00e9moin et qu&#8217;il a admir\u00e9 au cours des trois derni\u00e8res semaines pendant les manifestations en Iran, appelant \u00e0 un changement de r\u00e9gime dans ce pays. [&hellip;]<\/p>\n","protected":false},"author":4,"featured_media":16764,"comment_status":"closed","ping_status":"closed","sticky":false,"template":"","format":"standard","meta":{"jnews-multi-image_gallery":[],"jnews_single_post":{"subtitle":"","format":"standard","video":"","gallery":"","source_name":"","source_url":"","via_name":"","via_url":"","override_template":"0","override":[{"template":"7","single_blog_custom":"","parallax":"1","fullscreen":"1","layout":"right-sidebar","sidebar":"default-sidebar","second_sidebar":"default-sidebar","sticky_sidebar":"1","share_position":"floatbottom","share_float_style":"share-normal","show_share_counter":"1","show_view_counter":"1","show_featured":"1","show_post_meta":"1","show_post_author":"0","show_post_author_image":"1","show_post_date":"1","post_date_format":"default","post_date_format_custom":"Y\/m\/d","show_post_category":"1","show_post_reading_time":"0","post_reading_time_wpm":"300","show_zoom_button":"0","zoom_button_out_step":"2","zoom_button_in_step":"3","show_post_tag":"1","show_prev_next_post":"0","show_popup_post":"1","number_popup_post":"1","show_author_box":"0","show_post_related":"1","show_inline_post_related":"0"}],"override_image_size":"0","image_override":[{"single_post_thumbnail_size":"crop-500","single_post_gallery_size":"crop-500"}],"trending_post":"0","trending_post_position":"meta","trending_post_label":"Trending","sponsored_post":"0","sponsored_post_label":"Sponsored by","sponsored_post_name":"","sponsored_post_url":"","sponsored_post_logo_enable":"0","sponsored_post_logo":"","sponsored_post_desc":"","disable_ad":"0"},"jnews_primary_category":{"id":"","hide":""},"jnews_social_meta":{"fb_title":"","fb_description":"","fb_image":"","twitter_title":"","twitter_description":"","twitter_image":""},"jnews_override_counter":{"override_view_counter":"0","view_counter_number":"0","override_share_counter":"0","share_counter_number":"0","override_like_counter":"0","like_counter_number":"0","override_dislike_counter":"0","dislike_counter_number":"0"},"footnotes":""},"categories":[7],"tags":[373,369],"class_list":["post-16749","post","type-post","status-publish","format-standard","has-post-thumbnail","hentry","category-les-regles","tag-le-leadership-des-femmes","tag-manifestations"],"_links":{"self":[{"href":"https:\/\/wncri.org\/fr\/wp-json\/wp\/v2\/posts\/16749","targetHints":{"allow":["GET"]}}],"collection":[{"href":"https:\/\/wncri.org\/fr\/wp-json\/wp\/v2\/posts"}],"about":[{"href":"https:\/\/wncri.org\/fr\/wp-json\/wp\/v2\/types\/post"}],"author":[{"embeddable":true,"href":"https:\/\/wncri.org\/fr\/wp-json\/wp\/v2\/users\/4"}],"replies":[{"embeddable":true,"href":"https:\/\/wncri.org\/fr\/wp-json\/wp\/v2\/comments?post=16749"}],"version-history":[{"count":3,"href":"https:\/\/wncri.org\/fr\/wp-json\/wp\/v2\/posts\/16749\/revisions"}],"predecessor-version":[{"id":16767,"href":"https:\/\/wncri.org\/fr\/wp-json\/wp\/v2\/posts\/16749\/revisions\/16767"}],"wp:featuredmedia":[{"embeddable":true,"href":"https:\/\/wncri.org\/fr\/wp-json\/wp\/v2\/media\/16764"}],"wp:attachment":[{"href":"https:\/\/wncri.org\/fr\/wp-json\/wp\/v2\/media?parent=16749"}],"wp:term":[{"taxonomy":"category","embeddable":true,"href":"https:\/\/wncri.org\/fr\/wp-json\/wp\/v2\/categories?post=16749"},{"taxonomy":"post_tag","embeddable":true,"href":"https:\/\/wncri.org\/fr\/wp-json\/wp\/v2\/tags?post=16749"}],"curies":[{"name":"wp","href":"https:\/\/api.w.org\/{rel}","templated":true}]}}