{"id":16743,"date":"2022-10-11T12:33:00","date_gmt":"2022-10-11T10:33:00","guid":{"rendered":"https:\/\/wncri.org\/fr\/?p=16743"},"modified":"2022-10-14T11:16:00","modified_gmt":"2022-10-14T09:16:00","slug":"206-victimes","status":"publish","type":"post","link":"https:\/\/wncri.org\/fr\/2022\/10\/11\/206-victimes\/","title":{"rendered":"26\u00e8me jour des manifestations en Iran ; noms des 206 victimes de la r\u00e9pression"},"content":{"rendered":"\n<h3 class=\"wp-block-heading\">26\u00e8me jour des manifestations en Iran ; noms des 206 victimes de la r\u00e9pression<\/h3>\n\n\n\n<p><em>Nadia Arefani et Chirin Alizadeh auraient \u00e9galement \u00e9t\u00e9 tu\u00e9es par les forces de s\u00e9curit\u00e9<\/em><\/p>\n\n\n\n<p>Les protestations iraniennes se poursuivent depuis 26 jours cons\u00e9cutifs, de plus en plus de secteurs rejoignant le mouvement de protestation, les femmes en t\u00eate.<\/p>\n\n\n\n<p>Mardi 11 octobre, les travailleurs du p\u00e9trole et de la p\u00e9trochimie d&#8217;Abadan et d&#8217;Asalouyeh ont rejoint les protestations iraniennes en se mettant en gr\u00e8ve et en <a href=\"https:\/\/www.youtube.com\/watch?v=ThAmXT3EXYU\" target=\"_blank\" rel=\"noreferrer noopener\">affrontant les forces de s\u00e9curit\u00e9<\/a> du r\u00e9gime cl\u00e9rical.<\/p>\n\n\n\n<p>\u00c0 Sanandaj, la capitale de la province du Kurdistan, des hommes et des femmes tiennent t\u00eate aux gardes de l&#8217;IRGC qui tentent de r\u00e9primer la population et d&#8217;\u00e9touffer leurs protestations.<\/p>\n\n\n\n<h3 class=\"wp-block-heading\"><strong>Manifestations d&#8217;\u00e9tudiants<\/strong><\/h3>\n\n\n\n<p>D&#8217;autre part, les <a href=\"https:\/\/www.youtube.com\/watch?v=eRi4UowndiI&amp;t=12s\" target=\"_blank\" rel=\"noreferrer noopener\">\u00e9tudiants<\/a> iraniens ont organis\u00e9 des manifestations \u00e0 l&#8217;universit\u00e9 de Gilan \u00e0 Racht, \u00e0 <a href=\"https:\/\/www.youtube.com\/watch?v=E2xb30RV7ws\" target=\"_blank\" rel=\"noreferrer noopener\">l&#8217;universit\u00e9 Tarbiat Modarres \u00e0 T\u00e9h\u00e9ran<\/a>, \u00e0 l&#8217;\u00e9cole de technologie Tarbiat Modarres et \u00e0 l&#8217;universit\u00e9 des arts \u00e0 T\u00e9h\u00e9ran. Ils ont condamn\u00e9 l&#8217;arrestation des \u00e9tudiants et ont scand\u00e9 des slogans contre le r\u00e9gime.<\/p>\n\n\n\n<p>La veille, les \u00e9tudiants universitaires ont organis\u00e9 des manifestations \u00e0 <a href=\"https:\/\/www.youtube.com\/watch?v=LlNaxE9n5po\" target=\"_blank\" rel=\"noreferrer noopener\">l&#8217;Universit\u00e9 Azad de T\u00e9h\u00e9ran<\/a>, \u00e0 <a href=\"https:\/\/www.youtube.com\/watch?v=tA4BZopHvRI\" target=\"_blank\" rel=\"noreferrer noopener\">l&#8217;Universit\u00e9 Amir Kabir<\/a>, \u00e0 l&#8217;\u00c9cole de litt\u00e9rature Allameh, \u00e0 <a href=\"https:\/\/www.youtube.com\/watch?v=72xaq4AklZ4\" target=\"_blank\" rel=\"noreferrer noopener\">l&#8217;Universit\u00e9 de Gilan<\/a>, \u00e0 l&#8217;\u00c9cole dentaire de Chiraz, \u00e0 l&#8217;Universit\u00e9 Nochirvani de Babol, \u00e0 <a href=\"https:\/\/www.youtube.com\/watch?v=7r8YCqMqSHA\" target=\"_blank\" rel=\"noreferrer noopener\">l&#8217;Universit\u00e9 de Qazvin<\/a>, \u00e0 l&#8217;Universit\u00e9 Azad d&#8217;Arak, <a href=\"https:\/\/www.youtube.com\/watch?v=hLHBlXJZt4M\" target=\"_blank\" rel=\"noreferrer noopener\">\u00e0 l&#8217;Universit\u00e9 Al-Zahra<\/a>, etc. (consultez les liens pour voir les vid\u00e9os)<\/p>\n\n\n\n<p>Des lyc\u00e9ens, filles et gar\u00e7ons, ont \u00e9galement organis\u00e9 des manifestations ces deux derniers jours \u00e0 <a href=\"https:\/\/www.youtube.com\/watch?v=fvz7lAMVRf0\" target=\"_blank\" rel=\"noopener\">T\u00e9h\u00e9ran<\/a>, <a href=\"https:\/\/www.youtube.com\/watch?v=dedibIflVtE\" target=\"_blank\" rel=\"noopener\">Saqqez<\/a>, Mahabad, <a href=\"https:\/\/www.youtube.com\/watch?v=mwh2t65fMZE\" target=\"_blank\" rel=\"noreferrer noopener\">Ispahan<\/a> et Bandar Anzali, en scandant &#8220;Mort au dictateur&#8221;.<\/p>\n\n\n\n<h3 class=\"wp-block-heading\"><strong>Les manifestations de T\u00e9h\u00e9ran s&#8217;\u00e9tendent aux quartiers d\u00e9favoris\u00e9s<\/strong><\/h3>\n\n\n\n<p>D&#8217;autres informations font \u00e9tat de protestations dans diff\u00e9rents quartiers de T\u00e9h\u00e9ran. Samedi, des foules importantes ont d\u00e9fil\u00e9 dans les quartiers d\u00e9favoris\u00e9s de <a href=\"https:\/\/www.youtube.com\/watch?v=EUTyomiYqfQ\" target=\"_blank\" rel=\"noreferrer noopener\">Naziabad<\/a>, <a href=\"https:\/\/www.youtube.com\/watch?v=EahYB7PwM_w\" target=\"_blank\" rel=\"noreferrer noopener\">Yaftabad<\/a> et Galoubandak, \u00e0 T\u00e9h\u00e9ran.<\/p>\n\n\n\n<p>Des manifestations ont \u00e9galement eu lieu dans d&#8217;autres villes, notamment \u00e0 Borazjan (sud de l&#8217;Iran), Sanandaj (capitale du Kurdistan), Saqqez, Baneh, <a href=\"https:\/\/www.youtube.com\/watch?v=9uyFXObxIlc\" target=\"_blank\" rel=\"noreferrer noopener\">Divandarreh<\/a>, Marivan, Boukan (Kurdistan), Kerman (sud de l&#8217;Iran), Ispahan, <a href=\"https:\/\/www.youtube.com\/shorts\/gkneKwTfTkA\" target=\"_blank\" rel=\"noreferrer noopener\">Varamin<\/a>, Karaj, Hamedan, Salas Babajani, Kermanchah, Machad, Izeh (Khouzestan), etc.<\/p>\n\n\n\n<h3 class=\"wp-block-heading\"><strong>Plus de femmes parmi les 206 victimes des r\u00e9pressions<\/strong><\/h3>\n\n\n\n<p>La R\u00e9sistance iranienne a v\u00e9rifi\u00e9 les noms de 206 victimes de la r\u00e9pression des manifestations en Iran, dont de <a href=\"https:\/\/wncri.org\/2022\/10\/09\/iran-protests-leading-role-women\/\" target=\"_blank\" rel=\"noreferrer noopener\">nouvelles femmes.<\/a><\/p>\n\n\n\n<p>Nadia Arefani, 23 ans, de Fardis (Karaj), a \u00e9t\u00e9 gravement bless\u00e9e lors des attaques contre les manifestants \u00e0 Karaj le 8 octobre. Elle est d\u00e9c\u00e9d\u00e9e des suites de ses graves blessures le 9 octobre 2022.<\/p>\n\n\n<div class=\"wp-block-image\">\n<figure class=\"aligncenter size-full\"><img decoding=\"async\" src=\"data:image\/gif;base64,R0lGODlhAQABAIAAAAAAAP\/\/\/yH5BAEAAAAALAAAAAABAAEAAAIBRAA7\" data-src=\"https:\/\/wncri.org\/fr\/wp-content\/uploads\/2022\/10\/Shirin-Alizadeh.jpg\" alt=\"Chirin Alizadeh, 35 ans\" class=\"wp-image-16746 lazyload\"\/><noscript><img decoding=\"async\" width=\"284\" height=\"348\" src=\"https:\/\/wncri.org\/fr\/wp-content\/uploads\/2022\/10\/Shirin-Alizadeh.jpg\" alt=\"Chirin Alizadeh, 35 ans\" class=\"wp-image-16746 lazyload\" srcset=\"https:\/\/wncri.org\/fr\/wp-content\/uploads\/2022\/10\/Shirin-Alizadeh.jpg 284w, https:\/\/wncri.org\/fr\/wp-content\/uploads\/2022\/10\/Shirin-Alizadeh-245x300.jpg 245w\" sizes=\"(max-width: 284px) 100vw, 284px\" \/><\/noscript><figcaption>Chirin Alizadeh, 35 ans<\/figcaption><\/figure>\n<\/div>\n\n\n<p>Une autre femme, Chirin Alizadeh, 35 ans, d&#8217;Ispahan, a re\u00e7u une balle en pleine t\u00eate lors des manifestations contre Ramsar le 22 septembre 2022. On a demand\u00e9 \u00e0 sa famille de garder le silence si elle voulait recevoir son corps.&nbsp;<\/p>\n","protected":false},"excerpt":{"rendered":"<p>26\u00e8me jour des manifestations en Iran ; noms des 206 victimes de la r\u00e9pression Nadia Arefani et Chirin Alizadeh auraient \u00e9galement \u00e9t\u00e9 tu\u00e9es par les forces de s\u00e9curit\u00e9 Les protestations iraniennes se poursuivent depuis 26 jours cons\u00e9cutifs, de plus en plus de secteurs rejoignant le mouvement de protestation, les femmes en t\u00eate. Mardi 11 octobre, [&hellip;]<\/p>\n","protected":false},"author":4,"featured_media":16769,"comment_status":"closed","ping_status":"closed","sticky":false,"template":"","format":"standard","meta":{"jnews-multi-image_gallery":[],"jnews_single_post":{"subtitle":"","format":"standard","video":"","gallery":"","source_name":"","source_url":"","via_name":"","via_url":"","override_template":"0","override":[{"template":"7","single_blog_custom":"","parallax":"1","fullscreen":"1","layout":"right-sidebar","sidebar":"default-sidebar","second_sidebar":"default-sidebar","sticky_sidebar":"1","share_position":"floatbottom","share_float_style":"share-normal","show_share_counter":"1","show_view_counter":"1","show_featured":"1","show_post_meta":"1","show_post_author":"0","show_post_author_image":"1","show_post_date":"1","post_date_format":"default","post_date_format_custom":"Y\/m\/d","show_post_category":"1","show_post_reading_time":"0","post_reading_time_wpm":"300","show_zoom_button":"0","zoom_button_out_step":"2","zoom_button_in_step":"3","show_post_tag":"1","show_prev_next_post":"0","show_popup_post":"1","number_popup_post":"1","show_author_box":"0","show_post_related":"1","show_inline_post_related":"0"}],"override_image_size":"0","image_override":[{"single_post_thumbnail_size":"crop-500","single_post_gallery_size":"crop-500"}],"trending_post":"0","trending_post_position":"meta","trending_post_label":"Trending","sponsored_post":"0","sponsored_post_label":"Sponsored by","sponsored_post_name":"","sponsored_post_url":"","sponsored_post_logo_enable":"0","sponsored_post_logo":"","sponsored_post_desc":"","disable_ad":"0"},"jnews_primary_category":{"id":"","hide":""},"jnews_social_meta":{"fb_title":"","fb_description":"","fb_image":"","twitter_title":"","twitter_description":"","twitter_image":""},"jnews_override_counter":{"override_view_counter":"0","view_counter_number":"0","override_share_counter":"0","share_counter_number":"0","override_like_counter":"0","like_counter_number":"0","override_dislike_counter":"0","dislike_counter_number":"0"},"footnotes":""},"categories":[3],"tags":[369],"class_list":["post-16743","post","type-post","status-publish","format-standard","has-post-thumbnail","hentry","category-infos-des-femmes","tag-manifestations"],"_links":{"self":[{"href":"https:\/\/wncri.org\/fr\/wp-json\/wp\/v2\/posts\/16743","targetHints":{"allow":["GET"]}}],"collection":[{"href":"https:\/\/wncri.org\/fr\/wp-json\/wp\/v2\/posts"}],"about":[{"href":"https:\/\/wncri.org\/fr\/wp-json\/wp\/v2\/types\/post"}],"author":[{"embeddable":true,"href":"https:\/\/wncri.org\/fr\/wp-json\/wp\/v2\/users\/4"}],"replies":[{"embeddable":true,"href":"https:\/\/wncri.org\/fr\/wp-json\/wp\/v2\/comments?post=16743"}],"version-history":[{"count":2,"href":"https:\/\/wncri.org\/fr\/wp-json\/wp\/v2\/posts\/16743\/revisions"}],"predecessor-version":[{"id":16770,"href":"https:\/\/wncri.org\/fr\/wp-json\/wp\/v2\/posts\/16743\/revisions\/16770"}],"wp:featuredmedia":[{"embeddable":true,"href":"https:\/\/wncri.org\/fr\/wp-json\/wp\/v2\/media\/16769"}],"wp:attachment":[{"href":"https:\/\/wncri.org\/fr\/wp-json\/wp\/v2\/media?parent=16743"}],"wp:term":[{"taxonomy":"category","embeddable":true,"href":"https:\/\/wncri.org\/fr\/wp-json\/wp\/v2\/categories?post=16743"},{"taxonomy":"post_tag","embeddable":true,"href":"https:\/\/wncri.org\/fr\/wp-json\/wp\/v2\/tags?post=16743"}],"curies":[{"name":"wp","href":"https:\/\/api.w.org\/{rel}","templated":true}]}}