{"id":1674,"date":"2016-10-26T09:29:08","date_gmt":"2016-10-26T09:29:08","guid":{"rendered":"https:\/\/wncri.org\/frdev\/2016\/10\/26\/chekar-mohammad-zadeh\/"},"modified":"2021-09-02T20:18:34","modified_gmt":"2021-09-02T18:18:34","slug":"chekar-mohammad-zadeh","status":"publish","type":"post","link":"https:\/\/wncri.org\/fr\/2016\/10\/26\/chekar-mohammad-zadeh\/","title":{"rendered":"Ch\u00e9kar Mohammad-Zadeh"},"content":{"rendered":"<p>J\u2019\u00e9tais infirmi\u00e8re en Iran. J\u2019adorais mon peuple et l\u2019organisation des Moudjahidine du peupIe d\u2019Iran (OMPI, opposition d\u00e9mocratique au r\u00e9gime des mollahs) &#8211; Ch\u00e9kar Mohammad-Zadeh<\/p>\n<p><!--more--><\/p>\n<p>J\u2019ai \u00e9t\u00e9 arr\u00eat\u00e9e, emprisonn\u00e9e et tortur\u00e9e pour avoir respect\u00e9 mon serment d\u2019infirmi\u00e8re et avoir sauv\u00e9 les vies de personnes tabass\u00e9es ou bless\u00e9es par balles par les gardiens de la r\u00e9volution, comme des adolescentes et des femmes, bless\u00e9es \u00e0 bout portant, lors d\u2019une immense manifestation \u00e0 T\u00e9h\u00e9ran en juin 1981.<\/p>\n<p>J\u2019ai \u00e9t\u00e9 horriblement tortur\u00e9e dans les prisons d\u2019Evine et de Ghezel Hessar. Tol\u00e9rer ces s\u00e9vices \u00e9taient au-del\u00e0 de l\u2019humain mais je n\u2019ai jamais reni\u00e9 mon serment, ni mon amour pour l\u2019OMPI. Je n\u2019ai pas vendu \u00a0l\u2019avenir brillant de l\u2019Iran au Mal qu\u2019incarnait Khomeiny.<\/p>\n<p>J\u2019ai purg\u00e9 sept ann\u00e9es de prison sur les 15 auxquelles j\u2019avais \u00e9t\u00e9 condamn\u00e9e. Et puis ils mont ex\u00e9cut\u00e9e avec 30.000 autres dans le massacre des prisonniers politiques durant l\u2019ann\u00e9e 1988.<\/p>\n<p>J\u2019attends que justice soit faite et les assassins jug\u00e9s.<\/p>\n","protected":false},"excerpt":{"rendered":"<p>J\u2019\u00e9tais infirmi\u00e8re en Iran. J\u2019adorais mon peuple et l\u2019organisation des Moudjahidine du peupIe d\u2019Iran (OMPI, opposition d\u00e9mocratique au r\u00e9gime des mollahs) &#8211; Ch\u00e9kar Mohammad-Zadeh<\/p>\n","protected":false},"author":1,"featured_media":14028,"comment_status":"open","ping_status":"open","sticky":false,"template":"","format":"standard","meta":{"jnews-multi-image_gallery":[],"jnews_single_post":{"subtitle":"","format":"standard","video":"","gallery":"","source_name":"","source_url":"","via_name":"","via_url":"","override":[{"template":"1","single_blog_custom":"","parallax":"1","fullscreen":"1","layout":"right-sidebar","sidebar":"default-sidebar","second_sidebar":"default-sidebar","sticky_sidebar":"1","share_position":"top","share_float_style":"share-monocrhome","show_share_counter":"1","show_view_counter":"1","show_featured":"1","show_post_meta":"1","show_post_author":"1","show_post_author_image":"1","show_post_date":"1","post_date_format":"default","post_date_format_custom":"Y\/m\/d","show_post_category":"1","post_reading_time_wpm":"300","zoom_button_out_step":"2","zoom_button_in_step":"3","show_post_tag":"1","show_prev_next_post":"1","show_popup_post":"1","number_popup_post":"1"}],"image_override":[{"single_post_thumbnail_size":"crop-500","single_post_gallery_size":"crop-500"}],"trending_post_position":"meta","trending_post_label":"Trending","sponsored_post_label":"Sponsored by","sponsored_post_name":"","sponsored_post_url":"","sponsored_post_logo":"","sponsored_post_desc":""},"jnews_primary_category":{"id":""},"jnews_social_meta":[],"jnews_override_counter":{"view_counter_number":"0","share_counter_number":"0","like_counter_number":"0","dislike_counter_number":"0"},"footnotes":""},"categories":[25],"tags":[367,382,370,376],"class_list":["post-1674","post","type-post","status-publish","format-standard","has-post-thumbnail","hentry","category-tombees-pour-la-liberte","tag-execution","tag-generation-egalite","tag-prisonnieres","tag-violence-contre-les-femmes"],"_links":{"self":[{"href":"https:\/\/wncri.org\/fr\/wp-json\/wp\/v2\/posts\/1674","targetHints":{"allow":["GET"]}}],"collection":[{"href":"https:\/\/wncri.org\/fr\/wp-json\/wp\/v2\/posts"}],"about":[{"href":"https:\/\/wncri.org\/fr\/wp-json\/wp\/v2\/types\/post"}],"author":[{"embeddable":true,"href":"https:\/\/wncri.org\/fr\/wp-json\/wp\/v2\/users\/1"}],"replies":[{"embeddable":true,"href":"https:\/\/wncri.org\/fr\/wp-json\/wp\/v2\/comments?post=1674"}],"version-history":[{"count":0,"href":"https:\/\/wncri.org\/fr\/wp-json\/wp\/v2\/posts\/1674\/revisions"}],"wp:featuredmedia":[{"embeddable":true,"href":"https:\/\/wncri.org\/fr\/wp-json\/wp\/v2\/media\/14028"}],"wp:attachment":[{"href":"https:\/\/wncri.org\/fr\/wp-json\/wp\/v2\/media?parent=1674"}],"wp:term":[{"taxonomy":"category","embeddable":true,"href":"https:\/\/wncri.org\/fr\/wp-json\/wp\/v2\/categories?post=1674"},{"taxonomy":"post_tag","embeddable":true,"href":"https:\/\/wncri.org\/fr\/wp-json\/wp\/v2\/tags?post=1674"}],"curies":[{"name":"wp","href":"https:\/\/api.w.org\/{rel}","templated":true}]}}