{"id":16697,"date":"2022-10-03T15:48:00","date_gmt":"2022-10-03T13:48:00","guid":{"rendered":"https:\/\/wncri.org\/fr\/?p=16697"},"modified":"2022-10-04T16:00:22","modified_gmt":"2022-10-04T14:00:22","slug":"des-lyceennes","status":"publish","type":"post","link":"https:\/\/wncri.org\/fr\/2022\/10\/03\/des-lyceennes\/","title":{"rendered":"Des lyc\u00e9ennes se joignent aux protestations en Iran le 18e jour"},"content":{"rendered":"\n<h3 class=\"wp-block-heading\">Des lyc\u00e9ennes se joignent aux protestations en Iran le 18e jour<\/h3>\n\n\n\n<p>Des lyc\u00e9ennes se joignent aux protestations en Iran au 18e jour.<\/p>\n\n\n\n<p>Le 18e jour des protestations en Iran a commenc\u00e9 par des manifestations<a href=\"https:\/\/www.maryam-rajavi.com\/fr\/soulevement-etudiants-universite-sharif-teheran-resistance-contre-lattaque-agents-repressifs\/\" target=\"_blank\" rel=\"noreferrer noopener\"> d&#8217;\u00e9tudiants.<\/a> (Cliquez sur les liens et regardez les clips vid\u00e9o)<\/p>\n\n\n\n<p>Des lyc\u00e9ennes ont organis\u00e9 des manifestations contre le r\u00e9gime dans des dizaines d&#8217;\u00e9coles \u00e0 travers l&#8217;Iran. Certaines d&#8217;entre elles sont m\u00eame descendues dans la rue pour scander des slogans contre Ali Khamenei, le chef supr\u00eame des mollahs. D&#8217;autres ont scand\u00e9 : <a href=\"https:\/\/twitter.com\/Mojahedineng\/status\/1576956489708675073\" target=\"_blank\" rel=\"noreferrer noopener\">&#8220;Cette ann\u00e9e, le r\u00e9gime est renvers\u00e9<\/a>&#8220;.<\/p>\n\n\n\n<p>\u00c0 Karaj, des lyc\u00e9ens scandaient : &#8220;Nous allons reprendre l&#8217;Iran !&#8221;. Et \u00e0 Gohardacht, des \u00e9coli\u00e8res ont affront\u00e9 un responsable du r\u00e9gime et <a href=\"https:\/\/twitter.com\/Mojahedineng\/status\/1576964039506202626\" target=\"_blank\" rel=\"noreferrer noopener\">l&#8217;ont forc\u00e9 \u00e0 quitter l&#8217;\u00e9cole<\/a> en criant &#8220;Honte \u00e0 vous !&#8221;. \u00c0 Karaj, des lyc\u00e9ens scandaient : &#8220;Les mollahs, d\u00e9gagez !&#8221;.<\/p>\n\n\n\n<p>\u00c0 <a href=\"https:\/\/twitter.com\/Mojahedineng\/status\/1576877217291927554\" target=\"_blank\" rel=\"noreferrer noopener\">Chiraz<\/a>, les lyc\u00e9ennes scandaient &#8220;Mort au dictateur&#8221;.<\/p>\n\n\n\n<p>Dans le sillage de la violente r\u00e9pression contre les <a href=\"https:\/\/wncri.org\/fr\/2022\/10\/02\/400-morts\/\" target=\"_blank\" rel=\"noreferrer noopener\">\u00e9tudiants<\/a> de l&#8217;universit\u00e9 de technologie de Charif, les \u00e9tudiants ont organis\u00e9 des manifestations passionn\u00e9es dans des dizaines d&#8217;universit\u00e9s, dont l&#8217;universit\u00e9 de T\u00e9h\u00e9ran et les universit\u00e9s d&#8217;Ispahan, de Zanjan, de <a href=\"https:\/\/twitter.com\/Mojahedineng\/status\/1576962781030465536\" target=\"_blank\" rel=\"noreferrer noopener\">Semnan<\/a>, d&#8217;Ourmia, de Qom, de Machad et de Birjand.<\/p>\n\n\n\n<p>Les forces de s\u00e9curit\u00e9 auraient \u00e9galement tir\u00e9 des coups de feu sur des \u00e9tudiants de l&#8217;universit\u00e9 de Tabriz.<\/p>\n\n\n\n<p>Dans le m\u00eame temps, les propri\u00e9taires d&#8217;entreprises de plusieurs villes se sont mis en gr\u00e8ve pour protester contre la r\u00e9pression brutale des manifestations par le r\u00e9gime.<\/p>\n","protected":false},"excerpt":{"rendered":"<p>Des lyc\u00e9ennes se joignent aux protestations en Iran le 18e jour Des lyc\u00e9ennes se joignent aux protestations en Iran au 18e jour. Le 18e jour des protestations en Iran a commenc\u00e9 par des manifestations d&#8217;\u00e9tudiants. (Cliquez sur les liens et regardez les clips vid\u00e9o) Des lyc\u00e9ennes ont organis\u00e9 des manifestations contre le r\u00e9gime dans des [&hellip;]<\/p>\n","protected":false},"author":4,"featured_media":16698,"comment_status":"closed","ping_status":"closed","sticky":false,"template":"","format":"standard","meta":{"jnews-multi-image_gallery":[],"jnews_single_post":{"subtitle":"","format":"standard","video":"","gallery":"","source_name":"","source_url":"","via_name":"","via_url":"","override_template":"0","override":[{"template":"7","single_blog_custom":"","parallax":"1","fullscreen":"1","layout":"right-sidebar","sidebar":"default-sidebar","second_sidebar":"default-sidebar","sticky_sidebar":"1","share_position":"floatbottom","share_float_style":"share-normal","show_share_counter":"1","show_view_counter":"1","show_featured":"1","show_post_meta":"1","show_post_author":"0","show_post_author_image":"1","show_post_date":"1","post_date_format":"default","post_date_format_custom":"Y\/m\/d","show_post_category":"1","show_post_reading_time":"0","post_reading_time_wpm":"300","show_zoom_button":"0","zoom_button_out_step":"2","zoom_button_in_step":"3","show_post_tag":"1","show_prev_next_post":"0","show_popup_post":"1","number_popup_post":"1","show_author_box":"0","show_post_related":"1","show_inline_post_related":"0"}],"override_image_size":"0","image_override":[{"single_post_thumbnail_size":"crop-500","single_post_gallery_size":"crop-500"}],"trending_post":"0","trending_post_position":"meta","trending_post_label":"Trending","sponsored_post":"0","sponsored_post_label":"Sponsored by","sponsored_post_name":"","sponsored_post_url":"","sponsored_post_logo_enable":"0","sponsored_post_logo":"","sponsored_post_desc":"","disable_ad":"0"},"jnews_primary_category":{"id":""},"jnews_social_meta":{"fb_title":"","fb_description":"","fb_image":"","twitter_title":"","twitter_description":"","twitter_image":""},"jnews_override_counter":{"override_view_counter":"0","view_counter_number":"0","override_share_counter":"0","share_counter_number":"0","override_like_counter":"0","like_counter_number":"0","override_dislike_counter":"0","dislike_counter_number":"0"},"footnotes":""},"categories":[3],"tags":[369],"class_list":["post-16697","post","type-post","status-publish","format-standard","has-post-thumbnail","hentry","category-infos-des-femmes","tag-manifestations"],"_links":{"self":[{"href":"https:\/\/wncri.org\/fr\/wp-json\/wp\/v2\/posts\/16697","targetHints":{"allow":["GET"]}}],"collection":[{"href":"https:\/\/wncri.org\/fr\/wp-json\/wp\/v2\/posts"}],"about":[{"href":"https:\/\/wncri.org\/fr\/wp-json\/wp\/v2\/types\/post"}],"author":[{"embeddable":true,"href":"https:\/\/wncri.org\/fr\/wp-json\/wp\/v2\/users\/4"}],"replies":[{"embeddable":true,"href":"https:\/\/wncri.org\/fr\/wp-json\/wp\/v2\/comments?post=16697"}],"version-history":[{"count":1,"href":"https:\/\/wncri.org\/fr\/wp-json\/wp\/v2\/posts\/16697\/revisions"}],"predecessor-version":[{"id":16699,"href":"https:\/\/wncri.org\/fr\/wp-json\/wp\/v2\/posts\/16697\/revisions\/16699"}],"wp:featuredmedia":[{"embeddable":true,"href":"https:\/\/wncri.org\/fr\/wp-json\/wp\/v2\/media\/16698"}],"wp:attachment":[{"href":"https:\/\/wncri.org\/fr\/wp-json\/wp\/v2\/media?parent=16697"}],"wp:term":[{"taxonomy":"category","embeddable":true,"href":"https:\/\/wncri.org\/fr\/wp-json\/wp\/v2\/categories?post=16697"},{"taxonomy":"post_tag","embeddable":true,"href":"https:\/\/wncri.org\/fr\/wp-json\/wp\/v2\/tags?post=16697"}],"curies":[{"name":"wp","href":"https:\/\/api.w.org\/{rel}","templated":true}]}}