{"id":16676,"date":"2022-10-01T21:32:12","date_gmt":"2022-10-01T19:32:12","guid":{"rendered":"https:\/\/wncri.org\/fr\/?p=16676"},"modified":"2022-10-01T21:32:17","modified_gmt":"2022-10-01T19:32:17","slug":"forces-armees","status":"publish","type":"post","link":"https:\/\/wncri.org\/fr\/2022\/10\/01\/forces-armees\/","title":{"rendered":"Iran : Des documents divulgu\u00e9s r\u00e9v\u00e8lent que les forces arm\u00e9es ont re\u00e7u l&#8217;ordre, au plus haut niveau, d&#8217;affronter sans piti\u00e9 les manifestants"},"content":{"rendered":"\n<h3 class=\"wp-block-heading\">Iran : Des documents divulgu\u00e9s r\u00e9v\u00e8lent que les forces arm\u00e9es ont re\u00e7u l&#8217;ordre, au plus haut niveau, d&#8217;affronter sans piti\u00e9 les manifestants<\/h3>\n\n\n\n<p><em>Voici un <\/em><a href=\"https:\/\/www.amnesty.org\/fr\/latest\/news\/2022\/09\/iran-leaked-documents-reveal-top-level-orders-to-armed-forces-to-mercilessly-confront-protesters\/\" target=\"_blank\" rel=\"noreferrer noopener\"><em>rapport<\/em><\/a><em> publi\u00e9 par Amnesty International le 30 septembre 2022 :<\/em><\/p>\n\n\n\n<p>La plus haute instance militaire iranienne a donn\u00e9 pour instruction aux commandants des forces arm\u00e9es de toutes les provinces d&#8217;affronter &#8220;sans piti\u00e9&#8221; les manifestants qui sont descendus dans la rue \u00e0 la suite de la mort <a href=\"https:\/\/wncri.org\/fr\/2022\/09\/19\/la-mort-de-mahsa-amini\/\" target=\"_blank\" rel=\"noreferrer noopener\">en d\u00e9tention de Mahsa Amini<\/a> aux mains de la police des m\u0153urs iranienne, a d\u00e9clar\u00e9 Amnesty International aujourd&#8217;hui apr\u00e8s avoir obtenu des documents officiels ayant fait l&#8217;objet d&#8217;une fuite qui ont r\u00e9v\u00e9l\u00e9 le plan des autorit\u00e9s visant \u00e0 \u00e9craser syst\u00e9matiquement et \u00e0 tout prix les manifestations. \u00c0 ce jour, la r\u00e9pression a fait au moins 52 morts et des centaines de bless\u00e9s identifi\u00e9s.<\/p>\n\n\n\n<p>Dans une analyse d\u00e9taill\u00e9e publi\u00e9e aujourd&#8217;hui, Amnesty International divulgue des preuves du complot des autorit\u00e9s iraniennes visant \u00e0 \u00e9craser brutalement les manifestations en d\u00e9ployant les Gardiens de la r\u00e9volution, la force paramilitaire des bassidji, le Commandement des forces de l&#8217;ordre de la R\u00e9publique islamique d&#8217;Iran, la police anti-\u00e9meute et des agents de s\u00e9curit\u00e9 en civil. L&#8217;organisation partage \u00e9galement les preuves de l&#8217;utilisation g\u00e9n\u00e9ralis\u00e9e de la force meurtri\u00e8re et des armes \u00e0 feu par les forces de s\u00e9curit\u00e9 iraniennes qui avaient l&#8217;intention de tuer les manifestants ou qui auraient d\u00fb savoir avec un degr\u00e9 raisonnable de certitude que leur utilisation des armes \u00e0 feu entra\u00eenerait des d\u00e9c\u00e8s.<\/p>\n\n\n\n<p>&#8220;Les autorit\u00e9s iraniennes ont sciemment d\u00e9cid\u00e9 de blesser ou de tuer des personnes qui sont descendues dans la rue pour exprimer leur col\u00e8re face \u00e0 des d\u00e9cennies de r\u00e9pression et d&#8217;injustice. Dans le contexte d&#8217;une \u00e9pid\u00e9mie d&#8217;impunit\u00e9 syst\u00e9mique qui pr\u00e9vaut depuis longtemps en Iran, des dizaines d&#8217;hommes, de femmes et d&#8217;enfants ont \u00e9t\u00e9 tu\u00e9s ill\u00e9galement lors de la derni\u00e8re s\u00e9rie d&#8217;effusions de sang, a d\u00e9clar\u00e9 Agn\u00e8s Callamard, secr\u00e9taire g\u00e9n\u00e9rale d&#8217;Amnesty International.<\/p>\n\n\n\n<p>&#8220;Sans une action collective d\u00e9termin\u00e9e de la part de la communaut\u00e9 internationale, qui doit aller au-del\u00e0 de simples d\u00e9clarations de condamnation, d&#8217;innombrables autres personnes risquent d&#8217;\u00eatre tu\u00e9es, mutil\u00e9es, tortur\u00e9es, agress\u00e9es sexuellement ou jet\u00e9es derri\u00e8re les barreaux uniquement pour avoir particip\u00e9 \u00e0 des manifestations. Des documents obtenus par Amnesty International et ayant fait l&#8217;objet d&#8217;une fuite mettent en \u00e9vidence la n\u00e9cessit\u00e9 de mettre en place un m\u00e9canisme international ind\u00e9pendant d&#8217;enqu\u00eate et d&#8217;obligation de rendre des comptes.&#8221;<\/p>\n\n\n\n<p>D&#8217;apr\u00e8s les r\u00e9cits de t\u00e9moins oculaires et les \u00e9l\u00e9ments audiovisuels examin\u00e9s par Amnesty International, aucune des 52 victimes identifi\u00e9es ne repr\u00e9sentait une menace imminente de mort ou de blessure grave qui aurait pu justifier l&#8217;utilisation d&#8217;armes \u00e0 feu contre elles.<\/p>\n\n\n<div class=\"wp-block-image\">\n<figure class=\"aligncenter size-full\"><img decoding=\"async\" src=\"data:image\/gif;base64,R0lGODlhAQABAIAAAAAAAP\/\/\/yH5BAEAAAAALAAAAAABAAEAAAIBRAA7\" data-src=\"https:\/\/wncri.org\/fr\/wp-content\/uploads\/2022\/10\/Amnesty-International-leaked-documents-2-min.webp\" alt=\"D\u00e9ni et dissimulation de l'\u00c9tat apr\u00e8s une semaine d'homicides ill\u00e9gaux\" class=\"wp-image-16677 lazyload\"\/><noscript><img decoding=\"async\" width=\"750\" height=\"375\" src=\"https:\/\/wncri.org\/fr\/wp-content\/uploads\/2022\/10\/Amnesty-International-leaked-documents-2-min.webp\" alt=\"D\u00e9ni et dissimulation de l'\u00c9tat apr\u00e8s une semaine d'homicides ill\u00e9gaux\" class=\"wp-image-16677 lazyload\" srcset=\"https:\/\/wncri.org\/fr\/wp-content\/uploads\/2022\/10\/Amnesty-International-leaked-documents-2-min.webp 750w, https:\/\/wncri.org\/fr\/wp-content\/uploads\/2022\/10\/Amnesty-International-leaked-documents-2-min-300x150.webp 300w, https:\/\/wncri.org\/fr\/wp-content\/uploads\/2022\/10\/Amnesty-International-leaked-documents-2-min-360x180.webp 360w\" sizes=\"(max-width: 750px) 100vw, 750px\" \/><\/noscript><\/figure>\n<\/div>\n\n\n<h3 class=\"wp-block-heading\"><strong>D\u00e9ni et dissimulation de l&#8217;\u00c9tat apr\u00e8s une semaine d&#8217;homicides ill\u00e9gaux<\/strong><\/h3>\n\n\n\n<p>Amnesty International a obtenu une copie d&#8217;un document officiel ayant fait l&#8217;objet d&#8217;une fuite, qui indique que, le 21 septembre 2022, le quartier g\u00e9n\u00e9ral des forces arm\u00e9es a adress\u00e9 aux commandants de toutes les provinces un ordre leur enjoignant de &#8221; confronter s\u00e9v\u00e8rement les fauteurs de troubles et les anti-r\u00e9volutionnaires &#8220;. Plus tard dans la soir\u00e9e, le recours \u00e0 la force meurtri\u00e8re s&#8217;est intensifi\u00e9 dans tout le pays et des dizaines d&#8217;hommes, de femmes et d&#8217;enfants ont \u00e9t\u00e9 tu\u00e9s au cours de cette seule nuit.<\/p>\n\n\n\n<p>Un autre document ayant fait l&#8217;objet d&#8217;une fuite montre que, le 23 septembre, le commandant des forces arm\u00e9es de la province de Mazandaran a ordonn\u00e9 aux forces de s\u00e9curit\u00e9 de toutes les villes de la province de &#8221; faire face sans piti\u00e9, allant jusqu&#8217;\u00e0 provoquer des morts, \u00e0 toute agitation des \u00e9meutiers et des anti-r\u00e9volutionnaires &#8220;.<\/p>\n\n\n\n<p>\u00c0 ce jour, Amnesty International a enregistr\u00e9 les noms de 52 personnes, dont cinq femmes et au moins cinq enfants, tu\u00e9es par les forces de s\u00e9curit\u00e9 iraniennes entre le 19 et le 25 septembre. Les deux tiers des d\u00e9c\u00e8s enregistr\u00e9s (au moins 34) datent du 21 septembre. L&#8217;organisation pense que le nombre r\u00e9el de morts est bien plus \u00e9lev\u00e9 et poursuit ses efforts pour identifier les victimes.<\/p>\n\n\n\n<p>Amnesty International a examin\u00e9 des photos et des vid\u00e9os montrant que la plupart des victimes ont \u00e9t\u00e9 tu\u00e9es par les forces de s\u00e9curit\u00e9 qui ont tir\u00e9 \u00e0 balles r\u00e9elles. Au moins trois hommes et deux femmes ont \u00e9t\u00e9 tu\u00e9s par les forces de s\u00e9curit\u00e9 qui ont tir\u00e9 des boulettes de m\u00e9tal \u00e0 bout portant, tandis qu&#8217;une jeune fille de 16 ans<a href=\"https:\/\/wncri.org\/2022\/09\/30\/iran-protests-300-killed-15000\/\" target=\"_blank\" rel=\"noreferrer noopener\">, Sarina Esmailzadeh<\/a>, est morte apr\u00e8s avoir \u00e9t\u00e9 s\u00e9v\u00e8rement frapp\u00e9e \u00e0 la t\u00eate avec des matraques.<\/p>\n\n\n\n<p>Afin de se d\u00e9charger de toute responsabilit\u00e9 dans ces d\u00e9c\u00e8s, les autorit\u00e9s iraniennes ont diffus\u00e9 de fausses informations sur les victimes, tentant de les d\u00e9peindre comme des &#8220;individus dangereux&#8221; et &#8220;violents&#8221; ou affirmant qu&#8217;elles avaient \u00e9t\u00e9 tu\u00e9es par des &#8220;\u00e9meutiers&#8221;. Les autorit\u00e9s ont \u00e9galement intimid\u00e9 et harcel\u00e9 les familles des victimes pour qu&#8217;elles gardent le silence ou leur ont promis une compensation financi\u00e8re si elles enregistraient des vid\u00e9os attribuant la responsabilit\u00e9 de la mort de leurs proches \u00e0 des &#8220;\u00e9meutiers&#8221; travaillant pour des &#8220;ennemis&#8221; de la R\u00e9publique islamique d&#8217;Iran.<\/p>\n\n\n\n<h3 class=\"wp-block-heading\"><strong>Des manifestants tortur\u00e9s et soumis \u00e0 d&#8217;autres mauvais traitements<\/strong><\/h3>\n\n\n\n<p>Amnesty International a recens\u00e9 des cas g\u00e9n\u00e9ralis\u00e9s de torture et d&#8217;autres mauvais traitements inflig\u00e9s par les forces de s\u00e9curit\u00e9, notamment des passages \u00e0 tabac de manifestants et de passants. L&#8217;organisation a \u00e9galement recueilli des informations sur des agressions sexuelles et d&#8217;autres formes de violence sexiste et sexuelle, notamment des cas o\u00f9 les forces de s\u00e9curit\u00e9 ont saisi les seins de femmes ou leur ont violemment tir\u00e9 les cheveux apr\u00e8s qu&#8217;elles eurent retir\u00e9 leur foulard en signe de protestation.<\/p>\n\n\n\n<p>Le 28 septembre, une manifestante d&#8217;Ispahan a d\u00e9clar\u00e9 \u00e0 Amnesty International : &#8221; J&#8217;ai vu des manifestants se faire battre. La veille, mes amis ont racont\u00e9 qu&#8217;ils avaient vu une femme [manifestante] se faire arracher les cheveux sur le sol. Ses v\u00eatements se d\u00e9tachaient de son corps et les forces de s\u00e9curit\u00e9 continuaient \u00e0 la tirer par les cheveux&#8230;&#8221;<\/p>\n\n\n\n<p>&#8220;Il y a deux nuits&#8221;, ajoute le manifestant, &#8220;plusieurs de mes amis ont \u00e9t\u00e9 battus \u00e0 coups de matraque. L&#8217;une d&#8217;entre elles, qui a maintenant des bleus sur l&#8217;avant-bras et les jambes, m&#8217;a dit que les forces de s\u00e9curit\u00e9 les ont coinc\u00e9es dans une all\u00e9e et les ont frapp\u00e9es avec des matraques. Un membre des forces de s\u00e9curit\u00e9 a alors dit : &#8220;tirons-leur aussi dans la jambe&#8221; et un autre agent de s\u00e9curit\u00e9 a dit : &#8220;non, allons-y&#8221;. Ils sont tellement brutaux&#8221;.<\/p>\n\n\n\n<p>Amnesty International a vu des images et des rapports sugg\u00e9rant que certains manifestants se sont livr\u00e9s \u00e0 des actes de violence. Toutefois, Amnesty International souligne que les actes violents commis par une minorit\u00e9 de manifestants ne justifient pas le recours \u00e0 la force meurtri\u00e8re.<\/p>\n\n\n\n<p>Selon le droit et les normes internationaux en mati\u00e8re de droits de l&#8217;Homme, m\u00eame si certains manifestants se livrent \u00e0 des actes de violence, les responsables de l&#8217;application des lois doivent veiller \u00e0 ce que ceux qui restent pacifiques puissent continuer \u00e0 manifester sans subir d&#8217;ing\u00e9rence indue ou d&#8217;intimidation de la part des forces de s\u00e9curit\u00e9. Toute force utilis\u00e9e en r\u00e9ponse \u00e0 une telle violence doit \u00e0 tout moment respecter les principes de l\u00e9galit\u00e9, de n\u00e9cessit\u00e9 et de proportionnalit\u00e9, conform\u00e9ment au droit international. Les forces de s\u00e9curit\u00e9 ne doivent pas utiliser d&#8217;armes \u00e0 feu, sauf pour se d\u00e9fendre ou d\u00e9fendre d&#8217;autres personnes contre une menace imminente de mort ou de blessure grave, et uniquement lorsque des moyens moins extr\u00eames et moins dangereux sont insuffisants pour prot\u00e9ger la vie.<\/p>\n","protected":false},"excerpt":{"rendered":"<p>Iran : Des documents divulgu\u00e9s r\u00e9v\u00e8lent que les forces arm\u00e9es ont re\u00e7u l&#8217;ordre, au plus haut niveau, d&#8217;affronter sans piti\u00e9 les manifestants Voici un rapport publi\u00e9 par Amnesty International le 30 septembre 2022 : La plus haute instance militaire iranienne a donn\u00e9 pour instruction aux commandants des forces arm\u00e9es de toutes les provinces d&#8217;affronter &#8220;sans [&hellip;]<\/p>\n","protected":false},"author":4,"featured_media":16678,"comment_status":"closed","ping_status":"closed","sticky":false,"template":"","format":"standard","meta":{"jnews-multi-image_gallery":[],"jnews_single_post":{"subtitle":"","format":"standard","video":"","gallery":"","source_name":"","source_url":"","via_name":"","via_url":"","override_template":"0","override":[{"template":"7","single_blog_custom":"","parallax":"1","fullscreen":"1","layout":"right-sidebar","sidebar":"default-sidebar","second_sidebar":"default-sidebar","sticky_sidebar":"1","share_position":"floatbottom","share_float_style":"share-normal","show_share_counter":"1","show_view_counter":"1","show_featured":"1","show_post_meta":"1","show_post_author":"0","show_post_author_image":"1","show_post_date":"1","post_date_format":"default","post_date_format_custom":"Y\/m\/d","show_post_category":"1","show_post_reading_time":"0","post_reading_time_wpm":"300","show_zoom_button":"0","zoom_button_out_step":"2","zoom_button_in_step":"3","show_post_tag":"1","show_prev_next_post":"0","show_popup_post":"1","number_popup_post":"1","show_author_box":"0","show_post_related":"1","show_inline_post_related":"0"}],"override_image_size":"0","image_override":[{"single_post_thumbnail_size":"crop-500","single_post_gallery_size":"crop-500"}],"trending_post":"0","trending_post_position":"meta","trending_post_label":"Trending","sponsored_post":"0","sponsored_post_label":"Sponsored by","sponsored_post_name":"","sponsored_post_url":"","sponsored_post_logo_enable":"0","sponsored_post_logo":"","sponsored_post_desc":"","disable_ad":"0"},"jnews_primary_category":{"id":""},"jnews_social_meta":{"fb_title":"","fb_description":"","fb_image":"","twitter_title":"","twitter_description":"","twitter_image":""},"jnews_override_counter":{"override_view_counter":"0","view_counter_number":"0","override_share_counter":"0","share_counter_number":"0","override_like_counter":"0","like_counter_number":"0","override_dislike_counter":"0","dislike_counter_number":"0"},"footnotes":""},"categories":[8],"tags":[369],"class_list":["post-16676","post","type-post","status-publish","format-standard","has-post-thumbnail","hentry","category-articles","tag-manifestations"],"_links":{"self":[{"href":"https:\/\/wncri.org\/fr\/wp-json\/wp\/v2\/posts\/16676","targetHints":{"allow":["GET"]}}],"collection":[{"href":"https:\/\/wncri.org\/fr\/wp-json\/wp\/v2\/posts"}],"about":[{"href":"https:\/\/wncri.org\/fr\/wp-json\/wp\/v2\/types\/post"}],"author":[{"embeddable":true,"href":"https:\/\/wncri.org\/fr\/wp-json\/wp\/v2\/users\/4"}],"replies":[{"embeddable":true,"href":"https:\/\/wncri.org\/fr\/wp-json\/wp\/v2\/comments?post=16676"}],"version-history":[{"count":1,"href":"https:\/\/wncri.org\/fr\/wp-json\/wp\/v2\/posts\/16676\/revisions"}],"predecessor-version":[{"id":16679,"href":"https:\/\/wncri.org\/fr\/wp-json\/wp\/v2\/posts\/16676\/revisions\/16679"}],"wp:featuredmedia":[{"embeddable":true,"href":"https:\/\/wncri.org\/fr\/wp-json\/wp\/v2\/media\/16678"}],"wp:attachment":[{"href":"https:\/\/wncri.org\/fr\/wp-json\/wp\/v2\/media?parent=16676"}],"wp:term":[{"taxonomy":"category","embeddable":true,"href":"https:\/\/wncri.org\/fr\/wp-json\/wp\/v2\/categories?post=16676"},{"taxonomy":"post_tag","embeddable":true,"href":"https:\/\/wncri.org\/fr\/wp-json\/wp\/v2\/tags?post=16676"}],"curies":[{"name":"wp","href":"https:\/\/api.w.org\/{rel}","templated":true}]}}