{"id":16672,"date":"2022-09-30T21:16:00","date_gmt":"2022-09-30T19:16:00","guid":{"rendered":"https:\/\/wncri.org\/fr\/?p=16672"},"modified":"2022-10-01T21:25:48","modified_gmt":"2022-10-01T19:25:48","slug":"les-manifestations","status":"publish","type":"post","link":"https:\/\/wncri.org\/fr\/2022\/09\/30\/les-manifestations\/","title":{"rendered":"Les manifestations en Iran se poursuivent pour le 15e jour cons\u00e9cutif ; 300 morts, 15 000 arrestations"},"content":{"rendered":"\n<h3 class=\"wp-block-heading\">Les manifestations en Iran se poursuivent pour le 15e jour cons\u00e9cutif ; 300 morts, 15 000 arrestations<\/h3>\n\n\n\n<p><em>Nika Chakarami, 17 ans, et Sarina Esmailzadeh, 16 ans, figurent parmi les victimes.<\/em><\/p>\n\n\n\n<p>Les protestations \u00e0 l&#8217;\u00e9chelle nationale \u00e0 la suite de <a href=\"https:\/\/wncri.org\/fr\/2022\/09\/19\/la-mort-de-mahsa-amini\/\" target=\"_blank\" rel=\"noreferrer noopener\">la mort de Mahsa Amini<\/a> en garde \u00e0 vue se sont poursuivies pour le <a href=\"https:\/\/english.mojahedin.org\/news\/live-report-irans-regime-kills-at-least-300-as-nationwide-anti-regime-protests-continue\/\" target=\"_blank\" rel=\"noreferrer noopener\">15e jour cons\u00e9cutif,<\/a> vendredi 30 septembre 2022.<\/p>\n\n\n\n<p>Les protestations se sont \u00e9tendues \u00e0 164 villes dans les 31 provinces. Vendredi 30 septembre, les protestations \u00e9taient intens\u00e9ment en vigueur dans au moins <a href=\"https:\/\/news.mojahedin.org\/i\/%D9%BE%D8%A7%D9%86%D8%B2%D8%AF%D9%87%D9%85%DB%8C%D9%86-%D8%B1%D9%88%D8%B2-%D9%82%DB%8C%D8%A7%D9%85-%D8%B3%D8%B1%D8%A7%D8%B3%D8%B1%DB%8C-%D8%AF%D8%B1-%D8%A7%D9%87%D9%88%D8%A7%D8%B2-%D9%88-%D8%B3%D8%A7%DB%8C%D8%B1-%D8%B4%D9%87%D8%B1%D9%87%D8%A7%DB%8C-%D9%85%DB%8C%D9%87%D9%86-%DA%AF%D8%B3%D8%AA%D8%B1%D8%B4-%D9%82%DB%8C%D8%A7%D9%85-%D8%A8%D9%87-%DB%B1%DB%B6%DB%B4%D8%B4%D9%87%D8%B1\" target=\"_blank\" rel=\"noreferrer noopener\">neuf grandes capitales iraniennes<\/a>, malgr\u00e9 la r\u00e9pression brutale des manifestants et la fermeture d&#8217;Internet.<\/p>\n\n\n\n<p>On estime que 15 000 manifestants ont \u00e9t\u00e9 arr\u00eat\u00e9s et plac\u00e9s en d\u00e9tention, et qu&#8217;au moins 300 ont \u00e9t\u00e9 sauvagement tu\u00e9s par les forces de s\u00e9curit\u00e9.<\/p>\n\n\n\n<h3 class=\"wp-block-heading\"><strong>Nika Chakarami retrouv\u00e9e morte, la t\u00eate fracass\u00e9e<\/strong><\/h3>\n\n\n\n<p>Le corps de Nika Chakarami a \u00e9t\u00e9 remis \u00e0 sa famille le vendredi 30 septembre, apr\u00e8s dix jours de recherches, selon des <a href=\"https:\/\/iranhrs.org\/%d9%be%db%8c%da%a9%d8%b1-%d9%86%db%8c%da%a9%d8%a7-%d8%b4%d8%a7%da%a9%d8%b1%d9%85%db%8c-%d8%a8%d8%a7-%d8%b3%d8%b1%db%8c-%d9%85%d8%aa%d9%84%d8%a7%d8%b4%db%8c-%d8%b4%d8%af%d9%87-%d8%aa%d8%ad%d9%88%db%8c\/\" target=\"_blank\" rel=\"noopener\">sources fiables.<\/a><\/p>\n\n\n\n<p>Nika Chakarami, 17 ans, avait particip\u00e9 aux manifestations de T\u00e9h\u00e9ran sur le boulevard Kechavarz le 20 septembre. Ses amis ont dit qu&#8217;elle \u00e9tait intr\u00e9pide et qu&#8217;elle scandait des slogans sans cesse. Dans son dernier appel \u00e0 son ami, Nika Chakarami a dit qu&#8217;elle fuyait les services de s\u00e9curit\u00e9.<\/p>\n\n\n\n<p>Sa famille l&#8217;a cherch\u00e9e partout, dans toutes les prisons, les centres de d\u00e9tention, les commissariats de police, et m\u00eame au bureau de la police scientifique de Kahrizak. Finalement, le 29 septembre, au poste de police, la famille Chakarami a appris qu&#8217;une personne pr\u00e9sentant des caract\u00e9ristiques similaires avait \u00e9t\u00e9 retrouv\u00e9e au service de m\u00e9decine l\u00e9gale de Kahrizak.<\/p>\n\n\n\n<p>Nika vivait avec sa tante. Celle-ci a d\u00e9clar\u00e9 \u00e0 la BBC que les autorit\u00e9s lui avaient dit que Nika \u00e9tait tomb\u00e9e d&#8217;une hauteur. Cependant, son oncle a d\u00e9clar\u00e9 que les photos qui leur avaient \u00e9t\u00e9 montr\u00e9es semblaient inhabituelles.<\/p>\n\n\n\n<p>Lorsque la famille Chakarami est all\u00e9e identifier le corps, elle n&#8217;a pas \u00e9t\u00e9 autoris\u00e9e \u00e0 voir sa t\u00eate. Son nez avait \u00e9t\u00e9 fracass\u00e9. Le cr\u00e2ne de Nika avait \u00e9t\u00e9 frapp\u00e9 \u00e0 plusieurs reprises par un objet lourd, comme une matraque.<\/p>\n\n\n\n<p>La tante de Nika a d\u00e9clar\u00e9 que des sources non officielles l&#8217;avaient contact\u00e9e, affirmant que Nika avait pass\u00e9 une semaine enti\u00e8re sous la garde de l&#8217;IRGC. \u00c0 l&#8217;issue de ses interrogatoires, elle a \u00e9t\u00e9 transf\u00e9r\u00e9e \u00e0 Evine. Cependant, lorsque sa famille s&#8217;est rendue \u00e0 Evine, on lui a dit que Nika n&#8217;y \u00e9tait pas.<\/p>\n\n\n\n<p>Comme beaucoup d&#8217;autres familles, la famille Chakarami a \u00e9galement \u00e9t\u00e9 menac\u00e9e et on lui a dit de ne pas organiser de c\u00e9r\u00e9monie pour sa fille assassin\u00e9e.<\/p>\n\n\n<div class=\"wp-block-image\">\n<figure class=\"aligncenter size-full\"><img decoding=\"async\" src=\"data:image\/gif;base64,R0lGODlhAQABAIAAAAAAAP\/\/\/yH5BAEAAAAALAAAAAABAAEAAAIBRAA7\" data-src=\"https:\/\/wncri.org\/fr\/wp-content\/uploads\/2022\/10\/Sarina-Esmailzadeh_Iran-protests-min.webp\" alt=\"Sarina Esmailzadeh a \u00e9t\u00e9 tu\u00e9e sous les coups d'une violente agression\" class=\"wp-image-16674 lazyload\"\/><noscript><img decoding=\"async\" width=\"750\" height=\"375\" src=\"https:\/\/wncri.org\/fr\/wp-content\/uploads\/2022\/10\/Sarina-Esmailzadeh_Iran-protests-min.webp\" alt=\"Sarina Esmailzadeh a \u00e9t\u00e9 tu\u00e9e sous les coups d'une violente agression\" class=\"wp-image-16674 lazyload\" srcset=\"https:\/\/wncri.org\/fr\/wp-content\/uploads\/2022\/10\/Sarina-Esmailzadeh_Iran-protests-min.webp 750w, https:\/\/wncri.org\/fr\/wp-content\/uploads\/2022\/10\/Sarina-Esmailzadeh_Iran-protests-min-300x150.webp 300w, https:\/\/wncri.org\/fr\/wp-content\/uploads\/2022\/10\/Sarina-Esmailzadeh_Iran-protests-min-360x180.webp 360w\" sizes=\"(max-width: 750px) 100vw, 750px\" \/><\/noscript><figcaption>Sarina Esmailzadeh a \u00e9t\u00e9 tu\u00e9e sous les coups d&#8217;une violente agression<\/figcaption><\/figure>\n<\/div>\n\n\n<h3 class=\"wp-block-heading\"><strong>Sarina Esmailzadeh a \u00e9t\u00e9 tu\u00e9e sous les coups d&#8217;une violente agression<\/strong><\/h3>\n\n\n\n<p>Sarina Esmailzadeh, 16 ans, fait \u00e9galement partie des personnes tu\u00e9es par les forces r\u00e9pressives du r\u00e9gime cl\u00e9rical.<\/p>\n\n\n\n<p>Les forces de s\u00e9curit\u00e9 du r\u00e9gime ont attrap\u00e9 Sarina Esmailzadeh pendant les manifestations \u00e0 Karaj, dans la province d&#8217;Alborz, le 23 septembre 2022, et l&#8217;ont violemment frapp\u00e9e \u00e0 la t\u00eate avec des matraques. Leur sauvagerie a conduit \u00e0 la mort de Sarina.<\/p>\n\n\n\n<p><a href=\"https:\/\/www.amnesty.org\/fr\/latest\/news\/2022\/09\/iran-leaked-documents-reveal-top-level-orders-to-armed-forces-to-mercilessly-confront-protesters\/\" target=\"_blank\" rel=\"noreferrer noopener\">Amnesty International<\/a> a indiqu\u00e9 que Sarina Esmailzadeh a \u00e9t\u00e9 tu\u00e9e apr\u00e8s avoir \u00e9t\u00e9 &#8220;s\u00e9v\u00e8rement frapp\u00e9e \u00e0 la t\u00eate avec des matraques.&#8221;<\/p>\n","protected":false},"excerpt":{"rendered":"<p>Les manifestations en Iran se poursuivent pour le 15e jour cons\u00e9cutif ; 300 morts, 15 000 arrestations Nika Chakarami, 17 ans, et Sarina Esmailzadeh, 16 ans, figurent parmi les victimes. Les protestations \u00e0 l&#8217;\u00e9chelle nationale \u00e0 la suite de la mort de Mahsa Amini en garde \u00e0 vue se sont poursuivies pour le 15e jour [&hellip;]<\/p>\n","protected":false},"author":4,"featured_media":16673,"comment_status":"closed","ping_status":"closed","sticky":false,"template":"","format":"standard","meta":{"jnews-multi-image_gallery":[],"jnews_single_post":{"subtitle":"","format":"standard","video":"","gallery":"","source_name":"","source_url":"","via_name":"","via_url":"","override_template":"0","override":[{"template":"7","single_blog_custom":"","parallax":"1","fullscreen":"1","layout":"right-sidebar","sidebar":"default-sidebar","second_sidebar":"default-sidebar","sticky_sidebar":"1","share_position":"floatbottom","share_float_style":"share-normal","show_share_counter":"1","show_view_counter":"1","show_featured":"1","show_post_meta":"1","show_post_author":"0","show_post_author_image":"1","show_post_date":"1","post_date_format":"default","post_date_format_custom":"Y\/m\/d","show_post_category":"1","show_post_reading_time":"0","post_reading_time_wpm":"300","show_zoom_button":"0","zoom_button_out_step":"2","zoom_button_in_step":"3","show_post_tag":"1","show_prev_next_post":"0","show_popup_post":"1","number_popup_post":"1","show_author_box":"0","show_post_related":"1","show_inline_post_related":"0"}],"override_image_size":"0","image_override":[{"single_post_thumbnail_size":"crop-500","single_post_gallery_size":"crop-500"}],"trending_post":"0","trending_post_position":"meta","trending_post_label":"Trending","sponsored_post":"0","sponsored_post_label":"Sponsored by","sponsored_post_name":"","sponsored_post_url":"","sponsored_post_logo_enable":"0","sponsored_post_logo":"","sponsored_post_desc":"","disable_ad":"0"},"jnews_primary_category":{"id":""},"jnews_social_meta":{"fb_title":"","fb_description":"","fb_image":"","twitter_title":"","twitter_description":"","twitter_image":""},"jnews_override_counter":{"override_view_counter":"0","view_counter_number":"0","override_share_counter":"0","share_counter_number":"0","override_like_counter":"0","like_counter_number":"0","override_dislike_counter":"0","dislike_counter_number":"0"},"footnotes":""},"categories":[3],"tags":[369],"class_list":["post-16672","post","type-post","status-publish","format-standard","has-post-thumbnail","hentry","category-infos-des-femmes","tag-manifestations"],"_links":{"self":[{"href":"https:\/\/wncri.org\/fr\/wp-json\/wp\/v2\/posts\/16672","targetHints":{"allow":["GET"]}}],"collection":[{"href":"https:\/\/wncri.org\/fr\/wp-json\/wp\/v2\/posts"}],"about":[{"href":"https:\/\/wncri.org\/fr\/wp-json\/wp\/v2\/types\/post"}],"author":[{"embeddable":true,"href":"https:\/\/wncri.org\/fr\/wp-json\/wp\/v2\/users\/4"}],"replies":[{"embeddable":true,"href":"https:\/\/wncri.org\/fr\/wp-json\/wp\/v2\/comments?post=16672"}],"version-history":[{"count":1,"href":"https:\/\/wncri.org\/fr\/wp-json\/wp\/v2\/posts\/16672\/revisions"}],"predecessor-version":[{"id":16675,"href":"https:\/\/wncri.org\/fr\/wp-json\/wp\/v2\/posts\/16672\/revisions\/16675"}],"wp:featuredmedia":[{"embeddable":true,"href":"https:\/\/wncri.org\/fr\/wp-json\/wp\/v2\/media\/16673"}],"wp:attachment":[{"href":"https:\/\/wncri.org\/fr\/wp-json\/wp\/v2\/media?parent=16672"}],"wp:term":[{"taxonomy":"category","embeddable":true,"href":"https:\/\/wncri.org\/fr\/wp-json\/wp\/v2\/categories?post=16672"},{"taxonomy":"post_tag","embeddable":true,"href":"https:\/\/wncri.org\/fr\/wp-json\/wp\/v2\/tags?post=16672"}],"curies":[{"name":"wp","href":"https:\/\/api.w.org\/{rel}","templated":true}]}}