{"id":16640,"date":"2022-09-25T17:08:00","date_gmt":"2022-09-25T15:08:00","guid":{"rendered":"https:\/\/wncri.org\/fr\/?p=16640"},"modified":"2022-09-27T17:13:31","modified_gmt":"2022-09-27T15:13:31","slug":"les-manifestations-en-iran-se-sont-etendues","status":"publish","type":"post","link":"https:\/\/wncri.org\/fr\/2022\/09\/25\/les-manifestations-en-iran-se-sont-etendues\/","title":{"rendered":"Les manifestations en Iran se sont \u00e9tendues \u00e0 146 villes dans toutes les provinces le 10\u00e8me jour"},"content":{"rendered":"\n<h3 class=\"wp-block-heading\">Les manifestations en Iran se sont \u00e9tendues \u00e0 146 villes dans toutes les provinces le 10\u00e8me jour<\/h3>\n\n\n\n<p><em>Les familles des d\u00e9tenus se rassemblent devant la prison d&#8217;Evine.<\/em><\/p>\n\n\n\n<p><em>180 personnes tu\u00e9es et 8 000 arr\u00eat\u00e9es en 9 jours de manifestations en Iran.<\/em><\/p>\n\n\n\n<p>Le dimanche 25 septembre 2022, les manifestations en Iran se sont \u00e9tendues \u00e0 146 villes dans les 31 provinces au 10e jour. Les gens crient pour la libert\u00e9 \u00e0 travers l&#8217;Iran alors que leur col\u00e8re refoul\u00e9e depuis 44 ans \u00e9clate contre le pouvoir corrompu et autocratique des mollahs.<\/p>\n\n\n\n<p>Selon la R\u00e9sistance iranienne, 180 personnes ont \u00e9t\u00e9 tu\u00e9es et plus de 8 000 arr\u00eat\u00e9es en neuf jours, alors que les manifestations s&#8217;\u00e9tendent dans tout le pays.<\/p>\n\n\n\n<p>De nombreuses familles de d\u00e9tenus se sont rassembl\u00e9es devant la <a href=\"https:\/\/wncri.org\/fr\/2021\/12\/10\/les-conditions-des-femmes-prisons\/\" target=\"_blank\" rel=\"noreferrer noopener\">prison d&#8217;Evine<\/a> le 24 septembre, malgr\u00e9 les mesures de s\u00e9curit\u00e9 draconiennes adopt\u00e9es par les services des renseignements et de s\u00e9curit\u00e9 dans la r\u00e9gion.<\/p>\n\n\n\n<p>Le m\u00eame jour, les <a href=\"https:\/\/www.youtube.com\/watch?v=hsSDl1Ihndg\" target=\"_blank\" rel=\"noreferrer noopener\">\u00e9tudiants de l&#8217;universit\u00e9 de T\u00e9h\u00e9ran<\/a> ont d\u00e9fil\u00e9 sur le campus en criant &#8220;Mort au dictateur&#8221;. Des agents en civil ont <a href=\"https:\/\/twitter.com\/womenncri\/status\/1573758463758442499\" target=\"_blank\" rel=\"noreferrer noopener\">violemment attaqu\u00e9<\/a> des \u00e9tudiantes et les ont <a href=\"https:\/\/www.youtube.com\/watch?v=jKRN1d9--9M\" target=\"_blank\" rel=\"noreferrer noopener\">brutalis\u00e9es<\/a>.<\/p>\n\n\n<div class=\"wp-block-image\">\n<figure class=\"aligncenter size-full\"><img decoding=\"async\" src=\"data:image\/gif;base64,R0lGODlhAQABAIAAAAAAAP\/\/\/yH5BAEAAAAALAAAAAABAAEAAAIBRAA7\" data-src=\"https:\/\/wncri.org\/fr\/wp-content\/uploads\/2022\/09\/Women-slain-during-Iran-protests-from-left-Mahsa-Mogouii-Hannaneh-Kia-Hadis-Najafi-min.jpg\" alt=\"Les manifestations en Iran se sont \u00e9tendues \u00e0 146 villes dans 31 provinces\" class=\"wp-image-16643 lazyload\"\/><noscript><img decoding=\"async\" width=\"750\" height=\"375\" src=\"https:\/\/wncri.org\/fr\/wp-content\/uploads\/2022\/09\/Women-slain-during-Iran-protests-from-left-Mahsa-Mogouii-Hannaneh-Kia-Hadis-Najafi-min.jpg\" alt=\"Les manifestations en Iran se sont \u00e9tendues \u00e0 146 villes dans 31 provinces\" class=\"wp-image-16643 lazyload\" srcset=\"https:\/\/wncri.org\/fr\/wp-content\/uploads\/2022\/09\/Women-slain-during-Iran-protests-from-left-Mahsa-Mogouii-Hannaneh-Kia-Hadis-Najafi-min.jpg 750w, https:\/\/wncri.org\/fr\/wp-content\/uploads\/2022\/09\/Women-slain-during-Iran-protests-from-left-Mahsa-Mogouii-Hannaneh-Kia-Hadis-Najafi-min-300x150.jpg 300w, https:\/\/wncri.org\/fr\/wp-content\/uploads\/2022\/09\/Women-slain-during-Iran-protests-from-left-Mahsa-Mogouii-Hannaneh-Kia-Hadis-Najafi-min-360x180.jpg 360w\" sizes=\"(max-width: 750px) 100vw, 750px\" \/><\/noscript><\/figure>\n<\/div>\n\n\n<h3 class=\"wp-block-heading\"><strong>Les manifestations en Iran se sont \u00e9tendues \u00e0 146 villes dans 31 provinces<\/strong><\/h3>\n\n\n\n<p>Au dixi\u00e8me jour des manifestations en Iran, les femmes et les jeunes participent inlassablement aux manifestations et aux affrontements avec les forces r\u00e9pressives partout dans le monde, malgr\u00e9 une r\u00e9pression s\u00e9v\u00e8re et la coupure d&#8217;Internet. Ayant support\u00e9 le poids de l&#8217;oppression et de la discrimination au cours des 44 derni\u00e8res ann\u00e9es, les femmes d\u00e9fient courageusement et tiennent t\u00eate aux forces de s\u00e9curit\u00e9 et des renseignements de l&#8217;\u00c9tat et aux agents en civil.<\/p>\n\n\n\n<p>Le dimanche 25 septembre, les manifestations en Iran se sont \u00e9tendues \u00e0 146 villes dans les 31 provinces du pays. Du nord au sud, de l&#8217;est \u00e0 l&#8217;ouest et dans le centre, les rues de <a href=\"https:\/\/www.youtube.com\/watch?v=F2yadJYp6GE\" target=\"_blank\" rel=\"noreferrer noopener\">T\u00e9h\u00e9ran<\/a> sont barricad\u00e9es, et les jeunes sont en \u00e9tat d&#8217;alerte.<\/p>\n\n\n\n<p>Les unit\u00e9s du peuple et de la r\u00e9sistance signalent la destruction des centres gouvernementaux et des manifestations du r\u00e9gime en place dans toutes les villes.<\/p>\n\n\n<div class=\"wp-block-image\">\n<figure class=\"aligncenter size-full\"><img decoding=\"async\" src=\"data:image\/gif;base64,R0lGODlhAQABAIAAAAAAAP\/\/\/yH5BAEAAAAALAAAAAABAAEAAAIBRAA7\" data-src=\"https:\/\/wncri.org\/fr\/wp-content\/uploads\/2022\/09\/Iranian-woman-standing-up-to-the-State-Security-Force-commanders-min.jpg\" alt=\"Alors que les manifestations en Iran s'\u00e9tendent \u00e0 tout le pays\" class=\"wp-image-16642 lazyload\"\/><noscript><img decoding=\"async\" width=\"750\" height=\"375\" src=\"https:\/\/wncri.org\/fr\/wp-content\/uploads\/2022\/09\/Iranian-woman-standing-up-to-the-State-Security-Force-commanders-min.jpg\" alt=\"Alors que les manifestations en Iran s'\u00e9tendent \u00e0 tout le pays\" class=\"wp-image-16642 lazyload\" srcset=\"https:\/\/wncri.org\/fr\/wp-content\/uploads\/2022\/09\/Iranian-woman-standing-up-to-the-State-Security-Force-commanders-min.jpg 750w, https:\/\/wncri.org\/fr\/wp-content\/uploads\/2022\/09\/Iranian-woman-standing-up-to-the-State-Security-Force-commanders-min-300x150.jpg 300w, https:\/\/wncri.org\/fr\/wp-content\/uploads\/2022\/09\/Iranian-woman-standing-up-to-the-State-Security-Force-commanders-min-360x180.jpg 360w\" sizes=\"(max-width: 750px) 100vw, 750px\" \/><\/noscript><\/figure>\n<\/div>\n\n\n<p>A T\u00e9h\u00e9ran, les jeunes ont protest\u00e9 et se sont heurt\u00e9s aux forces r\u00e9pressives du r\u00e9gime dans des dizaines de quartiers, dont <a href=\"https:\/\/www.youtube.com\/watch?v=yhJRfh9GLOY\" target=\"_blank\" rel=\"noreferrer noopener\">Sattar Khan<\/a> et <a href=\"https:\/\/www.youtube.com\/shorts\/s-ARsF0HJbw\" target=\"_blank\" rel=\"noreferrer noopener\">Sadeghieh<\/a>, Saadat Abad, Chahrake Qods, <a href=\"https:\/\/www.youtube.com\/watch?v=lR3GOqAoDUQ\" target=\"_blank\" rel=\"noreferrer noopener\">Tehranpars<\/a>, <a href=\"https:\/\/www.youtube.com\/watch?v=8vU-_g5gMtU\" target=\"_blank\" rel=\"noreferrer noopener\">Narmak<\/a>, <a href=\"https:\/\/www.youtube.com\/watch?v=Aw5kr5_ymDU\" target=\"_blank\" rel=\"noreferrer noopener\">Vali <\/a><a href=\"https:\/\/www.youtube.com\/watch?v=Aw5kr5_ymDU\" target=\"_blank\" rel=\"noopener\">Asr<\/a>, boulevard Abazar<a href=\"https:\/\/www.youtube.com\/watch?v=FdIScH6JDp0\" target=\"_blank\" rel=\"noreferrer noopener\">, Aryachahr<\/a> et Ekbatan.<\/p>\n\n\n\n<p>De nombreuse nouvelles font \u00e9galement \u00e9tat de manifestations \u00e0 <a href=\"https:\/\/www.youtube.com\/watch?v=B0dOXajGuW0\" target=\"_blank\" rel=\"noreferrer noopener\">Chiraz<\/a>, <a href=\"https:\/\/www.youtube.com\/watch?v=B0dOXajGuW0\" target=\"_blank\" rel=\"noreferrer noopener\">Machad<\/a>, <a href=\"https:\/\/www.youtube.com\/watch?v=RO6zMtTB1SU\" target=\"_blank\" rel=\"noreferrer noopener\">Ispahan<\/a>, <a href=\"https:\/\/www.youtube.com\/watch?v=2eYU9tYLPqc\" target=\"_blank\" rel=\"noreferrer noopener\">Tabriz<\/a>, <a href=\"https:\/\/www.youtube.com\/watch?v=2nyKdFN4Yxs\" target=\"_blank\" rel=\"noreferrer noopener\">Racht<\/a>, Karaj, <a href=\"https:\/\/www.youtube.com\/watch?v=2nyKdFN4Yx\" target=\"_blank\" rel=\"noreferrer noopener\">Amol<\/a>, <a href=\"https:\/\/www.youtube.com\/watch?v=OLgWkBsuPEk\" target=\"_blank\" rel=\"noreferrer noopener\">Sanandaj<\/a>, Ardabil Fardis et Mehrchahr Karaj, Qouds city, <a href=\"https:\/\/www.youtube.com\/watch?v=qdrjtkumM_E\" target=\"_blank\" rel=\"noreferrer noopener\">Qouchan<\/a>, Alvand de Qazvin, Islamchahr, Sabzevar, Nowchahr, Bomehen.<\/p>\n\n\n\n<p>Plus de 180 morts et 8 000 arrestations<\/p>\n\n\n\n<p>Alors que les manifestations en Iran s&#8217;\u00e9tendent \u00e0 tout le pays, la R\u00e9sistance iranienne a annonc\u00e9 que le nombre de ceux qui ont donn\u00e9 leur vie pour la libert\u00e9 lors des r\u00e9centes manifestations en Iran a d\u00e9pass\u00e9 180. <a href=\"https:\/\/wncri.org\/fr\/2022\/09\/24\/140-femmes-et-jeunes\/\" target=\"_blank\" rel=\"noreferrer noopener\">Plus de 8 000 personnes ont \u00e9t\u00e9 arr\u00eat\u00e9es et d\u00e9tenues<\/a>.<\/p>\n\n\n\n<p>Certaines nouvelles en provenance d&#8217;Iran contiennent les noms de martyrs, dont de courageuses jeunes femmes.<\/p>\n\n\n\n<p>Aysan Madan Pasand, le 19 septembre 2022, \u00e0 Tabriz, est morte suite \u00e0 un passage \u00e0 tabac par les forces de s\u00e9curit\u00e9. Le r\u00e9gime a intimid\u00e9 et ordonn\u00e9 \u00e0 la famille d&#8217;Aysan de d\u00e9clarer que leur fille souffrait d&#8217;une maladie physique !<\/p>\n\n\n\n<p>Ghazaleh Chalavi, 33 ans, 20 septembre 2022, \u00e0 Amol ; abattu par les forces de s\u00e9curit\u00e9 d&#8217;une balle dans le front.<\/p>\n\n\n\n<p>Minou Majidi, 62 ans, 20 septembre 2022, \u00e0 Kermanchah ; abattue par les forces de s\u00e9curit\u00e9.<\/p>\n\n\n\n<p>Hannaneh Kia, 23 ans, le 20 septembre 2022, \u00e0 Nowchahr ; abattu par les forces de s\u00e9curit\u00e9.<\/p>\n\n\n\n<p>Hadiss Najafi, 20 ans, 20 septembre 2022, \u00e0 Mehrchahr de Karaj ; abattu par les forces de s\u00e9curit\u00e9.<\/p>\n\n\n\n<p>Mahsa Mogouii, 16 ans, 20 septembre 2022, \u00e0 Fuldchahr, Isfahan ; abattue par les forces de s\u00e9curit\u00e9.<\/p>\n\n\n\n<p>Hediyeh Naimani, 25 ans, 22 septembre, \u00e0 Nowchahr ; bless\u00e9e par balle par les forces de s\u00e9curit\u00e9 dans la rue Hafez et d\u00e9c\u00e9d\u00e9e \u00e0 l&#8217;h\u00f4pital en raison de la gravit\u00e9 de ses blessures.<\/p>\n","protected":false},"excerpt":{"rendered":"<p>Les manifestations en Iran se sont \u00e9tendues \u00e0 146 villes dans toutes les provinces le 10\u00e8me jour Les familles des d\u00e9tenus se rassemblent devant la prison d&#8217;Evine. 180 personnes tu\u00e9es et 8 000 arr\u00eat\u00e9es en 9 jours de manifestations en Iran. Le dimanche 25 septembre 2022, les manifestations en Iran se sont \u00e9tendues \u00e0 146 [&hellip;]<\/p>\n","protected":false},"author":4,"featured_media":16641,"comment_status":"closed","ping_status":"closed","sticky":false,"template":"","format":"standard","meta":{"jnews-multi-image_gallery":[],"jnews_single_post":{"subtitle":"","format":"standard","video":"","gallery":"","source_name":"","source_url":"","via_name":"","via_url":"","override_template":"0","override":[{"template":"7","single_blog_custom":"","parallax":"1","fullscreen":"1","layout":"right-sidebar","sidebar":"default-sidebar","second_sidebar":"default-sidebar","sticky_sidebar":"1","share_position":"floatbottom","share_float_style":"share-normal","show_share_counter":"1","show_view_counter":"1","show_featured":"1","show_post_meta":"1","show_post_author":"0","show_post_author_image":"1","show_post_date":"1","post_date_format":"default","post_date_format_custom":"Y\/m\/d","show_post_category":"1","show_post_reading_time":"0","post_reading_time_wpm":"300","show_zoom_button":"0","zoom_button_out_step":"2","zoom_button_in_step":"3","show_post_tag":"1","show_prev_next_post":"0","show_popup_post":"1","number_popup_post":"1","show_author_box":"0","show_post_related":"1","show_inline_post_related":"0"}],"override_image_size":"0","image_override":[{"single_post_thumbnail_size":"crop-500","single_post_gallery_size":"crop-500"}],"trending_post":"0","trending_post_position":"meta","trending_post_label":"Trending","sponsored_post":"0","sponsored_post_label":"Sponsored by","sponsored_post_name":"","sponsored_post_url":"","sponsored_post_logo_enable":"0","sponsored_post_logo":"","sponsored_post_desc":"","disable_ad":"0"},"jnews_primary_category":{"id":""},"jnews_social_meta":{"fb_title":"","fb_description":"","fb_image":"","twitter_title":"","twitter_description":"","twitter_image":""},"jnews_override_counter":{"override_view_counter":"0","view_counter_number":"0","override_share_counter":"0","share_counter_number":"0","override_like_counter":"0","like_counter_number":"0","override_dislike_counter":"0","dislike_counter_number":"0"},"footnotes":""},"categories":[3],"tags":[369,376],"class_list":["post-16640","post","type-post","status-publish","format-standard","has-post-thumbnail","hentry","category-infos-des-femmes","tag-manifestations","tag-violence-contre-les-femmes"],"_links":{"self":[{"href":"https:\/\/wncri.org\/fr\/wp-json\/wp\/v2\/posts\/16640","targetHints":{"allow":["GET"]}}],"collection":[{"href":"https:\/\/wncri.org\/fr\/wp-json\/wp\/v2\/posts"}],"about":[{"href":"https:\/\/wncri.org\/fr\/wp-json\/wp\/v2\/types\/post"}],"author":[{"embeddable":true,"href":"https:\/\/wncri.org\/fr\/wp-json\/wp\/v2\/users\/4"}],"replies":[{"embeddable":true,"href":"https:\/\/wncri.org\/fr\/wp-json\/wp\/v2\/comments?post=16640"}],"version-history":[{"count":1,"href":"https:\/\/wncri.org\/fr\/wp-json\/wp\/v2\/posts\/16640\/revisions"}],"predecessor-version":[{"id":16644,"href":"https:\/\/wncri.org\/fr\/wp-json\/wp\/v2\/posts\/16640\/revisions\/16644"}],"wp:featuredmedia":[{"embeddable":true,"href":"https:\/\/wncri.org\/fr\/wp-json\/wp\/v2\/media\/16641"}],"wp:attachment":[{"href":"https:\/\/wncri.org\/fr\/wp-json\/wp\/v2\/media?parent=16640"}],"wp:term":[{"taxonomy":"category","embeddable":true,"href":"https:\/\/wncri.org\/fr\/wp-json\/wp\/v2\/categories?post=16640"},{"taxonomy":"post_tag","embeddable":true,"href":"https:\/\/wncri.org\/fr\/wp-json\/wp\/v2\/tags?post=16640"}],"curies":[{"name":"wp","href":"https:\/\/api.w.org\/{rel}","templated":true}]}}