{"id":16623,"date":"2022-09-23T21:11:00","date_gmt":"2022-09-23T19:11:00","guid":{"rendered":"https:\/\/wncri.org\/fr\/?p=16623"},"modified":"2022-09-24T21:21:53","modified_gmt":"2022-09-24T19:21:53","slug":"apres-la-mort-de-zhina-amini","status":"publish","type":"post","link":"https:\/\/wncri.org\/fr\/2022\/09\/23\/apres-la-mort-de-zhina-amini\/","title":{"rendered":"Apr\u00e8s la mort de Zhina Amini, l&#8217;Iran voit se multiplier les arrestations arbitraires"},"content":{"rendered":"\n<p><em>Sakineh Parvaneh fait une gr\u00e8ve de la faim de deux jours pour condamner la mort de Zhina Amini.<\/em><\/p>\n\n\n\n<p>Avec l&#8217;escalade des protestations dans tout l&#8217;Iran \u00e0 la suite du <a href=\"https:\/\/wncri.org\/fr\/2022\/09\/15\/zhina-amini-tombe-dans-le-coma\/\" target=\"_blank\" rel=\"noreferrer noopener\">meurtre<\/a> de Zhina Amini par la police de la moralit\u00e9 (patrouilles d&#8217;orientation) \u00e0 T\u00e9h\u00e9ran, les forces de s\u00e9curit\u00e9 de l&#8217;\u00c9tat se sont lanc\u00e9es dans une vague d&#8217;arrestations arbitraires.<\/p>\n\n\n\n<h3 class=\"wp-block-heading\"><strong>Militants des droits des femmes et de la soci\u00e9t\u00e9 civile<\/strong><\/h3>\n\n\n\n<p>Faranak Rafii, \u00e9cologiste et militante des droits des femmes, a \u00e9t\u00e9 arr\u00eat\u00e9e \u00e0 Sanandaj le 18 septembre 2022 et emmen\u00e9e dans un lieu inconnu.<\/p>\n\n\n\n<p>Le 19 septembre 2022, les forces de s\u00e9curit\u00e9 de Sanandaj ont lanc\u00e9 des raids simultan\u00e9s sur les domiciles de Mahrou Hedayati et Bahar Zangiband et les ont arr\u00eat\u00e9s.<\/p>\n\n\n\n<p>Gelavizh Khakipour et Somayyeh Ketabi ont \u00e9t\u00e9 arr\u00eat\u00e9s le m\u00eame jour \u00e0 Baneh.<\/p>\n\n\n\n<p>La militante civile Baran Saedi, de Sanandaj, a \u00e9t\u00e9 arr\u00eat\u00e9e par les forces de s\u00e9curit\u00e9 \u00e0 son domicile le 20 septembre 2022, sans fournir de mandat judiciaire.<\/p>\n\n\n\n<p>Azadeh Jamaati, une autre militante civile, a \u00e9t\u00e9 d\u00e9tenue au D\u00e9partement des renseignements de Sanandaj apr\u00e8s avoir \u00e9t\u00e9 convoqu\u00e9e. Les forces de s\u00e9curit\u00e9 ont attaqu\u00e9 le domicile d&#8217;Azadeh Jamaati le 19 septembre 2022, dans le but de l&#8217;arr\u00eater, mais elle n&#8217;\u00e9tait pas chez elle.<\/p>\n\n\n\n<p>Avin Rasti, une militante des droits des femmes, a \u00e9t\u00e9 arr\u00eat\u00e9e le 20 septembre 2022 pour avoir particip\u00e9 \u00e0 des protestations concernant la <a href=\"https:\/\/wncri.org\/fr\/2022\/09\/18\/meurtre-de-mahsa-amini\/\">mort<\/a> de Zhina Amini (Mahsa) dans la ville de Marivan.<\/p>\n\n\n<div class=\"wp-block-image\">\n<figure class=\"aligncenter size-full\"><img decoding=\"async\" src=\"data:image\/gif;base64,R0lGODlhAQABAIAAAAAAAP\/\/\/yH5BAEAAAAALAAAAAABAAEAAAIBRAA7\" data-src=\"https:\/\/wncri.org\/fr\/wp-content\/uploads\/2022\/09\/Zhina-Amini-death-Iran-arbitrary-arrests-4-min.jpg\" alt=\"Apr\u00e8s la mort de Zhina Amini, l'Iran voit se multiplier les arrestations arbitraires\" class=\"wp-image-16627 lazyload\"\/><noscript><img decoding=\"async\" width=\"750\" height=\"375\" src=\"https:\/\/wncri.org\/fr\/wp-content\/uploads\/2022\/09\/Zhina-Amini-death-Iran-arbitrary-arrests-4-min.jpg\" alt=\"Apr\u00e8s la mort de Zhina Amini, l'Iran voit se multiplier les arrestations arbitraires\" class=\"wp-image-16627 lazyload\" srcset=\"https:\/\/wncri.org\/fr\/wp-content\/uploads\/2022\/09\/Zhina-Amini-death-Iran-arbitrary-arrests-4-min.jpg 750w, https:\/\/wncri.org\/fr\/wp-content\/uploads\/2022\/09\/Zhina-Amini-death-Iran-arbitrary-arrests-4-min-300x150.jpg 300w, https:\/\/wncri.org\/fr\/wp-content\/uploads\/2022\/09\/Zhina-Amini-death-Iran-arbitrary-arrests-4-min-360x180.jpg 360w\" sizes=\"(max-width: 750px) 100vw, 750px\" \/><\/noscript><figcaption>Rang\u00e9e du haut \u00e0 partir de la gauche : Avin Rasti, Saria Sharifi, Golareh Moradi, Mahrou Hedayati et Rizan Ahmadi. Rang\u00e9e du bas, de gauche \u00e0 droite : Faranak Rafii, Gashin Mohammadian, Hayat Almasi, Azadeh Jamaati et Bahar Zangiband.<\/figcaption><\/figure>\n<\/div>\n\n\n<p>Le 20 septembre \u00e9galement, Leila Salehi, une militante des droits des femmes, a \u00e9t\u00e9 arr\u00eat\u00e9e \u00e0 Bijar. Le m\u00eame jour, Gachin Mohammadian, cin\u00e9aste et militante des droits des femmes, a \u00e9t\u00e9 arr\u00eat\u00e9e \u00e0 Sanandaj. La militante civile Jila Modarres Gorji et Leila Abbasi, une enseignante et une artiste, ont \u00e9t\u00e9 appr\u00e9hend\u00e9es \u00e0 Sanandaj.<\/p>\n\n\n\n<p>D&#8217;autres informations indiquent que Nazanin Jalil et Neda Mousavi \u00e0 Yasouj et Golareh Moradi \u00e0 Paveh font \u00e9galement partie des femmes captur\u00e9es ces derniers jours.<\/p>\n\n\n\n<p>Le sort de ces militantes et l&#8217;endroit o\u00f9 elles se trouvent sont encore inconnus.<\/p>\n\n\n<div class=\"wp-block-image\">\n<figure class=\"aligncenter size-full\"><img decoding=\"async\" src=\"data:image\/gif;base64,R0lGODlhAQABAIAAAAAAAP\/\/\/yH5BAEAAAAALAAAAAABAAEAAAIBRAA7\" data-src=\"https:\/\/wncri.org\/fr\/wp-content\/uploads\/2022\/09\/Zhina-Amini-death-Iran-arbitrary-arrests-2-min.jpg\" alt=\"Apr\u00e8s la mort de Zhina Amini, l'Iran voit se multiplier les arrestations arbitraires\" class=\"wp-image-16625 lazyload\"\/><noscript><img decoding=\"async\" width=\"750\" height=\"375\" src=\"https:\/\/wncri.org\/fr\/wp-content\/uploads\/2022\/09\/Zhina-Amini-death-Iran-arbitrary-arrests-2-min.jpg\" alt=\"Apr\u00e8s la mort de Zhina Amini, l'Iran voit se multiplier les arrestations arbitraires\" class=\"wp-image-16625 lazyload\" srcset=\"https:\/\/wncri.org\/fr\/wp-content\/uploads\/2022\/09\/Zhina-Amini-death-Iran-arbitrary-arrests-2-min.jpg 750w, https:\/\/wncri.org\/fr\/wp-content\/uploads\/2022\/09\/Zhina-Amini-death-Iran-arbitrary-arrests-2-min-300x150.jpg 300w, https:\/\/wncri.org\/fr\/wp-content\/uploads\/2022\/09\/Zhina-Amini-death-Iran-arbitrary-arrests-2-min-360x180.jpg 360w\" sizes=\"(max-width: 750px) 100vw, 750px\" \/><\/noscript><figcaption>De gauche \u00e0 droite, Zhina Modarres Gorji, Baran Saedi et Leila Abbasi.<\/figcaption><\/figure>\n<\/div>\n\n\n<h3 class=\"wp-block-heading\"><strong>Des \u00e9crivains appr\u00e9hend\u00e9s pour avoir protest\u00e9 contre la mort de Zhina Amini<\/strong><\/h3>\n\n\n\n<p>Les forces sp\u00e9ciales de s\u00e9curit\u00e9 du Parlement des mollahs ont arr\u00eat\u00e9 Nazanin Hajizadeh, \u00e9crivain et traductrice, \u00e0 T\u00e9h\u00e9ran le 18 septembre 2022.<\/p>\n\n\n\n<p>Nazanin Hajizadeh est \u00e2g\u00e9e de 33 ans et r\u00e9side \u00e0 T\u00e9h\u00e9ran. Elle a \u00e9t\u00e9 emmen\u00e9e dans un lieu inconnu apr\u00e8s avoir protest\u00e9 contre la mort de Zhina Amini (Mahsa) devant le Parlement, c&#8217;est-\u00e0-dire le Majlis. Le <a href=\"https:\/\/wncri.org\/fr\/2022\/09\/20\/meurtre-odieux-de-mahsa\/\" target=\"_blank\" rel=\"noreferrer noopener\">rassemblement<\/a> du 18 septembre a tourn\u00e9 \u00e0 la violence, et plusieurs personnes ont \u00e9t\u00e9 arr\u00eat\u00e9es.<\/p>\n\n\n\n<p>Une autre \u00e9crivaine de T\u00e9h\u00e9ran, Mahnaz Mohammadi, a \u00e9t\u00e9 arr\u00eat\u00e9e par les forces de s\u00e9curit\u00e9 le 18 septembre pour avoir particip\u00e9 aux <a href=\"https:\/\/wncri.org\/fr\/2022\/09\/22\/manifestations-nationales-contre\/\" target=\"_blank\" rel=\"noreferrer noopener\">protestations<\/a> contre le meurtre de Zhina Amini. Mahnaz Mohammadi, r\u00e9alisatrice de documentaires, est d\u00e9tenue dans un lieu inconnu avec de nombreux autres militants des droits des femmes, selon des sources inform\u00e9es.<\/p>\n\n\n\n<p>Mme Mohammadi a d\u00e9j\u00e0 \u00e9t\u00e9 arr\u00eat\u00e9e et condamn\u00e9e.<\/p>\n\n\n\n<p>Les forces de s\u00e9curit\u00e9 de Machad ont arr\u00eat\u00e9 l&#8217;\u00e9crivain et sociologue Mansoureh Mousavi le 20 septembre 2022. On n&#8217;a plus entendu parler d&#8217;elle depuis. Au m\u00eame moment, les services de renseignement ont mis \u00e0 sac la maison de Mme Mousavi. Ils ont confisqu\u00e9 son ordinateur portable ainsi que des documents et des manuscrits.<\/p>\n\n\n\n<p>Mansoureh Mousavi, n\u00e9e en 1967, est une chercheuse et sociologue active dans les \u00e9tudes sur les femmes. Elle a \u00e9crit des livres dans ce domaine. Elle a aid\u00e9 \u00e0 traduire le livre &#8220;50 millions de femmes changent le monde islamique&#8221;.<\/p>\n\n\n<div class=\"wp-block-image\">\n<figure class=\"aligncenter size-full\"><img decoding=\"async\" src=\"data:image\/gif;base64,R0lGODlhAQABAIAAAAAAAP\/\/\/yH5BAEAAAAALAAAAAABAAEAAAIBRAA7\" data-src=\"https:\/\/wncri.org\/fr\/wp-content\/uploads\/2022\/09\/Zhina-Amini-death-Iran-arbitrary-arrests-3-min.jpg\" alt=\"Apr\u00e8s la mort de Zhina Amini, l'Iran voit se multiplier les arrestations arbitraires\" class=\"wp-image-16626 lazyload\"\/><noscript><img decoding=\"async\" width=\"750\" height=\"375\" src=\"https:\/\/wncri.org\/fr\/wp-content\/uploads\/2022\/09\/Zhina-Amini-death-Iran-arbitrary-arrests-3-min.jpg\" alt=\"Apr\u00e8s la mort de Zhina Amini, l'Iran voit se multiplier les arrestations arbitraires\" class=\"wp-image-16626 lazyload\" srcset=\"https:\/\/wncri.org\/fr\/wp-content\/uploads\/2022\/09\/Zhina-Amini-death-Iran-arbitrary-arrests-3-min.jpg 750w, https:\/\/wncri.org\/fr\/wp-content\/uploads\/2022\/09\/Zhina-Amini-death-Iran-arbitrary-arrests-3-min-300x150.jpg 300w, https:\/\/wncri.org\/fr\/wp-content\/uploads\/2022\/09\/Zhina-Amini-death-Iran-arbitrary-arrests-3-min-360x180.jpg 360w\" sizes=\"(max-width: 750px) 100vw, 750px\" \/><\/noscript><figcaption>De gauche \u00e0 droite, Mahnaz Mohammadi, Nazanin Hajizadeh et Mansoureh Moussavi.<\/figcaption><\/figure>\n<\/div>\n\n\n<h3 class=\"wp-block-heading\"><strong>Sakineh Parvaneh en gr\u00e8ve de la faim pour protester contre la mort de Zhina Amini<\/strong><\/h3>\n\n\n\n<p>Sakineh Parvaneh, prisonni\u00e8re politique \u00e0 <a href=\"https:\/\/wncri.org\/fr\/2021\/12\/10\/les-conditions-des-femmes-prisons\/\" target=\"_blank\" rel=\"noreferrer noopener\">la prison centrale de Vakilabad \u00e0 Machad,<\/a> a entam\u00e9 une gr\u00e8ve de la faim de deux jours le 18 septembre 2022. La raison, a-t-elle dit, \u00e9tait d&#8217;exprimer sa solidarit\u00e9 avec le soul\u00e8vement national du peuple iranien contre le meurtre de <a href=\"https:\/\/wncri.org\/fr\/2022\/09\/19\/la-mort-de-mahsa-amini\/\" target=\"_blank\" rel=\"noreferrer noopener\">Zhina Amini.<\/a><\/p>\n\n\n\n<p>En tant que citoyenne kurde, elle voulait apporter son soutien total au soul\u00e8vement au Kurdistan.<\/p>\n\n\n\n<p><a href=\"https:\/\/wncri.org\/fr\/2022\/07\/30\/visite-familiale\/\" target=\"_blank\" rel=\"noreferrer noopener\">Sakineh Parvaneh<\/a> a annonc\u00e9 qu&#8217;elle organiserait \u00e9galement une c\u00e9r\u00e9monie \u00e0 la m\u00e9moire de Zhina Amini dans la <a href=\"https:\/\/wncri.org\/fr\/2020\/04\/20\/regard-sur-la-situation-tragique-a-la-prison-pour-femmes-de-qarchak-en-iran\/\" target=\"_blank\" rel=\"noreferrer noopener\">prison centrale de Machad.<\/a><\/p>\n\n\n\n<p><a href=\"https:\/\/wncri.org\/fr\/2020\/12\/16\/prisonniere-politique-sakineh-parvaneh\/\" target=\"_blank\" rel=\"noreferrer noopener\">Sakineh Parvaneh<\/a> fait partie des femmes interrog\u00e9es et tortur\u00e9es dans les prisons de Qarchak et d&#8217;Evine. Elle a \u00e9t\u00e9 d\u00e9tenue \u00e0 l&#8217;isolement \u00e0 de nombreuses reprises et envoy\u00e9e \u00e0 l&#8217;h\u00f4pital psychiatrique d&#8217;Aminabad, \u00e0 Chahre Rey, pour y passer du temps parmi des malades mentaux, ce qui constitue une forme de torture. Elle a pass\u00e9 du temps dans les prisons d&#8217;Evine, de <a href=\"https:\/\/wncri.org\/fr\/2022\/07\/05\/prison-de-qarchak\/\" target=\"_blank\" rel=\"noreferrer noopener\">Qarchak Varamin, de Quchan et de Machad.<\/a><\/p>\n\n\n<div class=\"wp-block-image\">\n<figure class=\"aligncenter size-full\"><img decoding=\"async\" src=\"data:image\/gif;base64,R0lGODlhAQABAIAAAAAAAP\/\/\/yH5BAEAAAAALAAAAAABAAEAAAIBRAA7\" data-src=\"https:\/\/wncri.org\/fr\/wp-content\/uploads\/2021\/05\/La-greve-de-la-faim-de-la-prisonniere-politique-kurde-Sakineh-Parvaneh.jpg\" alt=\"La gr\u00e8ve de la faim de la prisonni\u00e8re politique kurde Sakineh Parvaneh\" class=\"wp-image-13344 lazyload\"\/><noscript><img decoding=\"async\" width=\"750\" height=\"375\" src=\"https:\/\/wncri.org\/fr\/wp-content\/uploads\/2021\/05\/La-greve-de-la-faim-de-la-prisonniere-politique-kurde-Sakineh-Parvaneh.jpg\" alt=\"La gr\u00e8ve de la faim de la prisonni\u00e8re politique kurde Sakineh Parvaneh\" class=\"wp-image-13344 lazyload\" srcset=\"https:\/\/wncri.org\/fr\/wp-content\/uploads\/2021\/05\/La-greve-de-la-faim-de-la-prisonniere-politique-kurde-Sakineh-Parvaneh.jpg 750w, https:\/\/wncri.org\/fr\/wp-content\/uploads\/2021\/05\/La-greve-de-la-faim-de-la-prisonniere-politique-kurde-Sakineh-Parvaneh-300x150.jpg 300w, https:\/\/wncri.org\/fr\/wp-content\/uploads\/2021\/05\/La-greve-de-la-faim-de-la-prisonniere-politique-kurde-Sakineh-Parvaneh-360x180.jpg 360w\" sizes=\"(max-width: 750px) 100vw, 750px\" \/><\/noscript><\/figure>\n<\/div>\n\n\n<h3 class=\"wp-block-heading\"><strong>Zeinab Hamrang en gr\u00e8ve des m\u00e9dicaments et de la faim<\/strong><\/h3>\n\n\n\n<p><a href=\"https:\/\/wncri.org\/fr\/2021\/12\/21\/lenseignante-a-la-retraite-emprisonnee-zeinab-hamrang\/\" target=\"_blank\" rel=\"noreferrer noopener\">Zeinab Hamrang<\/a>, enseignante \u00e0 la retraite et prisonni\u00e8re politique \u00e0 Evine, fait une gr\u00e8ve des m\u00e9dicaments et de la faim depuis le 14 septembre 2022.<\/p>\n\n\n\n<p>Cette enseignante emprisonn\u00e9e de 46 ans souffre d&#8217;une tension art\u00e9rielle fluctuante et de calculs r\u00e9naux. La gr\u00e8ve des m\u00e9dicaments et de la faim a entra\u00een\u00e9 de graves cons\u00e9quences physiques pour elle.<\/p>\n\n\n\n<p>Malgr\u00e9 ces conditions, six gardes, hommes et femmes, l&#8217;ont brutalis\u00e9e et transf\u00e9r\u00e9e dans le quartier de quarantaine d&#8217;Evine.<\/p>\n\n\n\n<p>Selon une source bien inform\u00e9e, la quarantaine de la prison est un lieu contamin\u00e9 o\u00f9 sont g\u00e9n\u00e9ralement gard\u00e9s les prisonniers malades ou nouveaux et qui est d\u00e9pourvu des installations les plus \u00e9l\u00e9mentaires.&#8221;<\/p>\n\n\n<div class=\"wp-block-image\">\n<figure class=\"aligncenter size-full\"><img decoding=\"async\" src=\"data:image\/gif;base64,R0lGODlhAQABAIAAAAAAAP\/\/\/yH5BAEAAAAALAAAAAABAAEAAAIBRAA7\" data-src=\"https:\/\/wncri.org\/fr\/wp-content\/uploads\/2021\/12\/Zeinab-Hamrang-min.jpg\" alt=\"L'enseignante \u00e0 la retraite emprisonn\u00e9e Zeinab Hamrang priv\u00e9e de cong\u00e9 m\u00e9dical\" class=\"wp-image-14742 lazyload\"\/><noscript><img decoding=\"async\" width=\"750\" height=\"375\" src=\"https:\/\/wncri.org\/fr\/wp-content\/uploads\/2021\/12\/Zeinab-Hamrang-min.jpg\" alt=\"L'enseignante \u00e0 la retraite emprisonn\u00e9e Zeinab Hamrang priv\u00e9e de cong\u00e9 m\u00e9dical\" class=\"wp-image-14742 lazyload\" srcset=\"https:\/\/wncri.org\/fr\/wp-content\/uploads\/2021\/12\/Zeinab-Hamrang-min.jpg 750w, https:\/\/wncri.org\/fr\/wp-content\/uploads\/2021\/12\/Zeinab-Hamrang-min-300x150.jpg 300w, https:\/\/wncri.org\/fr\/wp-content\/uploads\/2021\/12\/Zeinab-Hamrang-min-360x180.jpg 360w\" sizes=\"(max-width: 750px) 100vw, 750px\" \/><\/noscript><\/figure>\n<\/div>\n\n\n<h3 class=\"wp-block-heading\"><strong>Peine de 4 ans pour Melika Gharagozlu<\/strong><\/h3>\n\n\n\n<p>Melika Gharagozlu, \u00e9tudiante en journalisme \u00e0 l&#8217;universit\u00e9 Allameh Tabatabai de T\u00e9h\u00e9ran, a \u00e9t\u00e9 condamn\u00e9e \u00e0 quatre ans et quatre mois de prison. Melika a \u00e9galement \u00e9t\u00e9 condamn\u00e9e \u00e0 une amende et \u00e0 une restriction de ses activit\u00e9s sociales. Les nouvelles pr\u00e9c\u00e9dentes concernant l&#8217;\u00e9tudiante indiquaient que son \u00e9tat physique et psychologique \u00e9tait mauvais.<\/p>\n","protected":false},"excerpt":{"rendered":"<p>Sakineh Parvaneh fait une gr\u00e8ve de la faim de deux jours pour condamner la mort de Zhina Amini. Avec l&#8217;escalade des protestations dans tout l&#8217;Iran \u00e0 la suite du meurtre de Zhina Amini par la police de la moralit\u00e9 (patrouilles d&#8217;orientation) \u00e0 T\u00e9h\u00e9ran, les forces de s\u00e9curit\u00e9 de l&#8217;\u00c9tat se sont lanc\u00e9es dans une vague [&hellip;]<\/p>\n","protected":false},"author":4,"featured_media":16624,"comment_status":"closed","ping_status":"closed","sticky":false,"template":"","format":"standard","meta":{"jnews-multi-image_gallery":[],"jnews_single_post":{"subtitle":"","format":"standard","video":"","gallery":"","source_name":"","source_url":"","via_name":"","via_url":"","override_template":"0","override":[{"template":"7","single_blog_custom":"","parallax":"1","fullscreen":"1","layout":"right-sidebar","sidebar":"default-sidebar","second_sidebar":"default-sidebar","sticky_sidebar":"1","share_position":"floatbottom","share_float_style":"share-normal","show_share_counter":"1","show_view_counter":"1","show_featured":"1","show_post_meta":"1","show_post_author":"0","show_post_author_image":"1","show_post_date":"1","post_date_format":"default","post_date_format_custom":"Y\/m\/d","show_post_category":"1","show_post_reading_time":"0","post_reading_time_wpm":"300","show_zoom_button":"0","zoom_button_out_step":"2","zoom_button_in_step":"3","show_post_tag":"1","show_prev_next_post":"0","show_popup_post":"1","number_popup_post":"1","show_author_box":"0","show_post_related":"1","show_inline_post_related":"0"}],"override_image_size":"0","image_override":[{"single_post_thumbnail_size":"crop-500","single_post_gallery_size":"crop-500"}],"trending_post":"0","trending_post_position":"meta","trending_post_label":"Trending","sponsored_post":"0","sponsored_post_label":"Sponsored by","sponsored_post_name":"","sponsored_post_url":"","sponsored_post_logo_enable":"0","sponsored_post_logo":"","sponsored_post_desc":"","disable_ad":"0"},"jnews_primary_category":{"id":""},"jnews_social_meta":{"fb_title":"","fb_description":"","fb_image":"","twitter_title":"","twitter_description":"","twitter_image":""},"jnews_override_counter":{"override_view_counter":"0","view_counter_number":"0","override_share_counter":"0","share_counter_number":"0","override_like_counter":"0","like_counter_number":"0","override_dislike_counter":"0","dislike_counter_number":"0"},"footnotes":""},"categories":[3],"tags":[369,376,375],"class_list":["post-16623","post","type-post","status-publish","format-standard","has-post-thumbnail","hentry","category-infos-des-femmes","tag-manifestations","tag-violence-contre-les-femmes","tag-voile-obligatoire"],"_links":{"self":[{"href":"https:\/\/wncri.org\/fr\/wp-json\/wp\/v2\/posts\/16623","targetHints":{"allow":["GET"]}}],"collection":[{"href":"https:\/\/wncri.org\/fr\/wp-json\/wp\/v2\/posts"}],"about":[{"href":"https:\/\/wncri.org\/fr\/wp-json\/wp\/v2\/types\/post"}],"author":[{"embeddable":true,"href":"https:\/\/wncri.org\/fr\/wp-json\/wp\/v2\/users\/4"}],"replies":[{"embeddable":true,"href":"https:\/\/wncri.org\/fr\/wp-json\/wp\/v2\/comments?post=16623"}],"version-history":[{"count":1,"href":"https:\/\/wncri.org\/fr\/wp-json\/wp\/v2\/posts\/16623\/revisions"}],"predecessor-version":[{"id":16628,"href":"https:\/\/wncri.org\/fr\/wp-json\/wp\/v2\/posts\/16623\/revisions\/16628"}],"wp:featuredmedia":[{"embeddable":true,"href":"https:\/\/wncri.org\/fr\/wp-json\/wp\/v2\/media\/16624"}],"wp:attachment":[{"href":"https:\/\/wncri.org\/fr\/wp-json\/wp\/v2\/media?parent=16623"}],"wp:term":[{"taxonomy":"category","embeddable":true,"href":"https:\/\/wncri.org\/fr\/wp-json\/wp\/v2\/categories?post=16623"},{"taxonomy":"post_tag","embeddable":true,"href":"https:\/\/wncri.org\/fr\/wp-json\/wp\/v2\/tags?post=16623"}],"curies":[{"name":"wp","href":"https:\/\/api.w.org\/{rel}","templated":true}]}}