{"id":16608,"date":"2022-09-21T22:20:00","date_gmt":"2022-09-21T20:20:00","guid":{"rendered":"https:\/\/wncri.org\/fr\/?p=16608"},"modified":"2022-09-22T23:29:12","modified_gmt":"2022-09-22T21:29:12","slug":"assassinat-de-mahsa-amini-6e-jour","status":"publish","type":"post","link":"https:\/\/wncri.org\/fr\/2022\/09\/21\/assassinat-de-mahsa-amini-6e-jour\/","title":{"rendered":"L&#8217;assassinat de Mahsa Amini &#8211; 6e jour des protestations nationales en Iran"},"content":{"rendered":"\n<p>Les villes iraniennes ont continu\u00e9 \u00e0 se soulever mercredi 21 septembre 2022, 6e jour des protestations \u00e0 l&#8217;\u00e9chelle nationale contre la <a href=\"https:\/\/wncri.org\/fr\/2022\/09\/16\/mahsa-zhina-amini\/\" target=\"_blank\" rel=\"noreferrer noopener\">brutalit\u00e9 du r\u00e9gime<\/a> cl\u00e9rical et l&#8217;assassinat de Mahsa Amini.<\/p>\n\n\n\n<p>Au moins 86 villes ont lanc\u00e9 des protestations contre le r\u00e9gime dans 28 des 31 provinces de l&#8217;Iran.<\/p>\n\n\n\n<p>Les jeunes femmes et les jeunes filles font preuve d&#8217;une grande combativit\u00e9. Leurs voix peuvent \u00eatre entendues dans toutes les images envoy\u00e9es des quatre coins de l&#8217;Iran. Leur participation active est visible dans la plupart des cas.<\/p>\n\n\n\n<h3 class=\"wp-block-heading\"><strong>86 villes dans 28 provinces ont connu des manifestations contre le r\u00e9gime<\/strong><\/h3>\n\n\n\n<p>Mercredi 21 septembre 2022, au 6e jour des manifestations nationales, des nouvelles de T\u00e9h\u00e9ran, <a href=\"https:\/\/www.youtube.com\/watch?v=45IigDqaTa0\" target=\"_blank\" rel=\"noreferrer noopener\">Machad<\/a>, <a href=\"https:\/\/www.youtube.com\/shorts\/V8Kz3OyYDjo\" target=\"_blank\" rel=\"noopener\">Kermanch<\/a><a href=\"https:\/\/www.youtube.com\/shorts\/V8Kz3OyYDjo\" target=\"_blank\" rel=\"noreferrer noopener\">a<\/a><a href=\"https:\/\/www.youtube.com\/shorts\/V8Kz3OyYDjo\" target=\"_blank\" rel=\"noopener\">h<\/a>, Ahvaz, Ispahan, <a href=\"https:\/\/www.youtube.com\/shorts\/V8Kz3OyYDjo\" target=\"_blank\" rel=\"noreferrer noopener\">Gonbad-e-Kavous<\/a>, Pakdacht, Birjand, Chirvan, Qechm, Garmsar, Arak, <a href=\"https:\/\/www.youtube.com\/watch?v=33fTIB-0IDo\" target=\"_blank\" rel=\"noreferrer noopener\">Tabriz<\/a> ont \u00e9t\u00e9 rapport\u00e9es, Paveh, Ochnavieh, Chahroud, Nezam Abad (T\u00e9h\u00e9ran), Tonekabon, Dejap, Quchan, Anzali, <a href=\"https:\/\/www.youtube.com\/watch?v=FGf8Y-rMFcE\" target=\"_blank\" rel=\"noreferrer noopener\">Behbahan<\/a>, Sanandaj, Ghaemchahr, Zahedan, Ardabil, Hamedan, Abhar, <a href=\"https:\/\/www.youtube.com\/watch?v=80tYniX1WpI\" target=\"_blank\" rel=\"noreferrer noopener\">Nowchahr<\/a>, <a href=\"https:\/\/www.youtube.com\/watch?v=RnPjDVaNxiI\" target=\"_blank\" rel=\"noreferrer noopener\">Chahsavar<\/a>, Saveh, Mahabad, <a href=\"https:\/\/www.youtube.com\/watch?v=5jys8ljBSxU\" target=\"_blank\" rel=\"noreferrer noopener\">Eslamabade Gharb<\/a>, <a href=\"https:\/\/www.youtube.com\/watch?v=cpOa1MfN2mc\" target=\"_blank\" rel=\"noreferrer noopener\">Babol<\/a>, <a href=\"https:\/\/www.youtube.com\/watch?v=K_pOMMCIsWg\" target=\"_blank\" rel=\"noreferrer noopener\">Amol<\/a>, <a href=\"https:\/\/www.youtube.com\/watch?v=I_RJzzBOuqU\" target=\"_blank\" rel=\"noreferrer noopener\">Naziabad<\/a> (T\u00e9h\u00e9ran), <a href=\"https:\/\/www.youtube.com\/watch?v=EjXvD7vRe1o\" target=\"_blank\" rel=\"noreferrer noopener\">Ourmia<\/a>, Varamin (T\u00e9h\u00e9ran), Kachan, Bojnurd, Chouchtar, Khorramabad, Sarableh (Ilam), Langarud, Dehloran, <a href=\"https:\/\/www.youtube.com\/watch?v=h2ODI4IkdG4\" target=\"_blank\" rel=\"noreferrer noopener\">Zarrinchahr<\/a>, <a href=\"https:\/\/www.youtube.com\/watch?v=UBadELkwPJk\" target=\"_blank\" rel=\"noreferrer noopener\">Sirjan<\/a>, Chiraz, <a href=\"https:\/\/www.youtube.com\/watch?v=uggb2eN0SGk\" target=\"_blank\" rel=\"noreferrer noopener\">Kerman<\/a>, Parand, Dezful, Bukan, Rezvanchahr (Gilan), Talech, Lahijan, Gonabad, Semnan, Marand, Bandar Abbas, Mand, Chahre Ray, Karaj, <a href=\"https:\/\/www.youtube.com\/watch?v=4fz_iXgGHrs\" target=\"_blank\" rel=\"noreferrer noopener\">Qom<\/a>, Nobahar (Kermanchah), Racht, Quchan, Marvdacht, Langrud, Fouladchahr (Isfahan), <a href=\"https:\/\/www.youtube.com\/watch?v=HvOdIEoagO8\" target=\"_blank\" rel=\"noreferrer noopener\">Sardacht<\/a>, Bandar Abbas, Bijar, Bouchehr, Chahre Kord, etc.<\/p>\n\n\n\n<p>Des jeunes ont affront\u00e9 les forces de s\u00e9curit\u00e9 dans divers quartiers de la capitale, T\u00e9h\u00e9ran, notamment sur la place Azadi, \u00e0 Saadatabad, \u00e0 Jannatabad, \u00e0 Nezamabad, \u00e0 Parand, au carrefour Coca-Cola, \u00e0 Robat Karim, \u00e0 Tehran Pars, sur <a href=\"https:\/\/www.youtube.com\/watch?v=2Ex0Xkri1_s\" target=\"_blank\" rel=\"noreferrer noopener\">le pont Hafez<\/a>, sur la place Enqelab, sur l&#8217;avenue Mowlavi et \u00e0 Islamchahr.<\/p>\n\n\n<div class=\"wp-block-image\">\n<figure class=\"aligncenter size-full\"><img decoding=\"async\" src=\"data:image\/gif;base64,R0lGODlhAQABAIAAAAAAAP\/\/\/yH5BAEAAAAALAAAAAABAAEAAAIBRAA7\" data-src=\"https:\/\/wncri.org\/fr\/wp-content\/uploads\/2022\/09\/6th-day-of-nationwide-protests-2-min.jpg\" alt=\"L'assassinat de Mahsa Amini - 6e jour des protestations\" class=\"wp-image-16611 lazyload\"\/><noscript><img decoding=\"async\" width=\"750\" height=\"375\" src=\"https:\/\/wncri.org\/fr\/wp-content\/uploads\/2022\/09\/6th-day-of-nationwide-protests-2-min.jpg\" alt=\"L'assassinat de Mahsa Amini - 6e jour des protestations\" class=\"wp-image-16611 lazyload\" srcset=\"https:\/\/wncri.org\/fr\/wp-content\/uploads\/2022\/09\/6th-day-of-nationwide-protests-2-min.jpg 750w, https:\/\/wncri.org\/fr\/wp-content\/uploads\/2022\/09\/6th-day-of-nationwide-protests-2-min-300x150.jpg 300w, https:\/\/wncri.org\/fr\/wp-content\/uploads\/2022\/09\/6th-day-of-nationwide-protests-2-min-360x180.jpg 360w\" sizes=\"(max-width: 750px) 100vw, 750px\" \/><\/noscript><\/figure>\n<\/div>\n\n\n<h3 class=\"wp-block-heading\"><strong>Affrontements violents au 6\u00e8me jour des manifestations nationales<\/strong><\/h3>\n\n\n\n<p>Au sixi\u00e8me jour des manifestations nationales, l&#8217;Iran a connu une r\u00e9sistance extr\u00eame de la part du peuple iranien, des jeunes et des femmes.<\/p>\n\n\n\n<p>Outre les marches \u00e9nergiques et les chants enflamm\u00e9s contre le r\u00e9gime cl\u00e9rical et son guide supr\u00eame, les manifestants ont affront\u00e9 les forces de renseignement et de s\u00e9curit\u00e9 et les agents en civil dans pratiquement toutes les villes.<\/p>\n\n\n\n<p>Les jeunes ont confisqu\u00e9, renvers\u00e9 ou incendi\u00e9 les <a href=\"https:\/\/twitter.com\/womenncri\/status\/1572717521584926721\" target=\"_blank\" rel=\"noreferrer noopener\">camionnettes<\/a>, voitures, motos et kiosques des forces de s\u00e9curit\u00e9. Dans plusieurs cas, ils ont r\u00e9ussi \u00e0 aider \u00e0 lib\u00e9rer les jeunes qui \u00e9taient arr\u00eat\u00e9s.<\/p>\n\n\n\n<p>\u00c0 Amol, les gens ont pris possession du bureau du gouverneur et y ont mis le feu.<\/p>\n\n\n\n<p>Dans de nombreuses villes, ils ont arrach\u00e9 ou br\u00fbl\u00e9 les grandes banni\u00e8res portant les images de Khomeini, Khamenei et <a href=\"https:\/\/wncri.org\/2022\/09\/20\/fifth-day-of-iran-protests\/\" target=\"_blank\" rel=\"noreferrer noopener\">Qassem Soleimani.<\/a><\/p>\n\n\n\n<p>Gr\u00e2ce \u00e0 leur solidarit\u00e9 et \u00e0 leur coop\u00e9ration unie, les manifestants ont repouss\u00e9 les forces de s\u00e9curit\u00e9 de l&#8217;\u00c9tat et les ont oblig\u00e9es \u00e0 fuir.<\/p>\n\n\n\n<p>Dans de nombreux cas, ils ont rendu la pareille aux forces r\u00e9pressives en les frappant.<\/p>\n\n\n\n<p>\u00c0 Ourmia, lors de la c\u00e9r\u00e9monie d&#8217;enterrement de Farjad Darvich, tu\u00e9 pendant les manifestations, les gens ont scand\u00e9 &#8220;Mort \u00e0 Khamenei&#8221; et &#8220;Mort au dictateur&#8221;.<\/p>\n\n\n\n<p>Les femmes se sont battues coude \u00e0 coude, partout.<\/p>\n\n\n\n<p>Les chants &#8220;Mort \u00e0 l&#8217;oppresseur, qu&#8217;il s&#8217;agisse du Chah ou du chef (supr\u00eame des mollahs)&#8221; r\u00e9sonnent dans toutes les villes.<\/p>\n\n\n<div class=\"wp-block-image\">\n<figure class=\"aligncenter size-full\"><img decoding=\"async\" src=\"data:image\/gif;base64,R0lGODlhAQABAIAAAAAAAP\/\/\/yH5BAEAAAAALAAAAAABAAEAAAIBRAA7\" data-src=\"https:\/\/wncri.org\/fr\/wp-content\/uploads\/2022\/09\/6th-day-of-nationwide-protests-Tehran-University-min.jpg\" alt=\"L'assassinat de Mahsa Amini - 6e jour des protestations\" class=\"wp-image-16610 lazyload\"\/><noscript><img decoding=\"async\" width=\"750\" height=\"375\" src=\"https:\/\/wncri.org\/fr\/wp-content\/uploads\/2022\/09\/6th-day-of-nationwide-protests-Tehran-University-min.jpg\" alt=\"L'assassinat de Mahsa Amini - 6e jour des protestations\" class=\"wp-image-16610 lazyload\" srcset=\"https:\/\/wncri.org\/fr\/wp-content\/uploads\/2022\/09\/6th-day-of-nationwide-protests-Tehran-University-min.jpg 750w, https:\/\/wncri.org\/fr\/wp-content\/uploads\/2022\/09\/6th-day-of-nationwide-protests-Tehran-University-min-300x150.jpg 300w, https:\/\/wncri.org\/fr\/wp-content\/uploads\/2022\/09\/6th-day-of-nationwide-protests-Tehran-University-min-360x180.jpg 360w\" sizes=\"(max-width: 750px) 100vw, 750px\" \/><\/noscript><\/figure>\n<\/div>\n\n\n<h3 class=\"wp-block-heading\"><strong>Des universit\u00e9s au franc-parler<\/strong><\/h3>\n\n\n\n<p>Les <a href=\"https:\/\/wncri.org\/2022\/09\/20\/fifth-day-of-iran-protests\/\" target=\"_blank\" rel=\"noreferrer noopener\">universit\u00e9s<\/a> iraniennes ont \u00e9t\u00e9 particuli\u00e8rement actives.<\/p>\n\n\n\n<p>Les \u00e9tudiants de l&#8217;universit\u00e9 Az-Zahra, enti\u00e8rement f\u00e9minine, ont r\u00e9clam\u00e9 justice pour Mahsa Amini en scandant &#8220;Az-Zahra, Az-Zahra, demande justice pour Mahsa.&#8221;<\/p>\n\n\n\n<p>Les \u00e9tudiants de l&#8217;universit\u00e9 de T\u00e9h\u00e9ran ont organis\u00e9 une manifestation et d\u00e9fil\u00e9 sur le campus pour le quatri\u00e8me jour cons\u00e9cutif. \u00c0 l&#8217;universit\u00e9 Allameh, les \u00e9tudiants ont d\u00e9fil\u00e9 \u00e0 l&#8217;int\u00e9rieur, appelant leurs camarades \u00e0 les rejoindre.<\/p>\n\n\n\n<p>Les \u00e9tudiants ont \u00e9galement d\u00e9fil\u00e9 \u00e0 l&#8217;\u00e9cole de m\u00e9decine de Tabriz et \u00e0 l&#8217;universit\u00e9 Azad, la branche scientifique et de recherche.<\/p>\n\n\n\n<h3 class=\"wp-block-heading\"><strong>La brutalit\u00e9 des forces r\u00e9pressives<\/strong><\/h3>\n\n\n\n<p>Les forces de s\u00e9curit\u00e9 sont incroyablement <a href=\"https:\/\/twitter.com\/Mojahedineng\/status\/1572556257629769731\" target=\"_blank\" rel=\"noreferrer noopener\">violentes<\/a> et brutales lorsqu&#8217;elles arr\u00eatent les manifestants. Selon des rapports non confirm\u00e9s en provenance du Kurdistan, le r\u00e9gime commet des meurtres d&#8217;une ampleur comparable \u00e0 un g\u00e9nocide. Des centaines de personnes ont \u00e9t\u00e9 <a href=\"https:\/\/twitter.com\/womenncri\/status\/1572718505736425472\" target=\"_blank\" rel=\"noreferrer noopener\">bless\u00e9es<\/a> et des centaines d&#8217;autres <a href=\"https:\/\/twitter.com\/womenncri\/status\/1572531773149683714\" target=\"_blank\" rel=\"noreferrer noopener\">arr\u00eat\u00e9es<\/a> et d\u00e9tenues, <a href=\"https:\/\/twitter.com\/womenncri\/status\/1572546633157742592\" target=\"_blank\" rel=\"noreferrer noopener\">dont de nombreuses femmes<\/a>.<\/p>\n\n\n\n<p>L&#8217;agence d&#8217;\u00c9tat Mehr News Agency a publi\u00e9 le mercredi 21 septembre 2022 une interview du colonel Heydari, commandant des unit\u00e9s sp\u00e9ciales f\u00e9minines des forces de s\u00e9curit\u00e9 de l&#8217;\u00c9tat.<\/p>\n\n\n\n<p>Heydari a soulign\u00e9 que pour la premi\u00e8re fois, les unit\u00e9s sp\u00e9ciales des FSS d\u00e9ployaient des forces f\u00e9minines pour ma\u00eetriser les troubles. &#8220;Pour la premi\u00e8re fois, nous avons constat\u00e9 la pr\u00e9sence de femmes parmi la foule d&#8217;individus qui perturbent l&#8217;ordre et la s\u00e9curit\u00e9 publics. Certaines de ces femmes sont des meneuses. En plus de la publicit\u00e9, elles ont scand\u00e9 des slogans qui ont bris\u00e9 les normes. Il a \u00e9t\u00e9 convenu que nous d\u00e9ployions l&#8217;unit\u00e9 des femmes pour arr\u00eater les femmes qui perturbent l&#8217;ordre et la s\u00e9curit\u00e9 publics.&#8221;<\/p>\n\n\n\n<p>Heydari a ajout\u00e9 : &#8220;Nous avons jusqu&#8217;\u00e0 pr\u00e9sent arr\u00eat\u00e9 huit dirigeantes.&#8221;<\/p>\n\n\n<div class=\"wp-block-image\">\n<figure class=\"aligncenter size-full\"><img decoding=\"async\" src=\"data:image\/gif;base64,R0lGODlhAQABAIAAAAAAAP\/\/\/yH5BAEAAAAALAAAAAABAAEAAAIBRAA7\" data-src=\"https:\/\/wncri.org\/fr\/wp-content\/uploads\/2022\/09\/6th-day-of-nationwide-protests-arrested-min.jpg\" alt=\"L'assassinat de Mahsa Amini - 6e jour des protestations\" class=\"wp-image-16609 lazyload\"\/><noscript><img decoding=\"async\" width=\"750\" height=\"375\" src=\"https:\/\/wncri.org\/fr\/wp-content\/uploads\/2022\/09\/6th-day-of-nationwide-protests-arrested-min.jpg\" alt=\"L'assassinat de Mahsa Amini - 6e jour des protestations\" class=\"wp-image-16609 lazyload\" srcset=\"https:\/\/wncri.org\/fr\/wp-content\/uploads\/2022\/09\/6th-day-of-nationwide-protests-arrested-min.jpg 750w, https:\/\/wncri.org\/fr\/wp-content\/uploads\/2022\/09\/6th-day-of-nationwide-protests-arrested-min-300x150.jpg 300w, https:\/\/wncri.org\/fr\/wp-content\/uploads\/2022\/09\/6th-day-of-nationwide-protests-arrested-min-360x180.jpg 360w\" sizes=\"(max-width: 750px) 100vw, 750px\" \/><\/noscript><figcaption>Le r\u00e9gime a d\u00e9clar\u00e9 qu&#8217;il avait arr\u00eat\u00e9 8 dirigeantes de manifestations. Il a d\u00e9ploy\u00e9 des unit\u00e9s sp\u00e9ciales f\u00e9minines pour proc\u00e9der \u00e0 ces arrestations.<\/figcaption><\/figure>\n<\/div>\n\n\n<p>Les femmes courageuses d&#8217;Iran combattent les forces r\u00e9pressives du r\u00e9gime cl\u00e9rical main dans la main avec les hommes. Leur combat ne porte pas seulement sur les droits et les libert\u00e9s des femmes, notamment la libert\u00e9 de choisir leur tenue vestimentaire, mais sur les libert\u00e9s et les droits fondamentaux de tous les citoyens iraniens et sur un Iran libre fond\u00e9 sur la justice et l&#8217;\u00e9galit\u00e9 des sexes.<\/p>\n\n\n\n<p>Les manifestants iraniens scandent des slogans, d\u00e9non\u00e7ant la corruption et l&#8217;injustice du r\u00e9gime depuis 44 ans et appelant \u00e0 la fin du r\u00e8gne des mollahs et \u00e0 la chute d&#8217;Ali Khamenei, le guide supr\u00eame des mollahs.<\/p>\n\n\n\n<h3 class=\"wp-block-heading\"><strong>La solidarit\u00e9 est plus forte que la r\u00e9pression et la terreur du r\u00e9gime<\/strong><\/h3>\n\n\n\n<p>Dans son <a href=\"https:\/\/twitter.com\/Maryam_Rajavi\/status\/1572683503518777344\" target=\"_blank\" rel=\"noreferrer noopener\">message<\/a> au peuple iranien, Maryam Radjavi, pr\u00e9sidente \u00e9lue du CNRI, a d\u00e9clar\u00e9 :<\/p>\n\n\n\n<p>Les femmes et les jeunes filles d&#8217;Iran, pleines d&#8217;entrain et \u00e9prises de libert\u00e9, sont en premi\u00e8re ligne et scandent &#8220;Mort \u00e0 Khamenei&#8221;. En phase avec les hommes, elles repoussent les mercenaires de l&#8217;IRGC, promettant ainsi une r\u00e9publique d\u00e9mocratiquement \u00e9lue, bas\u00e9e sur l&#8217;\u00e9galit\u00e9 des sexes et la souverainet\u00e9 nationale.<\/p>\n\n\n\n<p>Dans la lutte pour renverser la dictature religieuse et \u00e9tablir la d\u00e9mocratie et la souverainet\u00e9 populaire en Iran, la solidarit\u00e9 entre les diff\u00e9rents secteurs &#8211; \u00e9tudiants, enseignants, \u00e9ducateurs, agriculteurs et travailleurs &#8211; est mille fois plus forte que la r\u00e9pression et la terreur de Khamenei.<\/p>\n","protected":false},"excerpt":{"rendered":"<p>Les villes iraniennes ont continu\u00e9 \u00e0 se soulever mercredi 21 septembre 2022, 6e jour des protestations \u00e0 l&#8217;\u00e9chelle nationale contre la brutalit\u00e9 du r\u00e9gime cl\u00e9rical et l&#8217;assassinat de Mahsa Amini. Au moins 86 villes ont lanc\u00e9 des protestations contre le r\u00e9gime dans 28 des 31 provinces de l&#8217;Iran. Les jeunes femmes et les jeunes filles [&hellip;]<\/p>\n","protected":false},"author":4,"featured_media":16612,"comment_status":"closed","ping_status":"closed","sticky":false,"template":"","format":"standard","meta":{"jnews-multi-image_gallery":[],"jnews_single_post":{"subtitle":"","format":"standard","video":"","gallery":"","source_name":"","source_url":"","via_name":"","via_url":"","override_template":"0","override":[{"template":"7","single_blog_custom":"","parallax":"1","fullscreen":"1","layout":"right-sidebar","sidebar":"default-sidebar","second_sidebar":"default-sidebar","sticky_sidebar":"1","share_position":"floatbottom","share_float_style":"share-normal","show_share_counter":"1","show_view_counter":"1","show_featured":"1","show_post_meta":"1","show_post_author":"0","show_post_author_image":"1","show_post_date":"1","post_date_format":"default","post_date_format_custom":"Y\/m\/d","show_post_category":"1","show_post_reading_time":"0","post_reading_time_wpm":"300","show_zoom_button":"0","zoom_button_out_step":"2","zoom_button_in_step":"3","show_post_tag":"1","show_prev_next_post":"0","show_popup_post":"1","number_popup_post":"1","show_author_box":"0","show_post_related":"1","show_inline_post_related":"0"}],"override_image_size":"0","image_override":[{"single_post_thumbnail_size":"crop-500","single_post_gallery_size":"crop-500"}],"trending_post":"0","trending_post_position":"meta","trending_post_label":"Trending","sponsored_post":"0","sponsored_post_label":"Sponsored by","sponsored_post_name":"","sponsored_post_url":"","sponsored_post_logo_enable":"0","sponsored_post_logo":"","sponsored_post_desc":"","disable_ad":"0"},"jnews_primary_category":{"id":""},"jnews_social_meta":{"fb_title":"","fb_description":"","fb_image":"","twitter_title":"","twitter_description":"","twitter_image":""},"jnews_override_counter":{"override_view_counter":"0","view_counter_number":"0","override_share_counter":"0","share_counter_number":"0","override_like_counter":"0","like_counter_number":"0","override_dislike_counter":"0","dislike_counter_number":"0"},"footnotes":""},"categories":[3],"tags":[369,376,375],"class_list":["post-16608","post","type-post","status-publish","format-standard","has-post-thumbnail","hentry","category-infos-des-femmes","tag-manifestations","tag-violence-contre-les-femmes","tag-voile-obligatoire"],"_links":{"self":[{"href":"https:\/\/wncri.org\/fr\/wp-json\/wp\/v2\/posts\/16608","targetHints":{"allow":["GET"]}}],"collection":[{"href":"https:\/\/wncri.org\/fr\/wp-json\/wp\/v2\/posts"}],"about":[{"href":"https:\/\/wncri.org\/fr\/wp-json\/wp\/v2\/types\/post"}],"author":[{"embeddable":true,"href":"https:\/\/wncri.org\/fr\/wp-json\/wp\/v2\/users\/4"}],"replies":[{"embeddable":true,"href":"https:\/\/wncri.org\/fr\/wp-json\/wp\/v2\/comments?post=16608"}],"version-history":[{"count":1,"href":"https:\/\/wncri.org\/fr\/wp-json\/wp\/v2\/posts\/16608\/revisions"}],"predecessor-version":[{"id":16613,"href":"https:\/\/wncri.org\/fr\/wp-json\/wp\/v2\/posts\/16608\/revisions\/16613"}],"wp:featuredmedia":[{"embeddable":true,"href":"https:\/\/wncri.org\/fr\/wp-json\/wp\/v2\/media\/16612"}],"wp:attachment":[{"href":"https:\/\/wncri.org\/fr\/wp-json\/wp\/v2\/media?parent=16608"}],"wp:term":[{"taxonomy":"category","embeddable":true,"href":"https:\/\/wncri.org\/fr\/wp-json\/wp\/v2\/categories?post=16608"},{"taxonomy":"post_tag","embeddable":true,"href":"https:\/\/wncri.org\/fr\/wp-json\/wp\/v2\/tags?post=16608"}],"curies":[{"name":"wp","href":"https:\/\/api.w.org\/{rel}","templated":true}]}}