{"id":16575,"date":"2022-09-18T22:36:00","date_gmt":"2022-09-18T20:36:00","guid":{"rendered":"https:\/\/wncri.org\/fr\/?p=16575"},"modified":"2022-09-19T22:45:23","modified_gmt":"2022-09-19T20:45:23","slug":"meurtre-de-mahsa-amini","status":"publish","type":"post","link":"https:\/\/wncri.org\/fr\/2022\/09\/18\/meurtre-de-mahsa-amini\/","title":{"rendered":"Le meurtre de Mahsa Amini suscite des protestations \u00e0 l&#8217;universit\u00e9 de T\u00e9h\u00e9ran"},"content":{"rendered":"\n<h2 class=\"wp-block-heading\"><em>Les habitants de Sanandaj et Saqqez poursuivent leur mouvement pour la deuxi\u00e8me nuit alors que d&#8217;autres villes se joignent \u00e0 eux.<\/em><\/h2>\n\n\n\n<h2 class=\"wp-block-heading\"><em>Les femmes participent largement aux protestations dans toutes les villes<\/em><\/h2>\n\n\n\n<p>Les \u00e9tudiants de l&#8217;universit\u00e9 de T\u00e9h\u00e9ran ont <a href=\"https:\/\/www.youtube.com\/watch?v=szaGmpsByzM\" target=\"_blank\" rel=\"noreferrer noopener\">manifest\u00e9<\/a> pour protester contre le meurtre de Mahsa Amini par des agents de la &#8220;patrouille d&#8217;orientation&#8221;. <a href=\"https:\/\/www.youtube.com\/watch?v=4DCEe0_zZeU\" target=\"_blank\" rel=\"noreferrer noopener\">Les \u00e9tudiantes<\/a> ont largement particip\u00e9 aux premi\u00e8res lignes de la <a href=\"https:\/\/www.youtube.com\/watch?v=NYUMn4N5h4I\" target=\"_blank\" rel=\"noreferrer noopener\">manifestation sur le campus<\/a> de l&#8217;universit\u00e9 de T\u00e9h\u00e9ran.<\/p>\n\n\n\n<p>La manifestation des \u00e9tudiants de l&#8217;universit\u00e9 de T\u00e9h\u00e9ran, dimanche 18 septembre 2022, a suivi les manifestations de col\u00e8re \u00e0 Saqqez et Sanandaj la nuit pr\u00e9c\u00e9dente.<\/p>\n\n\n<div class=\"wp-block-image\">\n<figure class=\"aligncenter size-full\"><img decoding=\"async\" src=\"data:image\/gif;base64,R0lGODlhAQABAIAAAAAAAP\/\/\/yH5BAEAAAAALAAAAAABAAEAAAIBRAA7\" data-src=\"https:\/\/wncri.org\/fr\/wp-content\/uploads\/2022\/09\/Tehran-University-students-22-min.jpg\" alt=\"Le meurtre de Mahsa Amini suscite des protestations \u00e0 l'universit\u00e9 de T\u00e9h\u00e9ran\" class=\"wp-image-16577 lazyload\"\/><noscript><img decoding=\"async\" width=\"750\" height=\"375\" src=\"https:\/\/wncri.org\/fr\/wp-content\/uploads\/2022\/09\/Tehran-University-students-22-min.jpg\" alt=\"Le meurtre de Mahsa Amini suscite des protestations \u00e0 l'universit\u00e9 de T\u00e9h\u00e9ran\" class=\"wp-image-16577 lazyload\" srcset=\"https:\/\/wncri.org\/fr\/wp-content\/uploads\/2022\/09\/Tehran-University-students-22-min.jpg 750w, https:\/\/wncri.org\/fr\/wp-content\/uploads\/2022\/09\/Tehran-University-students-22-min-300x150.jpg 300w, https:\/\/wncri.org\/fr\/wp-content\/uploads\/2022\/09\/Tehran-University-students-22-min-360x180.jpg 360w\" sizes=\"(max-width: 750px) 100vw, 750px\" \/><\/noscript><\/figure>\n<\/div>\n\n\n<p>Les protestations contre le meurtre de Mahsa Amini se sont poursuivies pour la <a href=\"https:\/\/news.mojahedin.org\/i\/%D8%AF%D9%88%D9%85%DB%8C%D9%86-%D8%B1%D9%88%D8%B2-%D8%AA%D8%B8%D8%A7%D9%87%D8%B1%D8%A7%D8%AA-%D8%B9%D9%84%DB%8C%D9%87-%D9%82%D8%AA%D9%84-%D9%85%D9%87%D8%B3%D8%A7-%D8%A7%D9%85%DB%8C%D9%86%DB%8C-%D8%AF%D8%B1-%D8%B3%D9%86%D9%86%D8%AF%D8%AC-%D8%A8%D8%A7-%D8%B4%D8%B9%D8%A7%D8%B1-%D9%85%D8%B1%DA%AF-%D8%A8%D8%B1-%D8%AF%DB%8C%DA%A9%D8%AA%D8%A7%D8%AA%D9%88%D8%B1\" target=\"_blank\" rel=\"noreferrer noopener\">deuxi\u00e8me journ\u00e9e<\/a> \u00e0 <a href=\"https:\/\/www.youtube.com\/watch?v=yX11t7BDOAE\" target=\"_blank\" rel=\"noreferrer noopener\">Saqqez<\/a> et <a href=\"https:\/\/www.youtube.com\/watch?v=OebpRHzObqo\" target=\"_blank\" rel=\"noreferrer noopener\">Sanandaj<\/a> aux chants de &#8220;<a href=\"https:\/\/www.youtube.com\/watch?v=Ff9TajJFrro\" target=\"_blank\" rel=\"noreferrer noopener\">Mort \u00e0 Khamenei<\/a>&#8221; et &#8220;<a href=\"https:\/\/www.youtube.com\/watch?v=l3tvJQjgssk\" target=\"_blank\" rel=\"noreferrer noopener\">Mort au dictateur<\/a>&#8220;.<\/p>\n\n\n\n<p>Les gens sont \u00e9galement descendus dans les rues de <a href=\"https:\/\/www.youtube.com\/watch?v=WKxqjgUdyrg\" target=\"_blank\" rel=\"noreferrer noopener\">Karaj<\/a>, <a href=\"https:\/\/www.youtube.com\/watch?v=Ux7mhsNNG38\" target=\"_blank\" rel=\"noreferrer noopener\">Gohardacht<\/a> et <a href=\"https:\/\/www.youtube.com\/watch?v=qvx0HUGatu4\" target=\"_blank\" rel=\"noreferrer noopener\">Mahabad<\/a> en scandant &#8220;Mort au dictateur&#8221; apr\u00e8s le meurtre de Mahsa Amini \u00e0 T\u00e9h\u00e9ran par les forces de s\u00e9curit\u00e9 de l&#8217;\u00c9tat.<\/p>\n\n\n<div class=\"wp-block-image\">\n<figure class=\"aligncenter size-full\"><img decoding=\"async\" src=\"data:image\/gif;base64,R0lGODlhAQABAIAAAAAAAP\/\/\/yH5BAEAAAAALAAAAAABAAEAAAIBRAA7\" data-src=\"https:\/\/wncri.org\/fr\/wp-content\/uploads\/2022\/09\/Women-of-Sanandaj-murder-of-Mahsa-Amini-2-min.jpg\" alt=\"Le meurtre de Mahsa Amini suscite des protestations \u00e0 l'universit\u00e9 de T\u00e9h\u00e9ran\" class=\"wp-image-16579 lazyload\"\/><noscript><img decoding=\"async\" width=\"750\" height=\"375\" src=\"https:\/\/wncri.org\/fr\/wp-content\/uploads\/2022\/09\/Women-of-Sanandaj-murder-of-Mahsa-Amini-2-min.jpg\" alt=\"Le meurtre de Mahsa Amini suscite des protestations \u00e0 l'universit\u00e9 de T\u00e9h\u00e9ran\" class=\"wp-image-16579 lazyload\" srcset=\"https:\/\/wncri.org\/fr\/wp-content\/uploads\/2022\/09\/Women-of-Sanandaj-murder-of-Mahsa-Amini-2-min.jpg 750w, https:\/\/wncri.org\/fr\/wp-content\/uploads\/2022\/09\/Women-of-Sanandaj-murder-of-Mahsa-Amini-2-min-300x150.jpg 300w, https:\/\/wncri.org\/fr\/wp-content\/uploads\/2022\/09\/Women-of-Sanandaj-murder-of-Mahsa-Amini-2-min-360x180.jpg 360w\" sizes=\"(max-width: 750px) 100vw, 750px\" \/><\/noscript><figcaption>Les femmes courageuses de Sanandaj ont largement particip\u00e9 aux manifestations organis\u00e9es \u00e0 la suite du meurtre de Mahsa Amini.<\/figcaption><\/figure>\n<\/div>\n\n<div class=\"wp-block-image\">\n<figure class=\"aligncenter size-full\"><img decoding=\"async\" src=\"data:image\/gif;base64,R0lGODlhAQABAIAAAAAAAP\/\/\/yH5BAEAAAAALAAAAAABAAEAAAIBRAA7\" data-src=\"https:\/\/wncri.org\/fr\/wp-content\/uploads\/2022\/09\/Women-of-Sanandaj-murder-of-Mahsa-Amini-1-min.jpg\" alt=\"Le meurtre de Mahsa Amini suscite des protestations \u00e0 l'universit\u00e9 de T\u00e9h\u00e9ran\" class=\"wp-image-16578 lazyload\"\/><noscript><img decoding=\"async\" width=\"750\" height=\"375\" src=\"https:\/\/wncri.org\/fr\/wp-content\/uploads\/2022\/09\/Women-of-Sanandaj-murder-of-Mahsa-Amini-1-min.jpg\" alt=\"Le meurtre de Mahsa Amini suscite des protestations \u00e0 l'universit\u00e9 de T\u00e9h\u00e9ran\" class=\"wp-image-16578 lazyload\" srcset=\"https:\/\/wncri.org\/fr\/wp-content\/uploads\/2022\/09\/Women-of-Sanandaj-murder-of-Mahsa-Amini-1-min.jpg 750w, https:\/\/wncri.org\/fr\/wp-content\/uploads\/2022\/09\/Women-of-Sanandaj-murder-of-Mahsa-Amini-1-min-300x150.jpg 300w, https:\/\/wncri.org\/fr\/wp-content\/uploads\/2022\/09\/Women-of-Sanandaj-murder-of-Mahsa-Amini-1-min-360x180.jpg 360w\" sizes=\"(max-width: 750px) 100vw, 750px\" \/><\/noscript><\/figure>\n<\/div>\n\n\n<p>Les forces de s\u00e9curit\u00e9 <a href=\"https:\/\/www.youtube.com\/watch?v=nC6-Y-fNlzc\" target=\"_blank\" rel=\"noreferrer noopener\">ont ouvert le feu sur des civils<\/a> non arm\u00e9s \u00e0 Sanandaj, et les <a href=\"https:\/\/www.youtube.com\/watch?v=MMW81mDcDFE\" target=\"_blank\" rel=\"noreferrer noopener\">affrontements<\/a> se poursuivent au moment o\u00f9 cette nouvelle est publi\u00e9e.<\/p>\n\n\n\n<p>Le samedi 17 septembre, les habitants de Saqqez, la ville natale de <a href=\"https:\/\/wncri.org\/fr\/2022\/09\/17\/mahsa\/\" target=\"_blank\" rel=\"noreferrer noopener\">Mahsa Amini<\/a>, ont commenc\u00e9 \u00e0 <a href=\"https:\/\/wncri.org\/fr\/2022\/09\/16\/mahsa-zhina-amini\/\" target=\"_blank\" rel=\"noreferrer noopener\">protester t\u00f4t le matin<\/a> et ont continu\u00e9 jusque tard dans la nuit.<\/p>\n\n\n\n<p>Les forces de s\u00e9curit\u00e9 de l&#8217;\u00c9tat ont bloqu\u00e9 toutes les entr\u00e9es et sorties de la ville. Les forces chevauchant des motos ont attaqu\u00e9 les habitants de Saqqez. Ils \u00e9taient \u00e9galement \u00e9quip\u00e9s d&#8217;engins anti-\u00e9meutes.<\/p>\n\n\n\n<p>Elles ont ouvert le feu sur la population et utilis\u00e9 des gaz lacrymog\u00e8nes contre elle. Plusieurs manifestants ont \u00e9t\u00e9 arr\u00eat\u00e9s, et au moins dix ont \u00e9t\u00e9 bless\u00e9s.<\/p>\n\n\n\n<p>La pr\u00e9sence massive de femmes courageuses dans ces manifestations \u00e9tait remarquable.<\/p>\n\n\n\n<p>Les manifestants ont jet\u00e9 des pierres sur les manifestations de Khamenei et y ont mis le feu. Ils ont scand\u00e9 &#8220;mort au dictateur&#8221;, &#8220;les martyrs ne meurent jamais&#8221; et &#8220;je tuerai celui qui a tu\u00e9 ma s\u0153ur&#8221;.<\/p>\n\n\n\n<p>Samedi soir, les habitants de Sanandaj sont descendus dans la rue en scandant &#8220;Saqqez n&#8217;est pas seul, Sanandaj est un supporter&#8221;, &#8220;Sanandaj est le supporter de Saqqez&#8221;, &#8220;Mort \u00e0 Khamenei&#8221;, &#8220;Mort au dictateur&#8221;, &#8220;Je tuerai celui qui a tu\u00e9 ma s\u0153ur&#8221;. Les forces de s\u00e9curit\u00e9 ont r\u00e9pondu par des gaz lacrymog\u00e8nes et des balles.<\/p>\n\n\n\n<p>Les habitants de Sanandaj ont affront\u00e9 les forces de s\u00e9curit\u00e9 de l&#8217;\u00c9tat en bloquant la route, en lan\u00e7ant des pierres et en d\u00e9chirant les banni\u00e8res du gouvernement et la photo de Qassem Soleimani.<\/p>\n\n\n\n<p>Plusieurs manifestants ont \u00e9t\u00e9 bless\u00e9s, et un groupe de personnes a \u00e9t\u00e9 arr\u00eat\u00e9. Le soul\u00e8vement de la population de Sanandaj s&#8217;est poursuivi toute la nuit malgr\u00e9 une r\u00e9pression s\u00e9v\u00e8re.<\/p>\n\n\n\n<p>Le r\u00e9gime cl\u00e9rical a bloqu\u00e9 l&#8217;Internet \u00e0 Saqqez et Sanandaj et l&#8217;a perturb\u00e9 dans certaines r\u00e9gions afin d&#8217;emp\u00eacher la propagation des protestations.<\/p>\n\n\n\n<h3 class=\"wp-block-heading\"><strong>Meurtre de Mahsa Amini<\/strong><\/h3>\n\n\n\n<p>La jeune femme kurde qui a \u00e9t\u00e9 violemment arr\u00eat\u00e9e le mardi 13 septembre est d\u00e9c\u00e9d\u00e9e cet apr\u00e8s-midi, \u00e0 15h40, le vendredi 16 septembre 2022. Mahsa (Zhina) Amini, 22 ans, originaire de Saqqez, au Kurdistan iranien, s&#8217;\u00e9tait rendue \u00e0 T\u00e9h\u00e9ran pour rendre visite \u00e0 ses proches dans la capitale.<\/p>\n\n\n\n<p>Mahsa (Zhina) Amini et son fr\u00e8re, Kiarash, sortaient de la station de m\u00e9tro Haqqani lorsque Mahsa a \u00e9t\u00e9 arr\u00eat\u00e9e par la &#8220;police morale&#8221; ou la patrouille d&#8217;orientation.<\/p>\n\n\n\n<p>Selon des t\u00e9moins oculaires, les agents de l&#8217;\u00c9tat ont brutalis\u00e9 Mahsa (Zhina) Amini dans le v\u00e9hicule de la SSF et dans le poste de la police morale de l&#8217;avenue Vozara.<\/p>\n\n\n\n<p>Deux heures seulement apr\u00e8s l&#8217;arrestation, elle est tomb\u00e9e dans le coma. Elle a \u00e9t\u00e9 transport\u00e9e \u00e0 l&#8217;h\u00f4pital de Kasra, o\u00f9 les m\u00e9decins ont d\u00e9clar\u00e9 qu&#8217;elle avait subi une attaque cardiaque et une h\u00e9morragie c\u00e9r\u00e9brale. Les coups violents port\u00e9s \u00e0 sa t\u00eate ont fractur\u00e9 son cr\u00e2ne. Elle est finalement d\u00e9c\u00e9d\u00e9e cet apr\u00e8s-midi.<\/p>\n\n\n\n<p><a href=\"https:\/\/wncri.org\/fr\/2022\/09\/16\/le-meurtre-de-mahsa-amini\/\" target=\"_blank\" rel=\"noreferrer noopener\">La Commission des femmes<\/a> du Conseil national de la R\u00e9sistance iranienne condamne fermement le meurtre de Mahsa Amini, 22 ans, aux mains des forces r\u00e9pressives du r\u00e9gime cl\u00e9rical misogyne.<\/p>\n\n\n\n<h3 class=\"wp-block-heading\"><strong>Appel au deuil national et \u00e0 des manifestations dans tout le pays<\/strong><\/h3>\n\n\n\n<p>Mme Maryam Radjavi, pr\u00e9sidente \u00e9lue du Conseil national de la R\u00e9sistance iranienne, a exprim\u00e9 sa profonde sympathie \u00e0 la famille et aux parents de Mahsa (Zhina) Amini.<\/p>\n\n\n\n<p>Elle a appel\u00e9 \u00e0 un <a href=\"https:\/\/www.maryam-rajavi.com\/fr\/deuil-national-iran-pour-meurtre-sauvage-jeune-kurde-innocente-mahsa-amini\/\" target=\"_blank\" rel=\"noreferrer noopener\">deuil national<\/a> pour Mahsa (Zhina) Amini, une jeune femme innocente brutalement assassin\u00e9e par les &#8220;patrouilles d&#8217;orientation&#8221; du r\u00e9gime.<\/p>\n\n\n\n<p>Mme Radjavi a \u00e9galement r\u00e9affirm\u00e9 que les patrouilles d&#8217;orientation doivent \u00eatre dissoutes.<\/p>\n\n\n\n<p>Elle a appel\u00e9 les femmes courageuses d&#8217;Iran \u00e0 organiser des manifestations nationales contre le r\u00e9gime mal\u00e9fique et misogyne des mollahs.<\/p>\n\n\n\n<p>&#8220;Les <a href=\"https:\/\/twitter.com\/Maryam_Rajavi\/status\/1570761610591088642\" target=\"_blank\" rel=\"noreferrer noopener\">femmes r\u00e9sistantes et r\u00e9silientes d&#8217;Iran<\/a> se dresseront contre la tyrannie et l&#8217;oppression des mollahs et de l&#8217;IRGC et les vaincront. Le peuple et les femmes iraniennes riposteront de toutes leurs forces&#8221;, a r\u00e9affirm\u00e9 Mme Radjavi.<\/p>\n","protected":false},"excerpt":{"rendered":"<p>Les habitants de Sanandaj et Saqqez poursuivent leur mouvement pour la deuxi\u00e8me nuit alors que d&#8217;autres villes se joignent \u00e0 eux. Les femmes participent largement aux protestations dans toutes les villes Les \u00e9tudiants de l&#8217;universit\u00e9 de T\u00e9h\u00e9ran ont manifest\u00e9 pour protester contre le meurtre de Mahsa Amini par des agents de la &#8220;patrouille d&#8217;orientation&#8221;. Les [&hellip;]<\/p>\n","protected":false},"author":4,"featured_media":16576,"comment_status":"closed","ping_status":"closed","sticky":false,"template":"","format":"standard","meta":{"jnews-multi-image_gallery":[],"jnews_single_post":{"subtitle":"","format":"standard","video":"","gallery":"","source_name":"","source_url":"","via_name":"","via_url":"","override_template":"0","override":[{"template":"7","single_blog_custom":"","parallax":"1","fullscreen":"1","layout":"right-sidebar","sidebar":"default-sidebar","second_sidebar":"default-sidebar","sticky_sidebar":"1","share_position":"floatbottom","share_float_style":"share-normal","show_share_counter":"1","show_view_counter":"1","show_featured":"1","show_post_meta":"1","show_post_author":"0","show_post_author_image":"1","show_post_date":"1","post_date_format":"default","post_date_format_custom":"Y\/m\/d","show_post_category":"1","show_post_reading_time":"0","post_reading_time_wpm":"300","show_zoom_button":"0","zoom_button_out_step":"2","zoom_button_in_step":"3","show_post_tag":"1","show_prev_next_post":"0","show_popup_post":"1","number_popup_post":"1","show_author_box":"0","show_post_related":"1","show_inline_post_related":"0"}],"override_image_size":"0","image_override":[{"single_post_thumbnail_size":"crop-500","single_post_gallery_size":"crop-500"}],"trending_post":"0","trending_post_position":"meta","trending_post_label":"Trending","sponsored_post":"0","sponsored_post_label":"Sponsored by","sponsored_post_name":"","sponsored_post_url":"","sponsored_post_logo_enable":"0","sponsored_post_logo":"","sponsored_post_desc":"","disable_ad":"0"},"jnews_primary_category":{"id":""},"jnews_social_meta":{"fb_title":"","fb_description":"","fb_image":"","twitter_title":"","twitter_description":"","twitter_image":""},"jnews_override_counter":{"override_view_counter":"0","view_counter_number":"0","override_share_counter":"0","share_counter_number":"0","override_like_counter":"0","like_counter_number":"0","override_dislike_counter":"0","dislike_counter_number":"0"},"footnotes":""},"categories":[3],"tags":[369,376,375],"class_list":["post-16575","post","type-post","status-publish","format-standard","has-post-thumbnail","hentry","category-infos-des-femmes","tag-manifestations","tag-violence-contre-les-femmes","tag-voile-obligatoire"],"_links":{"self":[{"href":"https:\/\/wncri.org\/fr\/wp-json\/wp\/v2\/posts\/16575","targetHints":{"allow":["GET"]}}],"collection":[{"href":"https:\/\/wncri.org\/fr\/wp-json\/wp\/v2\/posts"}],"about":[{"href":"https:\/\/wncri.org\/fr\/wp-json\/wp\/v2\/types\/post"}],"author":[{"embeddable":true,"href":"https:\/\/wncri.org\/fr\/wp-json\/wp\/v2\/users\/4"}],"replies":[{"embeddable":true,"href":"https:\/\/wncri.org\/fr\/wp-json\/wp\/v2\/comments?post=16575"}],"version-history":[{"count":1,"href":"https:\/\/wncri.org\/fr\/wp-json\/wp\/v2\/posts\/16575\/revisions"}],"predecessor-version":[{"id":16580,"href":"https:\/\/wncri.org\/fr\/wp-json\/wp\/v2\/posts\/16575\/revisions\/16580"}],"wp:featuredmedia":[{"embeddable":true,"href":"https:\/\/wncri.org\/fr\/wp-json\/wp\/v2\/media\/16576"}],"wp:attachment":[{"href":"https:\/\/wncri.org\/fr\/wp-json\/wp\/v2\/media?parent=16575"}],"wp:term":[{"taxonomy":"category","embeddable":true,"href":"https:\/\/wncri.org\/fr\/wp-json\/wp\/v2\/categories?post=16575"},{"taxonomy":"post_tag","embeddable":true,"href":"https:\/\/wncri.org\/fr\/wp-json\/wp\/v2\/tags?post=16575"}],"curies":[{"name":"wp","href":"https:\/\/api.w.org\/{rel}","templated":true}]}}