{"id":16561,"date":"2022-09-16T11:16:00","date_gmt":"2022-09-16T09:16:00","guid":{"rendered":"https:\/\/wncri.org\/fr\/?p=16561"},"modified":"2022-09-18T20:33:27","modified_gmt":"2022-09-18T18:33:27","slug":"mahsa-zhina-amini","status":"publish","type":"post","link":"https:\/\/wncri.org\/fr\/2022\/09\/16\/mahsa-zhina-amini\/","title":{"rendered":"Mahsa (Zhina) Amini meurt \u00e0 l&#8217;h\u00f4pital suite \u00e0 une h\u00e9morragie c\u00e9r\u00e9brale"},"content":{"rendered":"\n<h2 class=\"wp-block-heading\"><em>Maryam Radjavi appelle \u00e0 un deuil public pour Mahsa (Zhina) Amini<\/em><\/h2>\n\n\n\n<h2 class=\"wp-block-heading\"><em>Les habitants et les femmes de T\u00e9h\u00e9ran descendent dans la rue pour protester contre le meurtre de Mahsa (Zhina) Amini<\/em><\/h2>\n\n\n\n<p>La jeune femme kurde qui a \u00e9t\u00e9 violemment arr\u00eat\u00e9e le mardi 13 septembre est d\u00e9c\u00e9d\u00e9e cet apr\u00e8s-midi, \u00e0 15h40, le vendredi 16 septembre 2022. Mahsa (Zhina) Amini, 22 ans, originaire de Saqqez, au Kurdistan iranien, s&#8217;\u00e9tait rendue \u00e0 T\u00e9h\u00e9ran pour rendre visite \u00e0 ses proches dans la capitale.<\/p>\n\n\n\n<p>Mahsa (Zhina) Amini et son fr\u00e8re, Kiarach, sortaient de la station de m\u00e9tro Haqqani lorsque Mahsa a \u00e9t\u00e9 arr\u00eat\u00e9e par la &#8220;police morale&#8221; ou les patrouilles d&#8217;orientation.<\/p>\n\n\n\n<p>Selon des t\u00e9moins oculaires, les agents de l&#8217;\u00c9tat ont brutalis\u00e9 Mahsa (Zhina) Amini dans le v\u00e9hicule de la SSF et dans le poste de la police morale de l&#8217;avenue Vozara.<\/p>\n\n\n\n<p>Deux heures seulement apr\u00e8s l&#8217;arrestation, elle est tomb\u00e9e dans le coma. Elle a \u00e9t\u00e9 transport\u00e9e \u00e0 l&#8217;h\u00f4pital de Kasra, o\u00f9 les m\u00e9decins ont d\u00e9clar\u00e9 qu&#8217;elle avait subi une attaque cardiaque et une h\u00e9morragie c\u00e9r\u00e9brale. Les coups violents port\u00e9s \u00e0 sa t\u00eate ont fractur\u00e9 son cr\u00e2ne. Elle est finalement d\u00e9c\u00e9d\u00e9e cet apr\u00e8s-midi.<\/p>\n\n\n\n<p><a href=\"https:\/\/wncri.org\/fr\/2022\/09\/16\/le-meurtre-de-mahsa-amini\/\" target=\"_blank\" rel=\"noreferrer noopener\">La Commission des femmes<\/a> du Conseil national de la R\u00e9sistance iranienne condamne fermement le meurtre de Mahsa Amini, 22 ans, aux mains des forces r\u00e9pressives du r\u00e9gime cl\u00e9rical misogyne.<\/p>\n\n\n<div class=\"wp-block-image\">\n<figure class=\"aligncenter size-full\"><img decoding=\"async\" src=\"data:image\/gif;base64,R0lGODlhAQABAIAAAAAAAP\/\/\/yH5BAEAAAAALAAAAAABAAEAAAIBRAA7\" data-src=\"https:\/\/wncri.org\/fr\/wp-content\/uploads\/2022\/09\/Mahsa-Zhina-Amini-dies-in-hospital-2.jpg\" alt=\"Appel \u00e0 un deuil national\" class=\"wp-image-16562 lazyload\"\/><noscript><img decoding=\"async\" width=\"750\" height=\"375\" src=\"https:\/\/wncri.org\/fr\/wp-content\/uploads\/2022\/09\/Mahsa-Zhina-Amini-dies-in-hospital-2.jpg\" alt=\"Appel \u00e0 un deuil national\" class=\"wp-image-16562 lazyload\" srcset=\"https:\/\/wncri.org\/fr\/wp-content\/uploads\/2022\/09\/Mahsa-Zhina-Amini-dies-in-hospital-2.jpg 750w, https:\/\/wncri.org\/fr\/wp-content\/uploads\/2022\/09\/Mahsa-Zhina-Amini-dies-in-hospital-2-300x150.jpg 300w, https:\/\/wncri.org\/fr\/wp-content\/uploads\/2022\/09\/Mahsa-Zhina-Amini-dies-in-hospital-2-360x180.jpg 360w\" sizes=\"(max-width: 750px) 100vw, 750px\" \/><\/noscript><\/figure>\n<\/div>\n\n\n<h2 class=\"wp-block-heading\"><strong>Appel \u00e0 un deuil national<\/strong><\/h2>\n\n\n\n<p>Mme Maryam Radjavi, Pr\u00e9sidente \u00e9lue du Conseil national de la R\u00e9sistance iranienne, a exprim\u00e9 sa profonde sympathie \u00e0 la famille et aux parents de Mahsa (Zhina) Amini.<\/p>\n\n\n\n<p>Elle a appel\u00e9 \u00e0 un <a href=\"https:\/\/www.maryam-rajavi.com\/fr\/deuil-national-iran-pour-meurtre-sauvage-jeune-kurde-innocente-mahsa-amini\/\" target=\"_blank\" rel=\"noreferrer noopener\">deuil national<\/a> pour Mahsa (Zhina) Amini, une jeune femme innocente brutalement assassin\u00e9e par les &#8220;patrouilles d&#8217;orientation&#8221; du r\u00e9gime.<\/p>\n\n\n\n<p>Mme Radjavi a \u00e9galement r\u00e9it\u00e9r\u00e9 que les patrouilles d&#8217;orientation doivent \u00eatre dissoutes.<\/p>\n\n\n\n<p>Elle a appel\u00e9 les femmes courageuses d&#8217;Iran \u00e0 organiser des manifestations nationales contre le r\u00e9gime mal\u00e9fique et misogyne des mollahs.<\/p>\n\n\n\n<p>&#8220;Les <a href=\"https:\/\/twitter.com\/Maryam_Rajavi\/status\/1570761610591088642\" target=\"_blank\" rel=\"noreferrer noopener\">femmes r\u00e9sistantes et r\u00e9silientes<\/a> d&#8217;Iran se dresseront contre la tyrannie et l&#8217;oppression des mollahs et de l&#8217;IRGC et les vaincront. Le peuple et les femmes iraniennes riposteront de toutes leurs forces&#8221;, a r\u00e9affirm\u00e9 Mme Radjavi.<\/p>\n\n\n<div class=\"wp-block-image\">\n<figure class=\"aligncenter size-full\"><img decoding=\"async\" src=\"data:image\/gif;base64,R0lGODlhAQABAIAAAAAAAP\/\/\/yH5BAEAAAAALAAAAAABAAEAAAIBRAA7\" data-src=\"https:\/\/wncri.org\/fr\/wp-content\/uploads\/2022\/09\/Mahsa-Zhina-Amini-dies-in-hospital-3.jpg\" alt=\"Outr\u00e9e par le meurtre de Mahssa (Zhina) Amini, la population descend dans la rue\" class=\"wp-image-16563 lazyload\"\/><noscript><img decoding=\"async\" width=\"750\" height=\"375\" src=\"https:\/\/wncri.org\/fr\/wp-content\/uploads\/2022\/09\/Mahsa-Zhina-Amini-dies-in-hospital-3.jpg\" alt=\"Outr\u00e9e par le meurtre de Mahssa (Zhina) Amini, la population descend dans la rue\" class=\"wp-image-16563 lazyload\" srcset=\"https:\/\/wncri.org\/fr\/wp-content\/uploads\/2022\/09\/Mahsa-Zhina-Amini-dies-in-hospital-3.jpg 750w, https:\/\/wncri.org\/fr\/wp-content\/uploads\/2022\/09\/Mahsa-Zhina-Amini-dies-in-hospital-3-300x150.jpg 300w, https:\/\/wncri.org\/fr\/wp-content\/uploads\/2022\/09\/Mahsa-Zhina-Amini-dies-in-hospital-3-360x180.jpg 360w\" sizes=\"(max-width: 750px) 100vw, 750px\" \/><\/noscript><\/figure>\n<\/div>\n\n\n<h3 class=\"wp-block-heading\"><strong>Outr\u00e9e par le meurtre de Mahsa (Zhina) Amini, la population descend dans la rue<\/strong><\/h3>\n\n\n\n<p>Indign\u00e9s par le meurtre de l&#8217;innocente Mahsa (Zhina) Amini, les femmes et les <a href=\"https:\/\/www.youtube.com\/watch?v=1xuXS4JloTE\" target=\"_blank\" rel=\"noreferrer noopener\">habitants courageux<\/a> de T\u00e9h\u00e9ran sont <a href=\"https:\/\/www.youtube.com\/watch?v=fqdODqaw_CI\" target=\"_blank\" rel=\"noreferrer noopener\">descendus dans la rue<\/a> et ont march\u00e9 vers l&#8217;h\u00f4pital Kasra dans le centre-nord de la capitale.<\/p>\n\n\n\n<p>Dans <a href=\"https:\/\/www.youtube.com\/watch?v=o8Pj_PElN7w\" target=\"_blank\" rel=\"noreferrer noopener\">l&#8217;apr\u00e8s-midi<\/a>, des hordes de forces de s\u00e9curit\u00e9 ont <a href=\"https:\/\/www.youtube.com\/watch?v=9cP1hLDiA1o\" target=\"_blank\" rel=\"noreferrer noopener\">attaqu\u00e9 les manifestants<\/a> devant l&#8217;h\u00f4pital Kasra et arr\u00eat\u00e9 plusieurs femmes.<\/p>\n\n\n\n<p>Les manifestants ont scand\u00e9 &#8220;<a href=\"https:\/\/www.youtube.com\/watch?v=Cw-MkpG-s-w\" target=\"_blank\" rel=\"noreferrer noopener\">Mort \u00e0 Khamenei<\/a>&#8220;, &#8220;<a href=\"https:\/\/www.youtube.com\/watch?v=Cw-MkpG-s-w\" target=\"_blank\" rel=\"noreferrer noopener\">Mort au dictateur<\/a>&#8220;, &#8220;Khamenei est un meurtrier, son r\u00e8gne est ill\u00e9gitime&#8221; et &#8220;<a href=\"https:\/\/www.youtube.com\/watch?v=pBr0JuZijTk\" target=\"_blank\" rel=\"noopener\">Je tuerai celui qui a tu\u00e9 <\/a><a href=\"https:\/\/www.youtube.com\/watch?v=pBr0JuZijTk\" target=\"_blank\" rel=\"noreferrer noopener\">ma <\/a><a href=\"https:\/\/www.youtube.com\/watch?v=pBr0JuZijTk\" target=\"_blank\" rel=\"noopener\">s\u0153ur<\/a> !&#8221;.<\/p>\n\n\n\n<p>Ils ont \u00e9galement scand\u00e9 : &#8220;Du Kurdistan \u00e0 T\u00e9h\u00e9ran, arr\u00eatez l&#8217;oppression contre les femmes !&#8221;.<\/p>\n\n\n\n<p>Les forces de s\u00e9curit\u00e9 de l&#8217;\u00c9tat ont bloqu\u00e9 la zone pour emp\u00eacher la propagation des protestations. La circulation est dense sur la place d&#8217;Argentine \u00e0 T\u00e9h\u00e9ran, et les <a href=\"https:\/\/www.youtube.com\/watch?v=rSF1tCU8Zr4\" target=\"_blank\" rel=\"noreferrer noopener\">v\u00e9hicules sont bloqu\u00e9s.<\/a><\/p>\n","protected":false},"excerpt":{"rendered":"<p>Maryam Radjavi appelle \u00e0 un deuil public pour Mahsa (Zhina) Amini Les habitants et les femmes de T\u00e9h\u00e9ran descendent dans la rue pour protester contre le meurtre de Mahsa (Zhina) Amini La jeune femme kurde qui a \u00e9t\u00e9 violemment arr\u00eat\u00e9e le mardi 13 septembre est d\u00e9c\u00e9d\u00e9e cet apr\u00e8s-midi, \u00e0 15h40, le vendredi 16 septembre 2022. [&hellip;]<\/p>\n","protected":false},"author":4,"featured_media":16564,"comment_status":"closed","ping_status":"closed","sticky":false,"template":"","format":"standard","meta":{"jnews-multi-image_gallery":[],"jnews_single_post":{"subtitle":"","format":"standard","video":"","gallery":"","source_name":"","source_url":"","via_name":"","via_url":"","override_template":"0","override":[{"template":"7","single_blog_custom":"","parallax":"1","fullscreen":"1","layout":"right-sidebar","sidebar":"default-sidebar","second_sidebar":"default-sidebar","sticky_sidebar":"1","share_position":"floatbottom","share_float_style":"share-normal","show_share_counter":"1","show_view_counter":"1","show_featured":"1","show_post_meta":"1","show_post_author":"0","show_post_author_image":"1","show_post_date":"1","post_date_format":"default","post_date_format_custom":"Y\/m\/d","show_post_category":"1","show_post_reading_time":"0","post_reading_time_wpm":"300","show_zoom_button":"0","zoom_button_out_step":"2","zoom_button_in_step":"3","show_post_tag":"1","show_prev_next_post":"0","show_popup_post":"1","number_popup_post":"1","show_author_box":"0","show_post_related":"1","show_inline_post_related":"0"}],"override_image_size":"0","image_override":[{"single_post_thumbnail_size":"crop-500","single_post_gallery_size":"crop-500"}],"trending_post":"0","trending_post_position":"meta","trending_post_label":"Trending","sponsored_post":"0","sponsored_post_label":"Sponsored by","sponsored_post_name":"","sponsored_post_url":"","sponsored_post_logo_enable":"0","sponsored_post_logo":"","sponsored_post_desc":"","disable_ad":"0"},"jnews_primary_category":{"id":""},"jnews_social_meta":{"fb_title":"","fb_description":"","fb_image":"","twitter_title":"","twitter_description":"","twitter_image":""},"jnews_override_counter":{"override_view_counter":"0","view_counter_number":"0","override_share_counter":"0","share_counter_number":"0","override_like_counter":"0","like_counter_number":"0","override_dislike_counter":"0","dislike_counter_number":"0"},"footnotes":""},"categories":[3],"tags":[376,375],"class_list":["post-16561","post","type-post","status-publish","format-standard","has-post-thumbnail","hentry","category-infos-des-femmes","tag-violence-contre-les-femmes","tag-voile-obligatoire"],"_links":{"self":[{"href":"https:\/\/wncri.org\/fr\/wp-json\/wp\/v2\/posts\/16561","targetHints":{"allow":["GET"]}}],"collection":[{"href":"https:\/\/wncri.org\/fr\/wp-json\/wp\/v2\/posts"}],"about":[{"href":"https:\/\/wncri.org\/fr\/wp-json\/wp\/v2\/types\/post"}],"author":[{"embeddable":true,"href":"https:\/\/wncri.org\/fr\/wp-json\/wp\/v2\/users\/4"}],"replies":[{"embeddable":true,"href":"https:\/\/wncri.org\/fr\/wp-json\/wp\/v2\/comments?post=16561"}],"version-history":[{"count":2,"href":"https:\/\/wncri.org\/fr\/wp-json\/wp\/v2\/posts\/16561\/revisions"}],"predecessor-version":[{"id":16567,"href":"https:\/\/wncri.org\/fr\/wp-json\/wp\/v2\/posts\/16561\/revisions\/16567"}],"wp:featuredmedia":[{"embeddable":true,"href":"https:\/\/wncri.org\/fr\/wp-json\/wp\/v2\/media\/16564"}],"wp:attachment":[{"href":"https:\/\/wncri.org\/fr\/wp-json\/wp\/v2\/media?parent=16561"}],"wp:term":[{"taxonomy":"category","embeddable":true,"href":"https:\/\/wncri.org\/fr\/wp-json\/wp\/v2\/categories?post=16561"},{"taxonomy":"post_tag","embeddable":true,"href":"https:\/\/wncri.org\/fr\/wp-json\/wp\/v2\/tags?post=16561"}],"curies":[{"name":"wp","href":"https:\/\/api.w.org\/{rel}","templated":true}]}}