{"id":16496,"date":"2022-09-08T19:57:00","date_gmt":"2022-09-08T17:57:00","guid":{"rendered":"https:\/\/wncri.org\/fr\/?p=16496"},"modified":"2022-09-09T20:45:17","modified_gmt":"2022-09-09T18:45:17","slug":"sepideh-rashno-liberee","status":"publish","type":"post","link":"https:\/\/wncri.org\/fr\/2022\/09\/08\/sepideh-rashno-liberee\/","title":{"rendered":"Sepideh Rashno lib\u00e9r\u00e9e sous caution apr\u00e8s un mois et demi de torture"},"content":{"rendered":"\n<p>Sepideh Rashno est une artiste, \u00e9crivaine et \u00e9ditrice de 28 ans. Elle a \u00e9t\u00e9 temporairement lib\u00e9r\u00e9e moyennant une caution de 800 millions de tomans le 30 ao\u00fbt 2022, apr\u00e8s un mois et demi de d\u00e9tention. Son fr\u00e8re a tweet\u00e9 la nouvelle de sa lib\u00e9ration.<\/p>\n\n\n\n<p>Sepideh Rashno a re\u00e7u un avertissement d&#8217;une <a href=\"https:\/\/wncri.org\/fr\/2022\/06\/17\/hijab-obligatoire\/\" target=\"_blank\" rel=\"noreferrer noopener\">patrouille du vice<\/a> en raison de ses v\u00eatements. Cela s&#8217;est pass\u00e9 le 16 juillet 2022, lorsqu&#8217;elle est mont\u00e9e dans un bus (Rapid Transit-BRT) \u00e0 T\u00e9h\u00e9ran. Elle a refus\u00e9 de se taire, et une dispute a \u00e9clat\u00e9 entre elles. Une agente du vice a \u00e9t\u00e9 \u00e9ject\u00e9e du bus par d&#8217;autres passagers qui ont vu l&#8217;incident.<\/p>\n\n\n\n<p>Quelques jours apr\u00e8s cet incident, des agents du minist\u00e8re des Renseignements ont arr\u00eat\u00e9 Sepideh. Ils l&#8217;ont tortur\u00e9e lors de l&#8217;interrogatoire.<\/p>\n\n\n<div class=\"wp-block-image\">\n<figure class=\"aligncenter size-full\"><img decoding=\"async\" src=\"data:image\/gif;base64,R0lGODlhAQABAIAAAAAAAP\/\/\/yH5BAEAAAAALAAAAAABAAEAAAIBRAA7\" data-src=\"https:\/\/wncri.org\/fr\/wp-content\/uploads\/2022\/09\/Sepideh-Rashno-3-min.jpg\" alt=\"Sepideh Rashno lib\u00e9r\u00e9e sous caution apr\u00e8s un mois et demi de torture\" class=\"wp-image-16500 lazyload\"\/><noscript><img decoding=\"async\" width=\"750\" height=\"375\" src=\"https:\/\/wncri.org\/fr\/wp-content\/uploads\/2022\/09\/Sepideh-Rashno-3-min.jpg\" alt=\"Sepideh Rashno lib\u00e9r\u00e9e sous caution apr\u00e8s un mois et demi de torture\" class=\"wp-image-16500 lazyload\" srcset=\"https:\/\/wncri.org\/fr\/wp-content\/uploads\/2022\/09\/Sepideh-Rashno-3-min.jpg 750w, https:\/\/wncri.org\/fr\/wp-content\/uploads\/2022\/09\/Sepideh-Rashno-3-min-300x150.jpg 300w, https:\/\/wncri.org\/fr\/wp-content\/uploads\/2022\/09\/Sepideh-Rashno-3-min-360x180.jpg 360w\" sizes=\"(max-width: 750px) 100vw, 750px\" \/><\/noscript><figcaption>Sepideh Rashno, deuxi\u00e8me \u00e0 droite, quelques instants apr\u00e8s la libert\u00e9<\/figcaption><\/figure>\n<\/div>\n\n\n<h3 class=\"wp-block-heading\"><strong>Comment Sepideh Rashno a-t-elle \u00e9t\u00e9 arr\u00eat\u00e9e ?<\/strong><\/h3>\n\n\n\n<p>Une vid\u00e9o d&#8217;une confrontation entre des passag\u00e8res d&#8217;un bus de transport rapide \u00e0 T\u00e9h\u00e9ran est devenue virale fin juillet. La vid\u00e9o montre une femme portant un foulard, Rayeheh Rabi\u2019i, attaquant Sepideh Rashno apr\u00e8s l&#8217;avoir avertie de se couvrir les cheveux. Rabi\u2019i a \u00e9t\u00e9 pouss\u00e9e hors du bus par des personnes qui ont d\u00e9couvert qu&#8217;elle filmait quiconque s&#8217;opposait \u00e0 son action. Rabi\u2019i a menac\u00e9 Sepideh d&#8217;exposer sa vid\u00e9o aux Gardiens de la r\u00e9volution (pasdarans).<\/p>\n\n\n\n<p>Les pasdarans ont arr\u00eat\u00e9 Mme Rashno le 18 juillet, apr\u00e8s avoir re\u00e7u la vid\u00e9o et l&#8217;image que leur avait donn\u00e9es Rayeheh. Apr\u00e8s son arrestation, les m\u00e9dias sociaux se sont montr\u00e9s tr\u00e8s inquiets quant au lieu de d\u00e9tention de la jeune militante.<\/p>\n\n\n\n<p>Apr\u00e8s sa disparition pendant plusieurs jours, la t\u00e9l\u00e9vision d&#8217;\u00c9tat iranienne a diffus\u00e9 la &#8220;confession&#8221; de Rashno le 31 juillet. Elle semblait \u00eatre en mauvais \u00e9tat physique et des bleus \u00e9taient visibles autour de ses yeux.<\/p>\n\n\n\n<p>Les t\u00e9l\u00e9spectateurs ont tir\u00e9 la conclusion \u00e9vidente qu&#8217;elle avait \u00e9t\u00e9 contrainte de faire des aveux sous la torture. Elle a d\u00fb s&#8217;excuser aupr\u00e8s de Rayeheh pour avoir \u00e9t\u00e9 offens\u00e9e et attaqu\u00e9e par elle et a demand\u00e9 \u00e0 \u00eatre graci\u00e9e.<\/p>\n\n\n\n<p>Une militante a comment\u00e9 apr\u00e8s l&#8217;arrestation de Sepideh : &#8221; Vous montez dans un bus en \u00e9t\u00e9 avec une temp\u00e9rature de 40 degr\u00e9s. Vous \u00eates g\u00ean\u00e9e de porter un pantalon, un chemisier, une longue veste et votre foulard. Puis votre foulard tombe, et quelqu&#8217;un vous met en garde contre le hijab. Cette personne vous mord, mais c&#8217;est vous qui vous faites arr\u00eater.&#8221;<\/p>\n\n\n\n<p>Un journaliste a \u00e9crit : &#8220;Une femme a \u00e9t\u00e9 arr\u00eat\u00e9e apr\u00e8s s&#8217;\u00eatre d\u00e9fendue lorsqu&#8217;elle a \u00e9t\u00e9 harcel\u00e9e par un voyou. Les crimes impunis ne resteront pas sans r\u00e9ponse.&#8221;<\/p>\n\n\n<div class=\"wp-block-image\">\n<figure class=\"aligncenter size-full\"><img decoding=\"async\" src=\"data:image\/gif;base64,R0lGODlhAQABAIAAAAAAAP\/\/\/yH5BAEAAAAALAAAAAABAAEAAAIBRAA7\" data-src=\"https:\/\/wncri.org\/fr\/wp-content\/uploads\/2022\/09\/Rayeheh-Rabii-min.jpg\" alt=\"\" class=\"wp-image-16497 lazyload\"\/><noscript><img decoding=\"async\" width=\"750\" height=\"375\" src=\"https:\/\/wncri.org\/fr\/wp-content\/uploads\/2022\/09\/Rayeheh-Rabii-min.jpg\" alt=\"\" class=\"wp-image-16497 lazyload\" srcset=\"https:\/\/wncri.org\/fr\/wp-content\/uploads\/2022\/09\/Rayeheh-Rabii-min.jpg 750w, https:\/\/wncri.org\/fr\/wp-content\/uploads\/2022\/09\/Rayeheh-Rabii-min-300x150.jpg 300w, https:\/\/wncri.org\/fr\/wp-content\/uploads\/2022\/09\/Rayeheh-Rabii-min-360x180.jpg 360w\" sizes=\"(max-width: 750px) 100vw, 750px\" \/><\/noscript><figcaption>Rayeheh Rabii, la patrouille des m\u0153urs qui a pi\u00e9g\u00e9 Sepideh Rashno et provoqu\u00e9 son arrestation.<\/figcaption><\/figure>\n<\/div>\n\n\n<h3 class=\"wp-block-heading\"><strong>Torture de Sepideh Rashno en d\u00e9tention<\/strong><\/h3>\n\n\n\n<p>Sepideh Rashno est originaire de Khorramabad, dans l&#8217;ouest de l&#8217;Iran, mais elle r\u00e9side actuellement \u00e0 T\u00e9h\u00e9ran dans une cit\u00e9 universitaire.<\/p>\n\n\n\n<p>Apr\u00e8s son arrestation, Sepideh a \u00e9t\u00e9 transf\u00e9r\u00e9e \u00e0 l&#8217;isolement dans le quartier 2A de la prison d&#8217;Evine et interrog\u00e9e. Elle s&#8217;est vu refuser les droits fondamentaux d&#8217;un accus\u00e9, notamment le contact avec sa famille et <a href=\"https:\/\/wncri.org\/fr\/?s=justice+arbitraire\">l&#8217;acc\u00e8s \u00e0 un avocat<\/a>. Les interrogateurs l&#8217;ont forc\u00e9e \u00e0 plaider coupable \u00e0 la t\u00e9l\u00e9vision en la mena\u00e7ant et en l&#8217;intimidant.<\/p>\n\n\n\n<p>Sepideh a \u00e9t\u00e9 transf\u00e9r\u00e9e \u00e0 l&#8217;h\u00f4pital Talegani de T\u00e9h\u00e9ran le 21 juillet 2022. Une source inform\u00e9e du transfert a d\u00e9clar\u00e9 : &#8220;Sepideh Rashno a \u00e9t\u00e9 emmen\u00e9e \u00e0 l&#8217;h\u00f4pital Talegani de T\u00e9h\u00e9ran pendant la nuit avec plusieurs agents qui l&#8217;entouraient. Elle a d\u00fb subir une radiographie en raison du risque d&#8217;h\u00e9morragie interne caus\u00e9 par les coups port\u00e9s \u00e0 sa cavit\u00e9 abdominale.&#8221;<\/p>\n\n\n\n<p>Des t\u00e9moins sur les lieux du transfert l&#8217;ont vue trembler et \u00eatre incapable de marcher droit. Sa tension art\u00e9rielle avait \u00e9galement chut\u00e9. Les forces de s\u00e9curit\u00e9 n&#8217;ont pas permis \u00e0 Sepideh de parler \u00e0 d&#8217;autres personnes et lui ont refus\u00e9 toute intimit\u00e9 pendant la consultation. Les autorit\u00e9s l&#8217;ont ramen\u00e9e au centre de d\u00e9tention cette nuit-l\u00e0.<\/p>\n\n\n\n<p>Alors que Sepideh \u00e9tait hospitalis\u00e9e dans la section des urgences, l&#8217;atmosph\u00e8re est vite devenue tendue. Le personnel m\u00e9dical n&#8217;a pas \u00e9t\u00e9 autoris\u00e9 \u00e0 utiliser son t\u00e9l\u00e9phone portable.&nbsp;<\/p>\n\n\n<div class=\"wp-block-image\">\n<figure class=\"aligncenter size-full\"><img decoding=\"async\" src=\"data:image\/gif;base64,R0lGODlhAQABAIAAAAAAAP\/\/\/yH5BAEAAAAALAAAAAABAAEAAAIBRAA7\" data-src=\"https:\/\/wncri.org\/fr\/wp-content\/uploads\/2022\/09\/Sepideh-Rashno-2-min.jpg\" alt=\"Sepideh Rashno lib\u00e9r\u00e9e sous caution apr\u00e8s un mois et demi de torture\" class=\"wp-image-16499 lazyload\"\/><noscript><img decoding=\"async\" width=\"750\" height=\"375\" src=\"https:\/\/wncri.org\/fr\/wp-content\/uploads\/2022\/09\/Sepideh-Rashno-2-min.jpg\" alt=\"Sepideh Rashno lib\u00e9r\u00e9e sous caution apr\u00e8s un mois et demi de torture\" class=\"wp-image-16499 lazyload\" srcset=\"https:\/\/wncri.org\/fr\/wp-content\/uploads\/2022\/09\/Sepideh-Rashno-2-min.jpg 750w, https:\/\/wncri.org\/fr\/wp-content\/uploads\/2022\/09\/Sepideh-Rashno-2-min-300x150.jpg 300w, https:\/\/wncri.org\/fr\/wp-content\/uploads\/2022\/09\/Sepideh-Rashno-2-min-360x180.jpg 360w\" sizes=\"(max-width: 750px) 100vw, 750px\" \/><\/noscript><figcaption>\u00c0 gauche, Sepideh Rashno \u00e0 la t\u00e9l\u00e9vision d&#8217;\u00c9tat.<\/figcaption><\/figure>\n<\/div>\n\n\n<h3 class=\"wp-block-heading\"><strong>Confession forc\u00e9e \u00e0 la t\u00e9l\u00e9vision d&#8217;Etat<\/strong><\/h3>\n\n\n\n<p>La t\u00e9l\u00e9vision d&#8217;\u00c9tat (IRIB) a diffus\u00e9 les aveux forc\u00e9s de Sepideh le 31 juillet 2022. Le 20 ao\u00fbt 2022, l&#8217;agence de presse du minist\u00e8re de la Justice a accus\u00e9 Sepideh Rashno d'&#8221;activit\u00e9s de propagande contre l&#8217;\u00c9tat&#8221; et d'&#8221;encouragement \u00e0 la corruption et \u00e0 la prostitution&#8221;.<\/p>\n\n\n\n<p>La prisonni\u00e8re politique Leila Hosseinzadeh a \u00e9crit dans un fil de tweets sur la d\u00e9tention et l&#8217;\u00e9tat de Sepideh Rashno. Elle a d\u00e9clar\u00e9 avoir v\u00e9cu des situations similaires en prison.<\/p>\n\n\n\n<p>Leila a \u00e9t\u00e9 battue et arr\u00eat\u00e9e par dix membres des forces de s\u00e9curit\u00e9 \u00e0 T\u00e9h\u00e9ran apr\u00e8s avoir post\u00e9 la note. Elle a \u00e9t\u00e9 emmen\u00e9e au centre de d\u00e9tention de Chiraz, et son compte est hors de port\u00e9e.<\/p>\n","protected":false},"excerpt":{"rendered":"<p>Sepideh Rashno est une artiste, \u00e9crivaine et \u00e9ditrice de 28 ans. Elle a \u00e9t\u00e9 temporairement lib\u00e9r\u00e9e moyennant une caution de 800 millions de tomans le 30 ao\u00fbt 2022, apr\u00e8s un mois et demi de d\u00e9tention. Son fr\u00e8re a tweet\u00e9 la nouvelle de sa lib\u00e9ration. Sepideh Rashno a re\u00e7u un avertissement d&#8217;une patrouille du vice en [&hellip;]<\/p>\n","protected":false},"author":4,"featured_media":16498,"comment_status":"closed","ping_status":"closed","sticky":false,"template":"","format":"standard","meta":{"jnews-multi-image_gallery":[],"jnews_single_post":{"subtitle":"","format":"standard","video":"","gallery":"","source_name":"","source_url":"","via_name":"","via_url":"","override_template":"0","override":[{"template":"7","single_blog_custom":"","parallax":"1","fullscreen":"1","layout":"right-sidebar","sidebar":"default-sidebar","second_sidebar":"default-sidebar","sticky_sidebar":"1","share_position":"floatbottom","share_float_style":"share-normal","show_share_counter":"1","show_view_counter":"1","show_featured":"1","show_post_meta":"1","show_post_author":"0","show_post_author_image":"1","show_post_date":"1","post_date_format":"default","post_date_format_custom":"Y\/m\/d","show_post_category":"1","show_post_reading_time":"0","post_reading_time_wpm":"300","show_zoom_button":"0","zoom_button_out_step":"2","zoom_button_in_step":"3","show_post_tag":"1","show_prev_next_post":"0","show_popup_post":"1","number_popup_post":"1","show_author_box":"0","show_post_related":"1","show_inline_post_related":"0"}],"override_image_size":"0","image_override":[{"single_post_thumbnail_size":"crop-500","single_post_gallery_size":"crop-500"}],"trending_post":"0","trending_post_position":"meta","trending_post_label":"Trending","sponsored_post":"0","sponsored_post_label":"Sponsored by","sponsored_post_name":"","sponsored_post_url":"","sponsored_post_logo_enable":"0","sponsored_post_logo":"","sponsored_post_desc":"","disable_ad":"0"},"jnews_primary_category":{"id":""},"jnews_social_meta":{"fb_title":"","fb_description":"","fb_image":"","twitter_title":"","twitter_description":"","twitter_image":""},"jnews_override_counter":{"override_view_counter":"0","view_counter_number":"0","override_share_counter":"0","share_counter_number":"0","override_like_counter":"0","like_counter_number":"0","override_dislike_counter":"0","dislike_counter_number":"0"},"footnotes":""},"categories":[8],"tags":[376,375],"class_list":["post-16496","post","type-post","status-publish","format-standard","has-post-thumbnail","hentry","category-articles","tag-violence-contre-les-femmes","tag-voile-obligatoire"],"_links":{"self":[{"href":"https:\/\/wncri.org\/fr\/wp-json\/wp\/v2\/posts\/16496","targetHints":{"allow":["GET"]}}],"collection":[{"href":"https:\/\/wncri.org\/fr\/wp-json\/wp\/v2\/posts"}],"about":[{"href":"https:\/\/wncri.org\/fr\/wp-json\/wp\/v2\/types\/post"}],"author":[{"embeddable":true,"href":"https:\/\/wncri.org\/fr\/wp-json\/wp\/v2\/users\/4"}],"replies":[{"embeddable":true,"href":"https:\/\/wncri.org\/fr\/wp-json\/wp\/v2\/comments?post=16496"}],"version-history":[{"count":1,"href":"https:\/\/wncri.org\/fr\/wp-json\/wp\/v2\/posts\/16496\/revisions"}],"predecessor-version":[{"id":16501,"href":"https:\/\/wncri.org\/fr\/wp-json\/wp\/v2\/posts\/16496\/revisions\/16501"}],"wp:featuredmedia":[{"embeddable":true,"href":"https:\/\/wncri.org\/fr\/wp-json\/wp\/v2\/media\/16498"}],"wp:attachment":[{"href":"https:\/\/wncri.org\/fr\/wp-json\/wp\/v2\/media?parent=16496"}],"wp:term":[{"taxonomy":"category","embeddable":true,"href":"https:\/\/wncri.org\/fr\/wp-json\/wp\/v2\/categories?post=16496"},{"taxonomy":"post_tag","embeddable":true,"href":"https:\/\/wncri.org\/fr\/wp-json\/wp\/v2\/tags?post=16496"}],"curies":[{"name":"wp","href":"https:\/\/api.w.org\/{rel}","templated":true}]}}