{"id":16491,"date":"2022-09-04T15:37:00","date_gmt":"2022-09-04T13:37:00","guid":{"rendered":"https:\/\/wncri.org\/fr\/?p=16491"},"modified":"2022-09-10T16:23:11","modified_gmt":"2022-09-10T14:23:11","slug":"les-femmes-incarcerees","status":"publish","type":"post","link":"https:\/\/wncri.org\/fr\/2022\/09\/04\/les-femmes-incarcerees\/","title":{"rendered":"Rapport mensuel ao\u00fbt 2022 &#8211; Les femmes incarc\u00e9r\u00e9es subissent une pression croissante"},"content":{"rendered":"\n<p><strong>Les femmes incarc\u00e9r\u00e9es subissent une pression croissante<\/strong> <strong>alors que le r\u00e9gime cl\u00e9rical redoute une chute imminente<\/strong><\/p>\n\n\n\n<p>La peur et le d\u00e9sespoir des mollahs face \u00e0 l&#8217;\u00e9ruption du m\u00e9contentement populaire et au risque d&#8217;\u00eatre renvers\u00e9s ne connaissent aucune limite. Le r\u00e9gime veut faire face \u00e0 l&#8217;incapacit\u00e9 d&#8217;Ebrahim Ra\u00efssi \u00e0 contenir les manifestations quotidiennes en multipliant <a href=\"https:\/\/wncri.org\/fr\/?s=execution\" target=\"_blank\" rel=\"noreferrer noopener\">les ex\u00e9cutions<\/a> et en accentuant la pression sur les prisonniers politiques, hommes et femmes.<\/p>\n\n\n\n<p>Les pressions, les restrictions, la r\u00e9pression, la torture et le harc\u00e8lement physique et mental des prisonniers, en particulier des femmes incarc\u00e9r\u00e9es, sont monnaie courante dans les prisons du r\u00e9gime cl\u00e9rical. Ces pressions et cette r\u00e9pression ont brutalement augment\u00e9 pendant <a href=\"https:\/\/wncri.org\/fr\/2021\/08\/17\/ebrahim-raissi-architecte-du-massacre-des-prisonniers\/\" target=\"_blank\" rel=\"noreferrer noopener\">le mandat de Ra\u00efssi<\/a>.<\/p>\n\n\n\n<p>Torturer \u00e0 mort les prisonniers politiques est \u00e9galement une m\u00e9thode connue du r\u00e9gime des mollahs. La mort de femmes incarc\u00e9r\u00e9es, la r\u00e9apparition du coronavirus et l&#8217;augmentation du nombre de d\u00e9tenues infect\u00e9es dans le quartier des femmes de la prison d&#8217;Evine, la torture et le passage \u00e0 tabac de prisonni\u00e8res, ainsi que des dizaines d&#8217;exemples de refus de traitement m\u00e9dical et d&#8217;interdiction de visite sont quelques-unes des nouvelles quotidiennes concernant les prisonniers.<\/p>\n\n\n\n<p>Les Nations Unies et tous les d\u00e9fenseurs des droits humains devraient former et envoyer une d\u00e9l\u00e9gation internationale pour visiter les prisons du r\u00e9gime iranien et parler aux prisonniers, en particulier aux prisonniers politiques. Ils doivent prendre des mesures imm\u00e9diates pour sauver la vie des prisonniers <a href=\"https:\/\/wncri.org\/fr\/2021\/07\/27\/execution-et-meurtre-des-mots-sinistres-synonymes-du-nom-de-raissi\/\" target=\"_blank\" rel=\"noreferrer noopener\">du couloir de la mort<\/a>, des prisonniers malades et de ceux qui sont tortur\u00e9s.<\/p>\n\n\n\n<h3 class=\"wp-block-heading\"><strong>Tabassage des prisonni\u00e8res politiques<\/strong><strong><\/strong><\/h3>\n\n\n\n<p>Les prisonni\u00e8res politiques ont souvent \u00e9t\u00e9 battues et brutalis\u00e9es au cours du mois dernier. Dans tous les cas, les autorit\u00e9s p\u00e9nitentiaires \u00e9taient impliqu\u00e9es, soit directement, soit en engageant de dangereuses criminelles pour les battre.<\/p>\n\n\n<div class=\"wp-block-image\">\n<figure class=\"aligncenter size-full\"><img decoding=\"async\" src=\"data:image\/gif;base64,R0lGODlhAQABAIAAAAAAAP\/\/\/yH5BAEAAAAALAAAAAABAAEAAAIBRAA7\" data-src=\"https:\/\/wncri.org\/fr\/wp-content\/uploads\/2022\/08\/Massoumeh-Asgari-min.jpg\" alt=\"Prison de Kachouii - La prisonni\u00e8re politique Massoumeh Asgari a failli \u00eatre tu\u00e9e\" class=\"wp-image-16373 lazyload\"\/><noscript><img decoding=\"async\" width=\"750\" height=\"375\" src=\"https:\/\/wncri.org\/fr\/wp-content\/uploads\/2022\/08\/Massoumeh-Asgari-min.jpg\" alt=\"Prison de Kachouii - La prisonni\u00e8re politique Massoumeh Asgari a failli \u00eatre tu\u00e9e\" class=\"wp-image-16373 lazyload\" srcset=\"https:\/\/wncri.org\/fr\/wp-content\/uploads\/2022\/08\/Massoumeh-Asgari-min.jpg 750w, https:\/\/wncri.org\/fr\/wp-content\/uploads\/2022\/08\/Massoumeh-Asgari-min-300x150.jpg 300w, https:\/\/wncri.org\/fr\/wp-content\/uploads\/2022\/08\/Massoumeh-Asgari-min-360x180.jpg 360w\" sizes=\"(max-width: 750px) 100vw, 750px\" \/><\/noscript><figcaption><strong>Massoumeh Asgari<\/strong><\/figcaption><\/figure>\n<\/div>\n\n\n<h4 class=\"wp-block-heading\"><strong>Enseignante \u00e0 la retraite, Massoumeh Asgari<\/strong><\/h4>\n\n\n\n<p>Un groupe de prisonniers engag\u00e9s a failli tuer Massoumeh Asgari dans la prison de Kachoui le 16 ao\u00fbt 2022.<\/p>\n\n\n\n<p>Le directeur de la prison avait engag\u00e9 le groupe d&#8217;assaillantes pour agresser Mme Asgari. Elles ont tent\u00e9 de <a href=\"https:\/\/wncri.org\/fr\/2022\/08\/18\/prison-de-kachouii\/\" target=\"_blank\" rel=\"noreferrer noopener\">l&#8217;\u00e9trangler et de la tuer<\/a> en la saisissant \u00e0 la gorge.<\/p>\n\n\n\n<p>Massoumeh Asgari a \u00e9t\u00e9 battue si violemment qu&#8217;elle a perdu connaissance. D&#8217;autres prisonni\u00e8res politiques ont eu du mal \u00e0 l&#8217;arracher \u00e0 ses assaillantes pour la sauver.<\/p>\n\n\n\n<p>Aucun des gardiens de prison et des fonctionnaires qui ont assist\u00e9 \u00e0 la sc\u00e8ne n&#8217;est intervenu pour sauver la vie du prisonnier politique. Les agresseurs ont dit aux autres prisonniers politiques qu&#8217;ils allaient tuer Massoumeh.<\/p>\n\n\n\n<p>La prisonni\u00e8re politique Massoumeh Asgari est une enseignante \u00e0 la retraite et l&#8217;unique parente de son fils de 16 ans. Elle purge sa peine \u00e0 la prison de Kachoui \u00e0 Karadj, \u00e0 40 kilom\u00e8tres de T\u00e9h\u00e9ran.<\/p>\n\n\n\n<p>Massoumeh Asgari souffre de diverses maladies et prend 20 comprim\u00e9s par jour. Elle a \u00e9t\u00e9 condamn\u00e9e \u00e0 cinq ans de prison pour &#8220;rassemblement et collusion contre la s\u00e9curit\u00e9 nationale&#8221; parce qu&#8217;elle a particip\u00e9 aux rassemblements de protestation des enseignants et des retrait\u00e9s.<\/p>\n\n\n<div class=\"wp-block-image\">\n<figure class=\"aligncenter size-full\"><img decoding=\"async\" src=\"data:image\/gif;base64,R0lGODlhAQABAIAAAAAAAP\/\/\/yH5BAEAAAAALAAAAAABAAEAAAIBRAA7\" data-src=\"https:\/\/wncri.org\/fr\/wp-content\/uploads\/2022\/02\/Khadijeh-Mehdipour-min.jpg\" alt=\"Khadijeh Medipour\" class=\"wp-image-15248 lazyload\"\/><noscript><img decoding=\"async\" width=\"750\" height=\"375\" src=\"https:\/\/wncri.org\/fr\/wp-content\/uploads\/2022\/02\/Khadijeh-Mehdipour-min.jpg\" alt=\"Khadijeh Medipour\" class=\"wp-image-15248 lazyload\" srcset=\"https:\/\/wncri.org\/fr\/wp-content\/uploads\/2022\/02\/Khadijeh-Mehdipour-min.jpg 750w, https:\/\/wncri.org\/fr\/wp-content\/uploads\/2022\/02\/Khadijeh-Mehdipour-min-300x150.jpg 300w, https:\/\/wncri.org\/fr\/wp-content\/uploads\/2022\/02\/Khadijeh-Mehdipour-min-360x180.jpg 360w\" sizes=\"(max-width: 750px) 100vw, 750px\" \/><\/noscript><figcaption><strong>Khadijeh Mehdipour<\/strong><\/figcaption><\/figure>\n<\/div>\n\n\n<h4 class=\"wp-block-heading\"><strong>La prisonni\u00e8re politique Khadijeh Mehdipour<\/strong><\/h4>\n\n\n\n<p>Khadijeh Mehdipour, une prisonni\u00e8re politique de 34 ans, a \u00e9t\u00e9 <a href=\"https:\/\/wncri.org\/fr\/2022\/08\/17\/battues-et-privees\/\" target=\"_blank\" rel=\"noreferrer noopener\">battue et agress\u00e9e<\/a> par des d\u00e9tenues condamn\u00e9es pour des crimes violents.<\/p>\n\n\n\n<p>Les autorit\u00e9s p\u00e9nitentiaires lui ont interdit de passer des appels t\u00e9l\u00e9phoniques imm\u00e9diatement apr\u00e8s l&#8217;incident. Khadijeh Mehdipour n&#8217;a eu aucun contact avec sa famille au cours de la semaine \u00e9coul\u00e9e. Les autorit\u00e9s de la prison d&#8217;Ilam l&#8217;ont priv\u00e9e de tout contact avec sa famille en guise de sanction pour l&#8217;accusation de blasph\u00e8me dont elle fait l&#8217;objet.<\/p>\n\n\n\n<p>Le passage \u00e0 tabac et le harc\u00e8lement de Mme Mehdipour ont \u00e9t\u00e9 planifi\u00e9s par les autorit\u00e9s de la prison d&#8217;Ilam. Leurs mercenaires ont emp\u00each\u00e9 Khadijeh de retourner dans son quartier le soir venu, la for\u00e7ant \u00e0 passer la nuit dans la biblioth\u00e8que de la prison.<\/p>\n\n\n<div class=\"wp-block-image\">\n<figure class=\"aligncenter size-full\"><img decoding=\"async\" src=\"data:image\/gif;base64,R0lGODlhAQABAIAAAAAAAP\/\/\/yH5BAEAAAAALAAAAAABAAEAAAIBRAA7\" data-src=\"https:\/\/wncri.org\/fr\/wp-content\/uploads\/2022\/09\/Maryam-Akbari-Monfared-deprived-of-visitations-min.jpg\" alt=\"Prisonni\u00e8re politique priv\u00e9e de visites pendant trois mois\" class=\"wp-image-16457 lazyload\"\/><noscript><img decoding=\"async\" width=\"750\" height=\"375\" src=\"https:\/\/wncri.org\/fr\/wp-content\/uploads\/2022\/09\/Maryam-Akbari-Monfared-deprived-of-visitations-min.jpg\" alt=\"Prisonni\u00e8re politique priv\u00e9e de visites pendant trois mois\" class=\"wp-image-16457 lazyload\" srcset=\"https:\/\/wncri.org\/fr\/wp-content\/uploads\/2022\/09\/Maryam-Akbari-Monfared-deprived-of-visitations-min.jpg 750w, https:\/\/wncri.org\/fr\/wp-content\/uploads\/2022\/09\/Maryam-Akbari-Monfared-deprived-of-visitations-min-300x150.jpg 300w, https:\/\/wncri.org\/fr\/wp-content\/uploads\/2022\/09\/Maryam-Akbari-Monfared-deprived-of-visitations-min-360x180.jpg 360w\" sizes=\"(max-width: 750px) 100vw, 750px\" \/><\/noscript><figcaption><strong>Maryam Akbari Monfared<\/strong><\/figcaption><\/figure>\n<\/div>\n\n\n<h4 class=\"wp-block-heading\"><strong>La prisonni\u00e8re politique Maryam Akbari Monfared<\/strong><\/h4>\n\n\n\n<p>La prisonni\u00e8re politique Maryam Akbari-Monfared <a href=\"https:\/\/wncri.org\/fr\/2022\/08\/25\/prisonniere-politique-bannie\/\" target=\"_blank\" rel=\"noreferrer noopener\">a \u00e9t\u00e9 battue<\/a> par Hosseinipour, le chef du parloir de la prison de Semnan, le 24 ao\u00fbt 2022.<\/p>\n\n\n\n<p>Kordi, le sous-directeur de la prison de Semnan, a rejet\u00e9 de mani\u00e8re insultante la visite des deux filles de Mme Akbari. Il leur a refus\u00e9 le droit de voir leur m\u00e8re parce qu&#8217;elles ne portaient pas de tchador (le voile recouvrant tout le corps de la t\u00eate aux pieds, laissant le visage libre). Kordi avait \u00e9galement l&#8217;intention de renvoyer Mme Akbari dans son quartier.<strong><\/strong><\/p>\n\n\n\n<p>Lorsque Mme Akbari s&#8217;est oppos\u00e9e \u00e0 ce que ses filles soient oblig\u00e9es de porter les tchadors contamin\u00e9s de la prison et a r\u00e9sist\u00e9 \u00e0 l&#8217;id\u00e9e de retourner dans la salle, Hosseinipour l&#8217;a saisie \u00e0 la gorge et l&#8217;a battue.<\/p>\n\n\n\n<p>Finalement, face \u00e0 la forte r\u00e9sistance de Maryam, Kordi l&#8217;a autoris\u00e9e \u00e0 recevoir une visite de ses deux filles.<\/p>\n\n\n\n<p>Par la suite, le 30 ao\u00fbt 2022, les autorit\u00e9s de la prison de Semnan l\u2019ont inform\u00e9e qu&#8217;elle serait <a href=\"https:\/\/wncri.org\/fr\/2022\/08\/31\/politique-privee-de-visites\/\" target=\"_blank\" rel=\"noreferrer noopener\">priv\u00e9e de visites<\/a> pendant trois mois.<\/p>\n\n\n\n<p>Maryam Akbari Monfared purge la 13e ann\u00e9e de sa peine de 15 ans de prison pour avoir demand\u00e9 justice pour sa s\u0153ur et ses trois fr\u00e8res ex\u00e9cut\u00e9s par le r\u00e9gime cl\u00e9rical en 1981, 1984 et 1988. Selon les lois du r\u00e9gime cl\u00e9rical, elle aurait d\u00fb \u00eatre lib\u00e9r\u00e9e au bout de dix ans. N\u00e9anmoins, elle est toujours en d\u00e9tention.<\/p>\n\n\n<div class=\"wp-block-image\">\n<figure class=\"aligncenter size-full\"><img decoding=\"async\" src=\"data:image\/gif;base64,R0lGODlhAQABAIAAAAAAAP\/\/\/yH5BAEAAAAALAAAAAABAAEAAAIBRAA7\" data-src=\"https:\/\/wncri.org\/fr\/wp-content\/uploads\/2022\/08\/Soada-Khadirzadeh-suicide.jpg\" alt=\"Soada Khadirzadeh a tent\u00e9 de se suicider apr\u00e8s avoir \u00e9t\u00e9 menac\u00e9e par des agents des services des renseignements\" class=\"wp-image-16376 lazyload\"\/><noscript><img decoding=\"async\" width=\"750\" height=\"375\" src=\"https:\/\/wncri.org\/fr\/wp-content\/uploads\/2022\/08\/Soada-Khadirzadeh-suicide.jpg\" alt=\"Soada Khadirzadeh a tent\u00e9 de se suicider apr\u00e8s avoir \u00e9t\u00e9 menac\u00e9e par des agents des services des renseignements\" class=\"wp-image-16376 lazyload\" srcset=\"https:\/\/wncri.org\/fr\/wp-content\/uploads\/2022\/08\/Soada-Khadirzadeh-suicide.jpg 750w, https:\/\/wncri.org\/fr\/wp-content\/uploads\/2022\/08\/Soada-Khadirzadeh-suicide-300x150.jpg 300w, https:\/\/wncri.org\/fr\/wp-content\/uploads\/2022\/08\/Soada-Khadirzadeh-suicide-360x180.jpg 360w\" sizes=\"(max-width: 750px) 100vw, 750px\" \/><\/noscript><figcaption><strong>Soada Khadirzadeh<\/strong><\/figcaption><\/figure>\n<\/div>\n\n\n<h4 class=\"wp-block-heading\"><strong>Soada Khadirzadeh, otage des pasdarans<\/strong><\/h4>\n\n\n\n<p>Soada Khadirzadeh est une autre femme incarc\u00e9r\u00e9e, d\u00e9tenue sous une pression \u00e9norme dans la prison centrale d\u2019Oroumieh. Elle a r\u00e9cemment donn\u00e9 naissance \u00e0 une petite fille en prison.<\/p>\n\n\n\n<p>En raison des pressions exerc\u00e9es par le minist\u00e8re du Renseignement pour lui extorquer de faux aveux, Mme Khadirzadeh est dans un \u00e9tat psychologique et physique d\u00e9plorable. Le 18 ao\u00fbt 2022, elle a tent\u00e9 <a href=\"https:\/\/wncri.org\/fr\/2022\/08\/19\/soada\/\" target=\"_blank\" rel=\"noreferrer noopener\">de se suicider<\/a> par pendaison.<\/p>\n\n\n\n<p>&nbsp;Dans un enregistrement audio qu&#8217;elle a envoy\u00e9 de la prison, Soada a d\u00e9clar\u00e9 qu&#8217;elle avait tent\u00e9 de se suicider \u00e0 plusieurs reprises.<\/p>\n\n\n\n<p>Le proc\u00e8s de Soada Khadirzadeh s&#8217;est tenu en ligne le 24 ao\u00fbt. Morad Pirotinia, un plaignant, a menac\u00e9 de tuer Mme Khadirzadeh si elle \u00e9tait lib\u00e9r\u00e9e de prison. Khezr Pirotinia, son p\u00e8re, \u00e9tait un membre du Corps des gardiens de la r\u00e9volution (pasdarans) assassin\u00e9 par un inconnu le 5 octobre 2021.<\/p>\n\n\n\n<p>Le procureur de Mahabad refuse d&#8217;accepter une caution pour lib\u00e9rer Mme Khadirzadeh. Sa famille a vers\u00e9 3 milliards de tomans pour une lib\u00e9ration conditionnelle. Cependant, les autorit\u00e9s judiciaires ont retard\u00e9 cette lib\u00e9ration sous divers pr\u00e9textes.<\/p>\n\n\n\n<p>Soada Khadirzadeh a \u00e9t\u00e9 brusquement d\u00e9plac\u00e9e du quartier des femmes de la prison d&#8217;Orourmieh le 25 ao\u00fbt 2022, et emmen\u00e9e dans un lieu non divulgu\u00e9. Sa petite fille de deux mois est d\u00e9sormais prise en charge par plusieurs d\u00e9tenues. Mme Khadirzadeh avait d\u00e9j\u00e0 d\u00e9clar\u00e9 qu&#8217;elle \u00e9tait un otage aux mains des pasdarans.<\/p>\n\n\n\n<h4 class=\"wp-block-heading\"><strong>Des femmes incarc\u00e9r\u00e9es, Sahar et Tina, attach\u00e9es \u00e0 un lit pendant 24 heures<\/strong><\/h4>\n\n\n\n<p>Une prisonni\u00e8re nomm\u00e9e Sahar F. a \u00e9t\u00e9 attach\u00e9e \u00e0 un lit du dispensaire de la prison de Vakilabad \u00e0 Machad pendant 24 heures, ainsi que sa fille de 12 ans, Tina Gh, les mains et les pieds menott\u00e9s au lit.<\/p>\n\n\n\n<p>Sahar et Tina ont \u00e9t\u00e9 attach\u00e9es au lit pour s&#8217;\u00eatre disput\u00e9es avec des gardiennes du quartier des femmes de la prison de Vakilabad (la prison centrale de Machad) le 3 ao\u00fbt 2022. &nbsp;<\/p>\n\n\n\n<p>La m\u00e8re et la fille ont \u00e9t\u00e9 renvoy\u00e9es en cellule dans la soir\u00e9e du 4 ao\u00fbt.<\/p>\n\n\n\n<h4 class=\"wp-block-heading\"><strong>Des femmes incarc\u00e9r\u00e9es meurent en prison<\/strong><\/h4>\n\n\n\n<p><a href=\"https:\/\/wncri.org\/fr\/2022\/07\/27\/prison-de-vakilabad\/\" target=\"_blank\" rel=\"noreferrer noopener\">Azam Pakdel, 40 ans<\/a>, est morte dans le quartier des femmes de la prison de Vakilabad, \u00e0 Machad, le 24 juillet 2022, faute d&#8217;attention m\u00e9dicale. Elle \u00e9tait atteinte d&#8217;un cancer de l&#8217;estomac. Bien que le m\u00e9decin ait insist\u00e9 sur la chimioth\u00e9rapie, les autorit\u00e9s p\u00e9nitentiaires n&#8217;ont pris aucune mesure concernant le traitement de cette prisonni\u00e8re.<\/p>\n\n\n\n<p>Azam Pakdel a \u00e9t\u00e9 emmen\u00e9e au dispensaire de la prison dans la nuit du samedi 23 juillet, dans un \u00e9tat critique. Mais elle a \u00e9t\u00e9 examin\u00e9e en tant que patiente externe et renvoy\u00e9e dans le service. Elle a finalement perdu la vie apr\u00e8s de longues souffrances.<\/p>\n\n\n\n<h3 class=\"wp-block-heading\"><strong>Nouvelle \u00e9pid\u00e9mie de Covid-19 dans le quartier des femmes de la prison d&#8217;Evine<\/strong><\/h3>\n\n\n\n<p>Les nouvelles de la prison d&#8217;Evine indiquent la r\u00e9\u00e9mergence du Coronavirus dans le quartier des femmes. Par cons\u00e9quent, le nombre de d\u00e9tenues infect\u00e9es augmente.<\/p>\n\n\n\n<p>L&#8217;augmentation quotidienne du nombre de prisonni\u00e8res a aggrav\u00e9 la situation ces jours-ci pendant la contagion du Covid-19. Par ailleurs, certaines d\u00e9tenues purgeant leur peine souffrent de maladies pulmonaires et cardiaques.<\/p>\n\n\n\n<p>Le m\u00e9pris des autorit\u00e9s p\u00e9nitentiaires pour la sant\u00e9 et la vie des prisonni\u00e8res d&#8217;Evine, de Qarchak et d&#8217;autres prisons est connu de tous. Cependant, <a href=\"https:\/\/wncri.org\/fr\/2022\/07\/25\/les-conditions-deplorables-de\/\">ces pressions<\/a> ont augment\u00e9 lorsque Ra\u00efssi a pris ses fonctions.<\/p>\n\n\n\n<p>Sur ordre du directeur g\u00e9n\u00e9ral des prisons de la province de T\u00e9h\u00e9ran, toutes les d\u00e9tenues politiques de Qarchak ont \u00e9t\u00e9 transf\u00e9r\u00e9es dans la salle n\u00b0 2 du quartier des femmes de la prison d&#8217;Evine le 20 juillet. Cette salle \u00e9tait auparavant utilis\u00e9e comme une quarantaine sp\u00e9ciale pour les malades du Covid. Avec l&#8217;arriv\u00e9e de nouvelles prisonni\u00e8res, il n&#8217;y a plus de place pour la quarantaine, et les femmes sont envoy\u00e9es directement dans le service g\u00e9n\u00e9ral. Le transfert des prisonni\u00e8res a eu lieu \u00e0 un moment o\u00f9 la tuberculose s&#8217;\u00e9tait r\u00e9pandue dans la prison de Qarchak<\/p>\n\n\n\n<p>.Les prisonni\u00e8res politiques Faranguisse Mazloum, Parastou Moini, Fatemeh Mossanna, Forough Taghipour, Asal Mohammadi, Samine Ehsani et Zohreh Sarv font partie des prisonni\u00e8res politiques infect\u00e9es par le Covid-19.<\/p>\n\n\n<div class=\"wp-block-image\">\n<figure class=\"aligncenter size-full\"><img decoding=\"async\" src=\"data:image\/gif;base64,R0lGODlhAQABAIAAAAAAAP\/\/\/yH5BAEAAAAALAAAAAABAAEAAAIBRAA7\" data-src=\"https:\/\/wncri.org\/fr\/wp-content\/uploads\/2022\/08\/Renewed-Coronavirus-outbreak-min.jpg\" alt=\"Nouvelle \u00e9pid\u00e9mie de coronavirus dans le quartier des femmes d'Evin\" class=\"wp-image-16284 lazyload\"\/><noscript><img decoding=\"async\" width=\"750\" height=\"375\" src=\"https:\/\/wncri.org\/fr\/wp-content\/uploads\/2022\/08\/Renewed-Coronavirus-outbreak-min.jpg\" alt=\"Nouvelle \u00e9pid\u00e9mie de coronavirus dans le quartier des femmes d'Evin\" class=\"wp-image-16284 lazyload\" srcset=\"https:\/\/wncri.org\/fr\/wp-content\/uploads\/2022\/08\/Renewed-Coronavirus-outbreak-min.jpg 750w, https:\/\/wncri.org\/fr\/wp-content\/uploads\/2022\/08\/Renewed-Coronavirus-outbreak-min-300x150.jpg 300w, https:\/\/wncri.org\/fr\/wp-content\/uploads\/2022\/08\/Renewed-Coronavirus-outbreak-min-360x180.jpg 360w\" sizes=\"(max-width: 750px) 100vw, 750px\" \/><\/noscript><figcaption>From left, Fatemeh Mossanna and Parastou Moini<\/figcaption><\/figure>\n<\/div>\n\n\n<p>Elles n&#8217;ont acc\u00e8s \u00e0 aucun traitement ni \u00e0 aucun soin m\u00e9dical. Les autorit\u00e9s p\u00e9nitentiaires et les gardiennes ne leur donnent aucun m\u00e9dicament et emp\u00eachent m\u00eame la livraison des m\u00e9dicaments fournis par les familles.<\/p>\n\n\n\n<p>Par exemple, <a href=\"https:\/\/wncri.org\/fr\/2022\/08\/24\/quartier-des-femmes-devine\/\" target=\"_blank\" rel=\"noreferrer noopener\">Asal Mohammadi<\/a> et Samin Ehsani ont \u00e9t\u00e9 gard\u00e9es dans une pi\u00e8ce vide pendant toute une nuit. La porte \u00e9tait ferm\u00e9e \u00e0 cl\u00e9 et les gardiennes n&#8217;ont pas pris la peine de v\u00e9rifier leur situation pendant la nuit. Les prisonni\u00e8res \u00e9taient si faibles qu&#8217;elles ne pouvaient pas atteindre le robinet d&#8217;eau de mani\u00e8re autonome. Lorsque les deux malades se sont plaintes, les gardiennes ont r\u00e9pondu : &#8220;Nous ne sommes pas des infirmi\u00e8res !&#8221;<\/p>\n\n\n\n<p>R\u00e9cemment, 16 prisonni\u00e8res politiques ont protest\u00e9 contre la propagation du coronavirus et le manque d&#8217;acc\u00e8s \u00e0 des installations sanitaires et de traitement appropri\u00e9es. Elles ont r\u00e9dig\u00e9 une d\u00e9claration dans laquelle elles s&#8217;opposent \u00e0 l&#8217;augmentation du nombre de personnes infect\u00e9es, \u00e0 l&#8217;augmentation soudaine du nombre de d\u00e9tenues et au manque d&#8217;espace appropri\u00e9 pour l&#8217;isolement et la quarantaine. La d\u00e9claration indique que la population totale du quartier des femmes de la prison d&#8217;Evine est de 60 personnes. Bien que certaines soient en permission de sortie, la densit\u00e9 de population est \u00e9lev\u00e9e.<\/p>\n\n\n\n<p>Une source inform\u00e9e a \u00e9galement fait \u00e9tat des probl\u00e8mes dans le quartier des femmes de la prison d&#8217;Evine. Elle pointe du doigt, le manque d&#8217;espace suffisant pour se reposer, \u00e9tudier, le manque d&#8217;hygi\u00e8ne et de d\u00e9tergents, et les probl\u00e8mes dans le domaine de l&#8217;alimentation.<\/p>\n\n\n\n<p>Les prisonni\u00e8res politiques se sont vu refuser les visites en t\u00eate-\u00e0-t\u00eate en raison du coronavirus et sont limit\u00e9es aux visites en cabine. Les fen\u00eatres des cabines de r\u00e9union sont sales et pleines de barreaux. Ces barreaux \u00e9taient auparavant destin\u00e9s aux prisonniers dangereux, et les prisonni\u00e8res politiques utilisaient la section sans barreaux. La plupart des t\u00e9l\u00e9phones des salles de r\u00e9union sont cass\u00e9s. Les prisonni\u00e8res ne peuvent pas voir le visage de leur famille ni entendre leur voix correctement.<\/p>\n\n\n\n<p>Les femmes incarc\u00e9r\u00e9es sont confront\u00e9es \u00e0 de nombreux probl\u00e8mes, tels que le temps de t\u00e9l\u00e9phone limit\u00e9, le refus des appels t\u00e9l\u00e9phoniques le week-end, le manque d&#8217;espace pour se reposer et \u00e9tudier, le manque d&#8217;hygi\u00e8ne et de d\u00e9tergents, les probl\u00e8mes de nourriture, etc.<strong><\/strong><\/p>\n\n\n\n<h4 class=\"wp-block-heading\"><strong>Le quartier des femmes de la prison de Khoy<\/strong><\/h4>\n\n\n\n<p>Le quartier des femmes de la prison de Khoy est \u00e9galement dans un \u00e9tat d\u00e9plorable. Les d\u00e9tenues y souffrent de la faim. La viande rouge ne fait pas partie du r\u00e9gime alimentaire. La volaille est rarement utilis\u00e9e dans l&#8217;alimentation ; un poulet est le quota alimentaire de 38 prisonni\u00e8res.<\/p>\n\n\n\n<p>Le quartier des femmes de la prison de Khoy est situ\u00e9 \u00e0 c\u00f4t\u00e9 du b\u00e2timent des installations et de la salle de travail. Cet endroit est dans une situation tr\u00e8s anormale, et il n&#8217;y a aucune nouvelle \u00e0 ce sujet.<\/p>\n\n\n\n<h4 class=\"wp-block-heading\"><strong>Le quartier des femmes de la prison d\u2019Amol<\/strong><\/h4>\n\n\n\n<p>Le responsable des affaires culturelles de la prison d&#8217;Amol a emp\u00each\u00e9 la remise de livres \u00e0 l&#8217;une des condamn\u00e9es \u00e0 mort de cette prison.<\/p>\n\n\n\n<p>&nbsp;L&#8217;ancienne prisonni\u00e8re politique <a href=\"https:\/\/wncri.org\/fr\/2021\/09\/27\/golrokh-bannie-depuis-plus-de-huit-mois-a-la-prison-damol\/\" target=\"_blank\" rel=\"noreferrer noopener\">Golrokh Ebrahimi Iraee<\/a>, qui a pass\u00e9 une partie de sa d\u00e9tention \u00e0 la prison d&#8217;Amol, a publi\u00e9 un message sur son compte. Elle a \u00e9crit : Les autorit\u00e9s de la prison d&#8217;Amol ont emp\u00each\u00e9 la livraison de 10 volumes de livres, dont des romans et des livres de psychologie, \u00e0 une prisonni\u00e8re du couloir de la mort dans le quartier des femmes de cette prison. Les gardiens de la prison d&#8217;Amol ont un long pass\u00e9 de harc\u00e8lement des femmes d\u00e9tenues.<\/p>\n\n\n\n<p>Une cinquantaine de d\u00e9tenues sont incarc\u00e9r\u00e9es dans le quartier des femmes de la prison d&#8217;Amol. Elles sont d\u00e9sempar\u00e9es apr\u00e8s l&#8217;ex\u00e9cution de <a href=\"https:\/\/wncri.org\/fr\/2022\/08\/11\/la-prison-de-vakilabad-une-mere\/\" target=\"_blank\" rel=\"noreferrer noopener\">Massoumeh Zareii<\/a> dans cette prison, et une autre cod\u00e9tenue sera ex\u00e9cut\u00e9e de fa\u00e7on imminente.<\/p>\n\n\n\n<h3 class=\"wp-block-heading\"><strong>Prisonni\u00e8res malades et femmes incarc\u00e9r\u00e9es priv\u00e9es de traitement<\/strong><\/h3>\n\n\n\n<p>De nombreux prisonni\u00e8res malades sont priv\u00e9es de traitement et se voient refuser des soins. La plupart d&#8217;entre elles sont toujours enferm\u00e9es en prison malgr\u00e9 la confirmation par les m\u00e9decins l\u00e9gistes qu&#8217;elles ne supportent pas les conditions de d\u00e9tention.<\/p>\n\n\n\n<p>La n\u00e9cessit\u00e9 d&#8217;envoyer les prisonni\u00e8res politiques malades \u00e0 l&#8217;h\u00f4pital est devenue un moyen de torture et d&#8217;humiliation mentale et physique de la part des agents et des autorit\u00e9s p\u00e9nitentiaires. De plus, dans de nombreux cas, apr\u00e8s avoir envoy\u00e9 la patiente \u00e0 l&#8217;h\u00f4pital, les proc\u00e9dures de traitement sont laiss\u00e9es inachev\u00e9es sous pr\u00e9texte de changement d&#8217;\u00e9quipe et d&#8217;autres faux pr\u00e9textes. M\u00eame si la personne a besoin d&#8217;\u00eatre hospitalis\u00e9e, elle est renvoy\u00e9e en prison.<\/p>\n\n\n<div class=\"wp-block-image\">\n<figure class=\"aligncenter size-full\"><img decoding=\"async\" src=\"data:image\/gif;base64,R0lGODlhAQABAIAAAAAAAP\/\/\/yH5BAEAAAAALAAAAAABAAEAAAIBRAA7\" data-src=\"https:\/\/wncri.org\/fr\/wp-content\/uploads\/2022\/02\/Farangis-Mazloum-min.jpg\" alt=\"Faranguis Mazloum sous pressions pour purger sa peine de prison malgr\u00e9 sa maladie\" class=\"wp-image-15210 lazyload\"\/><noscript><img decoding=\"async\" width=\"750\" height=\"375\" src=\"https:\/\/wncri.org\/fr\/wp-content\/uploads\/2022\/02\/Farangis-Mazloum-min.jpg\" alt=\"Faranguis Mazloum sous pressions pour purger sa peine de prison malgr\u00e9 sa maladie\" class=\"wp-image-15210 lazyload\" srcset=\"https:\/\/wncri.org\/fr\/wp-content\/uploads\/2022\/02\/Farangis-Mazloum-min.jpg 750w, https:\/\/wncri.org\/fr\/wp-content\/uploads\/2022\/02\/Farangis-Mazloum-min-300x150.jpg 300w, https:\/\/wncri.org\/fr\/wp-content\/uploads\/2022\/02\/Farangis-Mazloum-min-360x180.jpg 360w\" sizes=\"(max-width: 750px) 100vw, 750px\" \/><\/noscript><figcaption><strong>Faranguisse Mazloum<\/strong><\/figcaption><\/figure>\n<\/div>\n\n\n<h4 class=\"wp-block-heading\"><strong>La prisonni\u00e8re politique Faranguisse Mazloum<\/strong><\/h4>\n\n\n\n<p>La prisonni\u00e8re politique <a href=\"https:\/\/wncri.org\/fr\/2022\/08\/04\/faranguisse-mazloum-emprisonne\/\" target=\"_blank\" rel=\"noreferrer noopener\">Faranguisse Mazloum<\/a> souffre d&#8217;une maladie cardiaque \u00e0 Evine. Elle a d\u00e9j\u00e0 subi une angiographie cardiaque. Elle a d\u00fb \u00eatre hospitalis\u00e9e pendant 24 heures sous la surveillance d&#8217;un m\u00e9decin. N\u00e9anmoins, elle a \u00e9t\u00e9 renvoy\u00e9e \u00e0 la prison d&#8217;Evine la nuit m\u00eame.<\/p>\n\n\n\n<p>De nouveau, le 21 ao\u00fbt 2022, elle a \u00e9t\u00e9 transf\u00e9r\u00e9e \u00e0 l&#8217;h\u00f4pital Taleghani en raison de br\u00fblures d&#8217;estomac. Selon le m\u00e9decin, Mme Mazloum aurait d\u00fb \u00eatre admise \u00e0 l&#8217;h\u00f4pital. Mais en raison de l&#8217;absence de signature du procureur, elle a \u00e9t\u00e9 renvoy\u00e9e en prison.<\/p>\n\n\n\n<p>Selon le diagnostic de la m\u00e9decine l\u00e9gale, Faranguisse Mazloum, la m\u00e8re de l&#8217;ancien prisonnier politique Sohail Arabi, aurait d\u00fb recevoir une s\u00e9rie de soins m\u00e9dicaux pendant son s\u00e9jour en prison. Mais la prison d&#8217;Evine ne dispose pas de tels \u00e9quipements et traitements. Les autorit\u00e9s p\u00e9nitentiaires n&#8217;auraient pas d\u00fb l&#8217;accepter en prison.<\/p>\n\n\n\n<p>Le 2 ao\u00fbt 2022, les agents du minist\u00e8re du Renseignement ont emmen\u00e9 Mme Mazloum \u00e0 la prison d&#8217;Evine malgr\u00e9 son \u00e9tat physique grave, ses probl\u00e8mes cardiaques, son accident vasculaire c\u00e9r\u00e9bral et ses fortes douleurs \u00e0 la jambe qui ont n\u00e9cessit\u00e9 une intervention chirurgicale. Faranguisse Mazloum est l&#8217;une des femmes incarc\u00e9r\u00e9es qui ont contract\u00e9 la maladie lors de la r\u00e9surgence du coronavirus \u00e0 Evine.<\/p>\n\n\n\n<h4 class=\"wp-block-heading\"><strong>La prisonni\u00e8re politique Golareh Abbasi<\/strong><\/h4>\n\n\n\n<p><a href=\"https:\/\/wncri.org\/fr\/2022\/08\/22\/prisonniere-politique-leila\/\" target=\"_blank\" rel=\"noreferrer noopener\">Golareh Abbasi<\/a>, prisonni\u00e8re politique, est enferm\u00e9e \u00e0 la prison d&#8217;Evine alors qu&#8217;elle souffre de divers probl\u00e8mes de sant\u00e9, notamment d&#8217;un disque lombaire, d&#8217;arthrite et de st\u00e9nose spinale. Golareh Abbasi, 46 ans, est le seul soutien de famille. Elle purge une peine de 2 ans et 6 mois.<\/p>\n\n\n\n<p>Bien que les m\u00e9decins aient soulign\u00e9 qu&#8217;elle ne pouvait pas supporter d&#8217;\u00eatre en prison, Golareh Abbasi a \u00e9t\u00e9 priv\u00e9e de traitement m\u00e9dical ou de permission de sortie pour raisons m\u00e9dicales.<\/p>\n\n\n<div class=\"wp-block-image\">\n<figure class=\"aligncenter size-full\"><img decoding=\"async\" src=\"data:image\/gif;base64,R0lGODlhAQABAIAAAAAAAP\/\/\/yH5BAEAAAAALAAAAAABAAEAAAIBRAA7\" data-src=\"https:\/\/wncri.org\/fr\/wp-content\/uploads\/2022\/06\/rights-activist-Monireh-Arabshahi.jpg\" alt=\"Monireh Arabshahi\" class=\"wp-image-16014 lazyload\"\/><noscript><img decoding=\"async\" width=\"750\" height=\"375\" src=\"https:\/\/wncri.org\/fr\/wp-content\/uploads\/2022\/06\/rights-activist-Monireh-Arabshahi.jpg\" alt=\"Monireh Arabshahi\" class=\"wp-image-16014 lazyload\" srcset=\"https:\/\/wncri.org\/fr\/wp-content\/uploads\/2022\/06\/rights-activist-Monireh-Arabshahi.jpg 750w, https:\/\/wncri.org\/fr\/wp-content\/uploads\/2022\/06\/rights-activist-Monireh-Arabshahi-300x150.jpg 300w, https:\/\/wncri.org\/fr\/wp-content\/uploads\/2022\/06\/rights-activist-Monireh-Arabshahi-360x180.jpg 360w\" sizes=\"(max-width: 750px) 100vw, 750px\" \/><\/noscript><figcaption>Monireh Arabshahi<\/figcaption><\/figure>\n<\/div>\n\n\n<h4 class=\"wp-block-heading\"><strong>La prisonni\u00e8re politique Monireh Arabshahi<\/strong><\/h4>\n\n\n\n<p>Monireh Arabshahi, prisonni\u00e8re politique d\u00e9tenue \u00e0 la prison de Kachoui \u00e0 Karadj, doit se rendre \u00e0 l&#8217;h\u00f4pital tous les dix jours pour des examens li\u00e9s \u00e0 sa maladie. Cependant, les autorit\u00e9s de la prison de ne l&#8217;autorisent \u00e0 le faire qu&#8217;une fois par mois, contrairement aux prescriptions m\u00e9dicale.<\/p>\n\n\n\n<p>De m\u00eame, depuis plus d&#8217;un an, le bureau du procureur n&#8217;a pas acc\u00e9d\u00e9 \u00e0 la demande de permission de Monireh Arabshahi et de sa fille Yasaman Aryani. Sans respecter le principe de la s\u00e9paration des crimes, elles sont d\u00e9tenues dans le quartier 4 de la prison de Kachoui \u00e0 Karadj.<\/p>\n\n\n<div class=\"wp-block-image\">\n<figure class=\"aligncenter size-full\"><img decoding=\"async\" src=\"data:image\/gif;base64,R0lGODlhAQABAIAAAAAAAP\/\/\/yH5BAEAAAAALAAAAAABAAEAAAIBRAA7\" data-src=\"https:\/\/wncri.org\/fr\/wp-content\/uploads\/2022\/08\/Political-prisoner-Samaneh-Saeedi.jpg\" alt=\"La prisonni\u00e8re politique Samaneh Saeedi priv\u00e9e de soins m\u00e9dicaux\" class=\"wp-image-16446 lazyload\"\/><noscript><img decoding=\"async\" width=\"750\" height=\"375\" src=\"https:\/\/wncri.org\/fr\/wp-content\/uploads\/2022\/08\/Political-prisoner-Samaneh-Saeedi.jpg\" alt=\"La prisonni\u00e8re politique Samaneh Saeedi priv\u00e9e de soins m\u00e9dicaux\" class=\"wp-image-16446 lazyload\" srcset=\"https:\/\/wncri.org\/fr\/wp-content\/uploads\/2022\/08\/Political-prisoner-Samaneh-Saeedi.jpg 750w, https:\/\/wncri.org\/fr\/wp-content\/uploads\/2022\/08\/Political-prisoner-Samaneh-Saeedi-300x150.jpg 300w, https:\/\/wncri.org\/fr\/wp-content\/uploads\/2022\/08\/Political-prisoner-Samaneh-Saeedi-360x180.jpg 360w\" sizes=\"(max-width: 750px) 100vw, 750px\" \/><\/noscript><figcaption><strong> Samaneh Saeedi<\/strong><\/figcaption><\/figure>\n<\/div>\n\n\n<h4 class=\"wp-block-heading\"><strong>La prisonni\u00e8re politique Samaneh Saeedi<\/strong><\/h4>\n\n\n\n<p>La prisonni\u00e8re politique <a href=\"https:\/\/wncri.org\/fr\/2022\/08\/29\/prisonniere-politique-samaneh-saeedi\/\" target=\"_blank\" rel=\"noreferrer noopener\">Samaneh Saeedi<\/a>, 39 ans, est d\u00e9tenue \u00e0 la prison d&#8217;Evine depuis 2020. Incapable de supporter les conditions de d\u00e9tention, Mme Saeedi est maintenue dans une situation difficile. Les services de renseignement du Corps des gardiens de la r\u00e9volution emp\u00eachent la lib\u00e9ration de Samaneh et son cong\u00e9 m\u00e9dical.<\/p>\n\n\n\n<p>Le tribunal r\u00e9volutionnaire de T\u00e9h\u00e9ran a condamn\u00e9 Samaneh Saeedi \u00e0 5 ans de prison, notamment pour &#8220;blasph\u00e8me&#8221; et &#8220;rassemblement et collusion contre l&#8217;\u00c9tat.&#8221; N\u00e9e en 1982, Samaneh Saeedi est une militante des droits humains originaire de la province de Mazandaran, dans le nord de l&#8217;Iran.<\/p>\n\n\n<div class=\"wp-block-image\">\n<figure class=\"aligncenter size-full\"><img decoding=\"async\" src=\"data:image\/gif;base64,R0lGODlhAQABAIAAAAAAAP\/\/\/yH5BAEAAAAALAAAAAABAAEAAAIBRAA7\" data-src=\"https:\/\/wncri.org\/fr\/wp-content\/uploads\/2022\/08\/Political-prisoner-Zohreh-Sarv-min.jpg\" alt=\"La prisonni\u00e8re politique Zohreh Sarv a contract\u00e9 une maladie infectieuse \u00e0 la prison d'Evine\" class=\"wp-image-16384 lazyload\"\/><noscript><img decoding=\"async\" width=\"750\" height=\"375\" src=\"https:\/\/wncri.org\/fr\/wp-content\/uploads\/2022\/08\/Political-prisoner-Zohreh-Sarv-min.jpg\" alt=\"La prisonni\u00e8re politique Zohreh Sarv a contract\u00e9 une maladie infectieuse \u00e0 la prison d'Evine\" class=\"wp-image-16384 lazyload\" srcset=\"https:\/\/wncri.org\/fr\/wp-content\/uploads\/2022\/08\/Political-prisoner-Zohreh-Sarv-min.jpg 750w, https:\/\/wncri.org\/fr\/wp-content\/uploads\/2022\/08\/Political-prisoner-Zohreh-Sarv-min-300x150.jpg 300w, https:\/\/wncri.org\/fr\/wp-content\/uploads\/2022\/08\/Political-prisoner-Zohreh-Sarv-min-360x180.jpg 360w\" sizes=\"(max-width: 750px) 100vw, 750px\" \/><\/noscript><figcaption><strong>Zohreh Sarv<\/strong><\/figcaption><\/figure>\n<\/div>\n\n\n<h4 class=\"wp-block-heading\"><strong>La prisonni\u00e8re politique Zohreh Sarv<\/strong><\/h4>\n\n\n\n<p>La prisonni\u00e8re politique <a href=\"https:\/\/wncri.org\/fr\/?s=Zohreh+Sarv\" target=\"_blank\" rel=\"noreferrer noopener\">Zohreh Sarv<\/a> a contract\u00e9 une maladie infectieuse \u00e0 la prison d&#8217;Evine et s&#8217;est vu refuser l&#8217;acc\u00e8s aux soins m\u00e9dicaux et le droit au traitement. En raison de la propagation de la maladie dans son corps, elle ne peut m\u00eame pas s&#8217;injecter une troisi\u00e8me dose du vaccin du Coronavirus. Elle perdra la vie si elle est \u00e9galement infect\u00e9e par le Coronavirus. Le 27 ao\u00fbt 2022, les autorit\u00e9s de la prison d&#8217;Evine ont emp\u00each\u00e9 son transfert \u00e0 l&#8217;h\u00f4pital alors qu&#8217;elle avait rendez-vous.&nbsp;<\/p>\n\n\n\n<p>N\u00e9e en 1986, la prisonni\u00e8re politique Zohreh Sarv est une militante en ligne qui a \u00e9t\u00e9 arr\u00eat\u00e9e et d\u00e9tenue en octobre 2021. Elle a \u00e9t\u00e9 emprisonn\u00e9e \u00e0 Evin apr\u00e8s avoir subi des interrogatoires.<\/p>\n\n\n\n<h4 class=\"wp-block-heading\"><strong>Narmin Ahmadabadi<\/strong><\/h4>\n\n\n\n<p>La prisonni\u00e8re Narmin Ahmadabadi, 61 ans, se voit refuser le droit d&#8217;\u00eatre envoy\u00e9e en permission. Cette prisonni\u00e8re est incarc\u00e9r\u00e9e dans le quartier des femmes de la prison centrale d\u2019Oroumieh depuis cinq mois. Elle a \u00e9t\u00e9 condamn\u00e9e \u00e0 5 ans de prison pour coop\u00e9ration avec des partis kurdes..<\/p>\n\n\n<div class=\"wp-block-image\">\n<figure class=\"aligncenter size-full\"><img decoding=\"async\" src=\"data:image\/gif;base64,R0lGODlhAQABAIAAAAAAAP\/\/\/yH5BAEAAAAALAAAAAABAAEAAAIBRAA7\" data-src=\"https:\/\/wncri.org\/fr\/wp-content\/uploads\/2022\/08\/Former-political-prisoner-Laila-Hosseinzadeh.jpg\" alt=\"L'ancienne prisonni\u00e8re politique Leila Hosseinzadeh battue et d\u00e9tenue pour la troisi\u00e8me fois\" class=\"wp-image-16395 lazyload\"\/><noscript><img decoding=\"async\" width=\"750\" height=\"375\" src=\"https:\/\/wncri.org\/fr\/wp-content\/uploads\/2022\/08\/Former-political-prisoner-Laila-Hosseinzadeh.jpg\" alt=\"L'ancienne prisonni\u00e8re politique Leila Hosseinzadeh battue et d\u00e9tenue pour la troisi\u00e8me fois\" class=\"wp-image-16395 lazyload\" srcset=\"https:\/\/wncri.org\/fr\/wp-content\/uploads\/2022\/08\/Former-political-prisoner-Laila-Hosseinzadeh.jpg 750w, https:\/\/wncri.org\/fr\/wp-content\/uploads\/2022\/08\/Former-political-prisoner-Laila-Hosseinzadeh-300x150.jpg 300w, https:\/\/wncri.org\/fr\/wp-content\/uploads\/2022\/08\/Former-political-prisoner-Laila-Hosseinzadeh-360x180.jpg 360w\" sizes=\"(max-width: 750px) 100vw, 750px\" \/><\/noscript><figcaption><strong>Leila Hosseinzadeh<\/strong><\/figcaption><\/figure>\n<\/div>\n\n\n<h4 class=\"wp-block-heading\"><strong>La militante \u00e9tudiante Leila Hosseinzadeh<\/strong><\/h4>\n\n\n\n<p>La prisonni\u00e8re politique <a href=\"https:\/\/wncri.org\/fr\/2022\/08\/22\/prisonniere-politique-leila\/\" target=\"_blank\" rel=\"noreferrer noopener\">Leila Hosseinzadeh<\/a> a \u00e9t\u00e9 arr\u00eat\u00e9e pour la troisi\u00e8me fois par les forces de s\u00e9curit\u00e9 \u00e0 T\u00e9h\u00e9ran le 20 ao\u00fbt 2022, et est actuellement d\u00e9tenue dans le centre de d\u00e9tention du d\u00e9partement des renseignements de Chiraz. Mme Hosseinzadeh souffre de la maladie incurable de Crohn.<\/p>\n\n\n\n<p>Les forces de s\u00e9curit\u00e9 ont battu et arr\u00eat\u00e9 Leila Hosseinzadeh devant son domicile. Elle avait \u00e9t\u00e9 lib\u00e9r\u00e9e sous caution de la prison Adelabad de Chiraz le 2 janvier 2022, car elle n&#8217;\u00e9tait pas physiquement capable de tol\u00e9rer la d\u00e9tention. Elle doit constamment \u00eatre sous la surveillance d&#8217;un m\u00e9decin. En prison, cependant, elle ne re\u00e7oit pas ses m\u00e9dicaments essentiels et est priv\u00e9e de traitement m\u00e9dical et de soins.<\/p>\n\n\n<div class=\"wp-block-image\">\n<figure class=\"aligncenter size-full\"><img decoding=\"async\" src=\"data:image\/gif;base64,R0lGODlhAQABAIAAAAAAAP\/\/\/yH5BAEAAAAALAAAAAABAAEAAAIBRAA7\" data-src=\"https:\/\/wncri.org\/fr\/wp-content\/uploads\/2022\/09\/Political-prisoner-Forough-Taghipour-min.jpg\" alt=\"La prisonni\u00e8re politique Forough Taghipour n'est pas hospitalis\u00e9e malgr\u00e9 son \u00e9tat critique\" class=\"wp-image-16468 lazyload\"\/><noscript><img decoding=\"async\" width=\"750\" height=\"375\" src=\"https:\/\/wncri.org\/fr\/wp-content\/uploads\/2022\/09\/Political-prisoner-Forough-Taghipour-min.jpg\" alt=\"La prisonni\u00e8re politique Forough Taghipour n'est pas hospitalis\u00e9e malgr\u00e9 son \u00e9tat critique\" class=\"wp-image-16468 lazyload\" srcset=\"https:\/\/wncri.org\/fr\/wp-content\/uploads\/2022\/09\/Political-prisoner-Forough-Taghipour-min.jpg 750w, https:\/\/wncri.org\/fr\/wp-content\/uploads\/2022\/09\/Political-prisoner-Forough-Taghipour-min-300x150.jpg 300w, https:\/\/wncri.org\/fr\/wp-content\/uploads\/2022\/09\/Political-prisoner-Forough-Taghipour-min-360x180.jpg 360w\" sizes=\"(max-width: 750px) 100vw, 750px\" \/><\/noscript><figcaption><strong>Forough Taghipour<\/strong><\/figcaption><\/figure>\n<\/div>\n\n\n<h4 class=\"wp-block-heading\"><strong>La prisonni\u00e8re politique Forough Taghipour<\/strong><\/h4>\n\n\n\n<p>La prisonni\u00e8re politique <a href=\"https:\/\/wncri.org\/fr\/2022\/09\/03\/politique-forough-taghipour\/\" target=\"_blank\" rel=\"noreferrer noopener\">Forough Taghipour<\/a> n&#8217;a pas \u00e9t\u00e9 envoy\u00e9e \u00e0 l&#8217;h\u00f4pital le 30 ao\u00fbt 2022, car elle s&#8217;est oppos\u00e9e \u00e0 ce qu&#8217;on lui passe les menottes aux mains et aux pieds pendant son transfert.<\/p>\n\n\n\n<p>Elle \u00e9tait cens\u00e9e \u00eatre envoy\u00e9e \u00e0 l&#8217;h\u00f4pital en raison de son tr\u00e8s mauvais \u00e9tat physique. Mais elle a refus\u00e9 d&#8217;\u00eatre menott\u00e9e et encha\u00een\u00e9e. Pour cette raison, les autorit\u00e9s de la prison d&#8217;Evine ont perdu plusieurs heures pendant lesquelles elles l&#8217;ont harcel\u00e9e, pour finalement l&#8217;emp\u00eacher de se rendre \u00e0 l&#8217;h\u00f4pital et la renvoyer en cellule.<\/p>\n\n\n\n<p>N\u00e9e le 10 mai 1994, Forough Taghipour a obtenu une licence en comptabilit\u00e9.<\/p>\n\n\n\n<p>Mme Taghipour et sa m\u00e8re ont \u00e9t\u00e9 arr\u00eat\u00e9es le 24 f\u00e9vrier 2020. Elles ont \u00e9t\u00e9 d\u00e9tenues dans le quartier 209 de la prison d&#8217;Evine et ont subi des interrogatoires sous la torture.<\/p>\n\n\n\n<p>Le 5 janvier 2021, le tribunal r\u00e9volutionnaire de T\u00e9h\u00e9ran a jug\u00e9 Forough Taghipour et sa m\u00e8re pour &#8220;propagande contre l&#8217;\u00c9tat&#8221; et &#8220;rassemblement et collusion&#8221; en raison de leur appartenance \u00e0 l&#8217;Organisation des Moudjahidine du peuple d&#8217;Iran (OMPI\/MEK).<\/p>\n\n\n\n<h3 class=\"wp-block-heading\"><strong>Condamn\u00e9e \u00e0 \u00eatre aveugl\u00e9e<\/strong><\/h3>\n\n\n\n<p>Le journal d&#8217;\u00c9tat Hamshahri a \u00e9crit le 1er ao\u00fbt 2022 qu&#8217;une femme et deux hommes seraient aveugl\u00e9s.<\/p>\n\n\n\n<p>La Cour supr\u00eame de la province de Kermanshah a confirm\u00e9 le verdict d&#8217;aveuglement d&#8217;une jeune femme. Comme il est impossible d&#8217;ex\u00e9cuter la sentence dans cette province, la troisi\u00e8me branche de l&#8217;unit\u00e9 de l&#8217;application des peines de T\u00e9h\u00e9ran s&#8217;en chargera.<\/p>\n\n\n\n<p>Ce n&#8217;est pas la premi\u00e8re fois que le r\u00e9gime des mollahs prononce des peines inhumaines. Les ch\u00e2timents cruels et inhumains sont institutionnalis\u00e9s dans les lois du r\u00e9gime.<\/p>\n\n\n\n<p>Les articles 269 \u00e0 293 du troisi\u00e8me livre du code p\u00e9nal islamique d\u00e9crivent toutes les conditions du ch\u00e2timent.<\/p>\n\n\n\n<p>En mai 2020, la cinqui\u00e8me branche du tribunal p\u00e9nal de la province de Razavi Khorasan a condamn\u00e9 une femme \u00e0 la c\u00e9cit\u00e9 des deux yeux. La victime \u00e9tait <a href=\"https:\/\/wncri.org\/fr\/2020\/05\/09\/une-jeune-femme-condamnee-a-perdre-la-vue-dans-le-nord-est-de-liran\/\" target=\"_blank\" rel=\"noreferrer noopener\">une femme de 30 ans<\/a>, identifi\u00e9e uniquement par ses initiales de F. M.<\/p>\n\n\n\n<div data-wp-interactive=\"core\/file\" class=\"wp-block-file\"><object data-wp-bind--hidden=\"!state.hasPdfPreview\" hidden class=\"wp-block-file__embed\" data=\"https:\/\/wncri.org\/fr\/wp-content\/uploads\/2022\/09\/Monthly-August-2022_FR.pdf\" type=\"application\/pdf\" style=\"width:100%;height:600px\" aria-label=\"Embed of Embed of Rapport mensuel ao\u00fbt 2022..\"><\/object><a id=\"wp-block-file--media-ed2f90e1-6a1f-41e1-8b90-16309e4577cd\" href=\"https:\/\/wncri.org\/fr\/wp-content\/uploads\/2022\/09\/Monthly-August-2022_FR.pdf\">Rapport mensuel ao\u00fbt 2022<\/a><a href=\"https:\/\/wncri.org\/fr\/wp-content\/uploads\/2022\/09\/Monthly-August-2022_FR.pdf\" class=\"wp-block-file__button\" download aria-describedby=\"wp-block-file--media-ed2f90e1-6a1f-41e1-8b90-16309e4577cd\">Download<\/a><\/div>\n","protected":false},"excerpt":{"rendered":"<p>Les femmes incarc\u00e9r\u00e9es subissent une pression croissante alors que le r\u00e9gime cl\u00e9rical redoute une chute imminente La peur et le d\u00e9sespoir des mollahs face \u00e0 l&#8217;\u00e9ruption du m\u00e9contentement populaire et au risque d&#8217;\u00eatre renvers\u00e9s ne connaissent aucune limite. Le r\u00e9gime veut faire face \u00e0 l&#8217;incapacit\u00e9 d&#8217;Ebrahim Ra\u00efssi \u00e0 contenir les manifestations quotidiennes en multipliant les [&hellip;]<\/p>\n","protected":false},"author":4,"featured_media":16492,"comment_status":"closed","ping_status":"closed","sticky":false,"template":"","format":"standard","meta":{"jnews-multi-image_gallery":[],"jnews_single_post":{"subtitle":"","format":"standard","video":"","gallery":"","source_name":"","source_url":"","via_name":"","via_url":"","override_template":"0","override":[{"template":"7","single_blog_custom":"","parallax":"1","fullscreen":"1","layout":"right-sidebar","sidebar":"default-sidebar","second_sidebar":"default-sidebar","sticky_sidebar":"1","share_position":"floatbottom","share_float_style":"share-normal","show_share_counter":"1","show_view_counter":"1","show_featured":"1","show_post_meta":"1","show_post_author":"0","show_post_author_image":"1","show_post_date":"1","post_date_format":"default","post_date_format_custom":"Y\/m\/d","show_post_category":"1","show_post_reading_time":"0","post_reading_time_wpm":"300","show_zoom_button":"0","zoom_button_out_step":"2","zoom_button_in_step":"3","show_post_tag":"1","show_prev_next_post":"0","show_popup_post":"1","number_popup_post":"1","show_author_box":"0","show_post_related":"1","show_inline_post_related":"0"}],"override_image_size":"0","image_override":[{"single_post_thumbnail_size":"crop-500","single_post_gallery_size":"crop-500"}],"trending_post":"0","trending_post_position":"meta","trending_post_label":"Trending","sponsored_post":"0","sponsored_post_label":"Sponsored by","sponsored_post_name":"","sponsored_post_url":"","sponsored_post_logo_enable":"0","sponsored_post_logo":"","sponsored_post_desc":"","disable_ad":"0"},"jnews_primary_category":{"id":""},"jnews_social_meta":{"fb_title":"","fb_description":"","fb_image":"","twitter_title":"","twitter_description":"","twitter_image":""},"jnews_override_counter":{"override_view_counter":"0","view_counter_number":"0","override_share_counter":"0","share_counter_number":"0","override_like_counter":"0","like_counter_number":"0","override_dislike_counter":"0","dislike_counter_number":"0"},"footnotes":""},"categories":[7],"tags":[370],"class_list":["post-16491","post","type-post","status-publish","format-standard","has-post-thumbnail","hentry","category-les-regles","tag-prisonnieres"],"_links":{"self":[{"href":"https:\/\/wncri.org\/fr\/wp-json\/wp\/v2\/posts\/16491","targetHints":{"allow":["GET"]}}],"collection":[{"href":"https:\/\/wncri.org\/fr\/wp-json\/wp\/v2\/posts"}],"about":[{"href":"https:\/\/wncri.org\/fr\/wp-json\/wp\/v2\/types\/post"}],"author":[{"embeddable":true,"href":"https:\/\/wncri.org\/fr\/wp-json\/wp\/v2\/users\/4"}],"replies":[{"embeddable":true,"href":"https:\/\/wncri.org\/fr\/wp-json\/wp\/v2\/comments?post=16491"}],"version-history":[{"count":2,"href":"https:\/\/wncri.org\/fr\/wp-json\/wp\/v2\/posts\/16491\/revisions"}],"predecessor-version":[{"id":16504,"href":"https:\/\/wncri.org\/fr\/wp-json\/wp\/v2\/posts\/16491\/revisions\/16504"}],"wp:featuredmedia":[{"embeddable":true,"href":"https:\/\/wncri.org\/fr\/wp-json\/wp\/v2\/media\/16492"}],"wp:attachment":[{"href":"https:\/\/wncri.org\/fr\/wp-json\/wp\/v2\/media?parent=16491"}],"wp:term":[{"taxonomy":"category","embeddable":true,"href":"https:\/\/wncri.org\/fr\/wp-json\/wp\/v2\/categories?post=16491"},{"taxonomy":"post_tag","embeddable":true,"href":"https:\/\/wncri.org\/fr\/wp-json\/wp\/v2\/tags?post=16491"}],"curies":[{"name":"wp","href":"https:\/\/api.w.org\/{rel}","templated":true}]}}