{"id":16472,"date":"2022-09-04T23:51:00","date_gmt":"2022-09-04T21:51:00","guid":{"rendered":"https:\/\/wncri.org\/fr\/?p=16472"},"modified":"2022-09-06T00:08:54","modified_gmt":"2022-09-05T22:08:54","slug":"cinq-femmes-militantes","status":"publish","type":"post","link":"https:\/\/wncri.org\/fr\/2022\/09\/04\/cinq-femmes-militantes\/","title":{"rendered":"Cinq femmes militantes emprisonn\u00e9es en Iran"},"content":{"rendered":"\n<p>Raha Asgarizadeh, <a href=\"https:\/\/wncri.org\/fr\/2021\/05\/28\/le-journaliste-ecologiste-elaheh-mousavi-convoquee-pour-avoir-denonce\/\" target=\"_blank\" rel=\"noreferrer noopener\">journaliste<\/a>, photographe et militante des droits des femmes, a commenc\u00e9 \u00e0 purger sa peine de deux ans \u00e0 la prison d&#8217;Evine le samedi 3 septembre 2022.<\/p>\n\n\n\n<p>Elle avait \u00e9t\u00e9 convoqu\u00e9e au bureau du procureur de la prison d&#8217;Evine le 1er septembre 2022 pour purger sa peine.<\/p>\n\n\n\n<p>Ghazal Asgarizadeh, sa s\u0153ur, a publi\u00e9 une information disant : &#8220;Ma s\u0153ur, <a href=\"https:\/\/wncri.org\/fr\/2019\/11\/29\/trois-femmes-arretees-a-karadj-pour-avoir-manifeste-contre-la-hausse-de-lessence\/\" target=\"_blank\" rel=\"noreferrer noopener\">Raha Asgarizadeh<\/a>, a \u00e9t\u00e9 convoqu\u00e9e \u00e0 la prison d&#8217;Evine le jeudi 1er septembre 2022 et a \u00e9t\u00e9 incarc\u00e9r\u00e9e ce matin pour purger ses deux ans de prison.&#8221;<\/p>\n\n\n\n<p>Raha Asgarizadeh a \u00e9t\u00e9 arr\u00eat\u00e9e \u00e0 l&#8217;a\u00e9roport international de T\u00e9h\u00e9ran le 12 d\u00e9cembre 2019, alors qu&#8217;elle quittait l&#8217;Iran. Elle a \u00e9t\u00e9 emmen\u00e9e dans le quartier 209 du minist\u00e8re du Renseignement \u00e0 <a href=\"https:\/\/wncri.org\/fr\/2021\/12\/10\/les-conditions-des-femmes-prisons\/\" target=\"_blank\" rel=\"noreferrer noopener\">la prison d&#8217;Evine<\/a>. Apr\u00e8s 15 jours d&#8217;interrogatoire, elle a \u00e9t\u00e9 transf\u00e9r\u00e9e au quartier des femmes.<br>La branche 15 du tribunal r\u00e9volutionnaire de T\u00e9h\u00e9ran l&#8217;a condamn\u00e9e \u00e0 deux ans de prison pour avoir agi contre la s\u00e9curit\u00e9 nationale par rassemblement et collusion, \u00e0 deux ans d&#8217;interdiction d&#8217;activit\u00e9s dans la presse, le cyberespace, les groupes et partis politiques, et \u00e0 deux ans d&#8217;interdiction de quitter le pays. La Cour de r\u00e9vision a ensuite confirm\u00e9 le jugement.<br><\/p>\n\n\n\n<h3 class=\"wp-block-heading\"><strong>La militante Fereshteh Hosseini emmen\u00e9e dans un lieu inconnu<\/strong><\/h3>\n\n\n\n<p>La militante civile Fereshteh Hosseini, d\u00e9tenue \u00e0 la prison centrale d&#8217;Oroumieh, a \u00e9t\u00e9 transf\u00e9r\u00e9e vers un lieu inconnu le 3 septembre 2022.<\/p>\n\n\n\n<p>Mme Hosseini avait auparavant \u00e9t\u00e9 transf\u00e9r\u00e9e d&#8217;un centre de d\u00e9tention des services de renseignement au quartier de quarantaine de la prison centrale d&#8217;Oroumieh le 30 ao\u00fbt 2022. Elle est accus\u00e9e de collaboration avec un parti kurde. La date exacte de l&#8217;arrestation de cette militante civile de Boukan n&#8217;est pas encore connue.<\/p>\n\n\n\n<h3 class=\"wp-block-heading\"><strong>La militante kurde Marzieh Moradveisi envoy\u00e9e en prison<\/strong><\/h3>\n\n\n\n<p>Marzieh Moradveisi, une militante kurde, a \u00e9t\u00e9 transf\u00e9r\u00e9e au <a href=\"https:\/\/wncri.org\/fr\/2021\/12\/10\/les-conditions-des-femmes-prisons\/\" target=\"_blank\" rel=\"noreferrer noopener\">centre correctionnel de Sanandaj <\/a>pour y purger une peine de deux ans de prison. Le Tribunal r\u00e9volutionnaire de Sanandaj l\u2019a condamn\u00e9e le 19 mai 2022, pour propagande contre l&#8217;\u00c9tat et collaboration avec un parti kurde.<\/p>\n\n\n\n<p>Marzieh a \u00e9t\u00e9 arr\u00eat\u00e9e le mercredi 31 ao\u00fbt 2022, apr\u00e8s avoir \u00e9t\u00e9 convoqu\u00e9e par le Tribunal r\u00e9volutionnaire de Sanandaj et incarc\u00e9r\u00e9e au centre correctionnel de la ville.<\/p>\n\n\n\n<h3 class=\"wp-block-heading\"><strong>La militante civile Arezou Amjadi incarc\u00e9r\u00e9e<\/strong><\/h3>\n\n\n\n<p>Arezou Amjadi, une militante civile de Sanandaj, a \u00e9t\u00e9 interrog\u00e9e pendant des heures le 29 ao\u00fbt 2022, apr\u00e8s s&#8217;\u00eatre pr\u00e9sent\u00e9e aux services du renseignement de la ville. Elle avait \u00e9t\u00e9 convoqu\u00e9e par t\u00e9l\u00e9phone le 27 ao\u00fbt 2022.<\/p>\n\n\n\n<p>Arezou Amjadi, 32 ans, avait d\u00e9j\u00e0 \u00e9t\u00e9 convoqu\u00e9e et interrog\u00e9e par les services de s\u00e9curit\u00e9. Ils l&#8217;avaient avertie de ne participer \u00e0 aucun \u00e9v\u00e9nement et de ne travailler pour aucune organisation. Arezou est membre de l&#8217;association Kurdistan Zhianawa.<\/p>\n\n\n<div class=\"wp-block-image\">\n<figure class=\"aligncenter size-full\"><img decoding=\"async\" src=\"data:image\/gif;base64,R0lGODlhAQABAIAAAAAAAP\/\/\/yH5BAEAAAAALAAAAAABAAEAAAIBRAA7\" data-src=\"https:\/\/wncri.org\/fr\/wp-content\/uploads\/2022\/09\/teacher-activist-Sara-Siahpour-min.jpg\" alt=\"Cinq femmes militantes\" class=\"wp-image-16476 lazyload\"\/><noscript><img decoding=\"async\" width=\"750\" height=\"375\" src=\"https:\/\/wncri.org\/fr\/wp-content\/uploads\/2022\/09\/teacher-activist-Sara-Siahpour-min.jpg\" alt=\"Cinq femmes militantes\" class=\"wp-image-16476 lazyload\" srcset=\"https:\/\/wncri.org\/fr\/wp-content\/uploads\/2022\/09\/teacher-activist-Sara-Siahpour-min.jpg 750w, https:\/\/wncri.org\/fr\/wp-content\/uploads\/2022\/09\/teacher-activist-Sara-Siahpour-min-300x150.jpg 300w, https:\/\/wncri.org\/fr\/wp-content\/uploads\/2022\/09\/teacher-activist-Sara-Siahpour-min-360x180.jpg 360w\" sizes=\"(max-width: 750px) 100vw, 750px\" \/><\/noscript><figcaption>Sara Siahpour<\/figcaption><\/figure>\n<\/div>\n\n\n<h3 class=\"wp-block-heading\"><strong>L&#8217;enseignante militante Sara Siahpour d\u00e9tenue pendant 10 jours<\/strong><\/h3>\n\n\n\n<p>Des agents de s\u00e9curit\u00e9 de la province d&#8217;Alborz ont arr\u00eat\u00e9 l\u2019enseignante militante, Sara Siahpour, le 24 ao\u00fbt 2022.<\/p>\n\n\n\n<p>Le canal Telegram du Conseil de coordination des associations d&#8217;enseignants iraniens a confirm\u00e9 la nouvelle, \u00e9crivant : &#8220;Sara Siahpour, une militante du syndicat des enseignants \u00e0 T\u00e9h\u00e9ran et \u00e0 Alborz, a \u00e9t\u00e9 arr\u00eat\u00e9e devant son domicile \u00e0 7 heures du matin et emmen\u00e9e dans un lieu inconnu. Les forces de s\u00e9curit\u00e9 ont mis \u00e0 sac son domicile et fouill\u00e9 ses affaires.&#8221;<\/p>\n\n\n\n<p>La m\u00eame nuit, Sara Siahpour a inform\u00e9 sa famille par un bref appel qu&#8217;elle \u00e9tait en d\u00e9tention. Mais elle ne connaissait ni le lieu ni le service qui la retenait captive.<\/p>\n\n\n\n<p>Il est devenu clair le 28 ao\u00fbt 2022 que Sara Siahpour \u00e9tait retenue dans un centre de d\u00e9tention \u00e0 T\u00e9h\u00e9ran, affili\u00e9 aux gardiens de la r\u00e9volution.<\/p>\n\n\n\n<p>Le m\u00eame jour, la famille Siahpour s&#8217;est renseign\u00e9e sur son sort \u00e0 la branche 3 du bureau du procureur de la prison d&#8217;Evine. Finalement sa m\u00e8re, Mme Pari Zarasvand, a r\u00e9ussi \u00e0 la voir.<\/p>\n\n\n\n<p>Le Conseil de coordination des associations d&#8217;enseignants iraniens a publi\u00e9 un message sur sa cha\u00eene Telegram le 2 septembre 2022, en utilisant le hashtag persan &#8220;Lib\u00e9rez Sara Siahpour&#8221;, pour notifier son neuvi\u00e8me jour de d\u00e9tention. Le canal du conseil a \u00e9galement mentionn\u00e9 les noms d&#8217;autres <a href=\"https:\/\/www.google.co.uk\/url?sa=t&amp;rct=j&amp;q=&amp;esrc=s&amp;source=web&amp;cd=&amp;cad=rja&amp;uact=8&amp;ved=2ahUKEwjI7b2m0v75AhWxSPEDHWxoAEoQFnoECAcQAQ&amp;url=https%3A%2F%2Fwww.hrw.org%2Ffr%2Fnews%2F2022%2F05%2F05%2Firan-les-autorites-devraient-liberer-les-enseignants-detenus&amp;usg=AOvVaw1F-0c7DIHvxdRVGQFajX7j\" target=\"_blank\" rel=\"noreferrer noopener\">enseignantes qui ont \u00e9t\u00e9 emprisonn\u00e9es<\/a>. <a href=\"https:\/\/wncri.org\/fr\/2020\/09\/17\/davantage-de-militantes-politiques-condamnees-ou-incarcerees\/\" target=\"_blank\" rel=\"noreferrer noopener\">Nahid Fathalian<\/a>,<a href=\"https:\/\/wncri.org\/fr\/2021\/12\/21\/lenseignante-a-la-retraite-emprisonnee-zeinab-hamrang\/\" target=\"_blank\" rel=\"noreferrer noopener\"> Zeinab Hamrang<\/a> et <a href=\"https:\/\/wncri.org\/fr\/2022\/08\/18\/prison-de-kachouii\/\" target=\"_blank\" rel=\"noreferrer noopener\">Massoumeh Asgari<\/a> sont actuellement d\u00e9tenues \u00e0 la prison d&#8217;Evin. Les enseignants actifs dans cette cha\u00eene ont \u00e9crit : &#8220;Nous ne pouvons pas \u00eatre r\u00e9duits au silence.&#8221;<\/p>\n\n\n\n<p>Mme Siahpour a finalement \u00e9t\u00e9 lib\u00e9r\u00e9e moyennant une caution de 300 millions de tomans le 3 septembre 2022.<\/p>\n","protected":false},"excerpt":{"rendered":"<p>Raha Asgarizadeh, journaliste, photographe et militante des droits des femmes, a commenc\u00e9 \u00e0 purger sa peine de deux ans \u00e0 la prison d&#8217;Evine le samedi 3 septembre 2022. Elle avait \u00e9t\u00e9 convoqu\u00e9e au bureau du procureur de la prison d&#8217;Evine le 1er septembre 2022 pour purger sa peine. Ghazal Asgarizadeh, sa s\u0153ur, a publi\u00e9 une [&hellip;]<\/p>\n","protected":false},"author":4,"featured_media":16475,"comment_status":"closed","ping_status":"closed","sticky":false,"template":"","format":"standard","meta":{"jnews-multi-image_gallery":[],"jnews_single_post":{"subtitle":"","format":"standard","video":"","gallery":"","source_name":"","source_url":"","via_name":"","via_url":"","override_template":"0","override":[{"template":"7","single_blog_custom":"","parallax":"1","fullscreen":"1","layout":"right-sidebar","sidebar":"default-sidebar","second_sidebar":"default-sidebar","sticky_sidebar":"1","share_position":"floatbottom","share_float_style":"share-normal","show_share_counter":"1","show_view_counter":"1","show_featured":"1","show_post_meta":"1","show_post_author":"0","show_post_author_image":"1","show_post_date":"1","post_date_format":"default","post_date_format_custom":"Y\/m\/d","show_post_category":"1","show_post_reading_time":"0","post_reading_time_wpm":"300","show_zoom_button":"0","zoom_button_out_step":"2","zoom_button_in_step":"3","show_post_tag":"1","show_prev_next_post":"0","show_popup_post":"1","number_popup_post":"1","show_author_box":"0","show_post_related":"1","show_inline_post_related":"0"}],"override_image_size":"0","image_override":[{"single_post_thumbnail_size":"crop-500","single_post_gallery_size":"crop-500"}],"trending_post":"0","trending_post_position":"meta","trending_post_label":"Trending","sponsored_post":"0","sponsored_post_label":"Sponsored by","sponsored_post_name":"","sponsored_post_url":"","sponsored_post_logo_enable":"0","sponsored_post_logo":"","sponsored_post_desc":"","disable_ad":"0"},"jnews_primary_category":{"id":""},"jnews_social_meta":{"fb_title":"","fb_description":"","fb_image":"","twitter_title":"","twitter_description":"","twitter_image":""},"jnews_override_counter":{"override_view_counter":"0","view_counter_number":"0","override_share_counter":"0","share_counter_number":"0","override_like_counter":"0","like_counter_number":"0","override_dislike_counter":"0","dislike_counter_number":"0"},"footnotes":""},"categories":[3],"tags":[370],"class_list":["post-16472","post","type-post","status-publish","format-standard","has-post-thumbnail","hentry","category-infos-des-femmes","tag-prisonnieres"],"_links":{"self":[{"href":"https:\/\/wncri.org\/fr\/wp-json\/wp\/v2\/posts\/16472","targetHints":{"allow":["GET"]}}],"collection":[{"href":"https:\/\/wncri.org\/fr\/wp-json\/wp\/v2\/posts"}],"about":[{"href":"https:\/\/wncri.org\/fr\/wp-json\/wp\/v2\/types\/post"}],"author":[{"embeddable":true,"href":"https:\/\/wncri.org\/fr\/wp-json\/wp\/v2\/users\/4"}],"replies":[{"embeddable":true,"href":"https:\/\/wncri.org\/fr\/wp-json\/wp\/v2\/comments?post=16472"}],"version-history":[{"count":3,"href":"https:\/\/wncri.org\/fr\/wp-json\/wp\/v2\/posts\/16472\/revisions"}],"predecessor-version":[{"id":16479,"href":"https:\/\/wncri.org\/fr\/wp-json\/wp\/v2\/posts\/16472\/revisions\/16479"}],"wp:featuredmedia":[{"embeddable":true,"href":"https:\/\/wncri.org\/fr\/wp-json\/wp\/v2\/media\/16475"}],"wp:attachment":[{"href":"https:\/\/wncri.org\/fr\/wp-json\/wp\/v2\/media?parent=16472"}],"wp:term":[{"taxonomy":"category","embeddable":true,"href":"https:\/\/wncri.org\/fr\/wp-json\/wp\/v2\/categories?post=16472"},{"taxonomy":"post_tag","embeddable":true,"href":"https:\/\/wncri.org\/fr\/wp-json\/wp\/v2\/tags?post=16472"}],"curies":[{"name":"wp","href":"https:\/\/api.w.org\/{rel}","templated":true}]}}