{"id":16467,"date":"2022-09-03T13:14:00","date_gmt":"2022-09-03T11:14:00","guid":{"rendered":"https:\/\/wncri.org\/fr\/?p=16467"},"modified":"2022-09-05T01:24:58","modified_gmt":"2022-09-04T23:24:58","slug":"politique-forough-taghipour","status":"publish","type":"post","link":"https:\/\/wncri.org\/fr\/2022\/09\/03\/politique-forough-taghipour\/","title":{"rendered":"La prisonni\u00e8re politique Forough Taghipour n&#8217;est pas hospitalis\u00e9e malgr\u00e9 son \u00e9tat critique"},"content":{"rendered":"\n<p>La prisonni\u00e8re politique Forough Taghipour n&#8217;a pas \u00e9t\u00e9 hospitalis\u00e9e le 30 ao\u00fbt 2022, car elle a refus\u00e9 d&#8217;\u00eatre menott\u00e9e aux mains et aux pieds lors de son transfert.<\/p>\n\n\n\n<p>La prisonni\u00e8re politique Forough Taghipour devait \u00eatre envoy\u00e9e \u00e0 l&#8217;h\u00f4pital en raison de son mauvais \u00e9tat physique et digestif. Mais elle n&#8217;a pas accept\u00e9 d&#8217;\u00eatre menott\u00e9e et entrav\u00e9e. C&#8217;est pourquoi les autorit\u00e9s de la prison d&#8217;Evine ont tergivers\u00e9 de longues heures pendant lesquelles elles l&#8217;ont harcel\u00e9e, avant d&#8217;emp\u00eacher son transfert \u00e0 l&#8217;h\u00f4pital et la renvoyer en cellule.<\/p>\n\n\n<div class=\"wp-block-image\">\n<figure class=\"aligncenter size-full\"><img decoding=\"async\" src=\"data:image\/gif;base64,R0lGODlhAQABAIAAAAAAAP\/\/\/yH5BAEAAAAALAAAAAABAAEAAAIBRAA7\" data-src=\"https:\/\/wncri.org\/fr\/wp-content\/uploads\/2021\/12\/Evin-Prison-min.jpg\" alt=\"Prison d'Evine\" class=\"wp-image-14657 lazyload\"\/><noscript><img decoding=\"async\" width=\"750\" height=\"375\" src=\"https:\/\/wncri.org\/fr\/wp-content\/uploads\/2021\/12\/Evin-Prison-min.jpg\" alt=\"Prison d'Evine\" class=\"wp-image-14657 lazyload\" srcset=\"https:\/\/wncri.org\/fr\/wp-content\/uploads\/2021\/12\/Evin-Prison-min.jpg 750w, https:\/\/wncri.org\/fr\/wp-content\/uploads\/2021\/12\/Evin-Prison-min-300x150.jpg 300w, https:\/\/wncri.org\/fr\/wp-content\/uploads\/2021\/12\/Evin-Prison-min-360x180.jpg 360w\" sizes=\"(max-width: 750px) 100vw, 750px\" \/><\/noscript><figcaption>Prison d&#8217;Evine<\/figcaption><\/figure>\n<\/div>\n\n\n<h3 class=\"wp-block-heading\"><strong>Qui est la prisonni\u00e8re politique Forough Taghipour ?<\/strong><\/h3>\n\n\n\n<p>N\u00e9e le 10 mai 1994, Forough Taghipour a obtenu une licence en comptabilit\u00e9.<\/p>\n\n\n\n<p>Forough Taghipour et sa m\u00e8re ont \u00e9t\u00e9 arr\u00eat\u00e9es le 24 f\u00e9vrier 2020.<\/p>\n\n\n\n<p>Elle a \u00e9t\u00e9 d\u00e9tenue dans le quartier 209 de <a href=\"https:\/\/wncri.org\/fr\/2022\/08\/15\/conditions-deplorables\/\" target=\"_blank\" rel=\"noreferrer noopener\">la prison d&#8217;Evine<\/a> o\u00f9 elle a subi des interrogatoires sous la torture.<\/p>\n\n\n\n<p>Le 5 janvier 2021, le tribunal r\u00e9volutionnaire de T\u00e9h\u00e9ran <a href=\"https:\/\/wncri.org\/fr\/2021\/01\/06\/forough-taghipour\/\" target=\"_blank\" rel=\"noreferrer noopener\">a jug\u00e9<\/a> Forough Taghipour et sa m\u00e8re pour &#8220;propagande contre l&#8217;\u00c9tat&#8221; et &#8220;rassemblement et collusion&#8221; en raison de leur appartenance \u00e0 l&#8217;Organisation des Moudjahidine du peuple d&#8217;Iran (OMPI\/MEK).<\/p>\n\n\n\n<p>Le juge qui pr\u00e9sidait son affaire a menac\u00e9 Forough Taghipour de prononcer un verdict pour guerre contre Dieu. Elle a rejet\u00e9 cette accusation et a plaid\u00e9 non coupable. Elle a finalement \u00e9t\u00e9 condamn\u00e9e \u00e0 cinq ans de prison.<\/p>\n\n\n\n<p>La <a href=\"https:\/\/fr.wikipedia.org\/wiki\/Prisonnier_politique\" target=\"_blank\" rel=\"noreferrer noopener\">prisonni\u00e8re politique<\/a> Forough Taghipour faisait partie des prisonni\u00e8res politiques transf\u00e9r\u00e9es de la prison de <a href=\"https:\/\/wncri.org\/fr\/2022\/07\/05\/prison-de-qarchak\/\" target=\"_blank\" rel=\"noreferrer noopener\">Qarchak<\/a> \u00e0 la prison d&#8217;Evine. Elle a contract\u00e9 le Covid-19 apr\u00e8s la nouvelle \u00e9pid\u00e9mie dans le quartier des femmes de la prison d&#8217;Evine.<\/p>\n\n\n<div class=\"wp-block-image\">\n<figure class=\"aligncenter size-full is-resized\"><img decoding=\"async\" src=\"data:image\/gif;base64,R0lGODlhAQABAIAAAAAAAP\/\/\/yH5BAEAAAAALAAAAAABAAEAAAIBRAA7\" data-src=\"https:\/\/wncri.org\/fr\/wp-content\/uploads\/2022\/04\/Qarchak-Prison-1-min.webp\" alt=\"Un autre probl\u00e8me est que les salles de la prison de Qarchak sont tr\u00e8s chaudes.\" class=\"wp-image-15557 lazyload\" width=\"763\" height=\"381\"\/><noscript><img decoding=\"async\" src=\"https:\/\/wncri.org\/fr\/wp-content\/uploads\/2022\/04\/Qarchak-Prison-1-min.webp\" alt=\"Un autre probl\u00e8me est que les salles de la prison de Qarchak sont tr\u00e8s chaudes.\" class=\"wp-image-15557 lazyload\" width=\"763\" height=\"381\" srcset=\"https:\/\/wncri.org\/fr\/wp-content\/uploads\/2022\/04\/Qarchak-Prison-1-min.webp 1000w, https:\/\/wncri.org\/fr\/wp-content\/uploads\/2022\/04\/Qarchak-Prison-1-min-300x150.webp 300w, https:\/\/wncri.org\/fr\/wp-content\/uploads\/2022\/04\/Qarchak-Prison-1-min-768x384.webp 768w, https:\/\/wncri.org\/fr\/wp-content\/uploads\/2022\/04\/Qarchak-Prison-1-min-360x180.webp 360w, https:\/\/wncri.org\/fr\/wp-content\/uploads\/2022\/04\/Qarchak-Prison-1-min-750x375.webp 750w\" sizes=\"(max-width: 763px) 100vw, 763px\" \/><\/noscript><figcaption>La prison de Qarchak<\/figcaption><\/figure>\n<\/div>\n\n\n<p><\/p>\n\n\n\n<p>La commission des Femmes du Conseil national de la R\u00e9sistance iranienne (CNRI) exhorte une fois de plus les Nations unies, l&#8217;Union europ\u00e9enne et ses \u00c9tats membres, ainsi que les d\u00e9fenseurs des droits humains \u00e0 condamner les lourdes peines d&#8217;emprisonnement prononc\u00e9es \u00e0 l&#8217;encontre des prisonnier.e.s politiques et appelle \u00e0 une action urgente pour les lib\u00e9rer, en particulier les femmes.<\/p>\n\n\n\n<p>Le Conseil de s\u00e9curit\u00e9 des Nations unies doit \u00eatre saisi du dossier des violations des droits humains commises par le r\u00e9gime cl\u00e9rical en Iran et les dirigeants de ce r\u00e9gime doivent \u00eatre traduits en justice.<\/p>\n","protected":false},"excerpt":{"rendered":"<p>La prisonni\u00e8re politique Forough Taghipour n&#8217;a pas \u00e9t\u00e9 hospitalis\u00e9e le 30 ao\u00fbt 2022, car elle a refus\u00e9 d&#8217;\u00eatre menott\u00e9e aux mains et aux pieds lors de son transfert. La prisonni\u00e8re politique Forough Taghipour devait \u00eatre envoy\u00e9e \u00e0 l&#8217;h\u00f4pital en raison de son mauvais \u00e9tat physique et digestif. Mais elle n&#8217;a pas accept\u00e9 d&#8217;\u00eatre menott\u00e9e et [&hellip;]<\/p>\n","protected":false},"author":4,"featured_media":16468,"comment_status":"closed","ping_status":"closed","sticky":false,"template":"","format":"standard","meta":{"jnews-multi-image_gallery":[],"jnews_single_post":{"subtitle":"","format":"standard","video":"","gallery":"","source_name":"","source_url":"","via_name":"","via_url":"","override_template":"0","override":[{"template":"7","single_blog_custom":"","parallax":"1","fullscreen":"1","layout":"right-sidebar","sidebar":"default-sidebar","second_sidebar":"default-sidebar","sticky_sidebar":"1","share_position":"floatbottom","share_float_style":"share-normal","show_share_counter":"1","show_view_counter":"1","show_featured":"1","show_post_meta":"1","show_post_author":"0","show_post_author_image":"1","show_post_date":"1","post_date_format":"default","post_date_format_custom":"Y\/m\/d","show_post_category":"1","show_post_reading_time":"0","post_reading_time_wpm":"300","show_zoom_button":"0","zoom_button_out_step":"2","zoom_button_in_step":"3","show_post_tag":"1","show_prev_next_post":"0","show_popup_post":"1","number_popup_post":"1","show_author_box":"0","show_post_related":"1","show_inline_post_related":"0"}],"override_image_size":"0","image_override":[{"single_post_thumbnail_size":"crop-500","single_post_gallery_size":"crop-500"}],"trending_post":"0","trending_post_position":"meta","trending_post_label":"Trending","sponsored_post":"0","sponsored_post_label":"Sponsored by","sponsored_post_name":"","sponsored_post_url":"","sponsored_post_logo_enable":"0","sponsored_post_logo":"","sponsored_post_desc":"","disable_ad":"0"},"jnews_primary_category":{"id":""},"jnews_social_meta":{"fb_title":"","fb_description":"","fb_image":"","twitter_title":"","twitter_description":"","twitter_image":""},"jnews_override_counter":{"override_view_counter":"0","view_counter_number":"0","override_share_counter":"0","share_counter_number":"0","override_like_counter":"0","like_counter_number":"0","override_dislike_counter":"0","dislike_counter_number":"0"},"footnotes":""},"categories":[3],"tags":[370],"class_list":["post-16467","post","type-post","status-publish","format-standard","has-post-thumbnail","hentry","category-infos-des-femmes","tag-prisonnieres"],"_links":{"self":[{"href":"https:\/\/wncri.org\/fr\/wp-json\/wp\/v2\/posts\/16467","targetHints":{"allow":["GET"]}}],"collection":[{"href":"https:\/\/wncri.org\/fr\/wp-json\/wp\/v2\/posts"}],"about":[{"href":"https:\/\/wncri.org\/fr\/wp-json\/wp\/v2\/types\/post"}],"author":[{"embeddable":true,"href":"https:\/\/wncri.org\/fr\/wp-json\/wp\/v2\/users\/4"}],"replies":[{"embeddable":true,"href":"https:\/\/wncri.org\/fr\/wp-json\/wp\/v2\/comments?post=16467"}],"version-history":[{"count":2,"href":"https:\/\/wncri.org\/fr\/wp-json\/wp\/v2\/posts\/16467\/revisions"}],"predecessor-version":[{"id":16471,"href":"https:\/\/wncri.org\/fr\/wp-json\/wp\/v2\/posts\/16467\/revisions\/16471"}],"wp:featuredmedia":[{"embeddable":true,"href":"https:\/\/wncri.org\/fr\/wp-json\/wp\/v2\/media\/16468"}],"wp:attachment":[{"href":"https:\/\/wncri.org\/fr\/wp-json\/wp\/v2\/media?parent=16467"}],"wp:term":[{"taxonomy":"category","embeddable":true,"href":"https:\/\/wncri.org\/fr\/wp-json\/wp\/v2\/categories?post=16467"},{"taxonomy":"post_tag","embeddable":true,"href":"https:\/\/wncri.org\/fr\/wp-json\/wp\/v2\/tags?post=16467"}],"curies":[{"name":"wp","href":"https:\/\/api.w.org\/{rel}","templated":true}]}}