{"id":16456,"date":"2022-08-31T16:14:00","date_gmt":"2022-08-31T14:14:00","guid":{"rendered":"https:\/\/wncri.org\/fr\/?p=16456"},"modified":"2023-12-30T22:49:29","modified_gmt":"2023-12-30T21:49:29","slug":"politique-privee-de-visites","status":"publish","type":"post","link":"https:\/\/wncri.org\/fr\/2022\/08\/31\/politique-privee-de-visites\/","title":{"rendered":"Prisonni\u00e8re politique priv\u00e9e de visites pendant trois mois"},"content":{"rendered":"\n<p>Prisonni\u00e8re politique priv\u00e9e de visites pendant trois mois<\/p>\n\n\n\n<h2 class=\"wp-block-heading\"><em>Maryam Akbari a \u00e9t\u00e9 priv\u00e9e de visites alors qu&#8217;elle est d\u00e9j\u00e0 soumise \u00e0 des restrictions pour passer des appels t\u00e9l\u00e9phoniques<\/em><\/h2>\n\n\n\n<p>La prisonni\u00e8re politique Maryam Akbari Monfared a \u00e9t\u00e9 priv\u00e9e de visites pendant trois mois pour avoir protest\u00e9 contre les pressions exerc\u00e9es sur ses filles pour qu&#8217;elles portent le hijab obligatoire, ou le tchador, lorsqu&#8217;elles lui rendent visite.<\/p>\n\n\n\n<p>Maryam Akbari Monfared a \u00e9t\u00e9 <a href=\"https:\/\/www.ncr-iran.org\/en\/ncri-statements\/statement-human-rights\/iran-political-prisoner-maryam-akbari-monfared-beaten-in-semnan-prison-during-family-visit\/\" target=\"_blank\" rel=\"noreferrer noopener\">battue<\/a> par l&#8217;une des autorit\u00e9s de la prison de Semnan le 24 ao\u00fbt 2022.<\/p>\n\n\n\n<p>Kordi, le directeur adjoint de la prison de Semnan, a rejet\u00e9 de mani\u00e8re irrespectueuse les visites des deux filles de Maryam. Il leur a refus\u00e9 le droit de rendre visite \u00e0 leur m\u00e8re, car elles ne portaient pas de tchador. Kordi avait \u00e9galement l&#8217;intention de renvoyer la prisonni\u00e8re politique Maryam Akbari Monfared dans son quartier.<\/p>\n\n\n\n<p>Hosseinipour, chef de la salle des visites, a attaqu\u00e9 Mme Akbari, l&#8217;a <a href=\"https:\/\/wncri.org\/fr\/2022\/08\/25\/prisonniere-politique-bannie\/\" target=\"_blank\" rel=\"noreferrer noopener\">saisie \u00e0 la gorge<\/a> et a tent\u00e9 de l&#8217;\u00e9trangler. Suite aux coups re\u00e7us, Mme Akbari a souffert d&#8217;ecchymoses au cou, aux bras et au visage.<\/p>\n\n\n\n<p>Enfin, \u00e9tant donn\u00e9 la forte r\u00e9sistance de Maryam \u00e0 \u00eatre renvoy\u00e9e dans son service, Kordi a autoris\u00e9 Maryam, la prisonni\u00e8re politique en bannie, \u00e0 rendre visite \u00e0 ses deux filles.<\/p>\n\n\n\n<p>Le 30 ao\u00fbt 2022, les autorit\u00e9s de la prison de Semnan l&#8217;ont inform\u00e9e qu&#8217;elle serait priv\u00e9e de visites pendant trois mois. Le verdict cite les incidents du 24 ao\u00fbt, lorsque Mme Akbari a \u00e9t\u00e9 battue apr\u00e8s que ses filles aient refus\u00e9 de porter le tchador pour voir leur m\u00e8re.<\/p>\n\n\n\n<p>Une source inform\u00e9e a d\u00e9clar\u00e9 que Maryam Akbari est priv\u00e9e de visites sans r\u00e9union du comit\u00e9 disciplinaire, et sans pr\u00e9ciser quelle violation elle a commise.<\/p>\n\n\n\n<p>La prisonni\u00e8re politique Maryam Akbari Monfared est d\u00e9j\u00e0 priv\u00e9e de passer des appels t\u00e9l\u00e9phoniques ordinaires \u00e0 sa famille comme les autres prisonni\u00e8res. Chaque appel qu&#8217;elle passe doit se faire en pr\u00e9sence des autorit\u00e9s p\u00e9nitentiaires et des agents de s\u00e9curit\u00e9.<\/p>\n\n\n\n<p>Mme Akbari fait \u00e9galement l&#8217;objet de nouvelles accusations apr\u00e8s avoir pass\u00e9 13 ans en prison. Le tribunal r\u00e9volutionnaire de Semnan examinera cette affaire le 18 septembre 2022, au nom de T\u00e9h\u00e9ran. La famille et l&#8217;avocat de Maryam Akbari Monfared ne sont toujours pas au courant du contenu de l&#8217;affaire.<\/p>\n\n\n<div class=\"wp-block-image\">\n<figure class=\"aligncenter size-full\"><img decoding=\"async\" src=\"data:image\/gif;base64,R0lGODlhAQABAIAAAAAAAP\/\/\/yH5BAEAAAAALAAAAAABAAEAAAIBRAA7\" data-src=\"https:\/\/wncri.org\/fr\/wp-content\/uploads\/2022\/09\/Maryam-Akbari-three-daughters-and-husband-min.jpg\" alt=\"Elle subit diverses pressions en prison et est priv\u00e9e de visites\" class=\"wp-image-16458 lazyload\"\/><noscript><img decoding=\"async\" width=\"750\" height=\"375\" src=\"https:\/\/wncri.org\/fr\/wp-content\/uploads\/2022\/09\/Maryam-Akbari-three-daughters-and-husband-min.jpg\" alt=\"Elle subit diverses pressions en prison et est priv\u00e9e de visites\" class=\"wp-image-16458 lazyload\" srcset=\"https:\/\/wncri.org\/fr\/wp-content\/uploads\/2022\/09\/Maryam-Akbari-three-daughters-and-husband-min.jpg 750w, https:\/\/wncri.org\/fr\/wp-content\/uploads\/2022\/09\/Maryam-Akbari-three-daughters-and-husband-min-300x150.jpg 300w, https:\/\/wncri.org\/fr\/wp-content\/uploads\/2022\/09\/Maryam-Akbari-three-daughters-and-husband-min-360x180.jpg 360w\" sizes=\"(max-width: 750px) 100vw, 750px\" \/><\/noscript><\/figure>\n<\/div>\n\n\n<h3 class=\"wp-block-heading\"><strong>Elle subit diverses pressions en prison et est priv\u00e9e de visites<\/strong><\/h3>\n\n\n\n<p>La prisonni\u00e8re politique Maryam Akbari Monfared est soumise \u00e0 diverses pressions. En juillet 2022, le bureau du procureur de la prison d&#8217;Evine a rejet\u00e9 sa demande de transfert de la prison de Semnan \u00e0 la prison d&#8217;Evine, \u00e0 T\u00e9h\u00e9ran.<\/p>\n\n\n\n<p>Maryam Akbari Monfared est d\u00e9tenue \u00e0 <a href=\"https:\/\/wncri.org\/fr\/category\/documents\/\" target=\"_blank\" rel=\"noreferrer noopener\">la prison de Semnan<\/a>, en violation du principe de s\u00e9paration des d\u00e9lits.<\/p>\n\n\n\n<p>La prisonni\u00e8re politique <a href=\"https:\/\/www.amnesty.org\/fr\/documents\/mde13\/4657\/2021\/fr\/\" target=\"_blank\" rel=\"noreferrer noopener\">Maryam Akbari Monfared<\/a> souffre de st\u00e9atose h\u00e9patique depuis plus de 11 mois. Cependant, le minist\u00e8re des renseignements ne l&#8217;a pas autoris\u00e9e \u00e0 consulter un m\u00e9decin \u00e0 l&#8217;ext\u00e9rieur de la prison.<\/p>\n\n\n\n<p>Le m\u00e9decin de la prison a prescrit \u00e0 cette prisonni\u00e8re politique une alimentation sp\u00e9ciale pour les malades du foie. Cependant, au cours des 11 derniers mois, les demandes de Mme Akbari pour une alimentation correcte et une visite chez un sp\u00e9cialiste sont rest\u00e9es sans r\u00e9ponse.<\/p>\n\n\n\n<p>La condition physique de Mme Akbari est devenue extr\u00eamement grave en raison du manque de nutrition ad\u00e9quate et d&#8217;acc\u00e8s au traitement, et elle souffre de divers effets secondaires.<\/p>\n\n\n\n<p>Maryam a \u00e9t\u00e9 brusquement d\u00e9plac\u00e9e du quartier des femmes d&#8217;Evine \u00e0 la prison de Semnan le 9 mars 2021. Aucune autorit\u00e9 l\u00e9gale n&#8217;a accept\u00e9 la responsabilit\u00e9 du bannissement de Maryam Akbari Monfared vers la prison de Semnan.<\/p>\n\n\n\n<p>Ses conditions de d\u00e9tention dans la prison de Semnan ne sont pas appropri\u00e9es. Maryam Akbari Monfared et sa famille font face \u00e0 plus de <a href=\"https:\/\/wncri.org\/fr\/2021\/06\/03\/le-ministere-du-renseignement-fait-pression-sur-maryam-akbari-monfared\/\">restrictions<\/a> que par le pass\u00e9 sans aucune justification l\u00e9gale.<\/p>\n\n\n\n<p>La Commission des Femmes du Conseil National de la R\u00e9sistance Iranienne met en garde contre la condition physique de la prisonni\u00e8re politique Maryam Akbari Monfared. Il consid\u00e8re que les autorit\u00e9s de la prison de Semnan sont responsables de son \u00e9tat physique.<\/p>\n\n\n\n<h3 class=\"wp-block-heading\"><strong>Qui est Maryam Akbari Monfared ?<\/strong><\/h3>\n\n\n\n<p>N\u00e9e en 1975, <a href=\"https:\/\/wncri.org\/2017\/08\/15\/maryam-akbari-monfared-a-rainbow-of-hope\/\" target=\"_blank\" rel=\"noreferrer noopener\">Maryam Akbari Monfared<\/a> a trois filles. Elle a \u00e9t\u00e9 arr\u00eat\u00e9e le 30 d\u00e9cembre 2009, en pleine nuit, chez elle, alors qu&#8217;elle endormait sa fille de 4 ans, Sara.<\/p>\n\n\n\n<p>En juin 2010, le tribunal r\u00e9volutionnaire de T\u00e9h\u00e9ran a condamn\u00e9 Moharebeh \u00e0 une peine de 15 ans d&#8217;emprisonnement pour &#8220;appartenance \u00e0 l&#8217;Organisation des moudjahidine du peuple d&#8217;Iran&#8221;, une accusation que Mme Akbari n&#8217;a jamais accept\u00e9e. Elle est en prison sans un seul jour de cong\u00e9 depuis le jour de son arrestation. Elle souffre d&#8217;un dysfonctionnement de la thyro\u00efde et de rhumatismes articulaires.<\/p>\n\n\n\n<p>Elle a \u00e9t\u00e9 une prisonni\u00e8re politique r\u00e9sistante et r\u00e9siliente, adh\u00e9rant fermement \u00e0 sa cause. &#8220;Nous pouvons sentir le parfum du printemps \u00e0 Evine, et je suis s\u00fbre que ce beau printemps va un jour grandir et embrasser notre patrie. <a href=\"https:\/\/wncri.org\/fr\/2017\/03\/24\/iran-une-prisonniere-politique-ecrit-sa-foi-dans-le-printemps-de-la-liberte\/\" target=\"_blank\" rel=\"noreferrer noopener\">Le printemps de la libert\u00e9<\/a> est en route&#8230; Le printemps viendra. Il traversera les fils barbel\u00e9s et atterrira dans notre patrie&#8221;, a-t-elle \u00e9crit depuis Evine.<\/p>\n\n\n\n<p>L&#8217;ancienne prisonni\u00e8re politique Atena Farghadani la d\u00e9crit comme &#8220;une femme dont la r\u00e9sistance \u00e9tait un arc-en-ciel d&#8217;espoir pour tous les prisonniers.&#8221;<\/p>\n\n\n\n<p>La s\u0153ur et le fr\u00e8re de Maryam Akbari, Roqieh et Abdulreza, Akbari Monfared, ont \u00e9t\u00e9 ex\u00e9cut\u00e9s lors du massacre des prisonniers politiques \u00e0 l&#8217;\u00e9t\u00e9 1988. Deux autres de ses fr\u00e8res ont \u00e9t\u00e9 ex\u00e9cut\u00e9s lors des ex\u00e9cutions de masse de 1981 et 1984.<\/p>\n","protected":false},"excerpt":{"rendered":"<p>Prisonni\u00e8re politique priv\u00e9e de visites pendant trois mois Maryam Akbari a \u00e9t\u00e9 priv\u00e9e de visites alors qu&#8217;elle est d\u00e9j\u00e0 soumise \u00e0 des restrictions pour passer des appels t\u00e9l\u00e9phoniques La prisonni\u00e8re politique Maryam Akbari Monfared a \u00e9t\u00e9 priv\u00e9e de visites pendant trois mois pour avoir protest\u00e9 contre les pressions exerc\u00e9es sur ses filles pour qu&#8217;elles portent [&hellip;]<\/p>\n","protected":false},"author":4,"featured_media":19520,"comment_status":"closed","ping_status":"closed","sticky":false,"template":"","format":"standard","meta":{"jnews-multi-image_gallery":[],"jnews_single_post":{"subtitle":"","format":"standard","video":"","gallery":"","source_name":"","source_url":"","via_name":"","via_url":"","override_template":"0","override":[{"template":"7","single_blog_custom":"","parallax":"1","fullscreen":"1","layout":"right-sidebar","sidebar":"default-sidebar","second_sidebar":"default-sidebar","sticky_sidebar":"1","share_position":"floatbottom","share_float_style":"share-normal","show_share_counter":"1","show_view_counter":"1","show_featured":"1","show_post_meta":"1","show_post_author":"0","show_post_author_image":"1","show_post_date":"1","post_date_format":"default","post_date_format_custom":"Y\/m\/d","show_post_category":"1","show_post_reading_time":"0","post_reading_time_wpm":"300","show_zoom_button":"0","zoom_button_out_step":"2","zoom_button_in_step":"3","show_post_tag":"1","show_prev_next_post":"0","show_popup_post":"1","number_popup_post":"1","show_author_box":"0","show_post_related":"1","show_inline_post_related":"0"}],"override_image_size":"0","image_override":[{"single_post_thumbnail_size":"crop-500","single_post_gallery_size":"crop-500"}],"trending_post":"0","trending_post_position":"meta","trending_post_label":"Trending","sponsored_post":"0","sponsored_post_label":"Sponsored by","sponsored_post_name":"","sponsored_post_url":"","sponsored_post_logo_enable":"0","sponsored_post_logo":"","sponsored_post_desc":"","disable_ad":"0"},"jnews_primary_category":{"id":"","hide":""},"jnews_social_meta":{"fb_title":"","fb_description":"","fb_image":"","twitter_title":"","twitter_description":"","twitter_image":""},"jnews_override_counter":{"override_view_counter":"0","view_counter_number":"0","override_share_counter":"0","share_counter_number":"0","override_like_counter":"0","like_counter_number":"0","override_dislike_counter":"0","dislike_counter_number":"0"},"footnotes":""},"categories":[3],"tags":[370],"class_list":["post-16456","post","type-post","status-publish","format-standard","has-post-thumbnail","hentry","category-infos-des-femmes","tag-prisonnieres"],"_links":{"self":[{"href":"https:\/\/wncri.org\/fr\/wp-json\/wp\/v2\/posts\/16456","targetHints":{"allow":["GET"]}}],"collection":[{"href":"https:\/\/wncri.org\/fr\/wp-json\/wp\/v2\/posts"}],"about":[{"href":"https:\/\/wncri.org\/fr\/wp-json\/wp\/v2\/types\/post"}],"author":[{"embeddable":true,"href":"https:\/\/wncri.org\/fr\/wp-json\/wp\/v2\/users\/4"}],"replies":[{"embeddable":true,"href":"https:\/\/wncri.org\/fr\/wp-json\/wp\/v2\/comments?post=16456"}],"version-history":[{"count":3,"href":"https:\/\/wncri.org\/fr\/wp-json\/wp\/v2\/posts\/16456\/revisions"}],"predecessor-version":[{"id":19533,"href":"https:\/\/wncri.org\/fr\/wp-json\/wp\/v2\/posts\/16456\/revisions\/19533"}],"wp:featuredmedia":[{"embeddable":true,"href":"https:\/\/wncri.org\/fr\/wp-json\/wp\/v2\/media\/19520"}],"wp:attachment":[{"href":"https:\/\/wncri.org\/fr\/wp-json\/wp\/v2\/media?parent=16456"}],"wp:term":[{"taxonomy":"category","embeddable":true,"href":"https:\/\/wncri.org\/fr\/wp-json\/wp\/v2\/categories?post=16456"},{"taxonomy":"post_tag","embeddable":true,"href":"https:\/\/wncri.org\/fr\/wp-json\/wp\/v2\/tags?post=16456"}],"curies":[{"name":"wp","href":"https:\/\/api.w.org\/{rel}","templated":true}]}}