{"id":16445,"date":"2022-08-29T21:21:00","date_gmt":"2022-08-29T19:21:00","guid":{"rendered":"https:\/\/wncri.org\/fr\/?p=16445"},"modified":"2022-08-30T21:32:20","modified_gmt":"2022-08-30T19:32:20","slug":"prisonniere-politique-samaneh-saeedi","status":"publish","type":"post","link":"https:\/\/wncri.org\/fr\/2022\/08\/29\/prisonniere-politique-samaneh-saeedi\/","title":{"rendered":"La prisonni\u00e8re politique Samaneh Saeedi priv\u00e9e de soins m\u00e9dicaux"},"content":{"rendered":"\n<h3 class=\"wp-block-heading\">La prisonni\u00e8re politique Samaneh Saeedi priv\u00e9e de soins m\u00e9dicaux<\/h3>\n\n\n\n<p>La prisonni\u00e8re politique Samaneh Saeedi est d\u00e9tenue et priv\u00e9e de soins m\u00e9dicaux \u00e0 la <a href=\"https:\/\/wncri.org\/fr\/2021\/12\/10\/les-conditions-des-femmes-prisons\/\" target=\"_blank\" rel=\"noreferrer noopener\">prison d&#8217;Evine<\/a>. Son \u00e9tat physique serait \u00e9pouvantable.<\/p>\n\n\n\n<p>La prisonni\u00e8re politique Samaneh Saeedi, 39 ans, est condamn\u00e9e \u00e0 5 ans de prison depuis 2020. Incapable de supporter les conditions de d\u00e9tention, Mme Saeedi est d\u00e9tenue dans une situation torturante. Les services de renseignement du Corps des gardiens de la r\u00e9volution emp\u00eachent la lib\u00e9ration de Samaneh et son cong\u00e9 m\u00e9dical.<\/p>\n\n\n\n<p>Samaneh Saeedi est n\u00e9e en 1982. Elle a \u00e9t\u00e9 condamn\u00e9e \u00e0 5 ans de prison pour des charges telles que &#8220;blasph\u00e8me&#8221; et &#8220;rassemblement et collusion contre l&#8217;\u00c9tat&#8221;.<\/p>\n\n\n\n<p>La prisonni\u00e8re politique Samaneh Saeedi est une militante des droits <a href=\"https:\/\/www.maryam-rajavi.com\/fr\/lonu-condamnant-les-violations-des-droits-humains-en-iran\/\" target=\"_blank\" rel=\"noreferrer noopener\">humains<\/a> originaire de Mazandaran, dans le nord de l&#8217;Iran. Selon une source inform\u00e9e, elle a \u00e9t\u00e9 gravement tortur\u00e9e lors de son interrogatoire dans le quartier A1 et a depuis perdu la capacit\u00e9 de marcher. Cette prisonni\u00e8re politique se d\u00e9place d\u00e9sormais \u00e0 l&#8217;aide d&#8217;un d\u00e9ambulateur ou d&#8217;un fauteuil roulant.<\/p>\n\n\n\n<p>Mme Saeedi \u00e9tait une militante d&#8217;Instagram qui diffusait les nouvelles des prisonniers politiques par le biais de cette plateforme de m\u00e9dias sociaux. Des agents de la garnison Tharallah de l&#8217;IRGC ont arr\u00eat\u00e9 la prisonni\u00e8re politique Samaneh Saeedi et l&#8217;ont tortur\u00e9e lors des interrogatoires. Actuellement, les services de renseignement de l&#8217;IRGC emp\u00eachent la prisonni\u00e8re politique de b\u00e9n\u00e9ficier d&#8217;une proc\u00e9dure m\u00e9dicale.<\/p>\n\n\n\n<h3 class=\"wp-block-heading\"><strong>L&#8217;\u00e9tat de sant\u00e9 de Leila Hosseinzadeh suscite des inqui\u00e9tudes<\/strong><\/h3>\n\n\n\n<p><a href=\"https:\/\/wncri.org\/fr\/2022\/08\/22\/prisonniere-politique-leila\/\" target=\"_blank\" rel=\"noreferrer noopener\">Leila Hosseinzadeh<\/a> a \u00e9t\u00e9 arr\u00eat\u00e9e \u00e0 T\u00e9h\u00e9ran le 20 ao\u00fbt 2022. La famille Hosseinzadeh s&#8217;inqui\u00e8te surtout de la sant\u00e9 de leur fille, qui souffre d&#8217;une maladie incurable.<\/p>\n\n\n\n<p>En raison de sa maladie, qui la rendait incapable de supporter les conditions de d\u00e9tention, elle a \u00e9t\u00e9 lib\u00e9r\u00e9e de prison au printemps 2020. C&#8217;est la deuxi\u00e8me fois cette ann\u00e9e que les agents du minist\u00e8re des Renseignements arr\u00eatent violemment Leila, sans tenir compte de sa maladie.<\/p>\n\n\n\n<p>Le stress de la prison d\u00e9t\u00e9riore la sant\u00e9 de Leila. Sa famille est inqui\u00e8te car Leila n&#8217;a pas acc\u00e8s \u00e0 ses m\u00e9dicaments vitaux.<\/p>\n\n\n\n<p>Quelques jours apr\u00e8s sa r\u00e9cente arrestation \u00e0 T\u00e9h\u00e9ran, <a href=\"https:\/\/wncri.org\/fr\/2018\/03\/10\/iran-l-etudiante-leila-hosseinzadeh-condamnee-a-six-ans-de-prison\/\" target=\"_blank\" rel=\"noreferrer noopener\">Leila Hosseinzadeh<\/a> a \u00e9t\u00e9 transf\u00e9r\u00e9e du quartier 209 de la prison d&#8217;Evine au centre de d\u00e9tention du d\u00e9partement des renseignements de Chiraz, connu sous le nom de n\u00b0 100.<\/p>\n","protected":false},"excerpt":{"rendered":"<p>La prisonni\u00e8re politique Samaneh Saeedi priv\u00e9e de soins m\u00e9dicaux La prisonni\u00e8re politique Samaneh Saeedi est d\u00e9tenue et priv\u00e9e de soins m\u00e9dicaux \u00e0 la prison d&#8217;Evine. Son \u00e9tat physique serait \u00e9pouvantable. La prisonni\u00e8re politique Samaneh Saeedi, 39 ans, est condamn\u00e9e \u00e0 5 ans de prison depuis 2020. Incapable de supporter les conditions de d\u00e9tention, Mme Saeedi [&hellip;]<\/p>\n","protected":false},"author":4,"featured_media":16446,"comment_status":"closed","ping_status":"closed","sticky":false,"template":"","format":"standard","meta":{"jnews-multi-image_gallery":[],"jnews_single_post":{"subtitle":"","format":"standard","video":"","gallery":"","source_name":"","source_url":"","via_name":"","via_url":"","override_template":"0","override":[{"template":"7","single_blog_custom":"","parallax":"1","fullscreen":"1","layout":"right-sidebar","sidebar":"default-sidebar","second_sidebar":"default-sidebar","sticky_sidebar":"1","share_position":"floatbottom","share_float_style":"share-normal","show_share_counter":"1","show_view_counter":"1","show_featured":"1","show_post_meta":"1","show_post_author":"0","show_post_author_image":"1","show_post_date":"1","post_date_format":"default","post_date_format_custom":"Y\/m\/d","show_post_category":"1","show_post_reading_time":"0","post_reading_time_wpm":"300","show_zoom_button":"0","zoom_button_out_step":"2","zoom_button_in_step":"3","show_post_tag":"1","show_prev_next_post":"0","show_popup_post":"1","number_popup_post":"1","show_author_box":"0","show_post_related":"1","show_inline_post_related":"0"}],"override_image_size":"0","image_override":[{"single_post_thumbnail_size":"crop-500","single_post_gallery_size":"crop-500"}],"trending_post":"0","trending_post_position":"meta","trending_post_label":"Trending","sponsored_post":"0","sponsored_post_label":"Sponsored by","sponsored_post_name":"","sponsored_post_url":"","sponsored_post_logo_enable":"0","sponsored_post_logo":"","sponsored_post_desc":"","disable_ad":"0"},"jnews_primary_category":{"id":""},"jnews_social_meta":{"fb_title":"","fb_description":"","fb_image":"","twitter_title":"","twitter_description":"","twitter_image":""},"jnews_override_counter":{"override_view_counter":"0","view_counter_number":"0","override_share_counter":"0","share_counter_number":"0","override_like_counter":"0","like_counter_number":"0","override_dislike_counter":"0","dislike_counter_number":"0"},"footnotes":""},"categories":[3],"tags":[370],"class_list":["post-16445","post","type-post","status-publish","format-standard","has-post-thumbnail","hentry","category-infos-des-femmes","tag-prisonnieres"],"_links":{"self":[{"href":"https:\/\/wncri.org\/fr\/wp-json\/wp\/v2\/posts\/16445","targetHints":{"allow":["GET"]}}],"collection":[{"href":"https:\/\/wncri.org\/fr\/wp-json\/wp\/v2\/posts"}],"about":[{"href":"https:\/\/wncri.org\/fr\/wp-json\/wp\/v2\/types\/post"}],"author":[{"embeddable":true,"href":"https:\/\/wncri.org\/fr\/wp-json\/wp\/v2\/users\/4"}],"replies":[{"embeddable":true,"href":"https:\/\/wncri.org\/fr\/wp-json\/wp\/v2\/comments?post=16445"}],"version-history":[{"count":1,"href":"https:\/\/wncri.org\/fr\/wp-json\/wp\/v2\/posts\/16445\/revisions"}],"predecessor-version":[{"id":16447,"href":"https:\/\/wncri.org\/fr\/wp-json\/wp\/v2\/posts\/16445\/revisions\/16447"}],"wp:featuredmedia":[{"embeddable":true,"href":"https:\/\/wncri.org\/fr\/wp-json\/wp\/v2\/media\/16446"}],"wp:attachment":[{"href":"https:\/\/wncri.org\/fr\/wp-json\/wp\/v2\/media?parent=16445"}],"wp:term":[{"taxonomy":"category","embeddable":true,"href":"https:\/\/wncri.org\/fr\/wp-json\/wp\/v2\/categories?post=16445"},{"taxonomy":"post_tag","embeddable":true,"href":"https:\/\/wncri.org\/fr\/wp-json\/wp\/v2\/tags?post=16445"}],"curies":[{"name":"wp","href":"https:\/\/api.w.org\/{rel}","templated":true}]}}