{"id":16436,"date":"2022-08-28T09:19:00","date_gmt":"2022-08-28T07:19:00","guid":{"rendered":"https:\/\/wncri.org\/fr\/?p=16436"},"modified":"2022-08-29T09:28:18","modified_gmt":"2022-08-29T07:28:18","slug":"laffaire-soada","status":"publish","type":"post","link":"https:\/\/wncri.org\/fr\/2022\/08\/28\/laffaire-soada\/","title":{"rendered":"Le fils d&#8217;un membre de l&#8217;IRGC, plaignant dans l&#8217;affaire Soada, menace de la tuer si elle est lib\u00e9r\u00e9e"},"content":{"rendered":"\n<h3 class=\"wp-block-heading\">Le fils d&#8217;un membre de l&#8217;IRGC, plaignant dans l&#8217;affaire Soada, menace de la tuer si elle est lib\u00e9r\u00e9e<\/h3>\n\n\n\n<p>Soada Khadirzadeh a \u00e9t\u00e9 menac\u00e9e de meurtre par le plaignant lors de son premier proc\u00e8s. L&#8217;avocat de Soada a renonc\u00e9 \u00e0 repr\u00e9senter cette prisonni\u00e8re politique, qui est incarc\u00e9r\u00e9e \u00e0 la prison d&#8217;Ourmia.<\/p>\n\n\n\n<p>Le proc\u00e8s de Soada Khadirzadeh s&#8217;est tenu en ligne le 24 ao\u00fbt 2022, \u00e0 la branche 3 du tribunal p\u00e9nal de Mahabad. Soada, son avocat et les plaignants \u00e9taient pr\u00e9sents.<\/p>\n\n\n\n<p>Une source inform\u00e9e a d\u00e9clar\u00e9 que l&#8217;accusation port\u00e9e contre Soada Khadirzadeh \u00e9tait la participation \u00e0 un meurtre en tant que principal complice et l&#8217;adh\u00e9sion \u00e0 un parti kurde. Mme Khadirzadeh a cat\u00e9goriquement ni\u00e9 avoir tu\u00e9 un membre du Corps des gardiens de la r\u00e9volution islamique (IRGC).<\/p>\n\n\n\n<p>Javad Banaei est le responsable de la branche 3, mais un certain Gholam Karimkhani enqu\u00eate sur le cas de Soada.<\/p>\n\n\n\n<p>Morad Pirotinia, l&#8217;un des plaignants dans cette affaire, est le fils de Khezr Pirotinia, qui \u00e9tait un membre de l&#8217;IRGC. Morad a menac\u00e9 de tuer Mme Khadirzadeh si elle \u00e9tait lib\u00e9r\u00e9e de <a href=\"https:\/\/www.maryam-rajavi.com\/fr\/lonu-condamnant-les-violations-des-droits-humains-en-iran\/\" target=\"_blank\" rel=\"noreferrer noopener\">prison<\/a>. Khezr Pirotinia a \u00e9t\u00e9 assassin\u00e9 par un inconnu le 5 octobre 2021.<\/p>\n\n\n\n<p>La source a \u00e9galement ajout\u00e9 qu&#8217;apr\u00e8s avoir \u00e9t\u00e9 menac\u00e9 par les plaignants, l&#8217;avocat de Soada a inform\u00e9 sa famille qu&#8217;il ne repr\u00e9senterait plus la m\u00e8re emprisonn\u00e9e.<\/p>\n\n\n\n<p>L&#8217;agence de presse publique Mizan, associ\u00e9e au pouvoir judiciaire, a annonc\u00e9 la lib\u00e9ration conditionnelle de Soada il y a quelques jours. Les responsables du bureau du procureur de Mahabad avaient accept\u00e9 la lib\u00e9ration sous caution de Soada apr\u00e8s la premi\u00e8re session du proc\u00e8s.<\/p>\n\n\n\n<p>La caution de 3 milliards de Toman pour la lib\u00e9ration temporaire de Soada a \u00e9t\u00e9 pr\u00e9par\u00e9e depuis longtemps pour \u00eatre admise par le tribunal. Cependant, \u00e0 diff\u00e9rents stades, ils ont \u00e9t\u00e9 en d\u00e9saccord sur sa lib\u00e9ration \u00e0 court terme, et ont continu\u00e9 \u00e0 augmenter le montant \u00e0 chaque fois jusqu&#8217;\u00e0 ce qu&#8217;il atteigne 3 milliards de Tomans.<\/p>\n\n\n\n<p>Les militants des droits des femmes demandent la lib\u00e9ration imm\u00e9diate de Soada et de son nouveau-n\u00e9 Solina<\/p>\n\n\n\n<p>Des dizaines de militants des droits des femmes ont publi\u00e9 une d\u00e9claration concernant la situation d\u00e9sesp\u00e9r\u00e9e de Soada Khadirzadeh, qui croupit dans le quartier des femmes de la prison d&#8217;Ourmia. Les militantes des droits des femmes ont demand\u00e9 la lib\u00e9ration imm\u00e9diate et inconditionnelle de la prisonni\u00e8re politique kurde et de sa fille Solina, qui vient de na\u00eetre.<\/p>\n\n\n\n<p>\u00c0 l&#8217;aube du jeudi 25 ao\u00fbt 2022, la prisonni\u00e8re politique kurde a \u00e9t\u00e9 brusquement emmen\u00e9e de son quartier vers un lieu inconnu. Cela s&#8217;est produit apr\u00e8s que Soada ait \u00e9t\u00e9 menac\u00e9e par les plaignants pendant le proc\u00e8s.<\/p>\n\n\n\n<p>Soada a \u00e9t\u00e9 transf\u00e9r\u00e9e alors que sa fille de deux mois a \u00e9t\u00e9 laiss\u00e9e avec un certain nombre de prisonni\u00e8res dans le quartier des femmes d&#8217;Ourmia.<\/p>\n\n\n\n<h3 class=\"wp-block-heading\"><strong>Qui est Soada Khadirzadeh ?<\/strong><\/h3>\n\n\n\n<p>La prisonni\u00e8re politique Soada Khadirzadeh, 32 ans, originaire de <a href=\"\/\/fr.wikipedia.org\/wiki\/Piranchahr\" target=\"_blank\" rel=\"noreferrer noopener\">Piranchahr<\/a>, \u00e9tait mari\u00e9e et avait deux enfants. Elle \u00e9tait enceinte d&#8217;un mois au moment de son arrestation. Les forces de s\u00e9curit\u00e9 l&#8217;ont arr\u00eat\u00e9e le 14 octobre 2021. Les raisons de son arrestation et les charges retenues contre elle ne sont pas connues. Le 8 novembre 2021, elle a \u00e9t\u00e9 transf\u00e9r\u00e9e du centre de d\u00e9tention des services des renseignements des gardiens de la r\u00e9volution \u00e0 la <a href=\"https:\/\/wncri.org\/fr\/2021\/12\/10\/les-conditions-des-femmes-prisons\/\" target=\"_blank\" rel=\"noreferrer noopener\">prison centrale d&#8217;Ourmia<\/a>. Pendant sa d\u00e9tention, elle s&#8217;est vu refuser les visites de sa famille et l&#8217;acc\u00e8s \u00e0 un avocat.<\/p>\n\n\n\n<p>Elle a fait une <a href=\"https:\/\/wncri.org\/fr\/2022\/05\/10\/les-autorites-de-la-prison-dourmia\/\" target=\"_blank\" rel=\"noreferrer noopener\">gr\u00e8ve de la faim<\/a> du 26 avril au 7 mai pour protester contre les conditions ambigu\u00ebs dans lesquelles elle a \u00e9t\u00e9 laiss\u00e9e pendant sept mois dans la prison d&#8217;Ourmia. Elle a mis fin \u00e0 sa gr\u00e8ve de la faim au bout de onze jours lorsque les autorit\u00e9s p\u00e9nitentiaires lui ont promis un transfert dans un \u00e9tablissement m\u00e9dical ou une lib\u00e9ration sous caution. Le huiti\u00e8me jour de sa gr\u00e8ve, elle s&#8217;est <a href=\"https:\/\/wncri.org\/2022\/05\/04\/prisoner-soada-khadirzadeh\/\" target=\"_blank\" rel=\"noreferrer noopener\">\u00e9vanouie<\/a> dans le hall central de la prison d&#8217;Ourmia, victime de la faim.<\/p>\n\n\n\n<p>Elle a ensuite publi\u00e9 un fichier audio r\u00e9v\u00e9lant qu&#8217;elle \u00e9tait <a href=\"https:\/\/wncri.org\/fr\/2022\/05\/10\/les-autorites-de-la-prison-dourmia\/\" target=\"_blank\" rel=\"noreferrer noopener\">retenue en otage en prison<\/a> et que les autorit\u00e9s p\u00e9nitentiaires l&#8217;avaient menac\u00e9e pour obtenir des aveux forc\u00e9s.<\/p>\n\n\n\n<p>D\u00e9but juin, un m\u00e9decin a d\u00e9clar\u00e9 que Soada devait \u00eatre transf\u00e9r\u00e9e imm\u00e9diatement \u00e0 l&#8217;h\u00f4pital. Les autorit\u00e9s p\u00e9nitentiaires n&#8217;ont pas autoris\u00e9 son transfert et la prisonni\u00e8re enceinte est rest\u00e9e priv\u00e9e de soins m\u00e9dicaux pendant tout le mois de juin.<\/p>\n","protected":false},"excerpt":{"rendered":"<p>Le fils d&#8217;un membre de l&#8217;IRGC, plaignant dans l&#8217;affaire Soada, menace de la tuer si elle est lib\u00e9r\u00e9e Soada Khadirzadeh a \u00e9t\u00e9 menac\u00e9e de meurtre par le plaignant lors de son premier proc\u00e8s. L&#8217;avocat de Soada a renonc\u00e9 \u00e0 repr\u00e9senter cette prisonni\u00e8re politique, qui est incarc\u00e9r\u00e9e \u00e0 la prison d&#8217;Ourmia. Le proc\u00e8s de Soada Khadirzadeh [&hellip;]<\/p>\n","protected":false},"author":4,"featured_media":16437,"comment_status":"closed","ping_status":"closed","sticky":false,"template":"","format":"standard","meta":{"jnews-multi-image_gallery":[],"jnews_single_post":{"subtitle":"","format":"standard","video":"","gallery":"","source_name":"","source_url":"","via_name":"","via_url":"","override_template":"0","override":[{"template":"7","single_blog_custom":"","parallax":"1","fullscreen":"1","layout":"right-sidebar","sidebar":"default-sidebar","second_sidebar":"default-sidebar","sticky_sidebar":"1","share_position":"floatbottom","share_float_style":"share-normal","show_share_counter":"1","show_view_counter":"1","show_featured":"1","show_post_meta":"1","show_post_author":"0","show_post_author_image":"1","show_post_date":"1","post_date_format":"default","post_date_format_custom":"Y\/m\/d","show_post_category":"1","show_post_reading_time":"0","post_reading_time_wpm":"300","show_zoom_button":"0","zoom_button_out_step":"2","zoom_button_in_step":"3","show_post_tag":"1","show_prev_next_post":"0","show_popup_post":"1","number_popup_post":"1","show_author_box":"0","show_post_related":"1","show_inline_post_related":"0"}],"override_image_size":"0","image_override":[{"single_post_thumbnail_size":"crop-500","single_post_gallery_size":"crop-500"}],"trending_post":"0","trending_post_position":"meta","trending_post_label":"Trending","sponsored_post":"0","sponsored_post_label":"Sponsored by","sponsored_post_name":"","sponsored_post_url":"","sponsored_post_logo_enable":"0","sponsored_post_logo":"","sponsored_post_desc":"","disable_ad":"0"},"jnews_primary_category":{"id":""},"jnews_social_meta":{"fb_title":"","fb_description":"","fb_image":"","twitter_title":"","twitter_description":"","twitter_image":""},"jnews_override_counter":{"override_view_counter":"0","view_counter_number":"0","override_share_counter":"0","share_counter_number":"0","override_like_counter":"0","like_counter_number":"0","override_dislike_counter":"0","dislike_counter_number":"0"},"footnotes":""},"categories":[3],"tags":[370],"class_list":["post-16436","post","type-post","status-publish","format-standard","has-post-thumbnail","hentry","category-infos-des-femmes","tag-prisonnieres"],"_links":{"self":[{"href":"https:\/\/wncri.org\/fr\/wp-json\/wp\/v2\/posts\/16436","targetHints":{"allow":["GET"]}}],"collection":[{"href":"https:\/\/wncri.org\/fr\/wp-json\/wp\/v2\/posts"}],"about":[{"href":"https:\/\/wncri.org\/fr\/wp-json\/wp\/v2\/types\/post"}],"author":[{"embeddable":true,"href":"https:\/\/wncri.org\/fr\/wp-json\/wp\/v2\/users\/4"}],"replies":[{"embeddable":true,"href":"https:\/\/wncri.org\/fr\/wp-json\/wp\/v2\/comments?post=16436"}],"version-history":[{"count":1,"href":"https:\/\/wncri.org\/fr\/wp-json\/wp\/v2\/posts\/16436\/revisions"}],"predecessor-version":[{"id":16438,"href":"https:\/\/wncri.org\/fr\/wp-json\/wp\/v2\/posts\/16436\/revisions\/16438"}],"wp:featuredmedia":[{"embeddable":true,"href":"https:\/\/wncri.org\/fr\/wp-json\/wp\/v2\/media\/16437"}],"wp:attachment":[{"href":"https:\/\/wncri.org\/fr\/wp-json\/wp\/v2\/media?parent=16436"}],"wp:term":[{"taxonomy":"category","embeddable":true,"href":"https:\/\/wncri.org\/fr\/wp-json\/wp\/v2\/categories?post=16436"},{"taxonomy":"post_tag","embeddable":true,"href":"https:\/\/wncri.org\/fr\/wp-json\/wp\/v2\/tags?post=16436"}],"curies":[{"name":"wp","href":"https:\/\/api.w.org\/{rel}","templated":true}]}}