{"id":16423,"date":"2022-08-26T23:06:00","date_gmt":"2022-08-26T21:06:00","guid":{"rendered":"https:\/\/wncri.org\/fr\/?p=16423"},"modified":"2022-08-27T23:19:48","modified_gmt":"2022-08-27T21:19:48","slug":"femmes-assoiffees","status":"publish","type":"post","link":"https:\/\/wncri.org\/fr\/2022\/08\/26\/femmes-assoiffees\/","title":{"rendered":"Les femmes assoiff\u00e9es d&#8217;eau et de libert\u00e9 font gr\u00e8ve pendant trois jours \u00e0 Hamedan"},"content":{"rendered":"\n<h3 class=\"wp-block-heading\">Les femmes assoiff\u00e9es d&#8217;eau et de libert\u00e9 font gr\u00e8ve pendant trois jours \u00e0 Hamedan<\/h3>\n\n\n\n<p>Les manifestations \u00e0 Hamedan, dans l&#8217;ouest de l&#8217;Iran, le 25 ao\u00fbt 2022, ont atteint la troisi\u00e8me nuit de gr\u00e8ves cons\u00e9cutives pour r\u00e9clamer l&#8217;eau courante.<\/p>\n\n\n\n<p> Les mollahs au pouvoir en Iran ont refus\u00e9 aux Iraniens le droit d&#8217;acc\u00e9der \u00e0 l&#8217;eau et \u00e0 la libert\u00e9.<br>Les femmes assoiff\u00e9es de Hamadan sont les premi\u00e8res victimes de la r\u00e9cente crise de l&#8217;eau.<\/p>\n\n\n\n<p> Mais des <a href=\"https:\/\/wncri.org\/2022\/03\/01\/iranian-women-lead\/\" target=\"_blank\" rel=\"noreferrer noopener\">femmes courageuses<\/a>, comme celles d&#8217;Hamadan, sont \u00e0 la pointe des protestations \u00e0 Chahr-e Kord, dans le sud-ouest de l&#8217;Iran, et \u00e0 Ispahan.<\/p>\n\n\n\n<p> Des femmes assoiff\u00e9es \u00e0 Hamedan ont scand\u00e9 des slogans accusant le r\u00e9gime cl\u00e9rical d&#8217;\u00eatre responsable de cette situation. Certains de ces slogans \u00e9taient les suivants :<br>&#8220;Les mollahs doivent \u00eatre envelopp\u00e9s pour que ce pays soit notre patrie&#8221;.<br>La troisi\u00e8me nuit de la manifestation pour l&#8217;eau, des femmes et des jeunes assoiff\u00e9s sont venus dans la rue Bou-Ali Sina \u00e0 Hamedan et ont cri\u00e9 les slogans suivants :<br>N&#8217;ayez pas peur, nous sommes tous ensemble.<br>Le mollah doit dispara\u00eetre.<\/p>\n\n\n<div class=\"wp-block-image\">\n<figure class=\"aligncenter size-full\"><img decoding=\"async\" src=\"data:image\/gif;base64,R0lGODlhAQABAIAAAAAAAP\/\/\/yH5BAEAAAAALAAAAAABAAEAAAIBRAA7\" data-src=\"https:\/\/wncri.org\/fr\/wp-content\/uploads\/2022\/08\/water-protest-in-Hamedan-2.jpg\" alt=\"Les Iraniens mourront mais ne c\u00e9deront pas \u00e0 la tyrannie\" class=\"wp-image-16425 lazyload\"\/><noscript><img decoding=\"async\" width=\"750\" height=\"375\" src=\"https:\/\/wncri.org\/fr\/wp-content\/uploads\/2022\/08\/water-protest-in-Hamedan-2.jpg\" alt=\"Les Iraniens mourront mais ne c\u00e9deront pas \u00e0 la tyrannie\" class=\"wp-image-16425 lazyload\" srcset=\"https:\/\/wncri.org\/fr\/wp-content\/uploads\/2022\/08\/water-protest-in-Hamedan-2.jpg 750w, https:\/\/wncri.org\/fr\/wp-content\/uploads\/2022\/08\/water-protest-in-Hamedan-2-300x150.jpg 300w, https:\/\/wncri.org\/fr\/wp-content\/uploads\/2022\/08\/water-protest-in-Hamedan-2-360x180.jpg 360w\" sizes=\"(max-width: 750px) 100vw, 750px\" \/><\/noscript><\/figure>\n<\/div>\n\n\n<p><br><strong>Les Iraniens mourront mais ne c\u00e9deront pas \u00e0 la tyrannie<\/strong><br>Les forces anti-\u00e9meute ont affront\u00e9 les r\u00e9sidents. Elles ont essay\u00e9 de les emp\u00eacher de manifester, mais les manifestants se sont heurt\u00e9s aux forces du r\u00e9gime.<\/p>\n\n\n\n<p> Au cours de l&#8217;affrontement, les forces anti-\u00e9meutes ont battu et gri\u00e8vement bless\u00e9 une manifestante.<br>Le premier jour de la gr\u00e8ve cons\u00e9cutive de l&#8217;eau par les personnes en col\u00e8re \u00e0 Hamedan a commenc\u00e9 mardi 23 ao\u00fbt 2022, apr\u00e8s des jours de soif.<\/p>\n\n\n\n<p> Les habitants d&#8217;Hamedan ont \u00e9t\u00e9 confront\u00e9s \u00e0 une grave crise de l&#8217;eau potable une semaine avant le d\u00e9but des manifestations. Les r\u00e9sidents, et en particulier les femmes assoiff\u00e9es qui souffrent de conditions intol\u00e9rables, se sont rassembl\u00e9s sur la place Bu-Ali Sina, o\u00f9 se trouve la tombe du grand polymathe iranien, pour fixer la premi\u00e8re nuit des protestations.<br>L&#8217;\u00e9tat des eaux du barrage d&#8217;Ekbatan, qui est l&#8217;une des principales sources d&#8217;eau potable de cette r\u00e9gion, serait catastrophique.<br>Mme <a href=\"https:\/\/www.maryam-rajavi.com\/fr\/biography\/\" target=\"_blank\" rel=\"noreferrer noopener\">Maryam Radjavi<\/a>, pr\u00e9sidente \u00e9lue du Conseil national de la R\u00e9sistance iranienne, a salu\u00e9 les femmes courageuses de Hamedan et a d\u00e9clar\u00e9 : &#8221; Le r\u00e9gime cl\u00e9rical massacre la g\u00e9n\u00e9ration et les origines de la nation iranienne. Chaque ville doit protester fermement.<br><strong>Les femmes courageuses et assoiff\u00e9es de Chahr-e Kord \u00e0 l&#8217;avant-garde des protestations pour l&#8217;eau en Iran<\/strong><\/p>\n\n\n\n<p><br>Les habitants <a href=\"https:\/\/www.youtube.com\/watch?v=UAVj-SmcG2I\" target=\"_blank\" rel=\"noreferrer noopener\">de Chahr-e Kord<\/a> sont descendus dans la rue aujourd&#8217;hui, mardi 16 ao\u00fbt 2022, pour protester contre le manque d&#8217;eau dans leur ville depuis plus d&#8217;une semaine dans la chaleur de l&#8217;\u00e9t\u00e9. Les habitants n&#8217;ont m\u00eame pas acc\u00e8s \u00e0 l&#8217;eau potable.<\/p>\n\n\n\n<p> Les femmes courageuses de Chahr-e Kord \u00e9taient activement \u00e0 l&#8217;avant-garde des protestations.<br>Les habitants et les <a href=\"https:\/\/wncri.org\/fr\/2022\/08\/16\/femmes-courageuses-de-chahr\/\" target=\"_blank\" rel=\"noreferrer noopener\">femmes courageuses<\/a> de Chahr-e Kord ont march\u00e9 jusqu&#8217;au bureau du gouvernorat en scandant &#8220;mort \u00e0 Raisi&#8221; et &#8220;mort aux fonctionnaires incomp\u00e9tents&#8221;. Ils ont cri\u00e9 : &#8220;Nous avons soif.&#8221;<br>Les courageuses femmes de Chahr-e Kord \u00e0 l&#8217;avant-garde des protestations iraniennes pour l&#8217;eau.<br>&#8220;Ce n&#8217;est qu&#8217;en descendant dans la rue que nous pouvons gagner nos droits&#8221;, ont scand\u00e9 les habitants et les femmes courageuses de Chahr-e Kord.<\/p>\n\n\n\n<p> Les jeunes ont \u00e9galement hu\u00e9 les forces de s\u00e9curit\u00e9 de l&#8217;\u00c9tat lors de leur intervention.<br>Chahr-e Kord est la capitale de la province de Chaharmahal-o Bakhtiari, dans le sud-ouest de l&#8217;Iran.<br><br><br><br><\/p>\n","protected":false},"excerpt":{"rendered":"<p>Les femmes assoiff\u00e9es d&#8217;eau et de libert\u00e9 font gr\u00e8ve pendant trois jours \u00e0 Hamedan Les manifestations \u00e0 Hamedan, dans l&#8217;ouest de l&#8217;Iran, le 25 ao\u00fbt 2022, ont atteint la troisi\u00e8me nuit de gr\u00e8ves cons\u00e9cutives pour r\u00e9clamer l&#8217;eau courante. Les mollahs au pouvoir en Iran ont refus\u00e9 aux Iraniens le droit d&#8217;acc\u00e9der \u00e0 l&#8217;eau et \u00e0 [&hellip;]<\/p>\n","protected":false},"author":4,"featured_media":16424,"comment_status":"closed","ping_status":"closed","sticky":false,"template":"","format":"standard","meta":{"jnews-multi-image_gallery":[],"jnews_single_post":{"subtitle":"","format":"standard","video":"","gallery":"","source_name":"","source_url":"","via_name":"","via_url":"","override_template":"0","override":[{"template":"7","single_blog_custom":"","parallax":"1","fullscreen":"1","layout":"right-sidebar","sidebar":"default-sidebar","second_sidebar":"default-sidebar","sticky_sidebar":"1","share_position":"floatbottom","share_float_style":"share-normal","show_share_counter":"1","show_view_counter":"1","show_featured":"1","show_post_meta":"1","show_post_author":"0","show_post_author_image":"1","show_post_date":"1","post_date_format":"default","post_date_format_custom":"Y\/m\/d","show_post_category":"1","show_post_reading_time":"0","post_reading_time_wpm":"300","show_zoom_button":"0","zoom_button_out_step":"2","zoom_button_in_step":"3","show_post_tag":"1","show_prev_next_post":"0","show_popup_post":"1","number_popup_post":"1","show_author_box":"0","show_post_related":"1","show_inline_post_related":"0"}],"override_image_size":"0","image_override":[{"single_post_thumbnail_size":"crop-500","single_post_gallery_size":"crop-500"}],"trending_post":"0","trending_post_position":"meta","trending_post_label":"Trending","sponsored_post":"0","sponsored_post_label":"Sponsored by","sponsored_post_name":"","sponsored_post_url":"","sponsored_post_logo_enable":"0","sponsored_post_logo":"","sponsored_post_desc":"","disable_ad":"0"},"jnews_primary_category":{"id":""},"jnews_social_meta":{"fb_title":"","fb_description":"","fb_image":"","twitter_title":"","twitter_description":"","twitter_image":""},"jnews_override_counter":{"override_view_counter":"0","view_counter_number":"0","override_share_counter":"0","share_counter_number":"0","override_like_counter":"0","like_counter_number":"0","override_dislike_counter":"0","dislike_counter_number":"0"},"footnotes":""},"categories":[3],"tags":[369],"class_list":["post-16423","post","type-post","status-publish","format-standard","has-post-thumbnail","hentry","category-infos-des-femmes","tag-manifestations"],"_links":{"self":[{"href":"https:\/\/wncri.org\/fr\/wp-json\/wp\/v2\/posts\/16423","targetHints":{"allow":["GET"]}}],"collection":[{"href":"https:\/\/wncri.org\/fr\/wp-json\/wp\/v2\/posts"}],"about":[{"href":"https:\/\/wncri.org\/fr\/wp-json\/wp\/v2\/types\/post"}],"author":[{"embeddable":true,"href":"https:\/\/wncri.org\/fr\/wp-json\/wp\/v2\/users\/4"}],"replies":[{"embeddable":true,"href":"https:\/\/wncri.org\/fr\/wp-json\/wp\/v2\/comments?post=16423"}],"version-history":[{"count":2,"href":"https:\/\/wncri.org\/fr\/wp-json\/wp\/v2\/posts\/16423\/revisions"}],"predecessor-version":[{"id":16428,"href":"https:\/\/wncri.org\/fr\/wp-json\/wp\/v2\/posts\/16423\/revisions\/16428"}],"wp:featuredmedia":[{"embeddable":true,"href":"https:\/\/wncri.org\/fr\/wp-json\/wp\/v2\/media\/16424"}],"wp:attachment":[{"href":"https:\/\/wncri.org\/fr\/wp-json\/wp\/v2\/media?parent=16423"}],"wp:term":[{"taxonomy":"category","embeddable":true,"href":"https:\/\/wncri.org\/fr\/wp-json\/wp\/v2\/categories?post=16423"},{"taxonomy":"post_tag","embeddable":true,"href":"https:\/\/wncri.org\/fr\/wp-json\/wp\/v2\/tags?post=16423"}],"curies":[{"name":"wp","href":"https:\/\/api.w.org\/{rel}","templated":true}]}}