{"id":16420,"date":"2022-08-25T16:51:00","date_gmt":"2022-08-25T14:51:00","guid":{"rendered":"https:\/\/wncri.org\/fr\/?p=16420"},"modified":"2022-08-26T16:57:39","modified_gmt":"2022-08-26T14:57:39","slug":"prisonniere-politique-bannie","status":"publish","type":"post","link":"https:\/\/wncri.org\/fr\/2022\/08\/25\/prisonniere-politique-bannie\/","title":{"rendered":"La prisonni\u00e8re politique bannie, Maryam Akbari-Monfared, a \u00e9t\u00e9 attaqu\u00e9e par un fonctionnaire pendant l&#8217;heure des visites"},"content":{"rendered":"\n<h3 class=\"wp-block-heading\">La prisonni\u00e8re politique bannie, Maryam Akbari-Monfared, a \u00e9t\u00e9 attaqu\u00e9e par un fonctionnaire pendant l&#8217;heure des visites<\/h3>\n\n\n\n<p>La prisonni\u00e8re politique bannie, <a href=\"https:\/\/twitter.com\/arashiranpor44\/status\/1562835014231867392\" target=\"_blank\" rel=\"noreferrer noopener\">Maryam Akbari-Monfared, a \u00e9t\u00e9 battue<\/a> par un agent p\u00e9nitentiaire \u00e0 la prison de Semnan, le mercredi 24 ao\u00fbt 2022.<\/p>\n\n\n\n<p>Une source inform\u00e9e a d\u00e9clar\u00e9 que Maryam, prisonni\u00e8re politique <a href=\"https:\/\/wncri.org\/fr\/2021\/03\/10\/prisonniere-politique-maryam-akbari\/\" target=\"_blank\" rel=\"noreferrer noopener\">bannie<\/a>, avait re\u00e7u la visite de sa famille. Pendant la visite, un homme nomm\u00e9 Hosseinipour, chef de la salle de r\u00e9union de la prison, a attaqu\u00e9 Mme Akbari-Monfared.<\/p>\n\n\n\n<p>Kourdi, le directeur adjoint de la prison de Semnan, dans le nord de l&#8217;Iran, a rejet\u00e9 de mani\u00e8re irrespectueuse la visite des deux filles de Maryam. Il leur a refus\u00e9 le droit de rendre visite \u00e0 leur m\u00e8re, retenue captive bannue, car elles ne portaient pas de tchador (cape port\u00e9e par les femmes pour couvrir la t\u00eate et le corps, ne laissant que le visage libre). Kourdi avait \u00e9galement l&#8217;intention de rendre la prisonni\u00e8re politique Maryam Akbari \u00e0 sa section.<\/p>\n\n\n\n<p>Lorsque la prisonni\u00e8re politique bannie, Maryam Akbari, s&#8217;est oppos\u00e9e \u00e0 ce que ses filles portent le tchador et a refus\u00e9 de retourner dans son quartier, Hosseinipour l&#8217;a saisie \u00e0 la gorge et l&#8217;a battue.<\/p>\n\n\n\n<p>Finalement, \u00e9tant donn\u00e9 la forte r\u00e9sistance de Maryam \u00e0 retourner dans son service, Kourdi s&#8217;est impliqu\u00e9 dans cette affaire. Il a permis \u00e0 Maryam, la prisonni\u00e8re politique bannie, de recevoir la visite de ses deux filles.<\/p>\n\n\n\n<h3 class=\"wp-block-heading\"><strong>La prisonni\u00e8re politique bannie Maryam Akbari Monfared fait face \u00e0 de nouvelles accusations<\/strong><\/h3>\n\n\n\n<p>La prisonni\u00e8re politique <a href=\"https:\/\/wncri.org\/fr\/?s=Maryam+Akbari+Monfared\" target=\"_blank\" rel=\"noreferrer noopener\">Maryam Akbari<\/a> Monfared <a href=\"https:\/\/wncri.org\/fr\/2022\/07\/26\/akbari-monfared\/\" target=\"_blank\" rel=\"noreferrer noopener\">doit faire face \u00e0 de nouvelles accusations<\/a> port\u00e9es contre elle par le minist\u00e8re des renseignements. Elle a refus\u00e9 de se pr\u00e9senter devant le tribunal pour examiner l&#8217;affaire.<\/p>\n\n\n\n<p>Maryam Akbari Monfared est actuellement incarc\u00e9r\u00e9e dans le quartier des femmes de la prison de Semnan. Elle a \u00e9t\u00e9 bannie de cette prison le 10 mars 2021.<\/p>\n\n\n\n<p>La convocation de Mme Akbari au tribunal de Semnan s&#8217;est d\u00e9roul\u00e9e en deux temps.&nbsp;<\/p>\n\n\n\n<p>Selon une source inform\u00e9e, le minist\u00e8re des renseignements a r\u00e9cemment d\u00e9pos\u00e9 un nouveau dossier contre Maryam Akbari Monfared. Le samedi 16 juillet 2022, elle a \u00e9t\u00e9 convoqu\u00e9e devant un tribunal de Semnan pour enqu\u00eater sur l&#8217;accusation de &#8220;propagande contre l&#8217;\u00c9tat&#8221;.<\/p>\n\n\n\n<p>Mme Akbari Monfared a refus\u00e9 de se pr\u00e9senter devant le tribunal car son avocat n&#8217;avait pas re\u00e7u la citation \u00e0 compara\u00eetre.<\/p>\n\n\n\n<p>Un deuxi\u00e8me avis a \u00e9t\u00e9 \u00e9mis pour que Mme Akbari se pr\u00e9sente devant la cour le mardi 19 juillet 2022. Son avocat, M. Taj, s&#8217;est oppos\u00e9 \u00e0 l&#8217;assignation et a annul\u00e9 l&#8217;audience car le d\u00e9lai l\u00e9gal entre l&#8217;\u00e9mission de l&#8217;avis et la date de l&#8217;audience n&#8217;avait pas \u00e9t\u00e9 respect\u00e9e.<\/p>\n\n\n\n<p>Les autorit\u00e9s judiciaires ont dit \u00e0 Maryam Akbari Monfared qu&#8217;elle devait d\u00e9poser \u00e0 nouveau sa demande d&#8217;avocat car elle ne s&#8217;\u00e9tait pas pr\u00e9sent\u00e9e au tribunal.<\/p>\n\n\n\n<p>Maryam Akbari a refus\u00e9 de signer tout document en signe de protestation.<\/p>\n\n\n\n<p>Maryam Akbari Monfared, son avocat et sa famille ne connaissent pas la raison de cette nouvelle accusation.<\/p>\n\n\n\n<p>La prisonni\u00e8re politique Maryam Akbari Monfared est soumise \u00e0 diverses pressions. En juillet 2022, le bureau du procureur de la prison d&#8217;Evine a rejet\u00e9 sa demande de transfert de la prison de Semnan \u00e0 la prison d&#8217;Evine, \u00e0 T\u00e9h\u00e9ran.<\/p>\n\n\n\n<p>Maryam Akbari Monfared est d\u00e9tenue \u00e0 la prison de Semnan, en violation du principe de s\u00e9paration des d\u00e9lits.<\/p>\n\n\n\n<p>Le 6 juin 2022, les forces de s\u00e9curit\u00e9 de la prison de Semnan ont prof\u00e9r\u00e9 des menaces \u00e0 son encontre apr\u00e8s qu&#8217;elle ait exprim\u00e9 sa <a href=\"https:\/\/wncri.org\/fr\/?s=Derri%C3%A8re+les+barreaux\" target=\"_blank\" rel=\"noreferrer noopener\">solidarit\u00e9<\/a> avec les manifestations g\u00e9n\u00e9ralis\u00e9es contre la hausse des prix dans diff\u00e9rentes villes en mai 2022. Ils l&#8217;ont <a href=\"https:\/\/wncri.org\/fr\/2022\/06\/06\/prison-de-semnan\/%5d\" target=\"_blank\" rel=\"noreferrer noopener\">menac\u00e9e<\/a> en disant : &#8220;Si elle se lie d&#8217;amiti\u00e9 ou discute avec d&#8217;autres prisonni\u00e8res, ils d\u00e9poseront un dossier politique contre elle.&#8221;<\/p>\n","protected":false},"excerpt":{"rendered":"<p>La prisonni\u00e8re politique bannie, Maryam Akbari-Monfared, a \u00e9t\u00e9 attaqu\u00e9e par un fonctionnaire pendant l&#8217;heure des visites La prisonni\u00e8re politique bannie, Maryam Akbari-Monfared, a \u00e9t\u00e9 battue par un agent p\u00e9nitentiaire \u00e0 la prison de Semnan, le mercredi 24 ao\u00fbt 2022. Une source inform\u00e9e a d\u00e9clar\u00e9 que Maryam, prisonni\u00e8re politique bannie, avait re\u00e7u la visite de sa [&hellip;]<\/p>\n","protected":false},"author":4,"featured_media":16421,"comment_status":"closed","ping_status":"closed","sticky":false,"template":"","format":"standard","meta":{"jnews-multi-image_gallery":[],"jnews_single_post":{"subtitle":"","format":"standard","video":"","gallery":"","source_name":"","source_url":"","via_name":"","via_url":"","override_template":"0","override":[{"template":"7","single_blog_custom":"","parallax":"1","fullscreen":"1","layout":"right-sidebar","sidebar":"default-sidebar","second_sidebar":"default-sidebar","sticky_sidebar":"1","share_position":"floatbottom","share_float_style":"share-normal","show_share_counter":"1","show_view_counter":"1","show_featured":"1","show_post_meta":"1","show_post_author":"0","show_post_author_image":"1","show_post_date":"1","post_date_format":"default","post_date_format_custom":"Y\/m\/d","show_post_category":"1","show_post_reading_time":"0","post_reading_time_wpm":"300","show_zoom_button":"0","zoom_button_out_step":"2","zoom_button_in_step":"3","show_post_tag":"1","show_prev_next_post":"0","show_popup_post":"1","number_popup_post":"1","show_author_box":"0","show_post_related":"1","show_inline_post_related":"0"}],"override_image_size":"0","image_override":[{"single_post_thumbnail_size":"crop-500","single_post_gallery_size":"crop-500"}],"trending_post":"0","trending_post_position":"meta","trending_post_label":"Trending","sponsored_post":"0","sponsored_post_label":"Sponsored by","sponsored_post_name":"","sponsored_post_url":"","sponsored_post_logo_enable":"0","sponsored_post_logo":"","sponsored_post_desc":"","disable_ad":"0"},"jnews_primary_category":{"id":""},"jnews_social_meta":{"fb_title":"","fb_description":"","fb_image":"","twitter_title":"","twitter_description":"","twitter_image":""},"jnews_override_counter":{"override_view_counter":"0","view_counter_number":"0","override_share_counter":"0","share_counter_number":"0","override_like_counter":"0","like_counter_number":"0","override_dislike_counter":"0","dislike_counter_number":"0"},"footnotes":""},"categories":[3],"tags":[370],"class_list":["post-16420","post","type-post","status-publish","format-standard","has-post-thumbnail","hentry","category-infos-des-femmes","tag-prisonnieres"],"_links":{"self":[{"href":"https:\/\/wncri.org\/fr\/wp-json\/wp\/v2\/posts\/16420","targetHints":{"allow":["GET"]}}],"collection":[{"href":"https:\/\/wncri.org\/fr\/wp-json\/wp\/v2\/posts"}],"about":[{"href":"https:\/\/wncri.org\/fr\/wp-json\/wp\/v2\/types\/post"}],"author":[{"embeddable":true,"href":"https:\/\/wncri.org\/fr\/wp-json\/wp\/v2\/users\/4"}],"replies":[{"embeddable":true,"href":"https:\/\/wncri.org\/fr\/wp-json\/wp\/v2\/comments?post=16420"}],"version-history":[{"count":1,"href":"https:\/\/wncri.org\/fr\/wp-json\/wp\/v2\/posts\/16420\/revisions"}],"predecessor-version":[{"id":16422,"href":"https:\/\/wncri.org\/fr\/wp-json\/wp\/v2\/posts\/16420\/revisions\/16422"}],"wp:featuredmedia":[{"embeddable":true,"href":"https:\/\/wncri.org\/fr\/wp-json\/wp\/v2\/media\/16421"}],"wp:attachment":[{"href":"https:\/\/wncri.org\/fr\/wp-json\/wp\/v2\/media?parent=16420"}],"wp:term":[{"taxonomy":"category","embeddable":true,"href":"https:\/\/wncri.org\/fr\/wp-json\/wp\/v2\/categories?post=16420"},{"taxonomy":"post_tag","embeddable":true,"href":"https:\/\/wncri.org\/fr\/wp-json\/wp\/v2\/tags?post=16420"}],"curies":[{"name":"wp","href":"https:\/\/api.w.org\/{rel}","templated":true}]}}