{"id":16408,"date":"2022-08-24T23:31:00","date_gmt":"2022-08-24T21:31:00","guid":{"rendered":"https:\/\/wncri.org\/fr\/?p=16408"},"modified":"2022-08-24T23:39:54","modified_gmt":"2022-08-24T21:39:54","slug":"quartier-des-femmes-devine","status":"publish","type":"post","link":"https:\/\/wncri.org\/fr\/2022\/08\/24\/quartier-des-femmes-devine\/","title":{"rendered":"Situation d\u00e9plorable dans le quartier des femmes d&#8217;Evine apr\u00e8s la propagation du Coronavirus"},"content":{"rendered":"\n<p>Situation d\u00e9plorable dans le quartier des femmes d&#8217;Evine apr\u00e8s la propagation du Coronavirus<\/p>\n\n\n\n<p>Seize prisonni\u00e8res politiques ont protest\u00e9 contre la propagation du coronavirus et le manque d&#8217;acc\u00e8s \u00e0 des structures de soins appropri\u00e9es. Dans leur lettre, elles d\u00e9crivent les conditions d\u00e9plorables dans le quartier des femmes de la prison d&#8217;Evine.<\/p>\n\n\n\n<p>Les prisonni\u00e8res politiques d\u00e9tenues dans le quartier des femmes de la prison d&#8217;Evine \u00e9voquent la nouvelle \u00e9pid\u00e9mie de coronavirus et le <a href=\"https:\/\/wncri.org\/fr\/2022\/08\/15\/conditions-deplorables\/\" target=\"_blank\" rel=\"noreferrer noopener\">nombre croissant de prisonni\u00e8res infect\u00e9es<\/a>. Elles ont protest\u00e9 contre la forte augmentation du nombre de d\u00e9tenues dans le quartier et le manque d&#8217;espace ad\u00e9quat pour s\u00e9parer et mettre en quarantaine les malades.<\/p>\n\n\n\n<p>Avec l&#8217;augmentation du nombre de prisonni\u00e8res dans ce service, les probl\u00e8mes des femmes se sont accrus. \u00c0 partir d&#8217;ao\u00fbt 2022, le coronavirus s&#8217;est propag\u00e9 parmi les femmes. Il y a 60 femmes d\u00e9tenues dans le quartier des femmes d&#8217;Evine. Bien que certaines soient en permission, il y a beaucoup trop de prisonni\u00e8res au m\u00eame endroit.<\/p>\n\n\n\n<p>Les responsables de la prison d&#8217;Evine refusent d&#8217;autoriser le traitement urgent des patientes de ce service. Ils ne leur donnent pas les m\u00e9dicaments requis ou retardent leur d\u00e9livrance.<\/p>\n\n\n\n<p>Les prisonniers politiques Forough Taghipour, <a href=\"https:\/\/wncri.org\/fr\/2022\/08\/17\/battues-et-privees\/\" target=\"_blank\" rel=\"noreferrer noopener\">Assal Mohammadi<\/a> et Samin Ehsani ont contract\u00e9 le coronavirus dans ce service.<\/p>\n\n\n\n<p>Assal Mohammadi et <a href=\"https:\/\/wncri.org\/fr\/2022\/08\/17\/battues-et-privees\/\" target=\"_blank\" rel=\"noreferrer noopener\">Samin Ehsani<\/a> ont \u00e9t\u00e9 gard\u00e9s dans une pi\u00e8ce vide pendant une nuit enti\u00e8re. La porte de la chambre \u00e9tait ferm\u00e9e \u00e0 cl\u00e9 et les gardiens n&#8217;ont pas pris la peine de v\u00e9rifier leur \u00e9tat pendant la nuit. Lorsque les deux prisonni\u00e8res malades se sont plaintes, les gardes ont r\u00e9pondu : &#8220;Nous ne sommes pas des infirmi\u00e8res !&#8221;.<\/p>\n\n\n\n<p><a href=\"https:\/\/wncri.org\/fr\/2022\/08\/04\/faranguisse-mazloum-emprisonne\/\" target=\"_blank\" rel=\"noreferrer noopener\">La prisonni\u00e8re politique Farangis Mazloum<\/a> souffre \u00e9galement d&#8217;un probl\u00e8me cardiaque et est physiquement mal en point. Mme Mazloum a \u00e9t\u00e9 transf\u00e9r\u00e9e \u00e0 l&#8217;h\u00f4pital Taleghani de T\u00e9h\u00e9ran le 21 ao\u00fbt 2022, en raison de br\u00fblures d&#8217;estomac. Son m\u00e9decin a exig\u00e9 qu&#8217;elle soit hospitalis\u00e9e, mais l&#8217;adjoint de la prison a refus\u00e9, et Mme Mazloum a \u00e9t\u00e9 renvoy\u00e9e au quartier des femmes d&#8217;Evine sans avoir re\u00e7u un traitement m\u00e9dical complet. Dans son \u00e9tat critique, cette m\u00e8re de famille emprisonn\u00e9e avait d\u00e9j\u00e0 souffert de Covid-19.\u00a0<\/p>\n\n\n\n<p>Mme Mazloum a ensuite \u00e9t\u00e9 emmen\u00e9e \u00e0 l&#8217;h\u00f4pital Taleghani le 23 ao\u00fbt 2022, en raison de douleurs thoraciques. Elle a \u00e9t\u00e9 hospitalis\u00e9e dans la section de cardiologie et il lui est interdit de recevoir des visiteurs.<\/p>\n\n\n\n<p><a href=\"https:\/\/wncri.org\/fr\/2022\/08\/03\/corona\/\" target=\"_blank\" rel=\"noreferrer noopener\">Parastou Moini<\/a> est \u00e9galement infect\u00e9e par le coronavirus et d&#8217;autres d\u00e9tenues souffrent de sympt\u00f4mes similaires.<\/p>\n\n\n\n<p><a href=\"http:\/\/Zohreh%20Sarv\" target=\"_blank\" rel=\"noreferrer noopener\">Zohreh Sarv<\/a> avait d\u00e9j\u00e0 contract\u00e9 le coronavirus, mais le m\u00e9decin de la prison lui a administr\u00e9 \u00e0 tort des m\u00e9dicaments contre le rhume. Apr\u00e8s une longue p\u00e9riode, elle a \u00e9t\u00e9 emmen\u00e9e \u00e0 l&#8217;h\u00f4pital Tajrish, o\u00f9 des tests ont confirm\u00e9 que l&#8217;infection \u00e9tait rest\u00e9e dans son corps en raison de soins inappropri\u00e9s. Son corps n&#8217;est pas conditionn\u00e9 pour recevoir la troisi\u00e8me dose du vaccin contre le coronavirus, et si Zohreh contracte \u00e0 nouveau le virus, l&#8217;infection peut atteindre son c\u0153ur et ses poumons.<\/p>\n\n\n<div class=\"wp-block-image\">\n<figure class=\"aligncenter size-full\"><img decoding=\"async\" src=\"data:image\/gif;base64,R0lGODlhAQABAIAAAAAAAP\/\/\/yH5BAEAAAAALAAAAAABAAEAAAIBRAA7\" data-src=\"https:\/\/wncri.org\/fr\/wp-content\/uploads\/2022\/08\/Evins-women-ward-2.jpg\" alt=\"Lettre de 16 prisonni\u00e8res politiques du quartier des femmes d'Evine d\u00e9crivant la nouvelle \u00e9pid\u00e9mie\" class=\"wp-image-16411 lazyload\"\/><noscript><img decoding=\"async\" width=\"750\" height=\"375\" src=\"https:\/\/wncri.org\/fr\/wp-content\/uploads\/2022\/08\/Evins-women-ward-2.jpg\" alt=\"Lettre de 16 prisonni\u00e8res politiques du quartier des femmes d'Evine d\u00e9crivant la nouvelle \u00e9pid\u00e9mie\" class=\"wp-image-16411 lazyload\" srcset=\"https:\/\/wncri.org\/fr\/wp-content\/uploads\/2022\/08\/Evins-women-ward-2.jpg 750w, https:\/\/wncri.org\/fr\/wp-content\/uploads\/2022\/08\/Evins-women-ward-2-300x150.jpg 300w, https:\/\/wncri.org\/fr\/wp-content\/uploads\/2022\/08\/Evins-women-ward-2-360x180.jpg 360w\" sizes=\"(max-width: 750px) 100vw, 750px\" \/><\/noscript><\/figure>\n<\/div>\n\n\n<h3 class=\"wp-block-heading\"><strong>Lettre de 16 prisonni\u00e8res politiques du quartier des femmes d&#8217;Evine d\u00e9crivant la nouvelle \u00e9pid\u00e9mie<\/strong><\/h3>\n\n\n\n<p>Dans une lettre, 16 <a href=\"https:\/\/wncri.org\/2022\/03\/01\/iranian-women-lead\/\" target=\"_blank\" rel=\"noreferrer noopener\">prisonniers politiques<\/a> d\u00e9crivent la nouvelle \u00e9pid\u00e9mie de Coronavirus dans le quartier des femmes d&#8217;Evine comme suit :<\/p>\n\n\n\n<p>&#8220;Depuis plusieurs semaines, une nouvelle souche de Coronavirus s&#8217;est propag\u00e9e dans le quartier des femmes de la prison d&#8217;Evine. Le nombre de prisonniers infect\u00e9s augmente chaque jour. Le nombre de d\u00e9tenues augmente rapidement et il y a un nombre disproportionn\u00e9 de d\u00e9tenues dans un m\u00eame espace. Les installations du service sont insuffisantes et il n&#8217;y a pas d&#8217;espace pour isoler les prisonniers infect\u00e9s. Les tests de d\u00e9pistage sont s\u00e9rieusement retard\u00e9s et l&#8217;absence de soins m\u00e9dicaux n\u00e9cessaires suscite des inqui\u00e9tudes quant \u00e0 la vie et \u00e0 la sant\u00e9 des d\u00e9tenues. Certaines prisonni\u00e8res infect\u00e9es restent \u00e0 l&#8217;int\u00e9rieur de la salle avec d&#8217;autres prisonni\u00e8res alors qu&#8217;elles sont malades car il n&#8217;y a pas d&#8217;espace ext\u00e9rieur.<\/p>\n\n\n\n<p><a href=\"https:\/\/wncri.org\/2021\/03\/04\/ncri-womens-committee-annual-report-2021-on-women-in-iran\/\" target=\"_blank\" rel=\"noreferrer noopener\">Deux prisonni\u00e8res<\/a>, Assal Mohammadi et Samin Ehsani, qui ont r\u00e9cemment <a href=\"https:\/\/iran-hrm.com\/2022\/08\/20\/irans-judiciary-endangers-lives-of-covid-19-infected-political-prisoners-by-deliberately-depriving-them-of-treatment\/\" target=\"_blank\" rel=\"noreferrer noopener\">contract\u00e9 le COVID-19<\/a>, sont rest\u00e9es dans une pi\u00e8ce vide toute la nuit. La pi\u00e8ce ressemblait davantage \u00e0 une cellule de prison et la porte \u00e9tait verrouill\u00e9e \u00e0 tout moment. Ces prisonniers \u00e9taient si faibles qu&#8217;ils ne pouvaient pas atteindre le robinet d&#8217;eau. N\u00e9anmoins, les gardes ne leur ont pas rendu visite une seule fois pendant la nuit. Lorsque les deux prisonni\u00e8res malades se sont plaintes, les gardes ont r\u00e9pondu : &#8220;Nous ne sommes pas des infirmi\u00e8res !&#8221;.<\/p>\n\n\n\n<p>Ce n&#8217;est pas la premi\u00e8re fois que des prisonni\u00e8res sont t\u00e9moins de conditions aussi d\u00e9plorables dans le quartier des femmes. Nous avons vu la vie et la sant\u00e9 des prisonni\u00e8res n\u00e9glig\u00e9es dans les prisons <a href=\"https:\/\/wncri.org\/fr\/2021\/12\/10\/les-conditions-des-femmes-prisons\/\" target=\"_blank\" rel=\"noreferrer noopener\">d&#8217;Evine<\/a> et de <a href=\"https:\/\/wncri.org\/fr\/2021\/12\/10\/les-conditions-des-femmes-prisons\/\" target=\"_blank\" rel=\"noreferrer noopener\">Qarchak<\/a>. L&#8217;augmentation du nombre de prisonni\u00e8res entra\u00eene une d\u00e9t\u00e9rioration des conditions. Les prisonni\u00e8res sont amen\u00e9es dans le service alors que le coronavirus se propage et que des maladies cardiaques et pulmonaires sont pr\u00e9sentes !&#8221;<\/p>\n\n\n\n<p>23 ao\u00fbt 2022<\/p>\n","protected":false},"excerpt":{"rendered":"<p>Situation d\u00e9plorable dans le quartier des femmes d&#8217;Evine apr\u00e8s la propagation du Coronavirus Seize prisonni\u00e8res politiques ont protest\u00e9 contre la propagation du coronavirus et le manque d&#8217;acc\u00e8s \u00e0 des structures de soins appropri\u00e9es. Dans leur lettre, elles d\u00e9crivent les conditions d\u00e9plorables dans le quartier des femmes de la prison d&#8217;Evine. Les prisonni\u00e8res politiques d\u00e9tenues dans [&hellip;]<\/p>\n","protected":false},"author":4,"featured_media":16410,"comment_status":"closed","ping_status":"closed","sticky":false,"template":"","format":"standard","meta":{"jnews-multi-image_gallery":[],"jnews_single_post":{"subtitle":"","format":"standard","video":"","gallery":"","source_name":"","source_url":"","via_name":"","via_url":"","override_template":"0","override":[{"template":"7","single_blog_custom":"","parallax":"1","fullscreen":"1","layout":"right-sidebar","sidebar":"default-sidebar","second_sidebar":"default-sidebar","sticky_sidebar":"1","share_position":"floatbottom","share_float_style":"share-normal","show_share_counter":"1","show_view_counter":"1","show_featured":"1","show_post_meta":"1","show_post_author":"0","show_post_author_image":"1","show_post_date":"1","post_date_format":"default","post_date_format_custom":"Y\/m\/d","show_post_category":"1","show_post_reading_time":"0","post_reading_time_wpm":"300","show_zoom_button":"0","zoom_button_out_step":"2","zoom_button_in_step":"3","show_post_tag":"1","show_prev_next_post":"0","show_popup_post":"1","number_popup_post":"1","show_author_box":"0","show_post_related":"1","show_inline_post_related":"0"}],"override_image_size":"0","image_override":[{"single_post_thumbnail_size":"crop-500","single_post_gallery_size":"crop-500"}],"trending_post":"0","trending_post_position":"meta","trending_post_label":"Trending","sponsored_post":"0","sponsored_post_label":"Sponsored by","sponsored_post_name":"","sponsored_post_url":"","sponsored_post_logo_enable":"0","sponsored_post_logo":"","sponsored_post_desc":"","disable_ad":"0"},"jnews_primary_category":{"id":""},"jnews_social_meta":{"fb_title":"","fb_description":"","fb_image":"","twitter_title":"","twitter_description":"","twitter_image":""},"jnews_override_counter":{"override_view_counter":"0","view_counter_number":"0","override_share_counter":"0","share_counter_number":"0","override_like_counter":"0","like_counter_number":"0","override_dislike_counter":"0","dislike_counter_number":"0"},"footnotes":""},"categories":[3],"tags":[370],"class_list":["post-16408","post","type-post","status-publish","format-standard","has-post-thumbnail","hentry","category-infos-des-femmes","tag-prisonnieres"],"_links":{"self":[{"href":"https:\/\/wncri.org\/fr\/wp-json\/wp\/v2\/posts\/16408","targetHints":{"allow":["GET"]}}],"collection":[{"href":"https:\/\/wncri.org\/fr\/wp-json\/wp\/v2\/posts"}],"about":[{"href":"https:\/\/wncri.org\/fr\/wp-json\/wp\/v2\/types\/post"}],"author":[{"embeddable":true,"href":"https:\/\/wncri.org\/fr\/wp-json\/wp\/v2\/users\/4"}],"replies":[{"embeddable":true,"href":"https:\/\/wncri.org\/fr\/wp-json\/wp\/v2\/comments?post=16408"}],"version-history":[{"count":1,"href":"https:\/\/wncri.org\/fr\/wp-json\/wp\/v2\/posts\/16408\/revisions"}],"predecessor-version":[{"id":16412,"href":"https:\/\/wncri.org\/fr\/wp-json\/wp\/v2\/posts\/16408\/revisions\/16412"}],"wp:featuredmedia":[{"embeddable":true,"href":"https:\/\/wncri.org\/fr\/wp-json\/wp\/v2\/media\/16410"}],"wp:attachment":[{"href":"https:\/\/wncri.org\/fr\/wp-json\/wp\/v2\/media?parent=16408"}],"wp:term":[{"taxonomy":"category","embeddable":true,"href":"https:\/\/wncri.org\/fr\/wp-json\/wp\/v2\/categories?post=16408"},{"taxonomy":"post_tag","embeddable":true,"href":"https:\/\/wncri.org\/fr\/wp-json\/wp\/v2\/tags?post=16408"}],"curies":[{"name":"wp","href":"https:\/\/api.w.org\/{rel}","templated":true}]}}