{"id":16388,"date":"2022-08-22T13:51:00","date_gmt":"2022-08-22T11:51:00","guid":{"rendered":"https:\/\/wncri.org\/fr\/?p=16388"},"modified":"2022-08-22T13:55:59","modified_gmt":"2022-08-22T11:55:59","slug":"patrouille-dorientation","status":"publish","type":"post","link":"https:\/\/wncri.org\/fr\/2022\/08\/22\/patrouille-dorientation\/","title":{"rendered":"Une patrouille d&#8217;orientation jette une femme hors de sa camionnette dans le nord de l&#8217;Iran"},"content":{"rendered":"\n<h3 class=\"wp-block-heading\">Une patrouille d&#8217;orientation jette une femme hors de sa camionnette dans le nord de l&#8217;Iran<\/h3>\n\n\n\n<p><a href=\"https:\/\/www.youtube.com\/watch?v=apdJ1Daas6A\" target=\"_blank\" rel=\"noreferrer noopener\">Un clip vid\u00e9o<\/a> publi\u00e9 sur les m\u00e9dias sociaux le samedi 20 ao\u00fbt 2022 montre une femme jet\u00e9e hors du van de la patrouille d&#8217;orientation \u00e0 Racht, dans le nord de l&#8217;Iran.<\/p>\n\n\n\n<p>Quelques heures apr\u00e8s la diffusion de la vid\u00e9o, les Forces de s\u00e9curit\u00e9 de l&#8217;\u00c9tat (SSF) ont affirm\u00e9 que la nouvelle de l&#8217;expulsion d&#8217;une femme d&#8217;une camionnette \u00e9tait &#8220;une fausse rumeur&#8221;. Les SSF ont fait cette d\u00e9claration pour contrer l&#8217;indignation populaire et les protestations contre cet acte.<\/p>\n\n\n\n<p>Hossein Hassanpour, commandant en second des SSF de la province de Gilan, a d\u00e9clar\u00e9 : &#8220;La citoyenne s&#8217;est pendue \u00e0 la fen\u00eatre du v\u00e9hicule de police alors que celui-ci \u00e9tait en mouvement. Les all\u00e9gations selon lesquelles elle aurait \u00e9t\u00e9 jet\u00e9e du v\u00e9hicule de patrouille de s\u00e9curit\u00e9 sont purement fausses et immorales.&#8221; (L&#8217;agence de presse \u00e9tatique Khabarfoori &#8211; 20 ao\u00fbt 2022)<\/p>\n\n\n\n<p>Khamenei, le guide supr\u00eame du r\u00e9gime des mollahs, a d\u00e9clar\u00e9 le 27 juillet 2022, alors que dans une foule, une personne m&#8217;a demand\u00e9, quelle est votre ligne de d\u00e9fense envers l&#8217;Occident dans le cas des femmes ? J&#8217;ai r\u00e9pondu, je n&#8217;ai pas de d\u00e9fense, je vais attaquer !<\/p>\n\n\n\n<p>Mohammad Saleh Hashemi Golpayegani a \u00e9galement parl\u00e9 du nouveau plan pour le hijab le 20 ao\u00fbt 2022, en d\u00e9clarant : &#8220;Dans le nouveau <a href=\"https:\/\/wncri.org\/fr\/2022\/07\/12\/harcelement-des-femme\/\" target=\"_blank\" rel=\"noreferrer noopener\">plan pour le hijab<\/a>, nous avons r\u00e9duit le crime consistant \u00e0 enlever le hijab \u00e0 un degr\u00e9 de violation. Mais il est cependant efficace et effectif, et peut \u00eatre mis en \u0153uvre.&#8221;<\/p>\n\n\n\n<p>Golpayegani a d\u00e9fini les normes de la Patrouille de l&#8217;orientation concernant le <a href=\"https:\/\/wncri.org\/fr\/2022\/07\/12\/harcelement-des-femme\/\" target=\"_blank\" rel=\"noreferrer noopener\">hijab des femmes.<\/a> Il a d\u00e9clar\u00e9 : &#8220;Selon les crit\u00e8res religieux, une femme dont une m\u00e8che de cheveux est expos\u00e9e est une criminelle. Elle doit \u00eatre arr\u00eat\u00e9e. Lorsqu&#8217;une personne sans hijab entre dans un magasin et que le propri\u00e9taire du magasin ne la pr\u00e9vient pas et lui fournit un service, la patrouille d&#8217;orientation inculpe le propri\u00e9taire du magasin.&#8221; (L&#8217;agence de presse \u00e9tatique Mizan &#8211; 20 ao\u00fbt 2022)<\/p>\n\n\n\n<h3 class=\"wp-block-heading\"><strong>R\u00e9primer les femmes sous le pr\u00e9texte du hijab obligatoire revient \u00e0 endormir toute la soci\u00e9t\u00e9<\/strong><\/h3>\n\n\n\n<p>La r\u00e9pression et le harc\u00e8lement des femmes en Iran sous le <a href=\"https:\/\/wncri.org\/fr\/2022\/07\/07\/mal-voile\/\" target=\"_blank\" rel=\"noreferrer noopener\">pr\u00e9texte d&#8217;un hijab<\/a> inappropri\u00e9 est l&#8217;un des principaux outils du fascisme religieux pour faire taire toute la soci\u00e9t\u00e9 et d\u00e9tourner les Iraniens de la demande de renversement du r\u00e9gime.<\/p>\n\n\n\n<p>L&#8217;imposition du hijab obligatoire a \u00e9t\u00e9 l&#8217;un des premiers actes de Khomeini, quelques jours seulement apr\u00e8s la <a href=\"https:\/\/wncri.org\/fr\/2022\/02\/10\/le-bond-en-avant-des-iraniennes-dans-la-revolution-de-1979-2\/\" target=\"_blank\" rel=\"noreferrer noopener\">r\u00e9volution de 1979<\/a> contre la monarchie iranienne. Il d\u00e9fendait le slogan &#8220;Soit le voile, soit un coup sur la t\u00eate&#8221;.<\/p>\n\n\n\n<p>Cette loi existe depuis <a href=\"https:\/\/wncri.org\/2022\/02\/10\/iranian-women-defy-dictatorship\/\" target=\"_blank\" rel=\"noreferrer noopener\">40 ans sous le r\u00e9gime cl\u00e9rical<\/a>, mais \u00e0 mesure que le m\u00e9contentement de la soci\u00e9t\u00e9 augmente, nous assistons \u00e0 une augmentation des arrestations et des ex\u00e9cutions, ainsi qu&#8217;\u00e0 une nouvelle vague d&#8217;attaques et de harc\u00e8lement contre les femmes en Iran sous le pr\u00e9texte de prot\u00e9ger la loi sur le hijab obligatoire.<\/p>\n\n\n\n<p>En \u00e9t\u00e9, lorsque les gens ont davantage besoin de v\u00eatements plus l\u00e9gers &#8211; et plus particuli\u00e8rement cette ann\u00e9e o\u00f9 la chaleur extr\u00eame, les p\u00e9nuries d&#8217;eau et les probl\u00e8mes \u00e9conomiques ont accabl\u00e9 la population &#8211; les agences gouvernementales et les agents en civil, qui sont <a href=\"https:\/\/wncri.org\/fr\/2022\/07\/08\/imposer-le-hijab-obligatoire\/\" target=\"_blank\" rel=\"noreferrer noopener\">autoris\u00e9s \u00e0 tirer \u00e0 volont\u00e9<\/a>, ont plus d&#8217;excuses pour commettre des actes de <a href=\"https:\/\/wncri.org\/fr\/2020\/11\/23\/la-violence-faite-aux-femmes-en-iran-parrainee-et-institutionnalisee-par-letat\/\" target=\"_blank\" rel=\"noreferrer noopener\">violence contre les femmes<\/a>.<\/p>\n\n\n\n<p>Des nouvelles et des images publiques sur les m\u00e9dias sociaux ont montr\u00e9 des patrouilles d&#8217;orientation d\u00e9ploy\u00e9es dans divers quartiers de la ville en train de saisir violemment des femmes et des filles, les poussant dans des v\u00e9hicules de patrouille avant de les emmener. Les agents en civil affili\u00e9s au gouvernement sont \u00e9galement <a href=\"https:\/\/wncri.org\/2022\/04\/30\/suppression-of-women-in-iran\/\" target=\"_blank\" rel=\"noreferrer noopener\">libres d&#8217;insulter<\/a> les femmes et de les maltraiter.<\/p>\n","protected":false},"excerpt":{"rendered":"<p>Une patrouille d&#8217;orientation jette une femme hors de sa camionnette dans le nord de l&#8217;Iran Un clip vid\u00e9o publi\u00e9 sur les m\u00e9dias sociaux le samedi 20 ao\u00fbt 2022 montre une femme jet\u00e9e hors du van de la patrouille d&#8217;orientation \u00e0 Racht, dans le nord de l&#8217;Iran. Quelques heures apr\u00e8s la diffusion de la vid\u00e9o, les [&hellip;]<\/p>\n","protected":false},"author":4,"featured_media":16389,"comment_status":"closed","ping_status":"closed","sticky":false,"template":"","format":"standard","meta":{"jnews-multi-image_gallery":[],"jnews_single_post":{"subtitle":"","format":"standard","video":"","gallery":"","source_name":"","source_url":"","via_name":"","via_url":"","override_template":"0","override":[{"template":"7","single_blog_custom":"","parallax":"1","fullscreen":"1","layout":"right-sidebar","sidebar":"default-sidebar","second_sidebar":"default-sidebar","sticky_sidebar":"1","share_position":"floatbottom","share_float_style":"share-normal","show_share_counter":"1","show_view_counter":"1","show_featured":"1","show_post_meta":"1","show_post_author":"0","show_post_author_image":"1","show_post_date":"1","post_date_format":"default","post_date_format_custom":"Y\/m\/d","show_post_category":"1","show_post_reading_time":"0","post_reading_time_wpm":"300","show_zoom_button":"0","zoom_button_out_step":"2","zoom_button_in_step":"3","show_post_tag":"1","show_prev_next_post":"0","show_popup_post":"1","number_popup_post":"1","show_author_box":"0","show_post_related":"1","show_inline_post_related":"0"}],"override_image_size":"0","image_override":[{"single_post_thumbnail_size":"crop-500","single_post_gallery_size":"crop-500"}],"trending_post":"0","trending_post_position":"meta","trending_post_label":"Trending","sponsored_post":"0","sponsored_post_label":"Sponsored by","sponsored_post_name":"","sponsored_post_url":"","sponsored_post_logo_enable":"0","sponsored_post_logo":"","sponsored_post_desc":"","disable_ad":"0"},"jnews_primary_category":{"id":""},"jnews_social_meta":{"fb_title":"","fb_description":"","fb_image":"","twitter_title":"","twitter_description":"","twitter_image":""},"jnews_override_counter":{"override_view_counter":"0","view_counter_number":"0","override_share_counter":"0","share_counter_number":"0","override_like_counter":"0","like_counter_number":"0","override_dislike_counter":"0","dislike_counter_number":"0"},"footnotes":""},"categories":[3],"tags":[376],"class_list":["post-16388","post","type-post","status-publish","format-standard","has-post-thumbnail","hentry","category-infos-des-femmes","tag-violence-contre-les-femmes"],"_links":{"self":[{"href":"https:\/\/wncri.org\/fr\/wp-json\/wp\/v2\/posts\/16388","targetHints":{"allow":["GET"]}}],"collection":[{"href":"https:\/\/wncri.org\/fr\/wp-json\/wp\/v2\/posts"}],"about":[{"href":"https:\/\/wncri.org\/fr\/wp-json\/wp\/v2\/types\/post"}],"author":[{"embeddable":true,"href":"https:\/\/wncri.org\/fr\/wp-json\/wp\/v2\/users\/4"}],"replies":[{"embeddable":true,"href":"https:\/\/wncri.org\/fr\/wp-json\/wp\/v2\/comments?post=16388"}],"version-history":[{"count":1,"href":"https:\/\/wncri.org\/fr\/wp-json\/wp\/v2\/posts\/16388\/revisions"}],"predecessor-version":[{"id":16390,"href":"https:\/\/wncri.org\/fr\/wp-json\/wp\/v2\/posts\/16388\/revisions\/16390"}],"wp:featuredmedia":[{"embeddable":true,"href":"https:\/\/wncri.org\/fr\/wp-json\/wp\/v2\/media\/16389"}],"wp:attachment":[{"href":"https:\/\/wncri.org\/fr\/wp-json\/wp\/v2\/media?parent=16388"}],"wp:term":[{"taxonomy":"category","embeddable":true,"href":"https:\/\/wncri.org\/fr\/wp-json\/wp\/v2\/categories?post=16388"},{"taxonomy":"post_tag","embeddable":true,"href":"https:\/\/wncri.org\/fr\/wp-json\/wp\/v2\/tags?post=16388"}],"curies":[{"name":"wp","href":"https:\/\/api.w.org\/{rel}","templated":true}]}}