{"id":16382,"date":"2022-08-20T22:51:00","date_gmt":"2022-08-20T20:51:00","guid":{"rendered":"https:\/\/wncri.org\/fr\/?p=16382"},"modified":"2022-08-21T22:57:09","modified_gmt":"2022-08-21T20:57:09","slug":"la-prisonniere-politique-zohreh","status":"publish","type":"post","link":"https:\/\/wncri.org\/fr\/2022\/08\/20\/la-prisonniere-politique-zohreh\/","title":{"rendered":"La prisonni\u00e8re politique Zohreh Sarv a contract\u00e9 une maladie infectieuse \u00e0 la prison d&#8217;Evine"},"content":{"rendered":"\n<h3 class=\"wp-block-heading\">La prisonni\u00e8re politique Zohreh Sarv a contract\u00e9 une maladie infectieuse \u00e0 la prison d&#8217;Evine<\/h3>\n\n\n\n<p>La prisonni\u00e8re politique Zohreh Sarv a contract\u00e9 une maladie infectieuse \u00e0 la prison d&#8217;Evine et s&#8217;est vu refuser l&#8217;acc\u00e8s aux soins m\u00e9dicaux et le droit au traitement.<\/p>\n\n\n\n<p>La prisonni\u00e8re politique Zohreh Sarv est une activiste en ligne qui est d\u00e9tenue \u00e0 la prison d&#8217;Evine avec une peine de 5 ans de prison.<\/p>\n\n\n\n<p>Selon une source inform\u00e9e de la maladie de <a href=\"https:\/\/wncri.org\/fr\/2020\/12\/21\/la-nouvelle-directrice-de-la-prison-de-qarchak\/\" target=\"_blank\" rel=\"noreferrer noopener\">Zohreh Sarv<\/a>, celle-ci &#8220;a r\u00e9cemment contract\u00e9 une forme de maladie infectieuse et, en raison de la propagation de la maladie dans son corps, elle ne peut m\u00eame pas s&#8217;injecter une troisi\u00e8me dose du vaccin contre le coronavirus. Si elle est \u00e9galement infect\u00e9e par le Coronavirus, elle perdra la vie.&#8221;<\/p>\n\n\n\n<p>La source a ajout\u00e9 : &#8220;Les autorit\u00e9s de <a href=\"https:\/\/wncri.org\/2022\/03\/01\/iranian-women-lead\/\" target=\"_blank\" rel=\"noreferrer noopener\">la prison d&#8217;Evine<\/a> ont promis d&#8217;envoyer Zohreh Sarv \u00e0 l&#8217;h\u00f4pital le 20 ao\u00fbt 2022, en raison de son \u00e9tat critique.&#8221;<\/p>\n\n\n\n<p>L&#8217;activiste en ligne a \u00e9t\u00e9 arr\u00eat\u00e9e le 24 d\u00e9cembre 2019 par des agents des renseignements du Corps des gardiens de la r\u00e9volution islamique (CGRI) pour avoir pr\u00e9tendument op\u00e9r\u00e9 dans le cyberespace et g\u00e9r\u00e9 une page Instagram. Apr\u00e8s avoir \u00e9t\u00e9 transf\u00e9r\u00e9e au quartier 1A et pendant les proc\u00e9dures d&#8217;interrogatoire et de mise en accusation, elle a \u00e9t\u00e9 transf\u00e9r\u00e9e \u00e0 la <a href=\"https:\/\/wncri.org\/2021\/03\/04\/ncri-womens-committee-annual-report-2021-on-women-in-iran\/\" target=\"_blank\" rel=\"noreferrer noopener\">prison de Qarchak<\/a> le 11 janvier 2020.<\/p>\n\n\n\n<p>La prisonni\u00e8re politique Zohreh Sarv a \u00e9t\u00e9 condamn\u00e9e \u00e0 une amende et \u00e0 74 coups de fouet pour possession de boissons alcoolis\u00e9es. La sentence a \u00e9t\u00e9 prononc\u00e9e par la branche 2 du tribunal p\u00e9nal de T\u00e9h\u00e9ran. Zohreh a \u00e9t\u00e9 fouett\u00e9e 74 fois le 5 avril 2021. Avant cette date, elle devait payer une amende au lieu d&#8217;\u00eatre fouett\u00e9e. Cependant, apr\u00e8s avoir pay\u00e9 l&#8217;amende et remis le re\u00e7u \u00e0 la Division de l&#8217;application des peines, elle a d\u00e9couvert que son dossier avait d\u00e9j\u00e0 \u00e9t\u00e9 class\u00e9.<\/p>\n\n\n\n<p>La prisonni\u00e8re politique Zohreh Sarv a \u00e9t\u00e9 condamn\u00e9e \u00e0 huit ans d&#8217;emprisonnement par la branche 26 du tribunal r\u00e9volutionnaire de T\u00e9h\u00e9ran pour &#8220;insulte \u00e0 la direction, propagande contre l&#8217;\u00c9tat, rassemblement et collusion dans l&#8217;intention d&#8217;agir contre la s\u00e9curit\u00e9 du pays&#8221;. La Cour d&#8217;appel de la province de T\u00e9h\u00e9ran a rendu la sentence d\u00e9finitive en la fixant \u00e0 5 ans d&#8217;emprisonnement.<\/p>\n\n\n\n<h3 class=\"wp-block-heading\"><strong>La m\u00e9thode typique du r\u00e9gime pour faire souffrir les prisonniers jusqu&#8217;\u00e0 la mort en Iran<\/strong><\/h3>\n\n\n\n<p><a href=\"https:\/\/wncri.org\/fr\/2021\/12\/10\/les-conditions-des-femmes-prisons\/\" target=\"_blank\" rel=\"noreferrer noopener\">Faire souffrir \u00e0 mort<\/a> <a href=\"https:\/\/wncri.org\/fr\/2022\/08\/18\/prison-de-kachouii\/\" target=\"_blank\" rel=\"noreferrer noopener\">les prisonniers politiques<\/a> est une m\u00e9thode bien connue du r\u00e9gime iranien. <a href=\"https:\/\/english.mojahedin.org\/about-the-peoples-mojahedin-organization-of-iran-pmoi-mek\/\" target=\"_blank\" rel=\"noreferrer noopener\">Le Conseil National de la R\u00e9sistance Iranienne (CNRI)<\/a> appelle une fois de plus les Nations Unies et les organisations des droits de l&#8217;homme \u00e0 envoyer une d\u00e9l\u00e9gation internationale pour visiter les prisons iraniennes et rencontrer les prisonniers, en particulier les prisonniers politiques. La R\u00e9sistance iranienne demande en outre \u00e0 ces organismes internationaux de prendre des mesures imm\u00e9diates pour sauver la vie des prisonniers qui risquent d&#8217;\u00eatre ex\u00e9cut\u00e9s et de ceux qui sont malades et soumis \u00e0 la torture.<\/p>\n","protected":false},"excerpt":{"rendered":"<p>La prisonni\u00e8re politique Zohreh Sarv a contract\u00e9 une maladie infectieuse \u00e0 la prison d&#8217;Evine La prisonni\u00e8re politique Zohreh Sarv a contract\u00e9 une maladie infectieuse \u00e0 la prison d&#8217;Evine et s&#8217;est vu refuser l&#8217;acc\u00e8s aux soins m\u00e9dicaux et le droit au traitement. La prisonni\u00e8re politique Zohreh Sarv est une activiste en ligne qui est d\u00e9tenue \u00e0 [&hellip;]<\/p>\n","protected":false},"author":4,"featured_media":16384,"comment_status":"closed","ping_status":"closed","sticky":false,"template":"","format":"standard","meta":{"jnews-multi-image_gallery":[],"jnews_single_post":{"subtitle":"","format":"standard","video":"","gallery":"","source_name":"","source_url":"","via_name":"","via_url":"","override_template":"0","override":[{"template":"7","single_blog_custom":"","parallax":"1","fullscreen":"1","layout":"right-sidebar","sidebar":"default-sidebar","second_sidebar":"default-sidebar","sticky_sidebar":"1","share_position":"floatbottom","share_float_style":"share-normal","show_share_counter":"1","show_view_counter":"1","show_featured":"1","show_post_meta":"1","show_post_author":"0","show_post_author_image":"1","show_post_date":"1","post_date_format":"default","post_date_format_custom":"Y\/m\/d","show_post_category":"1","show_post_reading_time":"0","post_reading_time_wpm":"300","show_zoom_button":"0","zoom_button_out_step":"2","zoom_button_in_step":"3","show_post_tag":"1","show_prev_next_post":"0","show_popup_post":"1","number_popup_post":"1","show_author_box":"0","show_post_related":"1","show_inline_post_related":"0"}],"override_image_size":"0","image_override":[{"single_post_thumbnail_size":"crop-500","single_post_gallery_size":"crop-500"}],"trending_post":"0","trending_post_position":"meta","trending_post_label":"Trending","sponsored_post":"0","sponsored_post_label":"Sponsored by","sponsored_post_name":"","sponsored_post_url":"","sponsored_post_logo_enable":"0","sponsored_post_logo":"","sponsored_post_desc":"","disable_ad":"0"},"jnews_primary_category":{"id":""},"jnews_social_meta":{"fb_title":"","fb_description":"","fb_image":"","twitter_title":"","twitter_description":"","twitter_image":""},"jnews_override_counter":{"override_view_counter":"0","view_counter_number":"0","override_share_counter":"0","share_counter_number":"0","override_like_counter":"0","like_counter_number":"0","override_dislike_counter":"0","dislike_counter_number":"0"},"footnotes":""},"categories":[3],"tags":[370],"class_list":["post-16382","post","type-post","status-publish","format-standard","has-post-thumbnail","hentry","category-infos-des-femmes","tag-prisonnieres"],"_links":{"self":[{"href":"https:\/\/wncri.org\/fr\/wp-json\/wp\/v2\/posts\/16382","targetHints":{"allow":["GET"]}}],"collection":[{"href":"https:\/\/wncri.org\/fr\/wp-json\/wp\/v2\/posts"}],"about":[{"href":"https:\/\/wncri.org\/fr\/wp-json\/wp\/v2\/types\/post"}],"author":[{"embeddable":true,"href":"https:\/\/wncri.org\/fr\/wp-json\/wp\/v2\/users\/4"}],"replies":[{"embeddable":true,"href":"https:\/\/wncri.org\/fr\/wp-json\/wp\/v2\/comments?post=16382"}],"version-history":[{"count":1,"href":"https:\/\/wncri.org\/fr\/wp-json\/wp\/v2\/posts\/16382\/revisions"}],"predecessor-version":[{"id":16385,"href":"https:\/\/wncri.org\/fr\/wp-json\/wp\/v2\/posts\/16382\/revisions\/16385"}],"wp:featuredmedia":[{"embeddable":true,"href":"https:\/\/wncri.org\/fr\/wp-json\/wp\/v2\/media\/16384"}],"wp:attachment":[{"href":"https:\/\/wncri.org\/fr\/wp-json\/wp\/v2\/media?parent=16382"}],"wp:term":[{"taxonomy":"category","embeddable":true,"href":"https:\/\/wncri.org\/fr\/wp-json\/wp\/v2\/categories?post=16382"},{"taxonomy":"post_tag","embeddable":true,"href":"https:\/\/wncri.org\/fr\/wp-json\/wp\/v2\/tags?post=16382"}],"curies":[{"name":"wp","href":"https:\/\/api.w.org\/{rel}","templated":true}]}}