{"id":16367,"date":"2022-08-17T14:17:00","date_gmt":"2022-08-17T12:17:00","guid":{"rendered":"https:\/\/wncri.org\/fr\/?p=16367"},"modified":"2022-08-19T00:23:01","modified_gmt":"2022-08-18T22:23:01","slug":"battues-et-privees","status":"publish","type":"post","link":"https:\/\/wncri.org\/fr\/2022\/08\/17\/battues-et-privees\/","title":{"rendered":"Des prisonni\u00e8res politiques battues et priv\u00e9es de soins de sant\u00e9 dans les prisons iraniennes"},"content":{"rendered":"\n<h3 class=\"wp-block-heading\">Des prisonni\u00e8res politiques battues et priv\u00e9es de soins de sant\u00e9 dans les prisons iraniennes<\/h3>\n\n\n\n<p>Des prisonni\u00e8res politiques ont \u00e9t\u00e9 battues dans les prisons&nbsp;<a href=\"https:\/\/wncri.org\/fr\/2021\/12\/10\/les-conditions-des-femmes-prisons\/\" target=\"_blank\" rel=\"noreferrer noopener\">d\u2019Ilam et d\u2019Evine<\/a>. Le nombre de femmes infect\u00e9es par le coronavirus dans ces prisons a augment\u00e9 alors qu\u2019elles sont priv\u00e9es de soins de sant\u00e9 minimums.<br>La prisonni\u00e8re politique Khadijeh Mehdipour a \u00e9t\u00e9 battue dans la prison d\u2019Ilam. Les prisonni\u00e8res politiques Assal Mohammadi, une militante ouvri\u00e8re, et Samin Ehsani, une citoyenne baha\u00efe, ont \u00e9t\u00e9 infect\u00e9es par le coronavirus dans la prison&nbsp;<a href=\"https:\/\/wncri.org\/fr\/2021\/12\/10\/les-conditions-des-femmes-prisons\/\" target=\"_blank\" rel=\"noreferrer noopener\">d\u2019Evine<\/a>.<br>Melika Gharagozlu, \u00e9tudiante en journalisme \u00e0 l\u2019universit\u00e9 Tabatabii de T\u00e9h\u00e9ran, est toujours d\u00e9tenue sans avoir \u00e9t\u00e9 jug\u00e9e. Son \u00e9tat physique et psychologique n\u2019est pas bon du tout.<br><br><strong>Passage \u00e0 tabac d\u2019un prisonni\u00e8res politique Khadijeh Mehdipour<\/strong><br>Khadijeh Mehdipour, une prisonni\u00e8re politique de 34 ans, a \u00e9t\u00e9 battue et agress\u00e9e par des&nbsp;<a href=\"https:\/\/www.maryam-rajavi.com\/fr\/lonu-condamnant-les-violations-des-droits-humains-en-iran\/\" target=\"_blank\" rel=\"noreferrer noopener\">prisonni\u00e8res<\/a>&nbsp;condamn\u00e9es pour des d\u00e9lits violents.<br>Les responsables de la prison lui ont interdit de passer des appels t\u00e9l\u00e9phoniques juste apr\u00e8s l\u2019incident. Khadijeh Mehdipour n\u2019a eu aucun contact avec sa famille au cours de la semaine \u00e9coul\u00e9e. Les autorit\u00e9s de la prison d\u2019Ilam lui ont interdit tout contact avec sa famille en guise de sanction pour l\u2019accusation pr\u00e9sum\u00e9e de blasph\u00e8me.<br>Le passage \u00e0 tabac et le harc\u00e8lement de Mme Mehdipour ont \u00e9t\u00e9 foment\u00e9s et planifi\u00e9s par les autorit\u00e9s p\u00e9nitentiaires. Leurs employ\u00e9s lui ont interdit d\u2019entrer dans son quartier la nuit de l\u2019Achoura, la for\u00e7ant \u00e0 passer la nuit dans la biblioth\u00e8que de la prison.<br><br><strong>Le nombre de d\u00e9tenues infect\u00e9es par le coronavirus augmente dans la prison d\u2019Evine<\/strong><br>La militante ouvri\u00e8re Assal Mohammadi et Samin Ehsani, une femme baha\u00efe et militante des droits de l\u2019enfant, ont contract\u00e9 le&nbsp;<a href=\"https:\/\/wncri.org\/fr\/2021\/07\/19\/dautres-detenues-touchees-par-le-covid-19-dans-la-prison-des-femmes\/\" target=\"_blank\" rel=\"noreferrer noopener\">coronavirus<\/a>&nbsp;dans la prison&nbsp;<a href=\"https:\/\/wncri.org\/fr\/2021\/12\/10\/les-conditions-des-femmes-prisons\/\" target=\"_blank\" rel=\"noreferrer noopener\">d\u2019Evine<\/a>. Apr\u00e8s avoir \u00e9t\u00e9 transf\u00e9r\u00e9es dans la quarantaine d\u2019Evine, les prisonni\u00e8res se voient refuser l\u2019acc\u00e8s \u00e0 un traitement ou \u00e0 des soins m\u00e9dicaux de base.<br>Aucun m\u00e9dicament n\u2019a \u00e9t\u00e9 administr\u00e9 \u00e0 ces femmes depuis qu\u2019elles ont contract\u00e9 le coronavirus. Les autorit\u00e9s p\u00e9nitentiaires ont remis les ordonnances des prisonni\u00e8res \u00e0 leurs familles, les obligeant \u00e0 acheter les m\u00e9dicaments n\u00e9cessaires.<br>La militante syndicale Assal Mohammadi a \u00e9t\u00e9 condamn\u00e9e \u00e0 un an et huit mois d\u2019emprisonnement. Elle a \u00e9t\u00e9 transf\u00e9r\u00e9e \u00e0 la prison d\u2019Evine le 11 juillet 2022 pour purger sa peine.<br>Samin Ehsani est une femme&nbsp;<a href=\"https:\/\/wncri.org\/fr\/2022\/08\/14\/etudiants-bahais\/\" target=\"_blank\" rel=\"noreferrer noopener\">baha\u00efe<\/a>&nbsp;qui a \u00e9t\u00e9 arr\u00eat\u00e9e le 15 juin 2022 et transf\u00e9r\u00e9e \u00e0 la prison&nbsp;<a href=\"https:\/\/wncri.org\/fr\/2022\/08\/15\/conditions-deplorables\/\" target=\"_blank\" rel=\"noreferrer noopener\">d\u2019Evine<\/a>&nbsp;pour y subir sa peine. Samin a \u00e9t\u00e9 condamn\u00e9e \u00e0 5 ans d\u2019emprisonnement par le tribunal r\u00e9volutionnaire de T\u00e9h\u00e9ran.<br>Mme Ehsani avait mis en place des classes pour aider les enfants afghans qui se voyaient refuser le droit \u00e0 l\u2019\u00e9ducation en Iran. C\u2019est l\u2019un des chefs d\u2019accusation retenus contre elle lors de sa condamnation \u00e0 cinq ans de prison.<br>On a appris qu\u2019une nouvelle&nbsp;<a href=\"https:\/\/wncri.org\/fr\/2022\/08\/04\/faranguisse-mazloum-emprisonne\/\" target=\"_blank\" rel=\"noreferrer noopener\">\u00e9pid\u00e9mie de coronavirus<\/a>&nbsp;s\u2019\u00e9tait d\u00e9clar\u00e9e dans le quartier des femmes au cours des derni\u00e8res semaines, entra\u00eenant une augmentation du nombre de prisonniers infect\u00e9s. Les prisonni\u00e8res politiques&nbsp;<a href=\"https:\/\/wncri.org\/fr\/2022\/08\/03\/corona\/\" target=\"_blank\" rel=\"noreferrer noopener\">Parastou Moini et Fatemeh Mosanna<\/a>&nbsp;font partie des personnes infect\u00e9es par le coronavirus dans le quartier des femmes d\u2019Evine.<\/p>\n\n\n\n<p><br><\/p>\n","protected":false},"excerpt":{"rendered":"<p>Des prisonni\u00e8res politiques battues et priv\u00e9es de soins de sant\u00e9 dans les prisons iraniennes Des prisonni\u00e8res politiques ont \u00e9t\u00e9 battues dans les prisons&nbsp;d\u2019Ilam et d\u2019Evine. Le nombre de femmes infect\u00e9es par le coronavirus dans ces prisons a augment\u00e9 alors qu\u2019elles sont priv\u00e9es de soins de sant\u00e9 minimums.La prisonni\u00e8re politique Khadijeh Mehdipour a \u00e9t\u00e9 battue dans [&hellip;]<\/p>\n","protected":false},"author":4,"featured_media":16368,"comment_status":"closed","ping_status":"closed","sticky":false,"template":"","format":"standard","meta":{"jnews-multi-image_gallery":[],"jnews_single_post":{"subtitle":"","format":"standard","video":"","gallery":"","source_name":"","source_url":"","via_name":"","via_url":"","override_template":"0","override":[{"template":"7","single_blog_custom":"","parallax":"1","fullscreen":"1","layout":"right-sidebar","sidebar":"default-sidebar","second_sidebar":"default-sidebar","sticky_sidebar":"1","share_position":"floatbottom","share_float_style":"share-normal","show_share_counter":"1","show_view_counter":"1","show_featured":"1","show_post_meta":"1","show_post_author":"0","show_post_author_image":"1","show_post_date":"1","post_date_format":"default","post_date_format_custom":"Y\/m\/d","show_post_category":"1","show_post_reading_time":"0","post_reading_time_wpm":"300","show_zoom_button":"0","zoom_button_out_step":"2","zoom_button_in_step":"3","show_post_tag":"1","show_prev_next_post":"0","show_popup_post":"1","number_popup_post":"1","show_author_box":"0","show_post_related":"1","show_inline_post_related":"0"}],"override_image_size":"0","image_override":[{"single_post_thumbnail_size":"crop-500","single_post_gallery_size":"crop-500"}],"trending_post":"0","trending_post_position":"meta","trending_post_label":"Trending","sponsored_post":"0","sponsored_post_label":"Sponsored by","sponsored_post_name":"","sponsored_post_url":"","sponsored_post_logo_enable":"0","sponsored_post_logo":"","sponsored_post_desc":"","disable_ad":"0"},"jnews_primary_category":{"id":""},"jnews_social_meta":{"fb_title":"","fb_description":"","fb_image":"","twitter_title":"","twitter_description":"","twitter_image":""},"jnews_override_counter":{"override_view_counter":"0","view_counter_number":"0","override_share_counter":"0","share_counter_number":"0","override_like_counter":"0","like_counter_number":"0","override_dislike_counter":"0","dislike_counter_number":"0"},"footnotes":""},"categories":[3],"tags":[370],"class_list":["post-16367","post","type-post","status-publish","format-standard","has-post-thumbnail","hentry","category-infos-des-femmes","tag-prisonnieres"],"_links":{"self":[{"href":"https:\/\/wncri.org\/fr\/wp-json\/wp\/v2\/posts\/16367","targetHints":{"allow":["GET"]}}],"collection":[{"href":"https:\/\/wncri.org\/fr\/wp-json\/wp\/v2\/posts"}],"about":[{"href":"https:\/\/wncri.org\/fr\/wp-json\/wp\/v2\/types\/post"}],"author":[{"embeddable":true,"href":"https:\/\/wncri.org\/fr\/wp-json\/wp\/v2\/users\/4"}],"replies":[{"embeddable":true,"href":"https:\/\/wncri.org\/fr\/wp-json\/wp\/v2\/comments?post=16367"}],"version-history":[{"count":2,"href":"https:\/\/wncri.org\/fr\/wp-json\/wp\/v2\/posts\/16367\/revisions"}],"predecessor-version":[{"id":16371,"href":"https:\/\/wncri.org\/fr\/wp-json\/wp\/v2\/posts\/16367\/revisions\/16371"}],"wp:featuredmedia":[{"embeddable":true,"href":"https:\/\/wncri.org\/fr\/wp-json\/wp\/v2\/media\/16368"}],"wp:attachment":[{"href":"https:\/\/wncri.org\/fr\/wp-json\/wp\/v2\/media?parent=16367"}],"wp:term":[{"taxonomy":"category","embeddable":true,"href":"https:\/\/wncri.org\/fr\/wp-json\/wp\/v2\/categories?post=16367"},{"taxonomy":"post_tag","embeddable":true,"href":"https:\/\/wncri.org\/fr\/wp-json\/wp\/v2\/tags?post=16367"}],"curies":[{"name":"wp","href":"https:\/\/api.w.org\/{rel}","templated":true}]}}