{"id":16329,"date":"2022-08-11T21:21:00","date_gmt":"2022-08-11T19:21:00","guid":{"rendered":"https:\/\/wncri.org\/fr\/?p=16329"},"modified":"2022-08-12T18:26:03","modified_gmt":"2022-08-12T16:26:03","slug":"la-prison-de-vakilabad-une-mere","status":"publish","type":"post","link":"https:\/\/wncri.org\/fr\/2022\/08\/11\/la-prison-de-vakilabad-une-mere\/","title":{"rendered":"Une m\u00e8re et sa fille ont \u00e9t\u00e9 attach\u00e9es au lit pendant 24 heures dans la prison de Vakilabad"},"content":{"rendered":"\n<h2 class=\"wp-block-heading\"><em>Les autorit\u00e9s de la prison d&#8217;Amol ne remettent pas les livres envoy\u00e9s \u00e0 une prisonni\u00e8re du couloir de la mort dans le quartier des femmes<\/em><\/h2>\n\n\n\n<p>Une prisonni\u00e8re nomm\u00e9e Sahar F. a \u00e9t\u00e9 attach\u00e9e au lit dans le dispensaire de la prison de Vakilabad, \u00e0 Machad, pendant 24 heures, ainsi que sa fille de 12 ans, Tina Gh. Leurs mains et leurs pieds ont \u00e9t\u00e9 menott\u00e9s au lit.<\/p>\n\n\n\n<p>Les <a href=\"https:\/\/kurdistanhumanrights.org\/fa\/?p=18724\" target=\"_blank\" rel=\"noreferrer noopener\">r\u00e9seaux de d\u00e9fense des droits de l&#8217;Homme<\/a> affirment que Sahar et Tina ont \u00e9t\u00e9 attach\u00e9es au lit pour s&#8217;\u00eatre disput\u00e9es avec des agents du service des femmes de la <a href=\"https:\/\/wncri.org\/fr\/2021\/12\/10\/les-conditions-des-femmes-prisons\/\" target=\"_blank\" rel=\"noreferrer noopener\">prison<\/a> de Vakilabad (la prison centrale de Machad) le mercredi 3 ao\u00fbt 2022. Sur l&#8217;ordre des autorit\u00e9s p\u00e9nitentiaires, elles ont \u00e9t\u00e9 attach\u00e9es au lit pendant 24 heures \u00e0 titre de punition.<\/p>\n\n\n\n<p>La m\u00e8re et la fille ont \u00e9t\u00e9 renvoy\u00e9es dans le quartier des femmes de la prison de Vakilabad dans la soir\u00e9e du 4 ao\u00fbt.<\/p>\n\n\n\n<p>Les forces de s\u00e9curit\u00e9 ont arr\u00eat\u00e9 la fillette de 12 ans uniquement parce qu&#8217;elle \u00e9tait avec sa m\u00e8re lorsque celle-ci s&#8217;est disput\u00e9e avec les agents du r\u00e9gime. Elle est maintenant emprisonn\u00e9e \u00e0 la prison de Vakilabad.<\/p>\n\n\n\n<p>Sahar F. a \u00e9t\u00e9 arr\u00eat\u00e9e le 18 juillet 2022, avec sa fille, Tina Gh., dans le terminal des voyageurs \u00e0 Machad parce qu&#8217;elle s&#8217;est disput\u00e9e avec le chauffeur de bus et les agents du poste de police. Elle a \u00e9t\u00e9 emmen\u00e9e au commissariat de la police judiciaire, o\u00f9 elles ont \u00e9t\u00e9 d\u00e9tenues pendant plusieurs jours. Puis elles ont \u00e9t\u00e9 transf\u00e9r\u00e9es \u00e0 la prison de Vakilabad.<\/p>\n\n\n\n<p>Sahar F. est accus\u00e9e de &#8220;confronter les agents du gouvernement&#8221; et &#8220;d&#8217;insulter les fonctionnaires de la R\u00e9publique islamique d&#8217;Iran&#8221;.<\/p>\n\n\n\n<p>Les gardiens de prison ont harcel\u00e9 Sahar F. dans le dispensaire. Maryam Haj Khazimeh \u00e9tait la gardienne de prison, et la m\u00e9decin de garde \u00e9tait Monireh Sahebkar. Zahra Rahmani, la responsable du dispensaire, n&#8217;a pris aucune mesure pour rectifier ce traitement inhumain.<\/p>\n\n\n\n<p>Les gardiennes de la prison de Vakilabad, Maryam Haj Khazimeh, Yalda Sani et Fariba Hatampour, insultent, maltraitent et brutalisent les prisonni\u00e8res.<\/p>\n\n\n\n<p>Les femmes sont d\u00e9tenues dans des conditions d\u00e9plorables dans le quartier des femmes de la prison de Vakilabad. Dans les derniers jours de juillet, Azam Pakdel est d\u00e9c\u00e9d\u00e9e d&#8217;un cancer de l&#8217;estomac dans le quartier des femmes de la prison de Vakilabad, faute de traitement m\u00e9dical.<\/p>\n\n\n<div class=\"wp-block-image\">\n<figure class=\"aligncenter size-full\"><img decoding=\"async\" src=\"data:image\/gif;base64,R0lGODlhAQABAIAAAAAAAP\/\/\/yH5BAEAAAAALAAAAAABAAEAAAIBRAA7\" data-src=\"https:\/\/wncri.org\/fr\/wp-content\/uploads\/2020\/12\/Golrokh-Ebrahimi-Iraee-min.jpg\" alt=\"\" class=\"wp-image-12383 lazyload\"\/><noscript><img decoding=\"async\" width=\"750\" height=\"375\" src=\"https:\/\/wncri.org\/fr\/wp-content\/uploads\/2020\/12\/Golrokh-Ebrahimi-Iraee-min.jpg\" alt=\"\" class=\"wp-image-12383 lazyload\" srcset=\"https:\/\/wncri.org\/fr\/wp-content\/uploads\/2020\/12\/Golrokh-Ebrahimi-Iraee-min.jpg 750w, https:\/\/wncri.org\/fr\/wp-content\/uploads\/2020\/12\/Golrokh-Ebrahimi-Iraee-min-300x150.jpg 300w, https:\/\/wncri.org\/fr\/wp-content\/uploads\/2020\/12\/Golrokh-Ebrahimi-Iraee-min-360x180.jpg 360w\" sizes=\"(max-width: 750px) 100vw, 750px\" \/><\/noscript><figcaption>Golrokh Ebrahimi Iraee<\/figcaption><\/figure>\n<\/div>\n\n\n<h3 class=\"wp-block-heading\"><strong>Des d\u00e9tenues priv\u00e9es de livres et de journaux<\/strong><\/h3>\n\n\n\n<p>Les autorit\u00e9s de la prison d&#8217;Amol ont emp\u00each\u00e9 la remise de livres \u00e0 l&#8217;une des condamn\u00e9es \u00e0 mort du quartier des femmes de cette prison.<\/p>\n\n\n\n<p>Il s&#8217;agit d&#8217;une pratique courante dans la prison d&#8217;Amol. L&#8217;ancienne prisonni\u00e8re politique <a href=\"https:\/\/wncri.org\/fr\/2021\/09\/27\/golrokh-bannie-depuis-plus-de-huit-mois-a-la-prison-damol\/\" target=\"_blank\" rel=\"noreferrer noopener\">Golrokh Ebrahimi Iraee<\/a>, qui a pass\u00e9 une partie de sa d\u00e9tention \u00e0 la prison d&#8217;Amol, a publi\u00e9 un message sur son compte. Elle a \u00e9crit : Les autorit\u00e9s de la <a href=\"https:\/\/wncri.org\/fr\/2021\/12\/10\/les-conditions-des-femmes-prisons\/\" target=\"_blank\" rel=\"noreferrer noopener\">prison d&#8217;Amol<\/a> ont emp\u00each\u00e9 la livraison de 10 volumes de livres, dont des romans et des livres de psychologie, \u00e0 une prisonni\u00e8re du couloir de la mort dans le quartier des femmes de cette prison. Les gardiens de la prison d&#8217;Amol ont un long pass\u00e9 de harc\u00e8lement des femmes d\u00e9tenues.&#8221;<\/p>\n\n\n\n<p>Golrokh Ebrahimi Iraee a ajout\u00e9 : &#8220;Le responsable de la prison d&#8217;Amol, apr\u00e8s une semaine, a d\u00e9clar\u00e9 que les livres \u00e9taient ill\u00e9gaux. Lorsque les prisonni\u00e8res ont fait un suivi, le responsable des affaires culturelles de la prison d&#8217;Amol a d\u00e9clar\u00e9 apr\u00e8s trois semaines qu&#8217;ils avaient \u00e9tudi\u00e9 les livres et &#8216;qu&#8217;ils n&#8217;\u00e9taient pas compatibles avec la culture ici&#8217;. &#8220;<\/p>\n\n\n\n<p>Tous les livres avaient des licences de publication officielles du minist\u00e8re de l&#8217;Orientation du r\u00e9gime cl\u00e9rical.<\/p>\n\n\n\n<p><a href=\"https:\/\/wncri.org\/fr\/2021\/01\/25\/la-prisonniere-politique-golrokh\/\" target=\"_blank\" rel=\"noreferrer noopener\">Golrokh Iraee<\/a>, ancienne prisonni\u00e8re politique, a critiqu\u00e9 l&#8217;approche ill\u00e9gale des autorit\u00e9s de la prison d&#8217;Amol, en violation des lois p\u00e9nitentiaires, notamment dans le cas d&#8217;une femme condamn\u00e9e \u00e0 mort. Elle a expliqu\u00e9 :<\/p>\n\n\n\n<p>Chakeri est en charge des affaires culturelles dans la prison d&#8217;Amol. Elle a insult\u00e9 les d\u00e9tenues et perturb\u00e9 leur calme en pr\u00e9sence de Mohajeri, du procureur adjoint d&#8217;Amol, du juge d\u00e9p\u00each\u00e9 dans le quartier, et de deux gardiennes du <a href=\"https:\/\/wncri.org\/fr\/2021\/12\/10\/les-conditions-des-femmes-prisons\/\" target=\"_blank\" rel=\"noreferrer noopener\">quartier des femmes<\/a>. La tension \u00e9tait due au fait qu&#8217;ils n&#8217;ont pas remis les livres envoy\u00e9s au quartier des femmes.<\/p>\n\n\n\n<p>Le couloir de la mort a un mois pour suivre son dossier et recevoir le consentement des parents de la victime.<\/p>\n\n\n\n<p>Au cours de la discussion sur les raisons pour lesquelles ils se sont abstenus de lui remettre les livres, Chakeri a menac\u00e9 la femme. Elle a dit qu&#8217;elle arr\u00eaterait la proc\u00e9dure sur son cas et les efforts pour persuader les parents de la victime de lui pardonner.<\/p>\n\n\n\n<p>Chakeri lui a dit : &#8220;Le procureur, son adjoint et le directeur de la prison seront bient\u00f4t d\u00e9mis de leurs fonctions. Ensuite, vous n&#8217;aurez que moi pour obtenir (le consentement des parents)&#8221;.<\/p>\n\n\n\n<p>Une cinquantaine de d\u00e9tenues sont enferm\u00e9es dans le quartier des femmes de la prison d&#8217;Amol. Elles sont d\u00e9sempar\u00e9es apr\u00e8s l&#8217;ex\u00e9cution de Massoumeh Zareii dans cette prison, et la nouvelle de l&#8217;ex\u00e9cution imminente d&#8217;une autre de leurs compagnes de cellule.<\/p>\n","protected":false},"excerpt":{"rendered":"<p>Les autorit\u00e9s de la prison d&#8217;Amol ne remettent pas les livres envoy\u00e9s \u00e0 une prisonni\u00e8re du couloir de la mort dans le quartier des femmes Une prisonni\u00e8re nomm\u00e9e Sahar F. a \u00e9t\u00e9 attach\u00e9e au lit dans le dispensaire de la prison de Vakilabad, \u00e0 Machad, pendant 24 heures, ainsi que sa fille de 12 ans, [&hellip;]<\/p>\n","protected":false},"author":4,"featured_media":16330,"comment_status":"closed","ping_status":"closed","sticky":false,"template":"","format":"standard","meta":{"jnews-multi-image_gallery":[],"jnews_single_post":{"subtitle":"","format":"standard","video":"","gallery":"","source_name":"","source_url":"","via_name":"","via_url":"","override_template":"0","override":[{"template":"7","single_blog_custom":"","parallax":"1","fullscreen":"1","layout":"right-sidebar","sidebar":"default-sidebar","second_sidebar":"default-sidebar","sticky_sidebar":"1","share_position":"floatbottom","share_float_style":"share-normal","show_share_counter":"1","show_view_counter":"1","show_featured":"1","show_post_meta":"1","show_post_author":"0","show_post_author_image":"1","show_post_date":"1","post_date_format":"default","post_date_format_custom":"Y\/m\/d","show_post_category":"1","show_post_reading_time":"0","post_reading_time_wpm":"300","show_zoom_button":"0","zoom_button_out_step":"2","zoom_button_in_step":"3","show_post_tag":"1","show_prev_next_post":"0","show_popup_post":"1","number_popup_post":"1","show_author_box":"0","show_post_related":"1","show_inline_post_related":"0"}],"override_image_size":"0","image_override":[{"single_post_thumbnail_size":"crop-500","single_post_gallery_size":"crop-500"}],"trending_post":"0","trending_post_position":"meta","trending_post_label":"Trending","sponsored_post":"0","sponsored_post_label":"Sponsored by","sponsored_post_name":"","sponsored_post_url":"","sponsored_post_logo_enable":"0","sponsored_post_logo":"","sponsored_post_desc":"","disable_ad":"0"},"jnews_primary_category":{"id":""},"jnews_social_meta":{"fb_title":"","fb_description":"","fb_image":"","twitter_title":"","twitter_description":"","twitter_image":""},"jnews_override_counter":{"override_view_counter":"0","view_counter_number":"0","override_share_counter":"0","share_counter_number":"0","override_like_counter":"0","like_counter_number":"0","override_dislike_counter":"0","dislike_counter_number":"0"},"footnotes":""},"categories":[3],"tags":[370],"class_list":["post-16329","post","type-post","status-publish","format-standard","has-post-thumbnail","hentry","category-infos-des-femmes","tag-prisonnieres"],"_links":{"self":[{"href":"https:\/\/wncri.org\/fr\/wp-json\/wp\/v2\/posts\/16329","targetHints":{"allow":["GET"]}}],"collection":[{"href":"https:\/\/wncri.org\/fr\/wp-json\/wp\/v2\/posts"}],"about":[{"href":"https:\/\/wncri.org\/fr\/wp-json\/wp\/v2\/types\/post"}],"author":[{"embeddable":true,"href":"https:\/\/wncri.org\/fr\/wp-json\/wp\/v2\/users\/4"}],"replies":[{"embeddable":true,"href":"https:\/\/wncri.org\/fr\/wp-json\/wp\/v2\/comments?post=16329"}],"version-history":[{"count":2,"href":"https:\/\/wncri.org\/fr\/wp-json\/wp\/v2\/posts\/16329\/revisions"}],"predecessor-version":[{"id":16334,"href":"https:\/\/wncri.org\/fr\/wp-json\/wp\/v2\/posts\/16329\/revisions\/16334"}],"wp:featuredmedia":[{"embeddable":true,"href":"https:\/\/wncri.org\/fr\/wp-json\/wp\/v2\/media\/16330"}],"wp:attachment":[{"href":"https:\/\/wncri.org\/fr\/wp-json\/wp\/v2\/media?parent=16329"}],"wp:term":[{"taxonomy":"category","embeddable":true,"href":"https:\/\/wncri.org\/fr\/wp-json\/wp\/v2\/categories?post=16329"},{"taxonomy":"post_tag","embeddable":true,"href":"https:\/\/wncri.org\/fr\/wp-json\/wp\/v2\/tags?post=16329"}],"curies":[{"name":"wp","href":"https:\/\/api.w.org\/{rel}","templated":true}]}}