{"id":16276,"date":"2022-08-02T10:51:00","date_gmt":"2022-08-02T08:51:00","guid":{"rendered":"https:\/\/wncri.org\/fr\/?p=16276"},"modified":"2022-08-03T11:08:56","modified_gmt":"2022-08-03T09:08:56","slug":"militante-des-droits-des-femmes","status":"publish","type":"post","link":"https:\/\/wncri.org\/fr\/2022\/08\/02\/militante-des-droits-des-femmes\/","title":{"rendered":"Militante des droits des femmes et du droit du travail condamn\u00e9es \u00e0 des peines de prison"},"content":{"rendered":"\n<h3 class=\"wp-block-heading\">Militante des droits des femmes et du droit du travail condamn\u00e9es \u00e0 des peines de prison<\/h3>\n\n\n\n<p>Maryam Rahmani, une militante des droits des femmes, a \u00e9t\u00e9 condamn\u00e9e \u00e0 deux ans de prison. Reyhaneh Ansarinejad, une militante du droit du travail, reste en isolement apr\u00e8s que sa d\u00e9tention a \u00e9t\u00e9 prolong\u00e9e \u00e0 trois reprises.<\/p>\n\n\n\n<h3 class=\"wp-block-heading\"><strong>Maryam Rahmani, une militante des droits des femmes<\/strong><\/h3>\n\n\n\n<p>Maryam Rahmani, une militante des droits des <a href=\"https:\/\/www.maryam-rajavi.com\/fr\/lonu-condamnant-les-violations-des-droits-humains-en-iran\/\" target=\"_blank\" rel=\"noreferrer noopener\">femmes<\/a>, a \u00e9t\u00e9 condamn\u00e9e \u00e0 deux ans de prison et \u00e0 des peines suppl\u00e9mentaires.<\/p>\n\n\n\n<p>Cette militante des droits des femmes avait d\u00e9j\u00e0 \u00e9t\u00e9 jug\u00e9e pour propagande contre l&#8217;\u00c9tat et diffusion de fausset\u00e9s par la publication de messages en ligne. Mme Rahmani a expliqu\u00e9 sur son compte Instagram que la peine avait \u00e9t\u00e9 suspendue pendant cinq ans.<\/p>\n\n\n\n<p>Maryam Rahmani est maintenant condamn\u00e9e \u00e0 une amende de 15 millions de tomans et \u00e0 \u00e9crire une recherche de 70 pages sur l&#8217;amour de son pays. Elle doit se pr\u00e9senter au bureau des renseignements pasdarans pendant sa peine avec sursis. Elle doit \u00e9galement recevoir l&#8217;autorisation des autorit\u00e9s judiciaires \u00e0 chaque \u00e9tape pour quitter le pays.<\/p>\n\n\n\n<p>Maryam Rahmani peut faire appel de la sentence dans un d\u00e9lai de 20 jours \u00e0 compter de la date de son annonce. Son proc\u00e8s s&#8217;est tenu au tribunal r\u00e9volutionnaire de T\u00e9h\u00e9ran le 11 juillet 2022.<\/p>\n\n\n\n<h3 class=\"wp-block-heading\"><strong>Militante ouvri\u00e8re Reyhaneh Ansarinejad<\/strong><\/h3>\n\n\n\n<p>La militante ouvri\u00e8re <a href=\"https:\/\/wncri.org\/fr\/2022\/05\/29\/liberation-conditionnelle\/\" target=\"_blank\" rel=\"noreferrer noopener\">Reyhaneh Ansarinejad<\/a> est d\u00e9tenue en d\u00e9tention provisoire par des agents du minist\u00e8re des renseignements depuis plus de 70 jours, soit depuis le 12 mai 2022.<\/p>\n\n\n\n<p>Des agents du minist\u00e8re des renseignements ont fait irruption \u00e0 son domicile apr\u00e8s minuit et l&#8217;ont fouill\u00e9 pendant plusieurs heures. Leur comportement violent a terrifi\u00e9 la jeune fille de Mme Ansarinejad. Elle en subit encore les cons\u00e9quences malgr\u00e9 le passage de deux mois.<\/p>\n\n\n\n<p><a href=\"https:\/\/wncri.org\/fr\/2022\/07\/06\/trois-meres\/\" target=\"_blank\" rel=\"noreferrer noopener\">Reyhaneh Ansarinejad<\/a> est actuellement arr\u00eat\u00e9e et interrog\u00e9e dans le quartier 209 de la prison <a href=\"https:\/\/wncri.org\/fr\/2021\/12\/10\/les-conditions-des-femmes-prisons\/\" target=\"_blank\" rel=\"noreferrer noopener\">d&#8217;Evin<\/a>. Le troisi\u00e8me tour de la prolongation de sa d\u00e9tention a pris fin le 24 juin 2022. Cependant, aucune information n&#8217;est disponible \u00e0 son sujet car elle n&#8217;est pas autoris\u00e9e \u00e0 passer des appels depuis la prison.<\/p>\n\n\n\n<p>La famille de Reyhaneh a men\u00e9 \u00e0 bien toutes les proc\u00e9dures judiciaires mises en place par le bureau du procureur pour la faire lib\u00e9rer sous caution et exige la lib\u00e9ration imm\u00e9diate de leur fille.<\/p>\n\n\n\n<p>Reyhaneh Ansarinejad souffre de graves douleurs au dos et aux pieds en raison de sa polyarthrite rhumato\u00efde.<\/p>\n\n\n\n<p>rhumato\u00efde. La maintenir \u00e0 l&#8217;isolement \u00e9quivaut \u00e0 de la torture.<\/p>\n\n\n\n<p>Mme Ansarinejad est l&#8217;unique tutrice de sa fille. Le syst\u00e8me judiciaire et le minist\u00e8re des renseignements du r\u00e9gime cl\u00e9rical ne se sont pas prononc\u00e9s sur son cas.<\/p>\n","protected":false},"excerpt":{"rendered":"<p>Militante des droits des femmes et du droit du travail condamn\u00e9es \u00e0 des peines de prison Maryam Rahmani, une militante des droits des femmes, a \u00e9t\u00e9 condamn\u00e9e \u00e0 deux ans de prison. Reyhaneh Ansarinejad, une militante du droit du travail, reste en isolement apr\u00e8s que sa d\u00e9tention a \u00e9t\u00e9 prolong\u00e9e \u00e0 trois reprises. Maryam Rahmani, [&hellip;]<\/p>\n","protected":false},"author":4,"featured_media":16277,"comment_status":"closed","ping_status":"closed","sticky":false,"template":"","format":"standard","meta":{"jnews-multi-image_gallery":[],"jnews_single_post":{"subtitle":"","format":"standard","video":"","gallery":"","source_name":"","source_url":"","via_name":"","via_url":"","override_template":"0","override":[{"template":"7","single_blog_custom":"","parallax":"1","fullscreen":"1","layout":"right-sidebar","sidebar":"default-sidebar","second_sidebar":"default-sidebar","sticky_sidebar":"1","share_position":"floatbottom","share_float_style":"share-normal","show_share_counter":"1","show_view_counter":"1","show_featured":"1","show_post_meta":"1","show_post_author":"0","show_post_author_image":"1","show_post_date":"1","post_date_format":"default","post_date_format_custom":"Y\/m\/d","show_post_category":"1","show_post_reading_time":"0","post_reading_time_wpm":"300","show_zoom_button":"0","zoom_button_out_step":"2","zoom_button_in_step":"3","show_post_tag":"1","show_prev_next_post":"0","show_popup_post":"1","number_popup_post":"1","show_author_box":"0","show_post_related":"1","show_inline_post_related":"0"}],"override_image_size":"0","image_override":[{"single_post_thumbnail_size":"crop-500","single_post_gallery_size":"crop-500"}],"trending_post":"0","trending_post_position":"meta","trending_post_label":"Trending","sponsored_post":"0","sponsored_post_label":"Sponsored by","sponsored_post_name":"","sponsored_post_url":"","sponsored_post_logo_enable":"0","sponsored_post_logo":"","sponsored_post_desc":"","disable_ad":"0"},"jnews_primary_category":{"id":""},"jnews_social_meta":{"fb_title":"","fb_description":"","fb_image":"","twitter_title":"","twitter_description":"","twitter_image":""},"jnews_override_counter":{"override_view_counter":"0","view_counter_number":"0","override_share_counter":"0","share_counter_number":"0","override_like_counter":"0","like_counter_number":"0","override_dislike_counter":"0","dislike_counter_number":"0"},"footnotes":""},"categories":[3],"tags":[370],"class_list":["post-16276","post","type-post","status-publish","format-standard","has-post-thumbnail","hentry","category-infos-des-femmes","tag-prisonnieres"],"_links":{"self":[{"href":"https:\/\/wncri.org\/fr\/wp-json\/wp\/v2\/posts\/16276","targetHints":{"allow":["GET"]}}],"collection":[{"href":"https:\/\/wncri.org\/fr\/wp-json\/wp\/v2\/posts"}],"about":[{"href":"https:\/\/wncri.org\/fr\/wp-json\/wp\/v2\/types\/post"}],"author":[{"embeddable":true,"href":"https:\/\/wncri.org\/fr\/wp-json\/wp\/v2\/users\/4"}],"replies":[{"embeddable":true,"href":"https:\/\/wncri.org\/fr\/wp-json\/wp\/v2\/comments?post=16276"}],"version-history":[{"count":1,"href":"https:\/\/wncri.org\/fr\/wp-json\/wp\/v2\/posts\/16276\/revisions"}],"predecessor-version":[{"id":16278,"href":"https:\/\/wncri.org\/fr\/wp-json\/wp\/v2\/posts\/16276\/revisions\/16278"}],"wp:featuredmedia":[{"embeddable":true,"href":"https:\/\/wncri.org\/fr\/wp-json\/wp\/v2\/media\/16277"}],"wp:attachment":[{"href":"https:\/\/wncri.org\/fr\/wp-json\/wp\/v2\/media?parent=16276"}],"wp:term":[{"taxonomy":"category","embeddable":true,"href":"https:\/\/wncri.org\/fr\/wp-json\/wp\/v2\/categories?post=16276"},{"taxonomy":"post_tag","embeddable":true,"href":"https:\/\/wncri.org\/fr\/wp-json\/wp\/v2\/tags?post=16276"}],"curies":[{"name":"wp","href":"https:\/\/api.w.org\/{rel}","templated":true}]}}