{"id":16258,"date":"2022-07-30T17:10:00","date_gmt":"2022-07-30T15:10:00","guid":{"rendered":"https:\/\/wncri.org\/fr\/?p=16258"},"modified":"2022-07-31T17:34:57","modified_gmt":"2022-07-31T15:34:57","slug":"visite-familiale","status":"publish","type":"post","link":"https:\/\/wncri.org\/fr\/2022\/07\/30\/visite-familiale\/","title":{"rendered":"Pas de visite familiale pour Sakineh Parvaneh \u00e0 la prison de Vakilabad"},"content":{"rendered":"\n<h3 class=\"wp-block-heading\">Pas de visite familiale pour Sakineh Parvaneh \u00e0 la prison de Vakilabad<\/h3>\n\n\n\n<p>Sakineh Parvaneh ne peut pas recevoir de visites familiales \u00e0 la prison de Vakilabad, car elle est loin de sa ville natale. L\u2019article suivant examine la situation de la prisonni\u00e8re politique Sakineh Parvaneh \u00e0 la prison centrale de Mashhad.<\/p>\n\n\n\n<p>La prisonni\u00e8re politique Sakineh Parvaneh a \u00e9t\u00e9 transf\u00e9r\u00e9e dans le <a href=\"https:\/\/wncri.org\/fr\/2021\/12\/10\/les-conditions-des-femmes-prisons\/\" target=\"_blank\" rel=\"noreferrer noopener\">quartier des femmes<\/a> de la <a href=\"https:\/\/www.maryam-rajavi.com\/fr\/lonu-condamnant-les-violations-des-droits-humains-en-iran\/\" target=\"_blank\" rel=\"noreferrer noopener\">prison<\/a> de Vakilabad, \u00e0 Mashhad, en d\u00e9cembre 2020. Elle a \u00e9t\u00e9 interdite d&#8217;appeler sa famille pendant huit mois.<\/p>\n\n\n\n<p>Les interrogateurs du Corps des gardiens de la r\u00e9volution islamique (CGRI) la convoquaient presque tous les mois au si\u00e8ge de la prison pour <a href=\"https:\/\/wncri.org\/fr\/2020\/12\/16\/prisonniere-politique-sakineh-parvaneh\/\">l&#8217;interroger<\/a>, car le directeur de la prison \u00e9tait absent. Les interrogateurs cherchaient \u00e0 obtenir des aveux forc\u00e9s de Sakineh.<\/p>\n\n\n\n<p>Mais \u00e0 chaque fois, Mme Parvaneh a refus\u00e9 de faire des aveux forc\u00e9s. Par cons\u00e9quent, elle s&#8217;est vu refuser la permission de sortie et la lib\u00e9ration conditionnelle.<\/p>\n\n\n\n<p>Les agents des renseignements des pasdarans avaient fait pression sur Sakineh Parvaneh pour lui extorquer de faux aveux par la force. Ils l&#8217;avaient battue au point que les traces de torture \u00e9taient visibles sur son visage, ses orteils et ses ongles de pied.<\/p>\n\n\n\n<p>Une source connaissant bien le cas de Sakineh Parvaneh a d\u00e9clar\u00e9 : &#8220;On a dit \u00e0 Mme Parvaneh que si elle \u00e9tait autoris\u00e9e \u00e0 rendre visite \u00e0 sa famille, cela ne serait possible qu&#8217;en pr\u00e9sence des agents des services des renseignements pasdarans.&#8221;<\/p>\n\n\n\n<p>Sakineh Parvaneh a \u00e9t\u00e9 <a href=\"https:\/\/wncri.org\/fr\/2020\/12\/16\/prisonniere-politique-sakineh-parvaneh\/\">emmen\u00e9e de la prison de Ghoutchan<\/a>, dans le nord-est de l&#8217;Iran, le 13 d\u00e9cembre 2020, au bureau du procureur public et r\u00e9volutionnaire de Machad et plac\u00e9e dans <a href=\"https:\/\/wncri.org\/fr\/2020\/11\/09\/la-prisonniere-politique-kurde-sakineh-parvaneh\/\">le quartier de quarantaine<\/a> de la prison centrale de Machad le lendemain.<\/p>\n\n\n\n<p>La prisonni\u00e8re politique kurde Sakineh Parvaneh a \u00e9t\u00e9 priv\u00e9e des visites familiales alors qu&#8217;elle \u00e9tait incarc\u00e9r\u00e9e \u00e0 la prison de Ghoutchan.<\/p>\n\n\n\n<p><strong>Sakineh Parvaneh condamn\u00e9e \u00e0 5 ans de prison<\/strong><\/p>\n\n\n\n<p>Sakineh Parvaneh est n\u00e9e en 1988. Au d\u00e9but de l&#8217;automne 2019, des agents de s\u00e9curit\u00e9 l&#8217;ont arr\u00eat\u00e9e parce qu&#8217;elle avait rendu visite \u00e0 sa famille \u00e0 Soleimaniya, dans le Kurdistan d&#8217;Irak. Ils l&#8217;ont emmen\u00e9e \u00e0 la fronti\u00e8re irano-irakienne. Elle a \u00e9t\u00e9 d\u00e9tenue pendant dix jours dans les centres de d\u00e9tention de Marivan et de Sanandaj. Elle a ensuite \u00e9t\u00e9 transf\u00e9r\u00e9e \u00e0 la prison d&#8217;Evin \u00e0 T\u00e9h\u00e9ran.<\/p>\n\n\n\n<p>Elle a subi des interrogatoires muscl\u00e9s et des tortures psychologiques et physiques dans les quartiers 2A et 209 et dans le quartier des femmes d&#8217;Evin. Pendant cette p\u00e9riode, elle a \u00e9t\u00e9 priv\u00e9e de visites familiales<\/p>\n\n\n\n<p>En mars 2020, apr\u00e8s avoir \u00e9crit des graffitis sur les murs d&#8217;Evin, elle a \u00e9t\u00e9 envoy\u00e9e \u00e0 la notoire <a href=\"https:\/\/wncri.org\/fr\/2021\/12\/10\/les-conditions-des-femmes-prisons\/\">prison de Qarchak<\/a>, o\u00f9 elle a \u00e9t\u00e9 d\u00e9tenue \u00e0 l&#8217;isolement pendant quatre jours, menott\u00e9e et menott\u00e9e aux pieds. Ensuite, les gardiens de prison l&#8217;ont emmen\u00e9e \u00e0 l&#8217;h\u00f4pital <a href=\"https:\/\/wncri.org\/2020\/04\/13\/qarchak-prison-political-prisoner-transferred-to-psychiatric-hospital\/\">psychiatrique<\/a> d&#8217;Aminabad, \u00e0 Chahr-e Rey. Apr\u00e8s <a href=\"https:\/\/wncri.org\/2020\/04\/13\/qarchak-prison-political-prisoner-transferred-to-psychiatric-hospital\/\">25 jours \u00e0 Aminabad<\/a>, la prisonni\u00e8re politique Sakineh Parvaneh a \u00e9t\u00e9 renvoy\u00e9e dans le quartier de quarantaine de la <a href=\"https:\/\/wncri.org\/fr\/2021\/12\/10\/les-conditions-des-femmes-prisons\/\">prison de Qarchak.<\/a><\/p>\n\n\n\n<p>Le 25 mai 2020, elle a entam\u00e9 une <a href=\"https:\/\/wncri.org\/2020\/09\/03\/two-kurdish-women-start-hunger-strikes-in-womens-ward-of-evin-prison\/\">gr\u00e8ve de la faim<\/a> pour protester contre sa condamnation \u00e0 cinq ans de prison, son interdiction pendant deux ans de faire partie de groupes politiques et sa d\u00e9tention dans des conditions o\u00f9 la cat\u00e9gorie de leurs d\u00e9lits ne s\u00e9parait pas les prisonni\u00e8res.<\/p>\n\n\n\n<p>Le 4 juillet 2020, elle a \u00e9t\u00e9 renvoy\u00e9e \u00e0 la prison d&#8217;Evin alors qu&#8217;elle portait des cicatrices et des contusions dues aux coups qu&#8217;elle avait re\u00e7us. En ao\u00fbt, elle a \u00e9t\u00e9 condamn\u00e9e \u00e0 deux ann\u00e9es suppl\u00e9mentaires pour &#8220;\u00e9meute en prison&#8221;.<\/p>\n\n\n\n<p>La prisonni\u00e8re politique Sakineh Parvaneh a fait plusieurs gr\u00e8ves de la faim \u00e0 Evin.<\/p>\n\n\n\n<p>Le 27 octobre 2020, elle a \u00e9t\u00e9 transf\u00e9r\u00e9e du quartier des femmes d&#8217;Evin \u00e0 la prison de Quchan. Le mois dernier, elle s&#8217;est cousu les l\u00e8vres et a fait une gr\u00e8ve de la faim de 20 jours pour protester contre la probabilit\u00e9 d&#8217;\u00eatre envoy\u00e9e \u00e0 la prison d&#8217;Ispahan. Mais dans ces m\u00eames conditions, elle a <a href=\"https:\/\/wncri.org\/2020\/05\/19\/political-prisoner-sakineh-parvaneh-beaten-during-7-days-of-interrogation\/\">\u00e9t\u00e9 brutalis\u00e9e et battue<\/a> par les gardiens.<\/p>\n","protected":false},"excerpt":{"rendered":"<p>Pas de visite familiale pour Sakineh Parvaneh \u00e0 la prison de Vakilabad Sakineh Parvaneh ne peut pas recevoir de visites familiales \u00e0 la prison de Vakilabad, car elle est loin de sa ville natale. L\u2019article suivant examine la situation de la prisonni\u00e8re politique Sakineh Parvaneh \u00e0 la prison centrale de Mashhad. La prisonni\u00e8re politique Sakineh [&hellip;]<\/p>\n","protected":false},"author":4,"featured_media":16259,"comment_status":"closed","ping_status":"closed","sticky":false,"template":"","format":"standard","meta":{"jnews-multi-image_gallery":[],"jnews_single_post":{"subtitle":"","format":"standard","video":"","gallery":"","source_name":"","source_url":"","via_name":"","via_url":"","override_template":"0","override":[{"template":"7","single_blog_custom":"","parallax":"1","fullscreen":"1","layout":"right-sidebar","sidebar":"default-sidebar","second_sidebar":"default-sidebar","sticky_sidebar":"1","share_position":"floatbottom","share_float_style":"share-normal","show_share_counter":"1","show_view_counter":"1","show_featured":"1","show_post_meta":"1","show_post_author":"0","show_post_author_image":"1","show_post_date":"1","post_date_format":"default","post_date_format_custom":"Y\/m\/d","show_post_category":"1","show_post_reading_time":"0","post_reading_time_wpm":"300","show_zoom_button":"0","zoom_button_out_step":"2","zoom_button_in_step":"3","show_post_tag":"1","show_prev_next_post":"0","show_popup_post":"1","number_popup_post":"1","show_author_box":"0","show_post_related":"1","show_inline_post_related":"0"}],"override_image_size":"0","image_override":[{"single_post_thumbnail_size":"crop-500","single_post_gallery_size":"crop-500"}],"trending_post":"0","trending_post_position":"meta","trending_post_label":"Trending","sponsored_post":"0","sponsored_post_label":"Sponsored by","sponsored_post_name":"","sponsored_post_url":"","sponsored_post_logo_enable":"0","sponsored_post_logo":"","sponsored_post_desc":"","disable_ad":"0"},"jnews_primary_category":{"id":""},"jnews_social_meta":{"fb_title":"","fb_description":"","fb_image":"","twitter_title":"","twitter_description":"","twitter_image":""},"jnews_override_counter":{"override_view_counter":"0","view_counter_number":"0","override_share_counter":"0","share_counter_number":"0","override_like_counter":"0","like_counter_number":"0","override_dislike_counter":"0","dislike_counter_number":"0"},"footnotes":""},"categories":[3],"tags":[370],"class_list":["post-16258","post","type-post","status-publish","format-standard","has-post-thumbnail","hentry","category-infos-des-femmes","tag-prisonnieres"],"_links":{"self":[{"href":"https:\/\/wncri.org\/fr\/wp-json\/wp\/v2\/posts\/16258","targetHints":{"allow":["GET"]}}],"collection":[{"href":"https:\/\/wncri.org\/fr\/wp-json\/wp\/v2\/posts"}],"about":[{"href":"https:\/\/wncri.org\/fr\/wp-json\/wp\/v2\/types\/post"}],"author":[{"embeddable":true,"href":"https:\/\/wncri.org\/fr\/wp-json\/wp\/v2\/users\/4"}],"replies":[{"embeddable":true,"href":"https:\/\/wncri.org\/fr\/wp-json\/wp\/v2\/comments?post=16258"}],"version-history":[{"count":1,"href":"https:\/\/wncri.org\/fr\/wp-json\/wp\/v2\/posts\/16258\/revisions"}],"predecessor-version":[{"id":16260,"href":"https:\/\/wncri.org\/fr\/wp-json\/wp\/v2\/posts\/16258\/revisions\/16260"}],"wp:featuredmedia":[{"embeddable":true,"href":"https:\/\/wncri.org\/fr\/wp-json\/wp\/v2\/media\/16259"}],"wp:attachment":[{"href":"https:\/\/wncri.org\/fr\/wp-json\/wp\/v2\/media?parent=16258"}],"wp:term":[{"taxonomy":"category","embeddable":true,"href":"https:\/\/wncri.org\/fr\/wp-json\/wp\/v2\/categories?post=16258"},{"taxonomy":"post_tag","embeddable":true,"href":"https:\/\/wncri.org\/fr\/wp-json\/wp\/v2\/tags?post=16258"}],"curies":[{"name":"wp","href":"https:\/\/api.w.org\/{rel}","templated":true}]}}