{"id":16245,"date":"2022-07-29T15:38:00","date_gmt":"2022-07-29T13:38:00","guid":{"rendered":"https:\/\/wncri.org\/fr\/?p=16245"},"modified":"2022-07-30T15:48:23","modified_gmt":"2022-07-30T13:48:23","slug":"famille-ansarifar","status":"publish","type":"post","link":"https:\/\/wncri.org\/fr\/2022\/07\/29\/famille-ansarifar\/","title":{"rendered":"La famille Ansarifar brutalis\u00e9e lors d&#8217;un raid vicieux sur sa maison"},"content":{"rendered":"\n<h3 class=\"wp-block-heading\">La famille Ansarifar brutalis\u00e9e lors d&#8217;un raid vicieux sur sa maison<\/h3>\n\n\n\n<p>La famille Ansarifar a \u00e9t\u00e9 brutalis\u00e9e lors d&#8217;un raid sauvage sur leur domicile par 30 forces de s\u00e9curit\u00e9.<\/p>\n\n\n\n<p>Quelque 30 forces de s\u00e9curit\u00e9 ont pris d&#8217;assaut le domicile de la famille Ansarifar \u00e0 Behbahan le 27 juillet 2022. Ils avaient un mandat d&#8217;arr\u00eat pour Farzaneh, mais elle n&#8217;\u00e9tait pas chez elle. \u00c0 la place, ils ont emmen\u00e9 son jeune fr\u00e8re, Omid Ansarifar, avec eux.<\/p>\n\n\n\n<p>Dans un message sur Twitter, Farzaneh a \u00e9crit au sujet du raid sur le domicile de la famille Ansarifar : &#8220;Ils ont battu et attaqu\u00e9 ma famille alors que mon p\u00e8re et mon fr\u00e8re, Arman, sont en prison. Ils tuent le fils et emprisonnent les p\u00e8res, les m\u00e8res et les fr\u00e8res et s\u0153urs pour avoir <a href=\"https:\/\/wncri.org\/fr\/2021\/08\/11\/farzaneh-ansarifar-cherche-a-obtenir-justice-pour-son-frere-bien-quelle\/\">demand\u00e9 justice<\/a> (pour leurs proches). C&#8217;est \u00e7a la justice sous la R\u00e9publique islamique !!!&#8221;<\/p>\n\n\n\n<p>Elle ajoute dans son post : &#8220;En novembre 2019, ils ont tu\u00e9 mon fr\u00e8re, Farzad Ansarifar. Ils m&#8217;ont condamn\u00e9e \u00e0 4 ans et 6 mois pour avoir demand\u00e9 justice. Mon p\u00e8re, Amin Ansarifar, et mon fr\u00e8re, Arman Ansarifar, ont tous deux \u00e9t\u00e9 condamn\u00e9s \u00e0 3 mois de prison et interdits de quitter le pays pendant cinq ans. Mon p\u00e8re et mon fr\u00e8re sont actuellement en captivit\u00e9. Ils oppriment ma famille, et je veux que vous soyez notre voix.&#8221;<\/p>\n\n\n<div class=\"wp-block-image\">\n<figure class=\"aligncenter size-full\"><img decoding=\"async\" src=\"data:image\/gif;base64,R0lGODlhAQABAIAAAAAAAP\/\/\/yH5BAEAAAAALAAAAAABAAEAAAIBRAA7\" data-src=\"https:\/\/wncri.org\/fr\/wp-content\/uploads\/2022\/07\/Ansarifar-Family-from-left-Farzad-slain-Farzaneh-Arman-and-Amin-Ansarifar-father-min.jpg\" alt=\"En novembre 2019, ils ont tu\u00e9 mon fr\u00e8re, Farzad Ansarifar\" class=\"wp-image-16246 lazyload\"\/><noscript><img decoding=\"async\" width=\"750\" height=\"375\" src=\"https:\/\/wncri.org\/fr\/wp-content\/uploads\/2022\/07\/Ansarifar-Family-from-left-Farzad-slain-Farzaneh-Arman-and-Amin-Ansarifar-father-min.jpg\" alt=\"En novembre 2019, ils ont tu\u00e9 mon fr\u00e8re, Farzad Ansarifar\" class=\"wp-image-16246 lazyload\" srcset=\"https:\/\/wncri.org\/fr\/wp-content\/uploads\/2022\/07\/Ansarifar-Family-from-left-Farzad-slain-Farzaneh-Arman-and-Amin-Ansarifar-father-min.jpg 750w, https:\/\/wncri.org\/fr\/wp-content\/uploads\/2022\/07\/Ansarifar-Family-from-left-Farzad-slain-Farzaneh-Arman-and-Amin-Ansarifar-father-min-300x150.jpg 300w, https:\/\/wncri.org\/fr\/wp-content\/uploads\/2022\/07\/Ansarifar-Family-from-left-Farzad-slain-Farzaneh-Arman-and-Amin-Ansarifar-father-min-360x180.jpg 360w\" sizes=\"(max-width: 750px) 100vw, 750px\" \/><\/noscript><\/figure>\n<\/div>\n\n\n<p>Le 27 juillet 2022, Javad Heydarian, un proche de la famille Ansarifar, a \u00e9crit sur son compte Twitter : &#8220;Trente agents ont escalad\u00e9 les murs et pris d&#8217;assaut le domicile de ma tante pour arr\u00eater Farzaneh Ansarifar. Ma tante \u00e9tait \u00e0 la maison avec son plus jeune fils et ses petits-enfants. Sans mandat, ils ont arr\u00eat\u00e9 son plus jeune fils, Omid, et ont battu les jeunes enfants. Ma tante, la m\u00e8re de Farzad Ansarifar, a perdu connaissance \u00e0 cause du choc de cet incident&#8221;.<\/p>\n\n\n\n<p><a href=\"https:\/\/fr.wikipedia.org\/wiki\/Behbahan\" target=\"_blank\" rel=\"noopener\"><strong>Behbahan<\/strong><\/a> \u00e9tait l&#8217;un des foyers de protestation de la province du Khouzestan (sud-ouest) lors du soul\u00e8vement de novembre 2019. Farzad Ansarifar a \u00e9t\u00e9 tu\u00e9 par les forces de s\u00e9curit\u00e9 lors de la r\u00e9pression des manifestations de novembre 2019 dans cette ville. Des centaines de manifestants ont \u00e9t\u00e9 arr\u00eat\u00e9s et emprisonn\u00e9s dans la prison de Behbahan, notoirement connue pour ses conditions de vie indignes et sa chaleur.<\/p>\n\n\n<div class=\"wp-block-image\">\n<figure class=\"aligncenter size-full\"><img decoding=\"async\" src=\"data:image\/gif;base64,R0lGODlhAQABAIAAAAAAAP\/\/\/yH5BAEAAAAALAAAAAABAAEAAAIBRAA7\" data-src=\"https:\/\/wncri.org\/fr\/wp-content\/uploads\/2022\/07\/The-Ansarifar-family-min.jpg\" alt=\"Des accusations invent\u00e9es de toutes pi\u00e8ces contre Farzaneh Ansarifar\" class=\"wp-image-16248 lazyload\"\/><noscript><img decoding=\"async\" width=\"750\" height=\"375\" src=\"https:\/\/wncri.org\/fr\/wp-content\/uploads\/2022\/07\/The-Ansarifar-family-min.jpg\" alt=\"Des accusations invent\u00e9es de toutes pi\u00e8ces contre Farzaneh Ansarifar\" class=\"wp-image-16248 lazyload\" srcset=\"https:\/\/wncri.org\/fr\/wp-content\/uploads\/2022\/07\/The-Ansarifar-family-min.jpg 750w, https:\/\/wncri.org\/fr\/wp-content\/uploads\/2022\/07\/The-Ansarifar-family-min-300x150.jpg 300w, https:\/\/wncri.org\/fr\/wp-content\/uploads\/2022\/07\/The-Ansarifar-family-min-360x180.jpg 360w\" sizes=\"(max-width: 750px) 100vw, 750px\" \/><\/noscript><\/figure>\n<\/div>\n\n\n<p><strong>Des accusations invent\u00e9es de toutes pi\u00e8ces contre Farzaneh Ansarifar<\/strong><\/p>\n\n\n\n<p>Farzaneh Ansarifar fait face \u00e0 une affaire fabriqu\u00e9e et \u00e0 des accusations forg\u00e9es de toutes pi\u00e8ces examin\u00e9es par la premi\u00e8re branche du tribunal r\u00e9volutionnaire de Mahshahr.<\/p>\n\n\n\n<p>Le <a href=\"https:\/\/wncri.org\/fr\/2021\/08\/11\/farzaneh-ansarifar-cherche-a-obtenir-justice-pour-son-frere-bien-quelle\/\">fr\u00e8re<\/a> de Farzaneh Ansarifar, Farzad Ansarifar, a \u00e9t\u00e9 tu\u00e9 lors du soul\u00e8vement de novembre 2019.<\/p>\n\n\n\n<p>Les forces de s\u00e9curit\u00e9 de Behbahan ont arr\u00eat\u00e9 <a href=\"https:\/\/wncri.org\/fr\/2021\/05\/04\/deux-femmes-de-behbahan-convoquees-pour-avoir-participe\/\">Farzaneh Ansarifar<\/a> lors d&#8217;une manifestation pacifique le 16 juillet 2020. Elle a pass\u00e9 neuf jours en d\u00e9tention dans la prison Sepidar d&#8217;Ahvaz. Les autorit\u00e9s judiciaires ont maintenu son dossier ouvert pour l&#8217;intimider et la terroriser.<\/p>\n\n\n\n<p>Mme Ansarifar a publi\u00e9 sur son compte un post concernant l&#8217;affaire fabriqu\u00e9e contre elle. On peut y lire : &#8220;Les autorit\u00e9s ne nous ont pas envoy\u00e9 de convocation \u00e9crite, et le tribunal ne s&#8217;est pas r\u00e9uni. Nous n&#8217;avions commis aucun crime. Ils m&#8217;ont <a href=\"https:\/\/wncri.org\/fr\/2020\/07\/17\/rapport-special-une-femme-arretee-dans-une-manifestation-a-behbahan-en-iran\/\">arr\u00eat\u00e9e<\/a> dans un endroit \u00e9loign\u00e9 du lieu de la manifestation. Chaque mois, ils me convoquent ou m&#8217;envoient une convocation. Maintenant, ils ont mis \u00e0 ex\u00e9cution la menace qu&#8217;ils ont faite il y a quelques jours. Ils ont envoy\u00e9 mon cas au tribunal r\u00e9volutionnaire de Mahshahr pour statuer sur un crime que je n&#8217;avais pas commis. Est-ce cela la justice ?&#8221;<\/p>\n\n\n\n<p>Dans une autre partie, elle \u00e9crit : &#8220;Ils ont tu\u00e9 mon fr\u00e8re, mis le <a href=\"https:\/\/wncri.org\/fr\/2020\/05\/21\/les-familles-des-manifestants-tues-en-novembre-menacees-pour-garder-le-silence\/\">feu<\/a> \u00e0 ma maison et \u00e0 ma voiture, et m&#8217;ont emprisonn\u00e9e pendant neuf jours dans la prison Sepidar d&#8217;Ahvaz pour le crime que je n&#8217;avais pas commis.&#8221;<\/p>\n\n\n\n<p>Farzaneh Ansarifar est accus\u00e9e d'&#8221;insulte au dirigeant (supr\u00eame)&#8221;, de &#8220;propagande contre l&#8217;\u00c9tat&#8221;, d'&#8221;incitation \u00e0 l&#8217;opinion publique&#8221; et d'&#8221;entretien avec des m\u00e9dias \u00e9trangers&#8221;.<\/p>\n\n\n\n<p>A propos de la mort de son fr\u00e8re, Mme Ansarifar avait pr\u00e9c\u00e9demment d\u00e9clar\u00e9 : &#8220;Farzad a re\u00e7u une balle dans le dos le 16 novembre 2019. Farzad avait l&#8217;habitude de travailler tout le temps. C&#8217;\u00e9tait un travailleur et il voulait aider notre p\u00e8re, qui a \u00e9t\u00e9 mutil\u00e9 pendant la guerre. Tant que je vivrai, je demanderai justice pour le meurtre injuste de mon fr\u00e8re. Pour quel crime l&#8217;avez-vous tu\u00e9 ?&#8221;<\/p>\n","protected":false},"excerpt":{"rendered":"<p>La famille Ansarifar brutalis\u00e9e lors d&#8217;un raid vicieux sur sa maison La famille Ansarifar a \u00e9t\u00e9 brutalis\u00e9e lors d&#8217;un raid sauvage sur leur domicile par 30 forces de s\u00e9curit\u00e9. Quelque 30 forces de s\u00e9curit\u00e9 ont pris d&#8217;assaut le domicile de la famille Ansarifar \u00e0 Behbahan le 27 juillet 2022. Ils avaient un mandat d&#8217;arr\u00eat pour [&hellip;]<\/p>\n","protected":false},"author":4,"featured_media":16247,"comment_status":"closed","ping_status":"closed","sticky":false,"template":"","format":"standard","meta":{"jnews-multi-image_gallery":[],"jnews_single_post":{"subtitle":"","format":"standard","video":"","gallery":"","source_name":"","source_url":"","via_name":"","via_url":"","override_template":"0","override":[{"template":"7","single_blog_custom":"","parallax":"1","fullscreen":"1","layout":"right-sidebar","sidebar":"default-sidebar","second_sidebar":"default-sidebar","sticky_sidebar":"1","share_position":"floatbottom","share_float_style":"share-normal","show_share_counter":"1","show_view_counter":"1","show_featured":"1","show_post_meta":"1","show_post_author":"0","show_post_author_image":"1","show_post_date":"1","post_date_format":"default","post_date_format_custom":"Y\/m\/d","show_post_category":"1","show_post_reading_time":"0","post_reading_time_wpm":"300","show_zoom_button":"0","zoom_button_out_step":"2","zoom_button_in_step":"3","show_post_tag":"1","show_prev_next_post":"0","show_popup_post":"1","number_popup_post":"1","show_author_box":"0","show_post_related":"1","show_inline_post_related":"0"}],"override_image_size":"0","image_override":[{"single_post_thumbnail_size":"crop-500","single_post_gallery_size":"crop-500"}],"trending_post":"0","trending_post_position":"meta","trending_post_label":"Trending","sponsored_post":"0","sponsored_post_label":"Sponsored by","sponsored_post_name":"","sponsored_post_url":"","sponsored_post_logo_enable":"0","sponsored_post_logo":"","sponsored_post_desc":"","disable_ad":"0"},"jnews_primary_category":{"id":""},"jnews_social_meta":{"fb_title":"","fb_description":"","fb_image":"","twitter_title":"","twitter_description":"","twitter_image":""},"jnews_override_counter":{"override_view_counter":"0","view_counter_number":"0","override_share_counter":"0","share_counter_number":"0","override_like_counter":"0","like_counter_number":"0","override_dislike_counter":"0","dislike_counter_number":"0"},"footnotes":""},"categories":[3],"tags":[370],"class_list":["post-16245","post","type-post","status-publish","format-standard","has-post-thumbnail","hentry","category-infos-des-femmes","tag-prisonnieres"],"_links":{"self":[{"href":"https:\/\/wncri.org\/fr\/wp-json\/wp\/v2\/posts\/16245","targetHints":{"allow":["GET"]}}],"collection":[{"href":"https:\/\/wncri.org\/fr\/wp-json\/wp\/v2\/posts"}],"about":[{"href":"https:\/\/wncri.org\/fr\/wp-json\/wp\/v2\/types\/post"}],"author":[{"embeddable":true,"href":"https:\/\/wncri.org\/fr\/wp-json\/wp\/v2\/users\/4"}],"replies":[{"embeddable":true,"href":"https:\/\/wncri.org\/fr\/wp-json\/wp\/v2\/comments?post=16245"}],"version-history":[{"count":1,"href":"https:\/\/wncri.org\/fr\/wp-json\/wp\/v2\/posts\/16245\/revisions"}],"predecessor-version":[{"id":16249,"href":"https:\/\/wncri.org\/fr\/wp-json\/wp\/v2\/posts\/16245\/revisions\/16249"}],"wp:featuredmedia":[{"embeddable":true,"href":"https:\/\/wncri.org\/fr\/wp-json\/wp\/v2\/media\/16247"}],"wp:attachment":[{"href":"https:\/\/wncri.org\/fr\/wp-json\/wp\/v2\/media?parent=16245"}],"wp:term":[{"taxonomy":"category","embeddable":true,"href":"https:\/\/wncri.org\/fr\/wp-json\/wp\/v2\/categories?post=16245"},{"taxonomy":"post_tag","embeddable":true,"href":"https:\/\/wncri.org\/fr\/wp-json\/wp\/v2\/tags?post=16245"}],"curies":[{"name":"wp","href":"https:\/\/api.w.org\/{rel}","templated":true}]}}