{"id":16234,"date":"2022-07-28T16:01:00","date_gmt":"2022-07-28T14:01:00","guid":{"rendered":"https:\/\/wncri.org\/fr\/?p=16234"},"modified":"2022-07-29T16:05:49","modified_gmt":"2022-07-29T14:05:49","slug":"depistage-des-femmes","status":"publish","type":"post","link":"https:\/\/wncri.org\/fr\/2022\/07\/28\/depistage-des-femmes\/","title":{"rendered":"Les centres m\u00e9dicaux ont re\u00e7u l&#8217;ordre officiel d&#8217;arr\u00eater le d\u00e9pistage des femmes"},"content":{"rendered":"\n<h3 class=\"wp-block-heading\">Les centres m\u00e9dicaux ont re\u00e7u l&#8217;ordre officiel d&#8217;arr\u00eater le d\u00e9pistage des femmes<\/h3>\n\n\n\n<p>Le minist\u00e8re iranien de la sant\u00e9 a annonc\u00e9 l&#8217;interdiction du d\u00e9pistage des femmes (<a href=\"https:\/\/fr.wikipedia.org\/wiki\/%C3%89chographie\" target=\"_blank\" rel=\"noreferrer noopener\">\u00e9chographies<\/a>) dans une lettre adress\u00e9e aux universit\u00e9s et aux centres m\u00e9dicaux de tout l&#8217;Iran.<\/p>\n\n\n\n<p>L&#8217;objectif du minist\u00e8re de la Sant\u00e9 est d&#8217;appliquer autant que possible la loi sur <a href=\"https:\/\/wncri.org\/2022\/07\/09\/population-growth\/\" target=\"_blank\" rel=\"noreferrer noopener\">la population jeune et la protection de la famille<\/a> ou le plan de croissance d\u00e9mographique.<\/p>\n\n\n\n<p>Selon cette lettre, toute formation, tout conseil et tout avis visant \u00e0 effectuer des \u00e9chographies pour d\u00e9tecter des anomalies f\u0153tales sont <a href=\"https:\/\/wncri.org\/fr\/2021\/11\/16\/les-experts-des-droits-humains-de-lonu-appellent-le-regime\/\" target=\"_blank\" rel=\"noreferrer noopener\">interdits<\/a> dans les centres de sant\u00e9 et les cliniques de niveau 1. Le minist\u00e8re de la Sant\u00e9 a pr\u00e9venu que les personnes qui enfreindraient ces instructions s&#8217;exposeraient \u00e0 des sanctions telles que l&#8217;emprisonnement, des amendes et la r\u00e9vocation des licences m\u00e9dicales.<\/p>\n\n\n\n<p>Saber Jabbari, chef du d\u00e9partement de la <a href=\"https:\/\/wncri.org\/2022\/07\/15\/population-growth-law\/\" target=\"_blank\" rel=\"noreferrer noopener\">jeunesse de la population<\/a> du minist\u00e8re de la Sant\u00e9, a annonc\u00e9 que dor\u00e9navant, le droit d&#8217;avorter un f\u0153tus en mauvaise sant\u00e9 sera retir\u00e9 au m\u00e9decin et ne pourra \u00eatre fait que sur ordre du juge.<\/p>\n\n\n\n<p>&#8220;Nous ne faisons pas de d\u00e9pistage pour avorter un f\u0153tus, mais nous faisons un d\u00e9pistage pour assurer \u00e0 la m\u00e8re et \u00e0 la famille que le f\u0153tus est sain. Dans des cas exceptionnels, il peut \u00eatre n\u00e9cessaire de proc\u00e9der \u00e0 un avortement pour diverses raisons m\u00e9dicales. Ces cas sont examin\u00e9s et r\u00e9alis\u00e9s en m\u00e9decine l\u00e9gale et avec la d\u00e9cision finale du juge. M. Jabari a ajout\u00e9 que dans ces cas, la naissance de l&#8217;\u00e2me ne doit pas avoir eu lieu, et la grossesse doit durer moins de quatre mois. (Le journal d&#8217;\u00c9tat ISNA.ir, 16 juillet 2022)<\/p>\n\n\n\n<p>Instructions non scientifiques sur le d\u00e9pistage des femmes<\/p>\n\n\n\n<p>En r\u00e9ponse \u00e0 la lettre du minist\u00e8re de la sant\u00e9 concernant le d\u00e9pistage des femmes, 50 organisations m\u00e9dicales ont \u00e9crit au ministre de la sant\u00e9 pour lui demander d&#8217;annuler les instructions non scientifiques relatives au d\u00e9pistage.<\/p>\n\n\n\n<p>Les responsables de ces 50 organisations ont estim\u00e9 que les directives du minist\u00e8re de la sant\u00e9 concernant le d\u00e9pistage des femmes imposent des co\u00fbts aux familles avec peu d&#8217;informations et violent l&#8217;obligation professionnelle des m\u00e9decins.<\/p>\n\n\n\n<p>La lettre indique que le fait de subordonner le d\u00e9pistage \u00e0 la demande des parents provoque une &#8220;injustice&#8221; et &#8220;accro\u00eet la souffrance&#8221; des familles qui ne disposent pas d&#8217;un niveau d&#8217;instruction et d&#8217;information suffisant. Elle viole \u00e9galement &#8220;l&#8217;obligation professionnelle et accro\u00eet la douleur de la famille caus\u00e9e par la naissance d&#8217;un b\u00e9b\u00e9 pr\u00e9sentant des anomalies f\u0153tales&#8221;.<\/p>\n\n\n\n<p>Auparavant, les agents de sant\u00e9 avaient l&#8217;habitude d&#8217;identifier les m\u00e8res enceintes et de les pr\u00e9senter au d\u00e9pistage.<\/p>\n\n\n\n<p>Des responsables gouvernementaux ont affirm\u00e9 que <a href=\"https:\/\/wncri.org\/fr\/2022\/05\/28\/5-000-bebes-abandonnes-10-jours\/\" target=\"_blank\" rel=\"noreferrer noopener\">350 000 avortements ill\u00e9gaux<\/a> sont pratiqu\u00e9s chaque ann\u00e9e en Iran. Les m\u00e9decins avaient d\u00e9j\u00e0 pr\u00e9venu que l&#8217;interdiction de l&#8217;avortement et la limitation du d\u00e9pistage augmenteraient le nombre d&#8217;avortements pratiqu\u00e9s dans des conditions dangereuses et sans installations sanitaires.<\/p>\n\n\n\n<h3 class=\"wp-block-heading\"><strong>Patrouilles de femmes enceintes dans les h\u00f4pitaux<\/strong><\/h3>\n\n\n\n<p>R\u00e9cemment, le minist\u00e8re de la sant\u00e9 a d\u00e9ploy\u00e9 des patrouilles de femmes enceintes dans certains h\u00f4pitaux. Ces personnes ont une autorisation l\u00e9gale pour leur pr\u00e9sence et leurs activit\u00e9s.<\/p>\n\n\n\n<p>Les patrouilles de grossesse doivent v\u00e9rifier le statut des patientes qui sont encore en \u00e2ge de procr\u00e9er mais qui ont subi une op\u00e9ration de l&#8217;ut\u00e9rus ou des ovaires pour des raisons m\u00e9dicales. Les patrouilles avertissent ces patientes de ne pas avoir d&#8217;enfants.<\/p>\n\n\n\n<p>Un t\u00e9moin a d\u00e9clar\u00e9 au journal Ham Mihan que sa m\u00e8re, \u00e2g\u00e9e de 55 ans, souffrait beaucoup en raison d&#8217;une tumeur ut\u00e9rine. Mais elle a \u00e9t\u00e9 op\u00e9r\u00e9e apr\u00e8s des interventions r\u00e9p\u00e9t\u00e9es des patrouilles de grossesse. Ils lui ont demand\u00e9 \u00e0 plusieurs reprises, ainsi qu&#8217;\u00e0 son mari, s&#8217;ils \u00e9taient satisfaits de l&#8217;op\u00e9ration. Ils lui ont dit plusieurs fois : &#8220;Tu ne veux plus d&#8217;enfants ?&#8221; (Le journal d&#8217;\u00c9tat Ham Mihan &#8211; 19 juillet 2022)<\/p>\n\n\n\n<p>Quelques jours apr\u00e8s la publication de cette nouvelles, le porte-parole du minist\u00e8re de la Sant\u00e9 a d\u00e9menti la nouvelle. Il a d\u00e9clar\u00e9 que la mission des patrouilles de grossesse est de conseiller les femmes sur la grossesse et le traitement de l&#8217;infertilit\u00e9. (Le site d&#8217;\u00c9tat Tasnim.ir &#8211; 28 juillet 2022)<\/p>\n\n\n\n<h3 class=\"wp-block-heading\"><strong>La loi sur la croissance d\u00e9mographique en Iran<\/strong><\/h3>\n\n\n\n<p>Au cours des dix derni\u00e8res ann\u00e9es, Ali Khamenei a insist\u00e9 sur la n\u00e9cessit\u00e9 d&#8217;augmenter la <a href=\"https:\/\/wncri.org\/2022\/07\/09\/population-growth\/\" target=\"_blank\" rel=\"noreferrer noopener\">procr\u00e9ation<\/a> plus de 42 fois.<\/p>\n\n\n\n<p>Les responsables du r\u00e9gime cl\u00e9rical se consid\u00e8rent autoris\u00e9s \u00e0 s&#8217;immiscer dans les <a href=\"https:\/\/wncri.org\/2022\/07\/15\/population-growth-law\/\" target=\"_blank\" rel=\"noreferrer noopener\">affaires les plus priv\u00e9es des famille<\/a>s et \u00e0 prot\u00e9ger leur r\u00e8gne ill\u00e9gitime aux d\u00e9pens du peuple.<\/p>\n\n\n\n<p>Au milieu des probl\u00e8mes et des crises \u00e9conomiques et au plus fort des protestations sociales en Iran, la <a href=\"https:\/\/wncri.org\/fr\/2021\/11\/14\/le-plan-de-croissance-demographique\/\">loi<\/a> sur la population jeune et la protection de la famille et ses mesures connexes sont des politiques visant <a href=\"https:\/\/wncri.org\/fr\/2021\/11\/16\/les-experts-des-droits-humains-de-lonu-appellent-le-regime\/\" target=\"_blank\" rel=\"noreferrer noopener\">\u00e0 supprimer les femmes<\/a> et l&#8217;ensemble de la soci\u00e9t\u00e9 iranienne m\u00e9contente.<\/p>\n","protected":false},"excerpt":{"rendered":"<p>Les centres m\u00e9dicaux ont re\u00e7u l&#8217;ordre officiel d&#8217;arr\u00eater le d\u00e9pistage des femmes Le minist\u00e8re iranien de la sant\u00e9 a annonc\u00e9 l&#8217;interdiction du d\u00e9pistage des femmes (\u00e9chographies) dans une lettre adress\u00e9e aux universit\u00e9s et aux centres m\u00e9dicaux de tout l&#8217;Iran. L&#8217;objectif du minist\u00e8re de la Sant\u00e9 est d&#8217;appliquer autant que possible la loi sur la population [&hellip;]<\/p>\n","protected":false},"author":4,"featured_media":16235,"comment_status":"closed","ping_status":"closed","sticky":false,"template":"","format":"standard","meta":{"jnews-multi-image_gallery":[],"jnews_single_post":{"subtitle":"","format":"standard","video":"","gallery":"","source_name":"","source_url":"","via_name":"","via_url":"","override_template":"0","override":[{"template":"7","single_blog_custom":"","parallax":"1","fullscreen":"1","layout":"right-sidebar","sidebar":"default-sidebar","second_sidebar":"default-sidebar","sticky_sidebar":"1","share_position":"floatbottom","share_float_style":"share-normal","show_share_counter":"1","show_view_counter":"1","show_featured":"1","show_post_meta":"1","show_post_author":"0","show_post_author_image":"1","show_post_date":"1","post_date_format":"default","post_date_format_custom":"Y\/m\/d","show_post_category":"1","show_post_reading_time":"0","post_reading_time_wpm":"300","show_zoom_button":"0","zoom_button_out_step":"2","zoom_button_in_step":"3","show_post_tag":"1","show_prev_next_post":"0","show_popup_post":"1","number_popup_post":"1","show_author_box":"0","show_post_related":"1","show_inline_post_related":"1"}],"override_image_size":"0","image_override":[{"single_post_thumbnail_size":"crop-500","single_post_gallery_size":"crop-500"}],"trending_post":"0","trending_post_position":"meta","trending_post_label":"Trending","sponsored_post":"0","sponsored_post_label":"Sponsored by","sponsored_post_name":"","sponsored_post_url":"","sponsored_post_logo_enable":"0","sponsored_post_logo":"","sponsored_post_desc":"","disable_ad":"0"},"jnews_primary_category":{"id":""},"jnews_social_meta":{"fb_title":"","fb_description":"","fb_image":"","twitter_title":"","twitter_description":"","twitter_image":""},"jnews_override_counter":{"override_view_counter":"0","view_counter_number":"0","override_share_counter":"0","share_counter_number":"0","override_like_counter":"0","like_counter_number":"0","override_dislike_counter":"0","dislike_counter_number":"0"},"footnotes":""},"categories":[8],"tags":[376],"class_list":["post-16234","post","type-post","status-publish","format-standard","has-post-thumbnail","hentry","category-articles","tag-violence-contre-les-femmes"],"_links":{"self":[{"href":"https:\/\/wncri.org\/fr\/wp-json\/wp\/v2\/posts\/16234","targetHints":{"allow":["GET"]}}],"collection":[{"href":"https:\/\/wncri.org\/fr\/wp-json\/wp\/v2\/posts"}],"about":[{"href":"https:\/\/wncri.org\/fr\/wp-json\/wp\/v2\/types\/post"}],"author":[{"embeddable":true,"href":"https:\/\/wncri.org\/fr\/wp-json\/wp\/v2\/users\/4"}],"replies":[{"embeddable":true,"href":"https:\/\/wncri.org\/fr\/wp-json\/wp\/v2\/comments?post=16234"}],"version-history":[{"count":1,"href":"https:\/\/wncri.org\/fr\/wp-json\/wp\/v2\/posts\/16234\/revisions"}],"predecessor-version":[{"id":16236,"href":"https:\/\/wncri.org\/fr\/wp-json\/wp\/v2\/posts\/16234\/revisions\/16236"}],"wp:featuredmedia":[{"embeddable":true,"href":"https:\/\/wncri.org\/fr\/wp-json\/wp\/v2\/media\/16235"}],"wp:attachment":[{"href":"https:\/\/wncri.org\/fr\/wp-json\/wp\/v2\/media?parent=16234"}],"wp:term":[{"taxonomy":"category","embeddable":true,"href":"https:\/\/wncri.org\/fr\/wp-json\/wp\/v2\/categories?post=16234"},{"taxonomy":"post_tag","embeddable":true,"href":"https:\/\/wncri.org\/fr\/wp-json\/wp\/v2\/tags?post=16234"}],"curies":[{"name":"wp","href":"https:\/\/api.w.org\/{rel}","templated":true}]}}