{"id":16226,"date":"2022-07-28T15:45:00","date_gmt":"2022-07-28T13:45:00","guid":{"rendered":"https:\/\/wncri.org\/fr\/?p=16226"},"modified":"2022-07-29T15:51:11","modified_gmt":"2022-07-29T13:51:11","slug":"prisonniere-politique-zahra-safaei","status":"publish","type":"post","link":"https:\/\/wncri.org\/fr\/2022\/07\/28\/prisonniere-politique-zahra-safaei\/","title":{"rendered":"La prisonni\u00e8re politique Zahra Safaei envoy\u00e9e \u00e0 l&#8217;h\u00f4pital dans un \u00e9tat critique"},"content":{"rendered":"\n<h3 class=\"wp-block-heading\"><strong>La prisonni\u00e8re politique Zahra Safaei envoy\u00e9e \u00e0 l&#8217;h\u00f4pital dans un \u00e9tat critique<\/strong><\/h3>\n\n\n\n<p>La prisonni\u00e8re politique Zahra Safaei a \u00e9t\u00e9 transf\u00e9r\u00e9e dans un h\u00f4pital municipal \u00e0 1 h 30 du matin, le mercredi 27 juillet 2022, en raison de la d\u00e9t\u00e9rioration de son \u00e9tat de sant\u00e9.<\/p>\n\n\n\n<p>Zahra Safaei a r\u00e9cemment \u00e9t\u00e9 transf\u00e9r\u00e9e de la <a href=\"https:\/\/wncri.org\/fr\/2020\/04\/20\/regard-sur-la-situation-tragique-a-la-prison-pour-femmes-de-qarchak-en-iran\/\" target=\"_blank\" rel=\"noreferrer noopener\">prison de Qarchak<\/a> \u00e0 Evin dans une chambre o\u00f9 les conditions sont pires que celles de la prison de Qarchak.<\/p>\n\n\n\n<p>Quatorze prisonni\u00e8res politiques d\u00e9tenues bannies dans la prison de Qarchak ont \u00e9t\u00e9 <a href=\"https:\/\/wncri.org\/fr\/2021\/12\/10\/les-conditions-des-femmes-prisons\/\" target=\"_blank\" rel=\"noreferrer noopener\">transf\u00e9r\u00e9es<\/a> \u00e0 la prison d&#8217;Evin le 20 juillet 2022.<\/p>\n\n\n\n<p>La prisonni\u00e8re politique Zahra Safaei a \u00e9t\u00e9 emmen\u00e9e \u00e0 l&#8217;h\u00f4pital avec des douleurs au dos et \u00e0 la poitrine, des sueurs et un teint rouge\u00e2tre.<\/p>\n\n\n\n<p> La d\u00e9t\u00e9rioration de l&#8217;\u00e9tat de sant\u00e9 de Zahra Safaei a pouss\u00e9 les autorit\u00e9s p\u00e9nitentiaires \u00e0 l&#8217;envoyer dans un h\u00f4pital situ\u00e9 en dehors de la <a href=\"https:\/\/wncri.org\/fr\/2021\/12\/10\/les-conditions-des-femmes-prisons\/\" target=\"_blank\" rel=\"noreferrer noopener\">prison d&#8217;Evin.<\/a><\/p>\n\n\n\n<p>Une source inform\u00e9e a d\u00e9clar\u00e9 que la famille de Mme Safaei est tr\u00e8s inqui\u00e8te car elle reste dans l&#8217;ignorance de son \u00e9tat de sant\u00e9.<\/p>\n\n\n\n<p>Une source proche de la famille Safaei a d\u00e9clar\u00e9 : &#8220;Apr\u00e8s <a href=\"https:\/\/wncri.org\/fr\/2021\/09\/02\/transfert-durgence-de-la-prisonniere-politique-zahra-safai-a-lhopital\/\" target=\"_blank\" rel=\"noreferrer noopener\">l&#8217;op\u00e9ration<\/a>, le m\u00e9decin a ordonn\u00e9 un contr\u00f4le m\u00e9dical mensuel pour Zahra, mais cette prescription n&#8217;a \u00e9t\u00e9 ex\u00e9cut\u00e9e que deux fois au cours de l&#8217;ann\u00e9e \u00e9coul\u00e9e.<\/p>\n\n\n\n<p> Le m\u00eame retard lors du dernier examen en mai a mis le m\u00e9decin en col\u00e8re. Il a lanc\u00e9 un avertissement sur l&#8217;\u00e9tat de sant\u00e9 de Mme Safaei. <\/p>\n\n\n\n<p>De plus, apr\u00e8s l&#8217;op\u00e9ration, elle n&#8217;a re\u00e7u les <a href=\"https:\/\/wncri.org\/fr\/2021\/12\/15\/la-directrice-de-la-prison-soghra-khodadadi\/\" target=\"_blank\" rel=\"noreferrer noopener\">m\u00e9dicaments<\/a> dont elle avait besoin que pendant trois mois.&#8221;<\/p>\n\n\n\n<p>Le 12 juillet, la prisonni\u00e8re politique Zahra Safaei et sa fille, Parastou Moini, ont organis\u00e9 un <a href=\"https:\/\/wncri.org\/fr\/2022\/07\/13\/prisonnieres-politiques-de-la-prison\/\" target=\"_blank\" rel=\"noreferrer noopener\">rassemblement \u00e0 la prison<\/a> de Qarchak du matin jusqu&#8217;\u00e0 13h30.<\/p>\n\n\n\n<p> L&#8217;\u00e9tat de sant\u00e9 de Mme Safaei s&#8217;est aggrav\u00e9 en raison de la pression nerveuse, et elle a \u00e9t\u00e9 transf\u00e9r\u00e9e au dispensaire de la prison de Qarchak.<\/p>\n\n\n\n<p>La prisonni\u00e8re politique Zahra Safaei avait auparavant subi une <a href=\"https:\/\/wncri.org\/fr\/2021\/09\/10\/inquietudes-croissantes-concernant-letat-de-sante-de-zahra-safai\/\" target=\"_blank\" rel=\"noreferrer noopener\">crise cardiaque<\/a> \u00e0 Qarchak.<\/p>\n\n\n\n<h3 class=\"wp-block-heading\"><strong>La prisonni\u00e8re politique Zahra Safaei et 13 autres personnes transf\u00e9r\u00e9es de Qarchak \u00e0 la prison d&#8217;Evin<\/strong><\/h3>\n\n\n\n<p>Quatorze prisonni\u00e8res politiques d\u00e9tenues bannies \u00e0 la prison de Qarchak ont \u00e9t\u00e9 transf\u00e9r\u00e9es \u00e0 la <a href=\"https:\/\/www.amnesty.org\/fr\/latest\/news\/2021\/08\/iran-leaked-video-footage-from-evin-prison-offers-rare-glimpse-of-cruelty-against-prisoners-2\/\" target=\"_blank\" rel=\"noreferrer noopener\">prison d&#8217;Evin<\/a> le 20 juillet 2022.<\/p>\n\n\n\n<p>Le matin de ce jour, l&#8217;atmosph\u00e8re s\u00e9curitaire \u00e9tait tendue \u00e0 Qarchak.<\/p>\n\n\n\n<p> Tous les prisonni\u00e8res politiques d\u00e9tenues dans le quartier 8 ont re\u00e7u l&#8217;ordre de prendre leurs affaires et de se pr\u00e9parer \u00e0 \u00eatre transf\u00e9r\u00e9es.<\/p>\n\n\n\n<p>\u00c0 13 heures ce jour-l\u00e0, 14 prisonni\u00e8res politiques ont \u00e9t\u00e9 transf\u00e9r\u00e9es en bus \u00e0 la prison d&#8217;Evin.<\/p>\n\n\n\n<p>La pi\u00e8ce o\u00f9 sont d\u00e9tenues les <a href=\"https:\/\/wncri.org\/fr\/2021\/12\/10\/les-conditions-des-femmes-prisons\/\" target=\"_blank\" rel=\"noreferrer noopener\">prisonni\u00e8res politiques de Qarchak<\/a> \u00e9tait auparavant le lieu de d\u00e9tention des prisonni\u00e8res d&#8217;ISIS et d&#8217;Al-Qaeda.<\/p>\n\n\n\n<p> Il s&#8217;agit d&#8217;une cellule d\u00e9pourvue des \u00e9quipements de base tels que tapis, r\u00e9frig\u00e9rateur, balayeuse et t\u00e9l\u00e9vision. Les prisonni\u00e8res doivent poser leurs affaires sur leur lit.<\/p>\n\n\n\n<p>Les toilettes sont r\u00e9pugnantes et sales. Les robinets d&#8217;eau sont cass\u00e9s et hors d&#8217;usage.<\/p>\n\n\n\n<p>Le temps consacr\u00e9 aux appels t\u00e9l\u00e9phoniques pour les prisonni\u00e8res transf\u00e9r\u00e9es de Qarchak est limit\u00e9 \u00e0 seulement cinq ou dix minutes par semaine.<\/p>\n\n\n\n<p> Ils ne sont pas autoris\u00e9s \u00e0 passer des appels le jeudi et le vendredi, le week-end en Iran.<\/p>\n","protected":false},"excerpt":{"rendered":"<p>La prisonni\u00e8re politique Zahra Safaei envoy\u00e9e \u00e0 l&#8217;h\u00f4pital dans un \u00e9tat critique La prisonni\u00e8re politique Zahra Safaei a \u00e9t\u00e9 transf\u00e9r\u00e9e dans un h\u00f4pital municipal \u00e0 1 h 30 du matin, le mercredi 27 juillet 2022, en raison de la d\u00e9t\u00e9rioration de son \u00e9tat de sant\u00e9. Zahra Safaei a r\u00e9cemment \u00e9t\u00e9 transf\u00e9r\u00e9e de la prison de [&hellip;]<\/p>\n","protected":false},"author":4,"featured_media":16227,"comment_status":"closed","ping_status":"closed","sticky":false,"template":"","format":"standard","meta":{"jnews-multi-image_gallery":[],"jnews_single_post":{"subtitle":"","format":"standard","video":"","gallery":"","source_name":"","source_url":"","via_name":"","via_url":"","override_template":"0","override":[{"template":"7","single_blog_custom":"","parallax":"1","fullscreen":"1","layout":"right-sidebar","sidebar":"default-sidebar","second_sidebar":"default-sidebar","sticky_sidebar":"1","share_position":"floatbottom","share_float_style":"share-normal","show_share_counter":"1","show_view_counter":"1","show_featured":"1","show_post_meta":"1","show_post_author":"0","show_post_author_image":"1","show_post_date":"1","post_date_format":"default","post_date_format_custom":"Y\/m\/d","show_post_category":"1","show_post_reading_time":"0","post_reading_time_wpm":"300","show_zoom_button":"0","zoom_button_out_step":"2","zoom_button_in_step":"3","show_post_tag":"1","show_prev_next_post":"0","show_popup_post":"1","number_popup_post":"1","show_author_box":"0","show_post_related":"1","show_inline_post_related":"1"}],"override_image_size":"0","image_override":[{"single_post_thumbnail_size":"crop-500","single_post_gallery_size":"crop-500"}],"trending_post":"0","trending_post_position":"meta","trending_post_label":"Trending","sponsored_post":"0","sponsored_post_label":"Sponsored by","sponsored_post_name":"","sponsored_post_url":"","sponsored_post_logo_enable":"0","sponsored_post_logo":"","sponsored_post_desc":"","disable_ad":"0"},"jnews_primary_category":{"id":""},"jnews_social_meta":{"fb_title":"","fb_description":"","fb_image":"","twitter_title":"","twitter_description":"","twitter_image":""},"jnews_override_counter":{"override_view_counter":"0","view_counter_number":"0","override_share_counter":"0","share_counter_number":"0","override_like_counter":"0","like_counter_number":"0","override_dislike_counter":"0","dislike_counter_number":"0"},"footnotes":""},"categories":[3],"tags":[370],"class_list":["post-16226","post","type-post","status-publish","format-standard","has-post-thumbnail","hentry","category-infos-des-femmes","tag-prisonnieres"],"_links":{"self":[{"href":"https:\/\/wncri.org\/fr\/wp-json\/wp\/v2\/posts\/16226","targetHints":{"allow":["GET"]}}],"collection":[{"href":"https:\/\/wncri.org\/fr\/wp-json\/wp\/v2\/posts"}],"about":[{"href":"https:\/\/wncri.org\/fr\/wp-json\/wp\/v2\/types\/post"}],"author":[{"embeddable":true,"href":"https:\/\/wncri.org\/fr\/wp-json\/wp\/v2\/users\/4"}],"replies":[{"embeddable":true,"href":"https:\/\/wncri.org\/fr\/wp-json\/wp\/v2\/comments?post=16226"}],"version-history":[{"count":1,"href":"https:\/\/wncri.org\/fr\/wp-json\/wp\/v2\/posts\/16226\/revisions"}],"predecessor-version":[{"id":16228,"href":"https:\/\/wncri.org\/fr\/wp-json\/wp\/v2\/posts\/16226\/revisions\/16228"}],"wp:featuredmedia":[{"embeddable":true,"href":"https:\/\/wncri.org\/fr\/wp-json\/wp\/v2\/media\/16227"}],"wp:attachment":[{"href":"https:\/\/wncri.org\/fr\/wp-json\/wp\/v2\/media?parent=16226"}],"wp:term":[{"taxonomy":"category","embeddable":true,"href":"https:\/\/wncri.org\/fr\/wp-json\/wp\/v2\/categories?post=16226"},{"taxonomy":"post_tag","embeddable":true,"href":"https:\/\/wncri.org\/fr\/wp-json\/wp\/v2\/tags?post=16226"}],"curies":[{"name":"wp","href":"https:\/\/api.w.org\/{rel}","templated":true}]}}