{"id":16218,"date":"2022-07-27T22:51:00","date_gmt":"2022-07-27T20:51:00","guid":{"rendered":"https:\/\/wncri.org\/fr\/?p=16218"},"modified":"2022-07-27T22:55:44","modified_gmt":"2022-07-27T20:55:44","slug":"prison-de-vakilabad","status":"publish","type":"post","link":"https:\/\/wncri.org\/fr\/2022\/07\/27\/prison-de-vakilabad\/","title":{"rendered":"Une d\u00e9tenue meurt d&#8217;un cancer de l&#8217;estomac dans le quartier des femmes de la prison de Vakilabad"},"content":{"rendered":"\n<h3 class=\"wp-block-heading\">Une d\u00e9tenue meurt d&#8217;un cancer de l&#8217;estomac dans le quartier des femmes de la prison de Vakilabad<\/h3>\n\n\n\n<p>Une d\u00e9tenue est morte d&#8217;un cancer de l&#8217;estomac dans le quartier des femmes de la prison de Vakilabad, la prison centrale de Machad.<\/p>\n\n\n\n<p>Azam Pakdel est d\u00e9c\u00e9d\u00e9e dans le <a href=\"https:\/\/wncri.org\/fr\/2021\/12\/10\/les-conditions-des-femmes-prisons\/\" target=\"_blank\" rel=\"noreferrer noopener\">quartier des femme<\/a>s de la prison de Vakilabad, \u00e0 <a href=\"https:\/\/www.britannica.com\/place\/Mashhad\" target=\"_blank\" rel=\"noreferrer noopener\">Machad<\/a>, le dimanche 24 juillet 2022, en raison d&#8217;un manque d&#8217;attention m\u00e9dicale.<\/p>\n\n\n\n<p>Azam Pakdel, 40 ans, avait \u00e9t\u00e9 emprisonn\u00e9e dans le quartier des femmes de Vakilabad il y a trois ans pour des accusations li\u00e9es \u00e0 la drogue.<\/p>\n\n\n\n<p>Azam Pakdel a \u00e9t\u00e9 emmen\u00e9e \u00e0 l&#8217;h\u00f4pital de la prison dans la nuit du samedi 23 juillet, dans un \u00e9tat critique. Mais elle a \u00e9t\u00e9 examin\u00e9e \u00e0 l&#8217;h\u00f4pital en tant que patiente externe et est retourn\u00e9e dans le service.<\/p>\n\n\n\n<p>Une source inform\u00e9e \u00e0 la prison de Vakilabad a d\u00e9clar\u00e9 qu&#8217;Azam Pakdel avait \u00e9t\u00e9 envoy\u00e9e \u00e0 l&#8217;h\u00f4pital \u00e0 deux reprises en raison de fortes douleurs. Des m\u00e9decins sp\u00e9cialistes lui avaient diagnostiqu\u00e9 des masses canc\u00e9reuses dans l&#8217;estomac.<\/p>\n\n\n\n<p>Bien que le m\u00e9decin ait insist\u00e9 sur la chimioth\u00e9rapie, les autorit\u00e9s p\u00e9nitentiaires n&#8217;ont pris aucune mesure concernant <a href=\"https:\/\/wncri.org\/fr\/2019\/05\/20\/les-femmes-en-quete-de-justice-tendances-arbitraires-et-illegales-dans-les-prisons-iraniennes\/\" target=\"_blank\" rel=\"noreferrer noopener\">le traitement de la prisonni\u00e8re<\/a>. Azam Pakdel s&#8217;est m\u00eame vu <a href=\"https:\/\/wncri.org\/fr\/2022\/06\/25\/les-victimes-les-plus-innocentes\/\" target=\"_blank\" rel=\"noreferrer noopener\">refuser l&#8217;acc\u00e8s<\/a> aux m\u00e9dicaments dont elle avait besoin.<\/p>\n\n\n\n<p>Elle a \u00e9t\u00e9 emmen\u00e9e \u00e0 l&#8217;h\u00f4pital pour la derni\u00e8re fois le 23 juillet 2022. Son \u00e9tat s&#8217;\u00e9tait aggrav\u00e9, et lorsqu&#8217;elle a \u00e9t\u00e9 renvoy\u00e9e \u00e0 la prison sans avoir \u00e9t\u00e9 soign\u00e9e, elle est morte. Le r\u00e9gime iranien n&#8217;a pas publi\u00e9 la nouvelle de sa mort dans les m\u00e9dias d&#8217;\u00c9tat.<\/p>\n\n\n\n<p>Environ 700 prisonni\u00e8res accus\u00e9es de diverses infractions, notamment de d\u00e9lits financiers, de vols, de meurtres et de crimes politiques, sont d\u00e9tenues dans le quartier des femmes de la prison de Vakilabad, \u00e0 Machad. La condition des femmes dans cette prison est encore pire que celle des hommes. Elles sont <a href=\"https:\/\/wncri.org\/fr\/2021\/12\/10\/les-conditions-des-femmes-prisons\/\" target=\"_blank\" rel=\"noreferrer noopener\">priv\u00e9es des installations<\/a> minimales dont disposent les hommes.<\/p>\n\n\n\n<p>Les femmes connaissent des conditions de vie d\u00e9plorables dans les prisons iraniennes. En les privant des installations m\u00e9dicales et sanitaires minimales, le r\u00e9gime iranien tente d&#8217;aggraver les conditions inhumaines des prisonni\u00e8res.<\/p>\n","protected":false},"excerpt":{"rendered":"<p>Une d\u00e9tenue meurt d&#8217;un cancer de l&#8217;estomac dans le quartier des femmes de la prison de Vakilabad Une d\u00e9tenue est morte d&#8217;un cancer de l&#8217;estomac dans le quartier des femmes de la prison de Vakilabad, la prison centrale de Machad. Azam Pakdel est d\u00e9c\u00e9d\u00e9e dans le quartier des femmes de la prison de Vakilabad, \u00e0 [&hellip;]<\/p>\n","protected":false},"author":4,"featured_media":16219,"comment_status":"closed","ping_status":"closed","sticky":false,"template":"","format":"standard","meta":{"jnews-multi-image_gallery":[],"jnews_single_post":{"subtitle":"","format":"standard","video":"","gallery":"","source_name":"","source_url":"","via_name":"","via_url":"","override_template":"0","override":[{"template":"7","single_blog_custom":"","parallax":"1","fullscreen":"1","layout":"right-sidebar","sidebar":"default-sidebar","second_sidebar":"default-sidebar","sticky_sidebar":"1","share_position":"floatbottom","share_float_style":"share-normal","show_share_counter":"1","show_view_counter":"1","show_featured":"1","show_post_meta":"1","show_post_author":"0","show_post_author_image":"1","show_post_date":"1","post_date_format":"default","post_date_format_custom":"Y\/m\/d","show_post_category":"1","show_post_reading_time":"0","post_reading_time_wpm":"300","show_zoom_button":"0","zoom_button_out_step":"2","zoom_button_in_step":"3","show_post_tag":"1","show_prev_next_post":"0","show_popup_post":"1","number_popup_post":"1","show_author_box":"0","show_post_related":"1","show_inline_post_related":"1"}],"override_image_size":"0","image_override":[{"single_post_thumbnail_size":"crop-500","single_post_gallery_size":"crop-500"}],"trending_post":"0","trending_post_position":"meta","trending_post_label":"Trending","sponsored_post":"0","sponsored_post_label":"Sponsored by","sponsored_post_name":"","sponsored_post_url":"","sponsored_post_logo_enable":"0","sponsored_post_logo":"","sponsored_post_desc":"","disable_ad":"0"},"jnews_primary_category":{"id":""},"jnews_social_meta":{"fb_title":"","fb_description":"","fb_image":"","twitter_title":"","twitter_description":"","twitter_image":""},"jnews_override_counter":{"override_view_counter":"0","view_counter_number":"0","override_share_counter":"0","share_counter_number":"0","override_like_counter":"0","like_counter_number":"0","override_dislike_counter":"0","dislike_counter_number":"0"},"footnotes":""},"categories":[3],"tags":[370],"class_list":["post-16218","post","type-post","status-publish","format-standard","has-post-thumbnail","hentry","category-infos-des-femmes","tag-prisonnieres"],"_links":{"self":[{"href":"https:\/\/wncri.org\/fr\/wp-json\/wp\/v2\/posts\/16218","targetHints":{"allow":["GET"]}}],"collection":[{"href":"https:\/\/wncri.org\/fr\/wp-json\/wp\/v2\/posts"}],"about":[{"href":"https:\/\/wncri.org\/fr\/wp-json\/wp\/v2\/types\/post"}],"author":[{"embeddable":true,"href":"https:\/\/wncri.org\/fr\/wp-json\/wp\/v2\/users\/4"}],"replies":[{"embeddable":true,"href":"https:\/\/wncri.org\/fr\/wp-json\/wp\/v2\/comments?post=16218"}],"version-history":[{"count":1,"href":"https:\/\/wncri.org\/fr\/wp-json\/wp\/v2\/posts\/16218\/revisions"}],"predecessor-version":[{"id":16220,"href":"https:\/\/wncri.org\/fr\/wp-json\/wp\/v2\/posts\/16218\/revisions\/16220"}],"wp:featuredmedia":[{"embeddable":true,"href":"https:\/\/wncri.org\/fr\/wp-json\/wp\/v2\/media\/16219"}],"wp:attachment":[{"href":"https:\/\/wncri.org\/fr\/wp-json\/wp\/v2\/media?parent=16218"}],"wp:term":[{"taxonomy":"category","embeddable":true,"href":"https:\/\/wncri.org\/fr\/wp-json\/wp\/v2\/categories?post=16218"},{"taxonomy":"post_tag","embeddable":true,"href":"https:\/\/wncri.org\/fr\/wp-json\/wp\/v2\/tags?post=16218"}],"curies":[{"name":"wp","href":"https:\/\/api.w.org\/{rel}","templated":true}]}}