{"id":16215,"date":"2022-07-26T21:30:00","date_gmt":"2022-07-26T19:30:00","guid":{"rendered":"https:\/\/wncri.org\/fr\/?p=16215"},"modified":"2022-07-27T21:35:43","modified_gmt":"2022-07-27T19:35:43","slug":"akbari-monfared","status":"publish","type":"post","link":"https:\/\/wncri.org\/fr\/2022\/07\/26\/akbari-monfared\/","title":{"rendered":"Maryam Akbari Monfared fait face \u00e0 de nouvelles accusations \u00e0 la prison de Semnan"},"content":{"rendered":"\n<p>Maryam Akbari Monfared fait face \u00e0 de nouvelles accusations \u00e0 la prison de Semnan<\/p>\n\n\n\n<p>La prisonni\u00e8re politique <a href=\"https:\/\/wncri.org\/fr\/?s=Maryam+Akbari+Monfared\" target=\"_blank\" rel=\"noreferrer noopener\">Maryam Akbari<\/a> Monfared fait face \u00e0 de nouvelles accusations port\u00e9es contre elle par le minist\u00e8re des renseignements. Elle a refus\u00e9 de se pr\u00e9senter devant le tribunal pour examiner l&#8217;affaire.<\/p>\n\n\n\n<p>Maryam Akbari Monfared est actuellement incarc\u00e9r\u00e9e dans le quartier des femmes de la prison de Semnan. Elle a \u00e9t\u00e9 <a href=\"https:\/\/wncri.org\/fr\/2021\/03\/10\/prisonniere-politique-maryam-akbari\/\" target=\"_blank\" rel=\"noreferrer noopener\">bannie<\/a> de cette prison le 10 mars 2021.<\/p>\n\n\n\n<p>La convocation de Mme Akbari au tribunal de Semnan s&#8217;est d\u00e9roul\u00e9e en deux temps.&nbsp;&nbsp;<\/p>\n\n\n\n<p>Une source inform\u00e9e a d\u00e9clar\u00e9 que le minist\u00e8re des renseignements a r\u00e9cemment d\u00e9pos\u00e9 un nouveau dossier contre Maryam Akbari Monfared. Le samedi 16 juillet 2022, elle a \u00e9t\u00e9 convoqu\u00e9e devant un tribunal de Semnan pour enqu\u00eater sur l&#8217;accusation de &#8220;propagande contre l&#8217;\u00c9tat&#8221;.<\/p>\n\n\n\n<p>Mme Akbari Monfared a refus\u00e9 de se pr\u00e9senter devant le tribunal car son avocat n&#8217;avait pas re\u00e7u la citation \u00e0 compara\u00eetre.<\/p>\n\n\n\n<p>Un deuxi\u00e8me avis a \u00e9t\u00e9 \u00e9mis pour que Mme Akbari se pr\u00e9sente devant la cour le mardi 19 juillet 2022. Son avocat, M. Taj, s&#8217;est oppos\u00e9 \u00e0 l&#8217;assignation et a annul\u00e9 l&#8217;audience car le d\u00e9lai l\u00e9gal entre l&#8217;\u00e9mission de l&#8217;avis et la date de l&#8217;audience n&#8217;avait pas \u00e9t\u00e9 respect\u00e9.<\/p>\n\n\n\n<p>Les autorit\u00e9s judiciaires ont dit \u00e0 Maryam Akbari Monfared qu&#8217;elle devait d\u00e9poser \u00e0 nouveau sa demande d&#8217;avocat car elle ne s&#8217;\u00e9tait pas pr\u00e9sent\u00e9e au tribunal.<\/p>\n\n\n\n<p>Maryam Akbari a refus\u00e9 de signer tout document en signe de protestation.<\/p>\n\n\n\n<p>Maryam Akbari Monfared, son avocat et sa famille ne connaissent pas la raison de cette nouvelle accusation.<\/p>\n\n\n\n<p>La prisonni\u00e8re politique Maryam Akbari Monfared est soumise \u00e0 diverses pressions. En juillet 2022, le bureau du procureur de la prison d&#8217;Evin a rejet\u00e9 sa demande de transfert de la prison de Semnan \u00e0 la prison d&#8217;Evin, \u00e0 T\u00e9h\u00e9ran.<\/p>\n\n\n\n<p>Maryam Akbari Monfared est d\u00e9tenue \u00e0 la prison de Semnan, en violation du principe de s\u00e9paration des d\u00e9lits.<\/p>\n\n\n\n<p>Le 6 juin 2022, les forces de s\u00e9curit\u00e9 de la prison de Semnan ont prof\u00e9r\u00e9 des menaces \u00e0 son encontre apr\u00e8s qu&#8217;elle ait exprim\u00e9 sa <a href=\"https:\/\/wncri.org\/fr\/2022\/05\/14\/protestations-hausses-de-prix\/\" target=\"_blank\" rel=\"noreferrer noopener\">solidarit\u00e9<\/a> avec les manifestations g\u00e9n\u00e9ralis\u00e9es contre la hausse des prix dans diff\u00e9rentes villes en mai 2022. Ils l&#8217;ont <a href=\"https:\/\/wncri.org\/fr\/2022\/06\/06\/prison-de-semnan\/\">menac\u00e9e<\/a> en disant : &#8220;Si elle se fait des amis ou discute avec d&#8217;autres prisonni\u00e8res, ils d\u00e9poseront un dossier politique contre elle.&#8221;<\/p>\n\n\n\n<h3 class=\"wp-block-heading\"><strong>Maryam Akbari Monfared dans un \u00e9tat de sant\u00e9 alarmant<\/strong><\/h3>\n\n\n\n<p>La prisonni\u00e8re politique Maryam Akbari Monfared <a href=\"https:\/\/wncri.org\/fr\/2022\/04\/01\/etat-physique-grave\/\" target=\"_blank\" rel=\"noreferrer noopener\">souffre<\/a> de st\u00e9atose h\u00e9patique depuis plus de 15 mois. Cependant, elle n&#8217;a pas \u00e9t\u00e9 autoris\u00e9e \u00e0 consulter un m\u00e9decin civil sur ordre du minist\u00e8re des Renseignements.<\/p>\n\n\n\n<p>Le m\u00e9decin de la prison a prescrit \u00e0 cette prisonni\u00e8re politique une alimentation sp\u00e9ciale pour les malades du foie. Cependant, au cours des 15 derniers mois, les demandes de Mme Akbari pour une alimentation correcte et une visite chez un sp\u00e9cialiste sont rest\u00e9es sans r\u00e9ponse.<\/p>\n\n\n\n<p>Malgr\u00e9 l&#8217;aggravation de l&#8217;\u00e9tat de son foie, elle s&#8217;est content\u00e9e de manger du pain et du fromage, faute d&#8217;avoir acc\u00e8s \u00e0 une meilleure alimentation.<\/p>\n\n\n\n<p>Maryam Akbari a \u00e9galement demand\u00e9 \u00e0 plusieurs reprises de pouvoir acheter le mat\u00e9riel dont elle a besoin au magasin de la prison avec son propre argent. Les autorit\u00e9s p\u00e9nitentiaires ne lui ont pas encore donn\u00e9 de r\u00e9ponse d\u00e9finitive.<\/p>\n\n\n\n<p>L&#8217;\u00e9tat physique de Mme Akbari s&#8217;est aggrav\u00e9 en raison du manque de nutrition et d&#8217;acc\u00e8s au traitement, et elle souffre de divers effets secondaires.<\/p>\n\n\n\n<p>La famille de Mme Akbari a suivi la question de son transfert \u00e0 la prison <a href=\"https:\/\/wncri.org\/fr\/2021\/12\/10\/les-conditions-des-femmes-prisons\/\" target=\"_blank\" rel=\"noreferrer noopener\">d&#8217;Evin<\/a> sans recevoir de r\u00e9ponse. Aucune des agences judiciaires n&#8217;a accept\u00e9 la responsabilit\u00e9 du bannissement de Maryam Akbari Monfared \u00e0 la prison de Semnan. Elles n&#8217;ont pas non plus expliqu\u00e9 la raison de son <a href=\"https:\/\/www.amnesty.org\/en\/documents\/mde13\/4657\/2021\/fr\/\" target=\"_blank\" rel=\"noreferrer noopener\">bannissement<\/a>.<\/p>\n\n\n\n<p>La Commission des femmes du Conseil national de la R\u00e9sistance iranienne met en garde contre l&#8217;\u00e9tat physique de la prisonni\u00e8re politique Maryam Akbari Monfared. Il tient les autorit\u00e9s de la prison de Semnan pour responsables de sa sant\u00e9.<\/p>\n\n\n\n<p>La Commission des femmes du CNRI condamne \u00e9galement les verdicts injustes du r\u00e9gime cl\u00e9rical. Il appelle le Haut Commissaire des Nations Unies aux droits de l&#8217;homme et tous les d\u00e9fenseurs des droits des femmes \u00e0 ne pas rester silencieux face aux mesures criminelles du pouvoir judiciaire iranien et \u00e0 prendre des mesures imm\u00e9diates pour sauver la vie des prisonniers politiques, en particulier des femmes, et obtenir leur lib\u00e9ration.<\/p>\n","protected":false},"excerpt":{"rendered":"<p>Maryam Akbari Monfared fait face \u00e0 de nouvelles accusations \u00e0 la prison de Semnan La prisonni\u00e8re politique Maryam Akbari Monfared fait face \u00e0 de nouvelles accusations port\u00e9es contre elle par le minist\u00e8re des renseignements. Elle a refus\u00e9 de se pr\u00e9senter devant le tribunal pour examiner l&#8217;affaire. Maryam Akbari Monfared est actuellement incarc\u00e9r\u00e9e dans le quartier [&hellip;]<\/p>\n","protected":false},"author":4,"featured_media":16216,"comment_status":"closed","ping_status":"closed","sticky":false,"template":"","format":"standard","meta":{"jnews-multi-image_gallery":[],"jnews_single_post":{"subtitle":"","format":"standard","video":"","gallery":"","source_name":"","source_url":"","via_name":"","via_url":"","override_template":"0","override":[{"template":"7","single_blog_custom":"","parallax":"1","fullscreen":"1","layout":"right-sidebar","sidebar":"default-sidebar","second_sidebar":"default-sidebar","sticky_sidebar":"1","share_position":"floatbottom","share_float_style":"share-normal","show_share_counter":"1","show_view_counter":"1","show_featured":"1","show_post_meta":"1","show_post_author":"0","show_post_author_image":"1","show_post_date":"1","post_date_format":"default","post_date_format_custom":"Y\/m\/d","show_post_category":"1","show_post_reading_time":"0","post_reading_time_wpm":"300","show_zoom_button":"0","zoom_button_out_step":"2","zoom_button_in_step":"3","show_post_tag":"1","show_prev_next_post":"0","show_popup_post":"1","number_popup_post":"1","show_author_box":"0","show_post_related":"1","show_inline_post_related":"1"}],"override_image_size":"0","image_override":[{"single_post_thumbnail_size":"crop-500","single_post_gallery_size":"crop-500"}],"trending_post":"0","trending_post_position":"meta","trending_post_label":"Trending","sponsored_post":"0","sponsored_post_label":"Sponsored by","sponsored_post_name":"","sponsored_post_url":"","sponsored_post_logo_enable":"0","sponsored_post_logo":"","sponsored_post_desc":"","disable_ad":"0"},"jnews_primary_category":{"id":""},"jnews_social_meta":{"fb_title":"","fb_description":"","fb_image":"","twitter_title":"","twitter_description":"","twitter_image":""},"jnews_override_counter":{"override_view_counter":"0","view_counter_number":"0","override_share_counter":"0","share_counter_number":"0","override_like_counter":"0","like_counter_number":"0","override_dislike_counter":"0","dislike_counter_number":"0"},"footnotes":""},"categories":[3],"tags":[370],"class_list":["post-16215","post","type-post","status-publish","format-standard","has-post-thumbnail","hentry","category-infos-des-femmes","tag-prisonnieres"],"_links":{"self":[{"href":"https:\/\/wncri.org\/fr\/wp-json\/wp\/v2\/posts\/16215","targetHints":{"allow":["GET"]}}],"collection":[{"href":"https:\/\/wncri.org\/fr\/wp-json\/wp\/v2\/posts"}],"about":[{"href":"https:\/\/wncri.org\/fr\/wp-json\/wp\/v2\/types\/post"}],"author":[{"embeddable":true,"href":"https:\/\/wncri.org\/fr\/wp-json\/wp\/v2\/users\/4"}],"replies":[{"embeddable":true,"href":"https:\/\/wncri.org\/fr\/wp-json\/wp\/v2\/comments?post=16215"}],"version-history":[{"count":1,"href":"https:\/\/wncri.org\/fr\/wp-json\/wp\/v2\/posts\/16215\/revisions"}],"predecessor-version":[{"id":16217,"href":"https:\/\/wncri.org\/fr\/wp-json\/wp\/v2\/posts\/16215\/revisions\/16217"}],"wp:featuredmedia":[{"embeddable":true,"href":"https:\/\/wncri.org\/fr\/wp-json\/wp\/v2\/media\/16216"}],"wp:attachment":[{"href":"https:\/\/wncri.org\/fr\/wp-json\/wp\/v2\/media?parent=16215"}],"wp:term":[{"taxonomy":"category","embeddable":true,"href":"https:\/\/wncri.org\/fr\/wp-json\/wp\/v2\/categories?post=16215"},{"taxonomy":"post_tag","embeddable":true,"href":"https:\/\/wncri.org\/fr\/wp-json\/wp\/v2\/tags?post=16215"}],"curies":[{"name":"wp","href":"https:\/\/api.w.org\/{rel}","templated":true}]}}